{"id":388558,"date":"2015-07-20T17:28:31","date_gmt":"2015-07-20T15:28:31","guid":{"rendered":"http:\/\/www.varesenews.it\/?p=388558"},"modified":"2015-07-20T17:28:31","modified_gmt":"2015-07-20T15:28:31","slug":"perche-si-ha-paura-di-discutere-della-piscina","status":"publish","type":"post","link":"https:\/\/staging.varesenews.it\/2015\/07\/perche-si-ha-paura-di-discutere-della-piscina\/388558\/","title":{"rendered":"&#8220;Perch\u00e8 si ha paura di discutere della piscina?&#8221;"},"content":{"rendered":"<p><em>Riceviamo e pubblichiamo il comunicato del Pd sul consiglio comunale<\/em> <em>(mancato) sul progetto della Palestra in acqua\u00a0<\/em><\/p>\n<p>&nbsp;<\/p>\n<p>Marted\u00ec sera presso la Sala Civica A. Zeni , sede del Consiglio Comunale di Jerago con Orago, si \u00e8 consumato un ulteriore strappo tra l\u2019Amministrazione Ginelli e i Cittadini di\u00a0 Jerago<br \/>\ncon Orago.\u00a0 Su richiesta del Gruppo consiliare di Minoranza \u201c Progetto Comune\u201d,\u00a0 la Presidente del Consiglio Comunale aveva fatto la convocazione autonomamente stabilendo data e ora\u00a0 per rispondere alle numerose interrogazioni dell\u2019opposizione, giacenti da tempo nel cassetto del Sindaco e della Giunta in attesa di risposta, insieme ad una Mozione sulla Piscina anch\u2019essa da tempo presentata ( prima della pubblicazione del bando) e mai discussa.<br \/>\nSe c\u2019erano dei problemi di data la Presidente del Consiglio poteva consultare i due capigruppo. Non \u00e8 stato fatto.<br \/>\nE\u2019 dal novembre 2014 che non si convoca il Consiglio, fatta eccezione una seduta effettuata ad aprile per approvare il Bilancio Consuntivo.<br \/>\nAlle ore 21,00 inizia il Consiglio con l\u2019appello dei consiglieri: 6 consiglieri su 7 della maggioranza, compreso il Sindaco risultano assenti . Avevano altri impegni. La seduta va deserta. Il pubblico presente numeroso reagisce protestando di fronte alla sceneggiata della maggioranza, vistosi preso in giro e bistrattato.<br \/>\nLe interrogazioni e mozioni presentate dalla Minoranza riguardano problemi seri e di una certa gravit\u00e0 e\/o importanza per il Paese di Jerago con Orago ed erano state presentate da tempo.<br \/>\nLa prima mozione a sostegno dell\u2019associazionismo \u00e8 datata 11 dicembre 2014.\u00a0 Riguarda misure per la promozione e il sostegno dell\u2019associazionismo e volontariato, molto attivo e proficuo in paese e che merita senz\u2019altro appoggio e collaborazione da parte delle Istituzioni, e delle parti politiche, di maggioranza e di opposizione.<br \/>\nLa seconda mozione riguarda la costruzione della Palestra in acqua, che molti dubbi e contrariet\u00e0 ha sollevato in paese negli ultimi mesi, tenendo conto del posto in cui \u00e8 stato deciso che sia costruita ( impatto ambientale ) , e del problema economico e gestionale<br \/>\nconsequenziale, problemi su cui l\u2019opposizione ha promosso un\u2019 assemblea pubblica molto partecipata dai cittadini,\u00a0 ma disertata dalla maggioranza, che pure era stata invitata.<br \/>\nA tal proposito occorre ricordare un precedente. Una analoga mozione, presentata dalla Minoranza lo scorso anno perch\u00e9 tutto il Consiglio Comunale si pronunciasse sulle criticit\u00e0<br \/>\nemerse, era stata vanificata dalla maggioranza , che aveva convocato il Consiglio ad agosto e disertando anche quella seduta nella quasi totalit\u00e0 dei suoi componenti di maggioranza:<br \/>\nerano presenti\u00a0 due membri consiliari della maggioranza, pi\u00f9 il Sindaco e quindi non \u00e8\u00a0 risultata nessuna determinazione.<br \/>\nLe interrogazioni, accumulatosi nel tempo, per mancanza di convocazioni del Consiglio Comunale riguardano:<br \/>\ninterrogazione sulla casetta dell\u2019acqua<br \/>\ninterrogazione sullo stato della Scuola Media<br \/>\ninterrogazione sullo stato dell\u2019acquedotto comunale<br \/>\ninterrogazione su un incidente verificatosi nella palestra comunale durante la festa della Scuola alla presenza di alunni e genitori ( \u00e8 caduta una finestra ferendo un insegnante)<br \/>\ninterrogazione\u00a0 da tenersi a porte chiuse ( cos\u00ec stabilito da chi ha convocato il consiglio).<\/p>\n<p>Non sono certamente argomenti da minimizzare e riguardano la comunit\u00e0 nel suo complesso,<br \/>\na prescindere dall\u2019orientamento politico. Nessuno di questi problemi sollevati con le interrogazioni e\/o mozioni \u00e8 da ritenersi superato.<br \/>\nOggi leggiamo sulla stampa che l\u2019amministrazione ha ritenuto anteporre\u00a0 gli impegni personali<br \/>\ndei propri membri alla legittime richieste dei cittadini e dopo aver convocato il Consiglio lo diserta volutamente.<br \/>\nNoi crediamo che le risposte alle interrogazioni e la discussione della mozioni, ammesse per regolamento, siano non solo legittime, ma anche un diritto dei consiglieri di minoranza che rappresentano i cittadini. Uno sgarbo istituzionale fatto a loro, \u00e8 uno sgarbo fatto ai cittadini.<br \/>\nSe la Giunta , il Sindaco e i consiglieri di maggioranza non hanno tempo per assolvere ai loro impegni istituzionali, sarebbe meglio per Jerago con Orago che questi signori si dedicassero solo ai loro impegni personali lasciando amministrare chi per la comunit\u00e0 e la democrazia ha ben altra passione e rispetto.<br \/>\nCi dispiace constatare come nessun membro della maggioranza ha avuto un pur minimo atteggiamento critico su questa decisione antidemocratica: tutti allineati e coperti. Ci si aspettava un colpo di reni, un alzare la testa e gli occhi verso gli interessi del paese e dei cittadini che pur rappresentano. Insieme a questi cittadini siamo estremamente delusi. Noi non pretendiamo che sposino le nostre tesi, ma che ci sia un rispetto reciproco e soprattutto che non vengano mortificati i cittadini e i loro diritti.<br \/>\nChi svilisce le istituzioni? Noi e i consiglieri di minoranza che pretendono il diritto di essere rispettati nei loro diritti sanciti dallo Statuto Comunale e dai regolamenti o il ripetuto rifiuto di qualsiasi confronto democratico?\u00a0 La societ\u00e0 civile \u00e8 fondata sul rispetto delle regole che pure<br \/>\nessa si \u00e8 data.<br \/>\nSiamo noi a svilire le istituzioni o chi non rispetta le regole?<br \/>\nNello stabilire il Parco Onetto come luogo per la costruzione della piscina \u00e8 stato rispettato il PGT, che pure questa Amministrazione ha approvato? La scelta di modificarlo senza variante \u00e8 stata sufficientemente motivata , come richiede l\u2019ufficio competente regionale?<br \/>\nPerch\u00e9 l\u2019approvazione del progetto esecutivo \u00e8 stato reso pubblico quasi un mese dopo e contestualmente alla pubblicazione del bando?<br \/>\nEsiste il parere favorevole\u00a0 della commissione\u00a0 paesaggistica comunale?<br \/>\nE\u2019 stata chiesta ed ottenuta , prima dell\u2019approvazione del progetto esecutivo e prima della pubblicazione del bando, il parere della Sovrintendenza ambientale della Regione Lombardia?<br \/>\nPerch\u00e9 il tempo per le offerte nel bando \u00e8 cos\u00ec esiguo ( solo 30 giorni quando la legge ne prevede minimo 52 ?) Non si svantaggia la finanza comunale, se si riduce il numero delle offerte, visto il termine di presentazione delle offerte stesse?<br \/>\nE\u2019 di questi argomenti si ha avuto paura di discutere?<br \/>\nGentili signori amministratori siamo noi a svilire le istituzioni, o chi non rispetta le regole? E\u2019 svilire le istituzioni chiedere il rispetto delle regole?<br \/>\nNoi siamo convinti che un consesso di individui che si da le regole e poi non le rispetta non pu\u00f2 definirsi civile e democratico. Un paese\u00a0 di cittadini laboriosi, onesti e rispettosi delle regole come quelli di Jerago con Orago non pu\u00f2 meritarsi una classe dirigente che non si cura delle regole scomode e calpesta i diritti della minoranza e dei<br \/>\nCittadini!<\/p>\n","protected":false},"excerpt":{"rendered":"<p>Il Partito Democratico interviene dopo il consiglio comunale mancato sul progetto della Palestra in acqua<\/p>\n","protected":false},"author":46,"featured_media":0,"comment_status":"open","ping_status":"open","sticky":false,"template":"","format":"standard","meta":{"footnotes":""},"categories":[3],"tags":[41587,275],"acf":[],"yoast_head":"<!-- This site is optimized with the Yoast SEO plugin v20.1 - https:\/\/yoast.com\/wordpress\/plugins\/seo\/ -->\n<title>&quot;Perch\u00e8 si ha paura di discutere della piscina?&quot;<\/title>\n<meta name=\"description\" content=\"Il Partito Democratico interviene dopo il consiglio comunale mancato sul progetto della Palestra in acqua\" \/>\n<meta name=\"robots\" content=\"noindex, follow, max-snippet:-1, max-image-preview:large, max-video-preview:-1\" \/>\n<meta property=\"og:locale\" content=\"it_IT\" \/>\n<meta property=\"og:type\" content=\"article\" \/>\n<meta property=\"og:title\" content=\"&quot;Perch\u00e8 si ha paura di discutere della piscina?&quot;\" \/>\n<meta property=\"og:description\" content=\"Il Partito Democratico interviene dopo il consiglio comunale mancato sul progetto della Palestra in acqua\" \/>\n<meta property=\"og:url\" content=\"https:\/\/staging.varesenews.it\/2015\/07\/perche-si-ha-paura-di-discutere-della-piscina\/388558\/\" \/>\n<meta property=\"og:site_name\" content=\"VareseNews\" \/>\n<meta property=\"article:publisher\" content=\"https:\/\/www.facebook.com\/varesenews\" \/>\n<meta property=\"article:published_time\" content=\"2015-07-20T15:28:31+00:00\" \/>\n<meta name=\"author\" content=\"Roberto Morandi\" \/>\n<meta name=\"twitter:card\" content=\"summary_large_image\" \/>\n<meta name=\"twitter:creator\" content=\"@ilmorands\" \/>\n<meta name=\"twitter:site\" content=\"@varesenews\" \/>\n<meta name=\"twitter:label1\" content=\"Scritto da\" \/>\n\t<meta name=\"twitter:data1\" content=\"Roberto Morandi\" \/>\n\t<meta name=\"twitter:label2\" content=\"Tempo di lettura stimato\" \/>\n\t<meta name=\"twitter:data2\" content=\"5 minuti\" \/>\n<script type=\"application\/ld+json\" class=\"yoast-schema-graph\">{\"@context\":\"https:\/\/schema.org\",\"@graph\":[{\"@type\":\"WebPage\",\"@id\":\"https:\/\/staging.varesenews.it\/2015\/07\/perche-si-ha-paura-di-discutere-della-piscina\/388558\/\",\"url\":\"https:\/\/staging.varesenews.it\/2015\/07\/perche-si-ha-paura-di-discutere-della-piscina\/388558\/\",\"name\":\"\\\"Perch\u00e8 si ha paura di discutere della piscina?\\\"\",\"isPartOf\":{\"@id\":\"https:\/\/staging.varesenews.it\/#website\"},\"datePublished\":\"2015-07-20T15:28:31+00:00\",\"dateModified\":\"2015-07-20T15:28:31+00:00\",\"author\":{\"@id\":\"https:\/\/staging.varesenews.it\/#\/schema\/person\/efe592ae4c76536b551f89d8b6674bc3\"},\"description\":\"Il Partito Democratico interviene dopo il consiglio comunale mancato sul progetto della Palestra in acqua\",\"breadcrumb\":{\"@id\":\"https:\/\/staging.varesenews.it\/2015\/07\/perche-si-ha-paura-di-discutere-della-piscina\/388558\/#breadcrumb\"},\"inLanguage\":\"it-IT\",\"potentialAction\":[{\"@type\":\"ReadAction\",\"target\":[\"https:\/\/staging.varesenews.it\/2015\/07\/perche-si-ha-paura-di-discutere-della-piscina\/388558\/\"]}]},{\"@type\":\"BreadcrumbList\",\"@id\":\"https:\/\/staging.varesenews.it\/2015\/07\/perche-si-ha-paura-di-discutere-della-piscina\/388558\/#breadcrumb\",\"itemListElement\":[{\"@type\":\"ListItem\",\"position\":1,\"name\":\"Home\",\"item\":\"https:\/\/www.varesenews.it\/\"},{\"@type\":\"ListItem\",\"position\":2,\"name\":\"&#8220;Perch\u00e8 si ha paura di discutere della piscina?&#8221;\"}]},{\"@type\":\"WebSite\",\"@id\":\"https:\/\/staging.varesenews.it\/#website\",\"url\":\"https:\/\/staging.varesenews.it\/\",\"name\":\"VareseNews\",\"description\":\"\",\"potentialAction\":[{\"@type\":\"SearchAction\",\"target\":{\"@type\":\"EntryPoint\",\"urlTemplate\":\"https:\/\/staging.varesenews.it\/?s={search_term_string}\"},\"query-input\":\"required name=search_term_string\"}],\"inLanguage\":\"it-IT\"},{\"@type\":\"Person\",\"@id\":\"https:\/\/staging.varesenews.it\/#\/schema\/person\/efe592ae4c76536b551f89d8b6674bc3\",\"name\":\"Roberto Morandi\",\"image\":{\"@type\":\"ImageObject\",\"inLanguage\":\"it-IT\",\"@id\":\"https:\/\/staging.varesenews.it\/#\/schema\/person\/image\/\",\"url\":\"https:\/\/staging.varesenews.it\/wp-content\/uploads\/2020\/12\/roberto_morandi_colori_500.jpg\",\"contentUrl\":\"https:\/\/staging.varesenews.it\/wp-content\/uploads\/2020\/12\/roberto_morandi_colori_500.jpg\",\"caption\":\"Roberto Morandi\"},\"description\":\"Classe 1980, laureato in storia, mi occupo dell&rsquo;area di Gallarate e di Malpensa, di trasporti e mobilit&agrave;. Amo molto la dimensione della citt&agrave;, come luogo d&rsquo;incontro di persone diverse e come organismo che si trasforma costantemente. Mi piace anche raccontare le piccole e grandi vicende, anche locali, che compongono la Storia con la S maiuscola. Appassionato di bicicletta: la macchina perfetta per muoversi in citt&agrave; e per viaggiare.\",\"sameAs\":[\"https:\/\/twitter.com\/ilmorands\"],\"url\":\"https:\/\/staging.varesenews.it\/persona\/roberto-morandi1\/\"}]}<\/script>\n<!-- \/ Yoast SEO plugin. -->","yoast_head_json":{"title":"\"Perch\u00e8 si ha paura di discutere della piscina?\"","description":"Il Partito Democratico interviene dopo il consiglio comunale mancato sul progetto della Palestra in acqua","robots":{"index":"noindex","follow":"follow","max-snippet":"max-snippet:-1","max-image-preview":"max-image-preview:large","max-video-preview":"max-video-preview:-1"},"og_locale":"it_IT","og_type":"article","og_title":"\"Perch\u00e8 si ha paura di discutere della piscina?\"","og_description":"Il Partito Democratico interviene dopo il consiglio comunale mancato sul progetto della Palestra in acqua","og_url":"https:\/\/staging.varesenews.it\/2015\/07\/perche-si-ha-paura-di-discutere-della-piscina\/388558\/","og_site_name":"VareseNews","article_publisher":"https:\/\/www.facebook.com\/varesenews","article_published_time":"2015-07-20T15:28:31+00:00","author":"Roberto Morandi","twitter_card":"summary_large_image","twitter_creator":"@ilmorands","twitter_site":"@varesenews","twitter_misc":{"Scritto da":"Roberto Morandi","Tempo di lettura stimato":"5 minuti"},"schema":{"@context":"https:\/\/schema.org","@graph":[{"@type":"WebPage","@id":"https:\/\/staging.varesenews.it\/2015\/07\/perche-si-ha-paura-di-discutere-della-piscina\/388558\/","url":"https:\/\/staging.varesenews.it\/2015\/07\/perche-si-ha-paura-di-discutere-della-piscina\/388558\/","name":"\"Perch\u00e8 si ha paura di discutere della piscina?\"","isPartOf":{"@id":"https:\/\/staging.varesenews.it\/#website"},"datePublished":"2015-07-20T15:28:31+00:00","dateModified":"2015-07-20T15:28:31+00:00","author":{"@id":"https:\/\/staging.varesenews.it\/#\/schema\/person\/efe592ae4c76536b551f89d8b6674bc3"},"description":"Il Partito Democratico interviene dopo il consiglio comunale mancato sul progetto della Palestra in acqua","breadcrumb":{"@id":"https:\/\/staging.varesenews.it\/2015\/07\/perche-si-ha-paura-di-discutere-della-piscina\/388558\/#breadcrumb"},"inLanguage":"it-IT","potentialAction":[{"@type":"ReadAction","target":["https:\/\/staging.varesenews.it\/2015\/07\/perche-si-ha-paura-di-discutere-della-piscina\/388558\/"]}]},{"@type":"BreadcrumbList","@id":"https:\/\/staging.varesenews.it\/2015\/07\/perche-si-ha-paura-di-discutere-della-piscina\/388558\/#breadcrumb","itemListElement":[{"@type":"ListItem","position":1,"name":"Home","item":"https:\/\/www.varesenews.it\/"},{"@type":"ListItem","position":2,"name":"&#8220;Perch\u00e8 si ha paura di discutere della piscina?&#8221;"}]},{"@type":"WebSite","@id":"https:\/\/staging.varesenews.it\/#website","url":"https:\/\/staging.varesenews.it\/","name":"VareseNews","description":"","potentialAction":[{"@type":"SearchAction","target":{"@type":"EntryPoint","urlTemplate":"https:\/\/staging.varesenews.it\/?s={search_term_string}"},"query-input":"required name=search_term_string"}],"inLanguage":"it-IT"},{"@type":"Person","@id":"https:\/\/staging.varesenews.it\/#\/schema\/person\/efe592ae4c76536b551f89d8b6674bc3","name":"Roberto Morandi","image":{"@type":"ImageObject","inLanguage":"it-IT","@id":"https:\/\/staging.varesenews.it\/#\/schema\/person\/image\/","url":"https:\/\/staging.varesenews.it\/wp-content\/uploads\/2020\/12\/roberto_morandi_colori_500.jpg","contentUrl":"https:\/\/staging.varesenews.it\/wp-content\/uploads\/2020\/12\/roberto_morandi_colori_500.jpg","caption":"Roberto Morandi"},"description":"Classe 1980, laureato in storia, mi occupo dell&rsquo;area di Gallarate e di Malpensa, di trasporti e mobilit&agrave;. Amo molto la dimensione della citt&agrave;, come luogo d&rsquo;incontro di persone diverse e come organismo che si trasforma costantemente. Mi piace anche raccontare le piccole e grandi vicende, anche locali, che compongono la Storia con la S maiuscola. Appassionato di bicicletta: la macchina perfetta per muoversi in citt&agrave; e per viaggiare.","sameAs":["https:\/\/twitter.com\/ilmorands"],"url":"https:\/\/staging.varesenews.it\/persona\/roberto-morandi1\/"}]}},"post_meta":{"_edit_lock":"1437407269:46","_edit_last":"46","_category_permalink":"3","ratings_users":"0","ratings_score":"0","ratings_average":"0","wdfb_og_title":"","wdfb_og_type":"","wdfb_og_description":"","wdfb_og_images":"a:1:{i:0;s:0:\"\";}","wdfb_og_custom_name":"a:1:{i:0;s:0:\"\";}","wdfb_og_custom_value":"a:1:{i:0;s:0:\"\";}","foto":"72756","argomento":"Jerago con Orago","_jd_twitter":"","_jd_tweet_this":"yes","_wpt_short_url":"http:\/\/www.varesenews.it\/2015\/07\/perche-si-ha-paura-di-discutere-della-piscina\/388558\/","_wp_jd_target":"http:\/\/www.varesenews.it\/2015\/07\/perche-si-ha-paura-di-discutere-della-piscina\/388558\/","_jd_wp_twitter":"a:1:{i:0;s:156:\"\"Perch\u00e8 si ha paura di discutere della piscina?\" http:\/\/www.varesenews.it\/2015\/07\/perche-si-ha-paura-di-discutere-della-piscina\/388558\/ #jeragoconorago #Pd\";}","_wpt_status_message":"Tweet inviato con successo."},"photos":[{"original":"https:\/\/staging.varesenews.it\/photogallery_new\/images\/2013\/08\/piscina-olimpionica-varese-72756.jpg","full":"https:\/\/staging.varesenews.it\/photogallery_new\/images\/2013\/08\/piscina-olimpionica-varese-72756.1024x768.jpg","large":"https:\/\/staging.varesenews.it\/photogallery_new\/images\/2013\/08\/piscina-olimpionica-varese-72756.610x431.jpg"}],"_links":{"self":[{"href":"https:\/\/staging.varesenews.it\/swgapi\/v1\/wp\/v2\/posts\/388558"}],"collection":[{"href":"https:\/\/staging.varesenews.it\/swgapi\/v1\/wp\/v2\/posts"}],"about":[{"href":"https:\/\/staging.varesenews.it\/swgapi\/v1\/wp\/v2\/types\/post"}],"author":[{"embeddable":true,"href":"https:\/\/staging.varesenews.it\/swgapi\/v1\/wp\/v2\/users\/46"}],"replies":[{"embeddable":true,"href":"https:\/\/staging.varesenews.it\/swgapi\/v1\/wp\/v2\/comments?post=388558"}],"version-history":[{"count":0,"href":"https:\/\/staging.varesenews.it\/swgapi\/v1\/wp\/v2\/posts\/388558\/revisions"}],"wp:attachment":[{"href":"https:\/\/staging.varesenews.it\/swgapi\/v1\/wp\/v2\/media?parent=388558"}],"wp:term":[{"taxonomy":"category","embeddable":true,"href":"https:\/\/staging.varesenews.it\/swgapi\/v1\/wp\/v2\/categories?post=388558"},{"taxonomy":"post_tag","embeddable":true,"href":"https:\/\/staging.varesenews.it\/swgapi\/v1\/wp\/v2\/tags?post=388558"}],"curies":[{"name":"wp","href":"https:\/\/api.w.org\/{rel}","templated":true}]}}