{"id":388721,"date":"2015-07-21T12:08:23","date_gmt":"2015-07-21T10:08:23","guid":{"rendered":"http:\/\/www.varesenews.it\/?p=388721"},"modified":"2015-07-21T12:29:58","modified_gmt":"2015-07-21T10:29:58","slug":"festa-vip-alla-rocca-per-il-si-di-beatrice-e-pierre","status":"publish","type":"post","link":"https:\/\/staging.varesenews.it\/2015\/07\/festa-vip-alla-rocca-per-il-si-di-beatrice-e-pierre\/388721\/","title":{"rendered":"Festa vip alla Rocca per il s\u00ec di Beatrice e Pierre"},"content":{"rendered":"<p>C&#8217;\u00e8 grande fermento nelle propriet\u00e0 Borromeo sul lago Maggiore per i preparativi delle nozze tra la giovane Beatrice e il suo fidanzato Pierre Casiraghi. Il matrimonio si terr\u00e0 il <strong>prossimo 1 agosto<\/strong>: la cerimonia religiosa sar\u00e0 celebrata alle Isole, seguir\u00e0 un grande ricevimento alla <strong>Rocca di Angera<\/strong>. Per l&#8217;occasione il castello rimarr\u00e0 chiuso ai visitatori per quattro giorni (dal 30 luglio al 2 agosto) e riaprir\u00e0 ai turisti il 3. La chiusura \u00e8 stata disposta dai principi Borromeo per organizzare al meglio la cornice che accoglier\u00e0 gli ospiti nonch\u00e9 per gestire la sicurezza durante l&#8217;evento.<\/p>\n<p>L&#8217;evento si annuncia blindatissimo anche se molte riviste di gossip e alcuni invitati sui propri profili social hanno gi\u00e0 pubblicato non poche indiscrezioni. Innanzi tutto sul doppio &#8220;s\u00ec&#8221;. Il matrimonio del 1 agosto sar\u00e0 infatti preceduto da una cerimonia civile che si terr\u00e0 nel Principato di Monaco il 25 luglio. Le nozze saranno invece celebrate sul lago, la location del rito religioso dovrebbe essere l&#8217;isolino di San Giovanni, di propriet\u00e0 della famiglia Borromeo. I testimoni saranno, per la sposa, la nonna <strong>Marta Marzotto<\/strong> e per lo sposo, il fratello <strong>Andrea<\/strong>. Le nozze saranno festeggiate da centinaia di ospiti tra parenti stretti e amici della coppia.<\/p>\n<p>Per l&#8217;occasione il castello Borromeo sar\u00e0 <strong>illuminato per tutta la sera<\/strong>: lo spettacolo di luci si potr\u00e0 ammirare dal paese ma sar\u00e0 ancora pi\u00f9 suggestivo\u00a0dalla sponda piemontese del Verbano. La cittadina di Angera si prepara dunque a dare il benvenuto agli ospiti\u00a0delle due famiglie anche se, il loro passaggio per il centro storico, sar\u00e0 rapidissimo. Sempre secondo le indiscrezioni \u00e8 previsto infatti soltanto un veloce\u00a0trasporto dal porto al castello. La Rocca Borromeo ha fatto da location ad altri matrimoni celebri,\u00a0il pi\u00f9 recente\u00a0quello tra il calciatore Riccardo Montolivo e la show girl Cristina De Pin.<\/p>\n","protected":false},"excerpt":{"rendered":"<p>Sono in corso gli ultimi preparativi per il matrimonio tra Beatrice Borromeo e Pierre Casiraghi. Attesi sul lago centinaia di ospiti <\/p>\n","protected":false},"author":43,"featured_media":0,"comment_status":"open","ping_status":"open","sticky":false,"template":"","format":"standard","meta":{"footnotes":""},"categories":[26,2],"tags":[16403,1074,984,4624],"acf":[],"yoast_head":"<!-- This site is optimized with the Yoast SEO plugin v20.1 - https:\/\/yoast.com\/wordpress\/plugins\/seo\/ -->\n<title>Festa vip alla Rocca per il s\u00ec di Beatrice e Pierre<\/title>\n<meta name=\"description\" content=\"Sono in corso gli ultimi preparativi per il matrimonio tra Beatrice Borromeo e Pierre Casiraghi. Attesi sul lago centinaia di ospiti\" \/>\n<meta name=\"robots\" content=\"noindex, follow, max-snippet:-1, max-image-preview:large, max-video-preview:-1\" \/>\n<meta property=\"og:locale\" content=\"it_IT\" \/>\n<meta property=\"og:type\" content=\"article\" \/>\n<meta property=\"og:title\" content=\"Festa vip alla Rocca per il s\u00ec di Beatrice e Pierre\" \/>\n<meta property=\"og:description\" content=\"Sono in corso gli ultimi preparativi per il matrimonio tra Beatrice Borromeo e Pierre Casiraghi. Attesi sul lago centinaia di ospiti\" \/>\n<meta property=\"og:url\" content=\"https:\/\/staging.varesenews.it\/2015\/07\/festa-vip-alla-rocca-per-il-si-di-beatrice-e-pierre\/388721\/\" \/>\n<meta property=\"og:site_name\" content=\"VareseNews\" \/>\n<meta property=\"article:publisher\" content=\"https:\/\/www.facebook.com\/varesenews\" \/>\n<meta property=\"article:author\" content=\"https:\/\/www.facebook.com\/mariacarla.cebrelli\" \/>\n<meta property=\"article:published_time\" content=\"2015-07-21T10:08:23+00:00\" \/>\n<meta property=\"article:modified_time\" content=\"2015-07-21T10:29:58+00:00\" \/>\n<meta name=\"author\" content=\"Maria Carla Cebrelli\" \/>\n<meta name=\"twitter:card\" content=\"summary_large_image\" \/>\n<meta name=\"twitter:creator\" content=\"@pikapiketti\" \/>\n<meta name=\"twitter:site\" content=\"@varesenews\" \/>\n<meta name=\"twitter:label1\" content=\"Scritto da\" \/>\n\t<meta name=\"twitter:data1\" content=\"Maria Carla Cebrelli\" \/>\n\t<meta name=\"twitter:label2\" content=\"Tempo di lettura stimato\" \/>\n\t<meta name=\"twitter:data2\" content=\"1 minuto\" \/>\n<script type=\"application\/ld+json\" class=\"yoast-schema-graph\">{\"@context\":\"https:\/\/schema.org\",\"@graph\":[{\"@type\":\"WebPage\",\"@id\":\"https:\/\/staging.varesenews.it\/2015\/07\/festa-vip-alla-rocca-per-il-si-di-beatrice-e-pierre\/388721\/\",\"url\":\"https:\/\/staging.varesenews.it\/2015\/07\/festa-vip-alla-rocca-per-il-si-di-beatrice-e-pierre\/388721\/\",\"name\":\"Festa vip alla Rocca per il s\u00ec di Beatrice e Pierre\",\"isPartOf\":{\"@id\":\"https:\/\/staging.varesenews.it\/#website\"},\"datePublished\":\"2015-07-21T10:08:23+00:00\",\"dateModified\":\"2015-07-21T10:29:58+00:00\",\"author\":{\"@id\":\"https:\/\/staging.varesenews.it\/#\/schema\/person\/5bf790e99d7ec50061119cc825c454de\"},\"description\":\"Sono in corso gli ultimi preparativi per il matrimonio tra Beatrice Borromeo e Pierre Casiraghi. Attesi sul lago centinaia di ospiti\",\"breadcrumb\":{\"@id\":\"https:\/\/staging.varesenews.it\/2015\/07\/festa-vip-alla-rocca-per-il-si-di-beatrice-e-pierre\/388721\/#breadcrumb\"},\"inLanguage\":\"it-IT\",\"potentialAction\":[{\"@type\":\"ReadAction\",\"target\":[\"https:\/\/staging.varesenews.it\/2015\/07\/festa-vip-alla-rocca-per-il-si-di-beatrice-e-pierre\/388721\/\"]}]},{\"@type\":\"BreadcrumbList\",\"@id\":\"https:\/\/staging.varesenews.it\/2015\/07\/festa-vip-alla-rocca-per-il-si-di-beatrice-e-pierre\/388721\/#breadcrumb\",\"itemListElement\":[{\"@type\":\"ListItem\",\"position\":1,\"name\":\"Home\",\"item\":\"https:\/\/www.varesenews.it\/\"},{\"@type\":\"ListItem\",\"position\":2,\"name\":\"Festa vip alla Rocca per il s\u00ec di Beatrice e Pierre\"}]},{\"@type\":\"WebSite\",\"@id\":\"https:\/\/staging.varesenews.it\/#website\",\"url\":\"https:\/\/staging.varesenews.it\/\",\"name\":\"VareseNews\",\"description\":\"\",\"potentialAction\":[{\"@type\":\"SearchAction\",\"target\":{\"@type\":\"EntryPoint\",\"urlTemplate\":\"https:\/\/staging.varesenews.it\/?s={search_term_string}\"},\"query-input\":\"required name=search_term_string\"}],\"inLanguage\":\"it-IT\"},{\"@type\":\"Person\",\"@id\":\"https:\/\/staging.varesenews.it\/#\/schema\/person\/5bf790e99d7ec50061119cc825c454de\",\"name\":\"Maria Carla Cebrelli\",\"image\":{\"@type\":\"ImageObject\",\"inLanguage\":\"it-IT\",\"@id\":\"https:\/\/staging.varesenews.it\/#\/schema\/person\/image\/\",\"url\":\"https:\/\/staging.varesenews.it\/wp-content\/uploads\/2020\/12\/mariacarla_cebrelli_colori_500-1.jpg\",\"contentUrl\":\"https:\/\/staging.varesenews.it\/wp-content\/uploads\/2020\/12\/mariacarla_cebrelli_colori_500-1.jpg\",\"caption\":\"Maria Carla Cebrelli\"},\"description\":\"Economista di formazione, giornalista per passione. A VareseNews dal 2005, mi sono occupata negli anni di universit&agrave;, tematiche di confine, news locali e comunicazione nel settore sociale. Attualmente sono responsabile di VerbanoNews, del canale di VareseNews dedicato al Turismo e seguo i social dell'area business.\",\"sameAs\":[\"https:\/\/www.facebook.com\/mariacarla.cebrelli\",\"pikapiketti\",\"https:\/\/twitter.com\/pikapiketti\"],\"url\":\"https:\/\/staging.varesenews.it\/persona\/mariacarla-cebrelli1\/\"}]}<\/script>\n<!-- \/ Yoast SEO plugin. -->","yoast_head_json":{"title":"Festa vip alla Rocca per il s\u00ec di Beatrice e Pierre","description":"Sono in corso gli ultimi preparativi per il matrimonio tra Beatrice Borromeo e Pierre Casiraghi. Attesi sul lago centinaia di ospiti","robots":{"index":"noindex","follow":"follow","max-snippet":"max-snippet:-1","max-image-preview":"max-image-preview:large","max-video-preview":"max-video-preview:-1"},"og_locale":"it_IT","og_type":"article","og_title":"Festa vip alla Rocca per il s\u00ec di Beatrice e Pierre","og_description":"Sono in corso gli ultimi preparativi per il matrimonio tra Beatrice Borromeo e Pierre Casiraghi. Attesi sul lago centinaia di ospiti","og_url":"https:\/\/staging.varesenews.it\/2015\/07\/festa-vip-alla-rocca-per-il-si-di-beatrice-e-pierre\/388721\/","og_site_name":"VareseNews","article_publisher":"https:\/\/www.facebook.com\/varesenews","article_author":"https:\/\/www.facebook.com\/mariacarla.cebrelli","article_published_time":"2015-07-21T10:08:23+00:00","article_modified_time":"2015-07-21T10:29:58+00:00","author":"Maria Carla Cebrelli","twitter_card":"summary_large_image","twitter_creator":"@pikapiketti","twitter_site":"@varesenews","twitter_misc":{"Scritto da":"Maria Carla Cebrelli","Tempo di lettura stimato":"1 minuto"},"schema":{"@context":"https:\/\/schema.org","@graph":[{"@type":"WebPage","@id":"https:\/\/staging.varesenews.it\/2015\/07\/festa-vip-alla-rocca-per-il-si-di-beatrice-e-pierre\/388721\/","url":"https:\/\/staging.varesenews.it\/2015\/07\/festa-vip-alla-rocca-per-il-si-di-beatrice-e-pierre\/388721\/","name":"Festa vip alla Rocca per il s\u00ec di Beatrice e Pierre","isPartOf":{"@id":"https:\/\/staging.varesenews.it\/#website"},"datePublished":"2015-07-21T10:08:23+00:00","dateModified":"2015-07-21T10:29:58+00:00","author":{"@id":"https:\/\/staging.varesenews.it\/#\/schema\/person\/5bf790e99d7ec50061119cc825c454de"},"description":"Sono in corso gli ultimi preparativi per il matrimonio tra Beatrice Borromeo e Pierre Casiraghi. Attesi sul lago centinaia di ospiti","breadcrumb":{"@id":"https:\/\/staging.varesenews.it\/2015\/07\/festa-vip-alla-rocca-per-il-si-di-beatrice-e-pierre\/388721\/#breadcrumb"},"inLanguage":"it-IT","potentialAction":[{"@type":"ReadAction","target":["https:\/\/staging.varesenews.it\/2015\/07\/festa-vip-alla-rocca-per-il-si-di-beatrice-e-pierre\/388721\/"]}]},{"@type":"BreadcrumbList","@id":"https:\/\/staging.varesenews.it\/2015\/07\/festa-vip-alla-rocca-per-il-si-di-beatrice-e-pierre\/388721\/#breadcrumb","itemListElement":[{"@type":"ListItem","position":1,"name":"Home","item":"https:\/\/www.varesenews.it\/"},{"@type":"ListItem","position":2,"name":"Festa vip alla Rocca per il s\u00ec di Beatrice e Pierre"}]},{"@type":"WebSite","@id":"https:\/\/staging.varesenews.it\/#website","url":"https:\/\/staging.varesenews.it\/","name":"VareseNews","description":"","potentialAction":[{"@type":"SearchAction","target":{"@type":"EntryPoint","urlTemplate":"https:\/\/staging.varesenews.it\/?s={search_term_string}"},"query-input":"required name=search_term_string"}],"inLanguage":"it-IT"},{"@type":"Person","@id":"https:\/\/staging.varesenews.it\/#\/schema\/person\/5bf790e99d7ec50061119cc825c454de","name":"Maria Carla Cebrelli","image":{"@type":"ImageObject","inLanguage":"it-IT","@id":"https:\/\/staging.varesenews.it\/#\/schema\/person\/image\/","url":"https:\/\/staging.varesenews.it\/wp-content\/uploads\/2020\/12\/mariacarla_cebrelli_colori_500-1.jpg","contentUrl":"https:\/\/staging.varesenews.it\/wp-content\/uploads\/2020\/12\/mariacarla_cebrelli_colori_500-1.jpg","caption":"Maria Carla Cebrelli"},"description":"Economista di formazione, giornalista per passione. A VareseNews dal 2005, mi sono occupata negli anni di universit&agrave;, tematiche di confine, news locali e comunicazione nel settore sociale. Attualmente sono responsabile di VerbanoNews, del canale di VareseNews dedicato al Turismo e seguo i social dell'area business.","sameAs":["https:\/\/www.facebook.com\/mariacarla.cebrelli","pikapiketti","https:\/\/twitter.com\/pikapiketti"],"url":"https:\/\/staging.varesenews.it\/persona\/mariacarla-cebrelli1\/"}]}},"post_meta":{"_edit_lock":"1437475765:48","_edit_last":"43","_category_permalink":"","wdfb_og_title":"","wdfb_og_type":"","wdfb_og_description":"","wdfb_og_images":"a:1:{i:0;s:0:\"\";}","wdfb_og_custom_name":"a:1:{i:0;s:0:\"\";}","wdfb_og_custom_value":"a:1:{i:0;s:0:\"\";}","foto":"439230","firma_come_redazione":"1","_jd_twitter":"","_jd_tweet_this":"yes","ratings_users":"0","ratings_score":"0","ratings_average":"0","argomento":"Angera","_wpt_short_url":"http:\/\/www.varesenews.it\/2015\/07\/festa-vip-alla-rocca-per-il-si-di-beatrice-e-pierre\/388721\/","_wp_jd_target":"http:\/\/www.varesenews.it\/2015\/07\/festa-vip-alla-rocca-per-il-si-di-beatrice-e-pierre\/388721\/","_jd_wp_twitter":"a:1:{i:0;s:181:\"Festa vip alla Rocca per il s\u00ec di Beatrice e Pierre http:\/\/www.varesenews.it\/2015\/07\/festa-vip-alla-rocca-per-il-si-di-beatrice-e-pierre\/388721\/ #borromeo #lagoMaggiore #matrimonio\";}","_wpt_status_message":"Tweet inviato con successo."},"photos":[{"original":"https:\/\/staging.varesenews.it\/photogallery_new\/images\/2015\/03\/beatrice-borromeo-casiraghi-439230.jpg","full":"https:\/\/staging.varesenews.it\/photogallery_new\/images\/2015\/03\/beatrice-borromeo-casiraghi-439230.1024x768.jpg","large":"https:\/\/staging.varesenews.it\/photogallery_new\/images\/2015\/03\/beatrice-borromeo-casiraghi-439230.610x431.jpg"}],"_links":{"self":[{"href":"https:\/\/staging.varesenews.it\/swgapi\/v1\/wp\/v2\/posts\/388721"}],"collection":[{"href":"https:\/\/staging.varesenews.it\/swgapi\/v1\/wp\/v2\/posts"}],"about":[{"href":"https:\/\/staging.varesenews.it\/swgapi\/v1\/wp\/v2\/types\/post"}],"author":[{"embeddable":true,"href":"https:\/\/staging.varesenews.it\/swgapi\/v1\/wp\/v2\/users\/43"}],"replies":[{"embeddable":true,"href":"https:\/\/staging.varesenews.it\/swgapi\/v1\/wp\/v2\/comments?post=388721"}],"version-history":[{"count":0,"href":"https:\/\/staging.varesenews.it\/swgapi\/v1\/wp\/v2\/posts\/388721\/revisions"}],"wp:attachment":[{"href":"https:\/\/staging.varesenews.it\/swgapi\/v1\/wp\/v2\/media?parent=388721"}],"wp:term":[{"taxonomy":"category","embeddable":true,"href":"https:\/\/staging.varesenews.it\/swgapi\/v1\/wp\/v2\/categories?post=388721"},{"taxonomy":"post_tag","embeddable":true,"href":"https:\/\/staging.varesenews.it\/swgapi\/v1\/wp\/v2\/tags?post=388721"}],"curies":[{"name":"wp","href":"https:\/\/api.w.org\/{rel}","templated":true}]}}