{"id":390443,"date":"2015-07-28T17:47:06","date_gmt":"2015-07-28T15:47:06","guid":{"rendered":"http:\/\/www.varesenews.it\/?p=390443"},"modified":"2015-07-28T17:47:06","modified_gmt":"2015-07-28T15:47:06","slug":"la-unendo-yamamay-parte-da-scandicci","status":"publish","type":"post","link":"https:\/\/staging.varesenews.it\/2015\/07\/la-unendo-yamamay-parte-da-scandicci\/390443\/","title":{"rendered":"La Unendo Yamamay parte da Scandicci"},"content":{"rendered":"<p>L&#8217;avventura della <strong>nuova UYBA 2.0 inizier\u00e0 domenica 18 ottobre, alle ore 18, in quel di Scandicci<\/strong>.<\/p>\n<p>La Lega Pallavolo Serie A Femminile ha diramato oggi il calendario della regular season della stagione 2015\/16 (visibile sul <a href=\"http:\/\/legavolleyfemminile.it\/VediPagina.asp?ContentId=7125\">sito<\/a> della Lega Volley Femminile).<\/p>\n<p>Per vedere le farfalle sul taraflex del Palayamamay si dovr\u00e0 attendere<strong> domenica 25 ottobre, quando \u00e8 prevista la partita contro la neopromossa Neruda Volley Bolzano<\/strong>.<\/p>\n<p>Sono 13 le squadre che prenderanno parte al campionato della massima serie; oltre alla UYBA ci sono la Liu Jo Modena, Savino del Bene Scandicci, Igor Gorgonzola Novara, Nordmeccanica Rebecchi Piacenza, Il Bisonte Firenze, Imoco Volley Conegliano, Foppapedretti Bergamo, Pom\u00ec Casalmaggiore, Metalleghe Sanitars Montichiari, le neo promosse Sudtirol Neruda Bolzano e Obiettivo Risarcimento Vicenza e non ultimo, il Club Italia.<\/p>\n<p>Proprio la partecipazione di 13 squadre, ogni settimana una delle formazioni avr\u00e0 un turno di risposo.<\/p>\n<p>Per rivedere al Palayamamay una delle ex biancorosse, si dovr\u00e0 aspettare il girone di ritorno: il 31 gennaio sar\u00e0 la volta di Diouf con la maglia della Liu Jo Modena, il 14 febbraio Aelbrecht con il suo Novara e solo nell&#8217;ultimo turno di campionato, il 2 aprile, Marcon e Leonardi (oggi a Piacenza).<\/p>\n<p>A differenza della scorsa stagione, <strong>nel periodo natalizio non ci saranno turni di campionato<\/strong> (che osserver\u00e0 una sosta dal 23 dicembre al 15 gennaio), in quanto alcune delle ragazze saranno impegnate con la nazionale nel torneo di qualificazione olimpica.<\/p>\n<p>Saranno poi <strong>cinque i turni infrasettimanali<\/strong> nel corso della regular season: mercoled\u00ec 4 novembre (4^ giornata), mercoled\u00ec 2 dicembre (9^ giornata), marted\u00ec 22 dicembre (13^ giornata), mercoled\u00ec 3 febbraio (17^ giornata) e mercoled\u00ec 2 marzo (22^ giornata).<\/p>\n<p>Intanto, in attesa del raduno di inizio preparazione delle farfalle, in programma per il 27 agosto, sono stati <strong>distribuiti i numeri di maglia:<\/strong> Degradi 2, Cialfi 3, Fondriest 6, Hagglund 7, Thibeault 8, Papa 9, Lowe 11, Angelina 12, Gozde 14, Pisani 17, Poma 18.<\/p>\n","protected":false},"excerpt":{"rendered":"<p>Diramato il calendario per la stagione 2015-2016. Prima al PalaYamamay il 25 ottobre contro Bolzano<\/p>\n","protected":false},"author":37,"featured_media":0,"comment_status":"open","ping_status":"open","sticky":false,"template":"","format":"standard","meta":{"footnotes":""},"categories":[4,14],"tags":[3193,255,1156],"acf":[],"yoast_head":"<!-- This site is optimized with the Yoast SEO plugin v20.1 - https:\/\/yoast.com\/wordpress\/plugins\/seo\/ -->\n<title>La Unendo Yamamay parte da Scandicci<\/title>\n<meta name=\"description\" content=\"Diramato il calendario per la stagione 2015-2016. Prima al PalaYamamay il 25 ottobre contro Bolzano\" \/>\n<meta name=\"robots\" content=\"noindex, follow, max-snippet:-1, max-image-preview:large, max-video-preview:-1\" \/>\n<meta property=\"og:locale\" content=\"it_IT\" \/>\n<meta property=\"og:type\" content=\"article\" \/>\n<meta property=\"og:title\" content=\"La Unendo Yamamay parte da Scandicci\" \/>\n<meta property=\"og:description\" content=\"Diramato il calendario per la stagione 2015-2016. Prima al PalaYamamay il 25 ottobre contro Bolzano\" \/>\n<meta property=\"og:url\" content=\"https:\/\/staging.varesenews.it\/2015\/07\/la-unendo-yamamay-parte-da-scandicci\/390443\/\" \/>\n<meta property=\"og:site_name\" content=\"VareseNews\" \/>\n<meta property=\"article:publisher\" content=\"https:\/\/www.facebook.com\/varesenews\" \/>\n<meta property=\"article:published_time\" content=\"2015-07-28T15:47:06+00:00\" \/>\n<meta name=\"author\" content=\"Francesco Mazzoleni\" \/>\n<meta name=\"twitter:card\" content=\"summary_large_image\" \/>\n<meta name=\"twitter:creator\" content=\"@fmazzof\" \/>\n<meta name=\"twitter:site\" content=\"@varesenews\" \/>\n<meta name=\"twitter:label1\" content=\"Scritto da\" \/>\n\t<meta name=\"twitter:data1\" content=\"Francesco Mazzoleni\" \/>\n\t<meta name=\"twitter:label2\" content=\"Tempo di lettura stimato\" \/>\n\t<meta name=\"twitter:data2\" content=\"1 minuto\" \/>\n<script type=\"application\/ld+json\" class=\"yoast-schema-graph\">{\"@context\":\"https:\/\/schema.org\",\"@graph\":[{\"@type\":\"WebPage\",\"@id\":\"https:\/\/staging.varesenews.it\/2015\/07\/la-unendo-yamamay-parte-da-scandicci\/390443\/\",\"url\":\"https:\/\/staging.varesenews.it\/2015\/07\/la-unendo-yamamay-parte-da-scandicci\/390443\/\",\"name\":\"La Unendo Yamamay parte da Scandicci\",\"isPartOf\":{\"@id\":\"https:\/\/staging.varesenews.it\/#website\"},\"datePublished\":\"2015-07-28T15:47:06+00:00\",\"dateModified\":\"2015-07-28T15:47:06+00:00\",\"author\":{\"@id\":\"https:\/\/staging.varesenews.it\/#\/schema\/person\/e82236e79160d30d4e1f942004ac3038\"},\"description\":\"Diramato il calendario per la stagione 2015-2016. Prima al PalaYamamay il 25 ottobre contro Bolzano\",\"breadcrumb\":{\"@id\":\"https:\/\/staging.varesenews.it\/2015\/07\/la-unendo-yamamay-parte-da-scandicci\/390443\/#breadcrumb\"},\"inLanguage\":\"it-IT\",\"potentialAction\":[{\"@type\":\"ReadAction\",\"target\":[\"https:\/\/staging.varesenews.it\/2015\/07\/la-unendo-yamamay-parte-da-scandicci\/390443\/\"]}]},{\"@type\":\"BreadcrumbList\",\"@id\":\"https:\/\/staging.varesenews.it\/2015\/07\/la-unendo-yamamay-parte-da-scandicci\/390443\/#breadcrumb\",\"itemListElement\":[{\"@type\":\"ListItem\",\"position\":1,\"name\":\"Home\",\"item\":\"https:\/\/www.varesenews.it\/\"},{\"@type\":\"ListItem\",\"position\":2,\"name\":\"La Unendo Yamamay parte da Scandicci\"}]},{\"@type\":\"WebSite\",\"@id\":\"https:\/\/staging.varesenews.it\/#website\",\"url\":\"https:\/\/staging.varesenews.it\/\",\"name\":\"VareseNews\",\"description\":\"\",\"potentialAction\":[{\"@type\":\"SearchAction\",\"target\":{\"@type\":\"EntryPoint\",\"urlTemplate\":\"https:\/\/staging.varesenews.it\/?s={search_term_string}\"},\"query-input\":\"required name=search_term_string\"}],\"inLanguage\":\"it-IT\"},{\"@type\":\"Person\",\"@id\":\"https:\/\/staging.varesenews.it\/#\/schema\/person\/e82236e79160d30d4e1f942004ac3038\",\"name\":\"Francesco Mazzoleni\",\"image\":{\"@type\":\"ImageObject\",\"inLanguage\":\"it-IT\",\"@id\":\"https:\/\/staging.varesenews.it\/#\/schema\/person\/image\/\",\"url\":\"https:\/\/staging.varesenews.it\/wp-content\/uploads\/2020\/12\/francesco_mazzoleni_colori_500-1.jpg\",\"contentUrl\":\"https:\/\/staging.varesenews.it\/wp-content\/uploads\/2020\/12\/francesco_mazzoleni_colori_500-1.jpg\",\"caption\":\"Francesco Mazzoleni\"},\"description\":\"\\\"Uomo di campo\\\" della redazione sportiva. Nutro una vera passione per il calcio, che sia ad alti livelli, sui campi di provincia o in altri continenti. Sono nato a Varese nel 1984, vivo da sempre a Malnate e ho una laurea in Scienze Motorie. Ho mosso i primi passi a VareseNews da stagista nel 2002; nel 2008 ho iniziato a collaborare con maggiore continuit\u00e0 e dal 2018 sono giornalista professionista. Orgoglioso pap\u00e0 di Federico e Adelaide.\",\"sameAs\":[\"fmazzof\",\"it.linkedin.com\/in\/francescomazzolenif\",\"https:\/\/twitter.com\/fmazzof\"],\"url\":\"https:\/\/staging.varesenews.it\/persona\/francesco_mazzoleniferracini\/\"}]}<\/script>\n<!-- \/ Yoast SEO plugin. -->","yoast_head_json":{"title":"La Unendo Yamamay parte da Scandicci","description":"Diramato il calendario per la stagione 2015-2016. Prima al PalaYamamay il 25 ottobre contro Bolzano","robots":{"index":"noindex","follow":"follow","max-snippet":"max-snippet:-1","max-image-preview":"max-image-preview:large","max-video-preview":"max-video-preview:-1"},"og_locale":"it_IT","og_type":"article","og_title":"La Unendo Yamamay parte da Scandicci","og_description":"Diramato il calendario per la stagione 2015-2016. Prima al PalaYamamay il 25 ottobre contro Bolzano","og_url":"https:\/\/staging.varesenews.it\/2015\/07\/la-unendo-yamamay-parte-da-scandicci\/390443\/","og_site_name":"VareseNews","article_publisher":"https:\/\/www.facebook.com\/varesenews","article_published_time":"2015-07-28T15:47:06+00:00","author":"Francesco Mazzoleni","twitter_card":"summary_large_image","twitter_creator":"@fmazzof","twitter_site":"@varesenews","twitter_misc":{"Scritto da":"Francesco Mazzoleni","Tempo di lettura stimato":"1 minuto"},"schema":{"@context":"https:\/\/schema.org","@graph":[{"@type":"WebPage","@id":"https:\/\/staging.varesenews.it\/2015\/07\/la-unendo-yamamay-parte-da-scandicci\/390443\/","url":"https:\/\/staging.varesenews.it\/2015\/07\/la-unendo-yamamay-parte-da-scandicci\/390443\/","name":"La Unendo Yamamay parte da Scandicci","isPartOf":{"@id":"https:\/\/staging.varesenews.it\/#website"},"datePublished":"2015-07-28T15:47:06+00:00","dateModified":"2015-07-28T15:47:06+00:00","author":{"@id":"https:\/\/staging.varesenews.it\/#\/schema\/person\/e82236e79160d30d4e1f942004ac3038"},"description":"Diramato il calendario per la stagione 2015-2016. Prima al PalaYamamay il 25 ottobre contro Bolzano","breadcrumb":{"@id":"https:\/\/staging.varesenews.it\/2015\/07\/la-unendo-yamamay-parte-da-scandicci\/390443\/#breadcrumb"},"inLanguage":"it-IT","potentialAction":[{"@type":"ReadAction","target":["https:\/\/staging.varesenews.it\/2015\/07\/la-unendo-yamamay-parte-da-scandicci\/390443\/"]}]},{"@type":"BreadcrumbList","@id":"https:\/\/staging.varesenews.it\/2015\/07\/la-unendo-yamamay-parte-da-scandicci\/390443\/#breadcrumb","itemListElement":[{"@type":"ListItem","position":1,"name":"Home","item":"https:\/\/www.varesenews.it\/"},{"@type":"ListItem","position":2,"name":"La Unendo Yamamay parte da Scandicci"}]},{"@type":"WebSite","@id":"https:\/\/staging.varesenews.it\/#website","url":"https:\/\/staging.varesenews.it\/","name":"VareseNews","description":"","potentialAction":[{"@type":"SearchAction","target":{"@type":"EntryPoint","urlTemplate":"https:\/\/staging.varesenews.it\/?s={search_term_string}"},"query-input":"required name=search_term_string"}],"inLanguage":"it-IT"},{"@type":"Person","@id":"https:\/\/staging.varesenews.it\/#\/schema\/person\/e82236e79160d30d4e1f942004ac3038","name":"Francesco Mazzoleni","image":{"@type":"ImageObject","inLanguage":"it-IT","@id":"https:\/\/staging.varesenews.it\/#\/schema\/person\/image\/","url":"https:\/\/staging.varesenews.it\/wp-content\/uploads\/2020\/12\/francesco_mazzoleni_colori_500-1.jpg","contentUrl":"https:\/\/staging.varesenews.it\/wp-content\/uploads\/2020\/12\/francesco_mazzoleni_colori_500-1.jpg","caption":"Francesco Mazzoleni"},"description":"\"Uomo di campo\" della redazione sportiva. Nutro una vera passione per il calcio, che sia ad alti livelli, sui campi di provincia o in altri continenti. Sono nato a Varese nel 1984, vivo da sempre a Malnate e ho una laurea in Scienze Motorie. Ho mosso i primi passi a VareseNews da stagista nel 2002; nel 2008 ho iniziato a collaborare con maggiore continuit\u00e0 e dal 2018 sono giornalista professionista. Orgoglioso pap\u00e0 di Federico e Adelaide.","sameAs":["fmazzof","it.linkedin.com\/in\/francescomazzolenif","https:\/\/twitter.com\/fmazzof"],"url":"https:\/\/staging.varesenews.it\/persona\/francesco_mazzoleniferracini\/"}]}},"post_meta":{"_edit_lock":"1438098493:37","_edit_last":"37","_category_permalink":"14","ratings_users":"0","ratings_score":"0","ratings_average":"0","wdfb_og_title":"","wdfb_og_type":"","wdfb_og_description":"","wdfb_og_images":"a:1:{i:0;s:0:\"\";}","wdfb_og_custom_name":"a:1:{i:0;s:0:\"\";}","wdfb_og_custom_value":"a:1:{i:0;s:0:\"\";}","foto":"441399","firma-personalizzata":"Manuela De Gregori","argomento":"Pallavolo","_yoast_wpseo_focuskw":"unendo yamamay","_jd_twitter":"","_jd_tweet_this":"yes","_wpt_short_url":"http:\/\/www.varesenews.it\/2015\/07\/la-unendo-yamamay-parte-da-scandicci\/390443\/","_wp_jd_target":"http:\/\/www.varesenews.it\/2015\/07\/la-unendo-yamamay-parte-da-scandicci\/390443\/","_jd_wp_twitter":"a:1:{i:0;s:152:\"La Unendo Yamamay parte da Scandicci http:\/\/www.varesenews.it\/2015\/07\/la-unendo-yamamay-parte-da-scandicci\/390443\/ #calendario #pallavolo #unendoyamamay\";}","_wpt_status_message":"Tweet inviato con successo.","_yoast_wpseo_linkdex":"62"},"photos":[{"original":"https:\/\/staging.varesenews.it\/photogallery_new\/images\/2015\/03\/palayamamay-lego-busto-arsizio-uyba-441399.jpg","full":"https:\/\/staging.varesenews.it\/photogallery_new\/images\/2015\/03\/palayamamay-lego-busto-arsizio-uyba-441399.1024x768.jpg","large":"https:\/\/staging.varesenews.it\/photogallery_new\/images\/2015\/03\/palayamamay-lego-busto-arsizio-uyba-441399.610x431.jpg"}],"_links":{"self":[{"href":"https:\/\/staging.varesenews.it\/swgapi\/v1\/wp\/v2\/posts\/390443"}],"collection":[{"href":"https:\/\/staging.varesenews.it\/swgapi\/v1\/wp\/v2\/posts"}],"about":[{"href":"https:\/\/staging.varesenews.it\/swgapi\/v1\/wp\/v2\/types\/post"}],"author":[{"embeddable":true,"href":"https:\/\/staging.varesenews.it\/swgapi\/v1\/wp\/v2\/users\/37"}],"replies":[{"embeddable":true,"href":"https:\/\/staging.varesenews.it\/swgapi\/v1\/wp\/v2\/comments?post=390443"}],"version-history":[{"count":0,"href":"https:\/\/staging.varesenews.it\/swgapi\/v1\/wp\/v2\/posts\/390443\/revisions"}],"wp:attachment":[{"href":"https:\/\/staging.varesenews.it\/swgapi\/v1\/wp\/v2\/media?parent=390443"}],"wp:term":[{"taxonomy":"category","embeddable":true,"href":"https:\/\/staging.varesenews.it\/swgapi\/v1\/wp\/v2\/categories?post=390443"},{"taxonomy":"post_tag","embeddable":true,"href":"https:\/\/staging.varesenews.it\/swgapi\/v1\/wp\/v2\/tags?post=390443"}],"curies":[{"name":"wp","href":"https:\/\/api.w.org\/{rel}","templated":true}]}}