{"id":392071,"date":"2015-08-05T23:49:11","date_gmt":"2015-08-05T21:49:11","guid":{"rendered":"http:\/\/www.varesenews.it\/?p=392071"},"modified":"2015-08-06T09:04:47","modified_gmt":"2015-08-06T07:04:47","slug":"la-palazzina-liberty-rivede-la-luce","status":"publish","type":"post","link":"https:\/\/staging.varesenews.it\/2015\/08\/la-palazzina-liberty-rivede-la-luce\/392071\/","title":{"rendered":"La &#8220;palazzina Liberty&#8221; rivede la luce"},"content":{"rendered":"<p><strong>A Gallarate ritorna visibile la &#8220;palazzina Liberty&#8221; di piazza San Lorenzo<\/strong>, rinata (nel senso di ricostruita da zero) dopo che l&#8217;edificio originario era stato abbattuto un anno e mezzo fa.<\/p>\n<p>La <strong>palazzina risaliva a inizio Novecento, era stata costruita sull&#8217;isolato della &#8220;casa feudale&#8221;<\/strong> e affacciava sulla composita piazza San Lorenzo: fin dagli anni Trenta la piazza \u00e8 divenuta uno spazio costantemente riplasmato da edifici moderni, a partire dalla costruzione della Casa del Balilla di Paolo Mezzanotte, oggi biblioteca, per arrivare al palazzo a torre di Mario Botta. Il progetto del proprietario della &#8220;palazzina Liberty&#8221; &#8211; su cui si \u00e8 espresso anche il consiglio comunale nel 2010 &#8211; prevede la <strong>demolizione, la creazione di parcheggi sotterranei e la riedificazione<\/strong> della palazzina conforme all&#8217;originale.<\/p>\n<p>La scelta di abbattere e ricostruire fu contestata da Legambiente (<a href=\"http:\/\/www.varesenews.it\/2010\/07\/casa-liberty-in-pericolo-legambiente-lancia-l-allarme\/142100\/\">vedi qui<\/a>) e da alcune forze politiche (Lega Nord, Socialisti e Sel, <a href=\"http:\/\/www.varesenews.it\/2011\/02\/addio-alla-palazzina-liberty-ultimo-pezzo-della-vecchia-piazza-san-lorenzo\/125069\/\">vedi per esempio qui<\/a>) ma successivamente anche da alcune voci della cultura cittadina che si chiesero se Gallarate\u00a0 avesse bisogno \u00abdi una finta palazzina Liberty\u00bb (<a title=\"Gallarate ha bisogno di una finta \u201cpalazzina liberty\u201d?\" href=\"http:\/\/www.varesenews.it\/2014\/01\/gallarate-ha-bisogno-di-una-finta-palazzina-liberty\/43531\/\">vedi qui<\/a>), con un intervento che ricreava il passato senza assumersi la responsabilit\u00e0 di tutelarne l&#8217;autenticit\u00e0 o, all&#8217;opposto, di superarlo con nuove forme architettoniche della contemporaneit\u00e0.<\/p>\n<p>In ogni caso: a distanza di poco pi\u00f9 di un anno e mezzo dall&#8217;avvio delle demolizioni (<a href=\"http:\/\/www.varesenews.it\/2014\/01\/si-muovono-le-ruspe-e-si-aspettano-le-gru-nel-centro-delle-citta\/43180\/\">qui l&#8217;articolo del 2014<\/a>), ora la &#8220;palazzina Liberty&#8221; &#8211; di propriet\u00e0 di una immobiliare con radici locali &#8211; sta rivedendo la luce. \u00c8 ancora un cantiere, ma s&#8217;iniziano a vedere le forme e anche le decorazioni della palazzina.<\/p>\n","protected":false},"excerpt":{"rendered":"<p>Era stata abbattuta un anno e mezzo fa, dopo un lungo dibattito. Doveva essere ricostruita uguale e adesso dal cantiere iniziano ad emergere forme e dettagli<\/p>\n","protected":false},"author":46,"featured_media":0,"comment_status":"open","ping_status":"open","sticky":false,"template":"","format":"standard","meta":{"footnotes":""},"categories":[3],"tags":[2840,41324],"acf":[],"yoast_head":"<!-- This site is optimized with the Yoast SEO plugin v20.1 - https:\/\/yoast.com\/wordpress\/plugins\/seo\/ -->\n<title>La &quot;palazzina Liberty&quot; rivede la luce<\/title>\n<meta name=\"description\" content=\"Era stata abbattuta un anno e mezzo fa, dopo un lungo dibattito. Doveva essere ricostruita uguale e adesso dal cantiere iniziano ad emergere forme e dettagli\" \/>\n<meta name=\"robots\" content=\"noindex, follow, max-snippet:-1, max-image-preview:large, max-video-preview:-1\" \/>\n<meta property=\"og:locale\" content=\"it_IT\" \/>\n<meta property=\"og:type\" content=\"article\" \/>\n<meta property=\"og:title\" content=\"La &quot;palazzina Liberty&quot; rivede la luce\" \/>\n<meta property=\"og:description\" content=\"Era stata abbattuta un anno e mezzo fa, dopo un lungo dibattito. Doveva essere ricostruita uguale e adesso dal cantiere iniziano ad emergere forme e dettagli\" \/>\n<meta property=\"og:url\" content=\"https:\/\/www.varesenews.it\/2015\/08\/la-palazzina-liberty-rivede-la-luce\/392071\/\" \/>\n<meta property=\"og:site_name\" content=\"VareseNews\" \/>\n<meta property=\"article:publisher\" content=\"https:\/\/www.facebook.com\/varesenews\" \/>\n<meta property=\"article:published_time\" content=\"2015-08-05T21:49:11+00:00\" \/>\n<meta property=\"article:modified_time\" content=\"2015-08-06T07:04:47+00:00\" \/>\n<meta name=\"author\" content=\"Roberto Morandi\" \/>\n<meta name=\"twitter:card\" content=\"summary_large_image\" \/>\n<meta name=\"twitter:creator\" content=\"@ilmorands\" \/>\n<meta name=\"twitter:site\" content=\"@varesenews\" \/>\n<meta name=\"twitter:label1\" content=\"Scritto da\" \/>\n\t<meta name=\"twitter:data1\" content=\"Roberto Morandi\" \/>\n\t<meta name=\"twitter:label2\" content=\"Tempo di lettura stimato\" \/>\n\t<meta name=\"twitter:data2\" content=\"1 minuto\" \/>\n<script type=\"application\/ld+json\" class=\"yoast-schema-graph\">{\"@context\":\"https:\/\/schema.org\",\"@graph\":[{\"@type\":\"WebPage\",\"@id\":\"https:\/\/www.varesenews.it\/2015\/08\/la-palazzina-liberty-rivede-la-luce\/392071\/\",\"url\":\"https:\/\/www.varesenews.it\/2015\/08\/la-palazzina-liberty-rivede-la-luce\/392071\/\",\"name\":\"La \\\"palazzina Liberty\\\" rivede la luce\",\"isPartOf\":{\"@id\":\"https:\/\/staging.varesenews.it\/#website\"},\"datePublished\":\"2015-08-05T21:49:11+00:00\",\"dateModified\":\"2015-08-06T07:04:47+00:00\",\"author\":{\"@id\":\"https:\/\/staging.varesenews.it\/#\/schema\/person\/efe592ae4c76536b551f89d8b6674bc3\"},\"description\":\"Era stata abbattuta un anno e mezzo fa, dopo un lungo dibattito. Doveva essere ricostruita uguale e adesso dal cantiere iniziano ad emergere forme e dettagli\",\"breadcrumb\":{\"@id\":\"https:\/\/www.varesenews.it\/2015\/08\/la-palazzina-liberty-rivede-la-luce\/392071\/#breadcrumb\"},\"inLanguage\":\"it-IT\",\"potentialAction\":[{\"@type\":\"ReadAction\",\"target\":[\"https:\/\/www.varesenews.it\/2015\/08\/la-palazzina-liberty-rivede-la-luce\/392071\/\"]}]},{\"@type\":\"BreadcrumbList\",\"@id\":\"https:\/\/www.varesenews.it\/2015\/08\/la-palazzina-liberty-rivede-la-luce\/392071\/#breadcrumb\",\"itemListElement\":[{\"@type\":\"ListItem\",\"position\":1,\"name\":\"Home\",\"item\":\"https:\/\/www.varesenews.it\/\"},{\"@type\":\"ListItem\",\"position\":2,\"name\":\"La &#8220;palazzina Liberty&#8221; rivede la luce\"}]},{\"@type\":\"WebSite\",\"@id\":\"https:\/\/staging.varesenews.it\/#website\",\"url\":\"https:\/\/staging.varesenews.it\/\",\"name\":\"VareseNews\",\"description\":\"\",\"potentialAction\":[{\"@type\":\"SearchAction\",\"target\":{\"@type\":\"EntryPoint\",\"urlTemplate\":\"https:\/\/staging.varesenews.it\/?s={search_term_string}\"},\"query-input\":\"required name=search_term_string\"}],\"inLanguage\":\"it-IT\"},{\"@type\":\"Person\",\"@id\":\"https:\/\/staging.varesenews.it\/#\/schema\/person\/efe592ae4c76536b551f89d8b6674bc3\",\"name\":\"Roberto Morandi\",\"image\":{\"@type\":\"ImageObject\",\"inLanguage\":\"it-IT\",\"@id\":\"https:\/\/staging.varesenews.it\/#\/schema\/person\/image\/\",\"url\":\"https:\/\/staging.varesenews.it\/wp-content\/uploads\/2020\/12\/roberto_morandi_colori_500.jpg\",\"contentUrl\":\"https:\/\/staging.varesenews.it\/wp-content\/uploads\/2020\/12\/roberto_morandi_colori_500.jpg\",\"caption\":\"Roberto Morandi\"},\"description\":\"Classe 1980, laureato in storia, mi occupo dell&rsquo;area di Gallarate e di Malpensa, di trasporti e mobilit&agrave;. Amo molto la dimensione della citt&agrave;, come luogo d&rsquo;incontro di persone diverse e come organismo che si trasforma costantemente. Mi piace anche raccontare le piccole e grandi vicende, anche locali, che compongono la Storia con la S maiuscola. Appassionato di bicicletta: la macchina perfetta per muoversi in citt&agrave; e per viaggiare.\",\"sameAs\":[\"https:\/\/twitter.com\/ilmorands\"],\"url\":\"https:\/\/staging.varesenews.it\/persona\/roberto-morandi1\/\"}]}<\/script>\n<!-- \/ Yoast SEO plugin. -->","yoast_head_json":{"title":"La \"palazzina Liberty\" rivede la luce","description":"Era stata abbattuta un anno e mezzo fa, dopo un lungo dibattito. Doveva essere ricostruita uguale e adesso dal cantiere iniziano ad emergere forme e dettagli","robots":{"index":"noindex","follow":"follow","max-snippet":"max-snippet:-1","max-image-preview":"max-image-preview:large","max-video-preview":"max-video-preview:-1"},"og_locale":"it_IT","og_type":"article","og_title":"La \"palazzina Liberty\" rivede la luce","og_description":"Era stata abbattuta un anno e mezzo fa, dopo un lungo dibattito. Doveva essere ricostruita uguale e adesso dal cantiere iniziano ad emergere forme e dettagli","og_url":"https:\/\/www.varesenews.it\/2015\/08\/la-palazzina-liberty-rivede-la-luce\/392071\/","og_site_name":"VareseNews","article_publisher":"https:\/\/www.facebook.com\/varesenews","article_published_time":"2015-08-05T21:49:11+00:00","article_modified_time":"2015-08-06T07:04:47+00:00","author":"Roberto Morandi","twitter_card":"summary_large_image","twitter_creator":"@ilmorands","twitter_site":"@varesenews","twitter_misc":{"Scritto da":"Roberto Morandi","Tempo di lettura stimato":"1 minuto"},"schema":{"@context":"https:\/\/schema.org","@graph":[{"@type":"WebPage","@id":"https:\/\/www.varesenews.it\/2015\/08\/la-palazzina-liberty-rivede-la-luce\/392071\/","url":"https:\/\/www.varesenews.it\/2015\/08\/la-palazzina-liberty-rivede-la-luce\/392071\/","name":"La \"palazzina Liberty\" rivede la luce","isPartOf":{"@id":"https:\/\/staging.varesenews.it\/#website"},"datePublished":"2015-08-05T21:49:11+00:00","dateModified":"2015-08-06T07:04:47+00:00","author":{"@id":"https:\/\/staging.varesenews.it\/#\/schema\/person\/efe592ae4c76536b551f89d8b6674bc3"},"description":"Era stata abbattuta un anno e mezzo fa, dopo un lungo dibattito. Doveva essere ricostruita uguale e adesso dal cantiere iniziano ad emergere forme e dettagli","breadcrumb":{"@id":"https:\/\/www.varesenews.it\/2015\/08\/la-palazzina-liberty-rivede-la-luce\/392071\/#breadcrumb"},"inLanguage":"it-IT","potentialAction":[{"@type":"ReadAction","target":["https:\/\/www.varesenews.it\/2015\/08\/la-palazzina-liberty-rivede-la-luce\/392071\/"]}]},{"@type":"BreadcrumbList","@id":"https:\/\/www.varesenews.it\/2015\/08\/la-palazzina-liberty-rivede-la-luce\/392071\/#breadcrumb","itemListElement":[{"@type":"ListItem","position":1,"name":"Home","item":"https:\/\/www.varesenews.it\/"},{"@type":"ListItem","position":2,"name":"La &#8220;palazzina Liberty&#8221; rivede la luce"}]},{"@type":"WebSite","@id":"https:\/\/staging.varesenews.it\/#website","url":"https:\/\/staging.varesenews.it\/","name":"VareseNews","description":"","potentialAction":[{"@type":"SearchAction","target":{"@type":"EntryPoint","urlTemplate":"https:\/\/staging.varesenews.it\/?s={search_term_string}"},"query-input":"required name=search_term_string"}],"inLanguage":"it-IT"},{"@type":"Person","@id":"https:\/\/staging.varesenews.it\/#\/schema\/person\/efe592ae4c76536b551f89d8b6674bc3","name":"Roberto Morandi","image":{"@type":"ImageObject","inLanguage":"it-IT","@id":"https:\/\/staging.varesenews.it\/#\/schema\/person\/image\/","url":"https:\/\/staging.varesenews.it\/wp-content\/uploads\/2020\/12\/roberto_morandi_colori_500.jpg","contentUrl":"https:\/\/staging.varesenews.it\/wp-content\/uploads\/2020\/12\/roberto_morandi_colori_500.jpg","caption":"Roberto Morandi"},"description":"Classe 1980, laureato in storia, mi occupo dell&rsquo;area di Gallarate e di Malpensa, di trasporti e mobilit&agrave;. Amo molto la dimensione della citt&agrave;, come luogo d&rsquo;incontro di persone diverse e come organismo che si trasforma costantemente. Mi piace anche raccontare le piccole e grandi vicende, anche locali, che compongono la Storia con la S maiuscola. Appassionato di bicicletta: la macchina perfetta per muoversi in citt&agrave; e per viaggiare.","sameAs":["https:\/\/twitter.com\/ilmorands"],"url":"https:\/\/staging.varesenews.it\/persona\/roberto-morandi1\/"}]}},"post_meta":{"_edit_lock":"1438865983:46","_edit_last":"46","_oembed_53a5f67c588fa5bbc8f51ceb3e8945cd":"{{unknown}}","_category_permalink":"3","ratings_users":"0","ratings_score":"0","ratings_average":"0","wdfb_og_title":"","wdfb_og_type":"","wdfb_og_description":"","wdfb_og_images":"a:1:{i:0;s:0:\"\";}","wdfb_og_custom_name":"a:1:{i:0;s:0:\"\";}","wdfb_og_custom_value":"a:1:{i:0;s:0:\"\";}","foto":"473688","argomento":"Gallarate","_jd_twitter":"","_jd_tweet_this":"yes","_wpt_short_url":"http:\/\/www.varesenews.it\/2015\/08\/la-palazzina-liberty-rivede-la-luce\/392071\/","_wp_jd_target":"http:\/\/www.varesenews.it\/2015\/08\/la-palazzina-liberty-rivede-la-luce\/392071\/","_jd_wp_twitter":"a:1:{i:0;s:115:\"La \"palazzina Liberty\" rivede la luce http:\/\/www.varesenews.it\/2015\/08\/la-palazzina-liberty-rivede-la-luce\/392071\/ \";}","_wpt_status_message":"Tweet inviato con successo.","id_leggi_anche":"392071"},"photos":[{"original":"https:\/\/staging.varesenews.it\/photogallery_new\/images\/2015\/08\/gallarate-piazza-san-lorenzo-473688.jpg","full":"https:\/\/staging.varesenews.it\/photogallery_new\/images\/2015\/08\/gallarate-piazza-san-lorenzo-473688.1024x768.jpg","large":"https:\/\/staging.varesenews.it\/photogallery_new\/images\/2015\/08\/gallarate-piazza-san-lorenzo-473688.610x431.jpg"}],"_links":{"self":[{"href":"https:\/\/staging.varesenews.it\/swgapi\/v1\/wp\/v2\/posts\/392071"}],"collection":[{"href":"https:\/\/staging.varesenews.it\/swgapi\/v1\/wp\/v2\/posts"}],"about":[{"href":"https:\/\/staging.varesenews.it\/swgapi\/v1\/wp\/v2\/types\/post"}],"author":[{"embeddable":true,"href":"https:\/\/staging.varesenews.it\/swgapi\/v1\/wp\/v2\/users\/46"}],"replies":[{"embeddable":true,"href":"https:\/\/staging.varesenews.it\/swgapi\/v1\/wp\/v2\/comments?post=392071"}],"version-history":[{"count":0,"href":"https:\/\/staging.varesenews.it\/swgapi\/v1\/wp\/v2\/posts\/392071\/revisions"}],"wp:attachment":[{"href":"https:\/\/staging.varesenews.it\/swgapi\/v1\/wp\/v2\/media?parent=392071"}],"wp:term":[{"taxonomy":"category","embeddable":true,"href":"https:\/\/staging.varesenews.it\/swgapi\/v1\/wp\/v2\/categories?post=392071"},{"taxonomy":"post_tag","embeddable":true,"href":"https:\/\/staging.varesenews.it\/swgapi\/v1\/wp\/v2\/tags?post=392071"}],"curies":[{"name":"wp","href":"https:\/\/api.w.org\/{rel}","templated":true}]}}