{"id":392940,"date":"2015-08-11T09:43:40","date_gmt":"2015-08-11T07:43:40","guid":{"rendered":"http:\/\/www.varesenews.it\/?p=392940"},"modified":"2015-08-11T10:07:06","modified_gmt":"2015-08-11T08:07:06","slug":"arte-e-natura-da-gustare-in-bicicletta","status":"publish","type":"post","link":"https:\/\/staging.varesenews.it\/2015\/08\/arte-e-natura-da-gustare-in-bicicletta\/392940\/","title":{"rendered":"Arte e natura da gustare in bicicletta"},"content":{"rendered":"<p>Per gli appassionati delle biciclettate, agosto \u00e8 il mese giusto: la<strong> LibEreria della bottega del Romeo<\/strong> organizza anche quest\u2019anno un evento di incontro con il mondo dei libri. Sono in programma due passeggiate serali in bici con apericena, il cui filo conduttore \u00e8 l&#8217;arte, prima quella scritta, poi quella dipinta:\u00a0ecco le attivit\u00e0 proposte per l\u2019occasione.<\/p>\n<p><strong>La storia della Bottega del Romeo affonda le sue radici negli anni Trenta<\/strong>, quando era ancora una piccola officina per biciclette appartenente alla famiglia di <strong>Romeo Franzetti<\/strong>. Oggi intorno all\u2019officina \u00e8 cresciuto uno spazio che \u00e8 anche luogo d\u2019incontro; dentro infatti ci sono una libreria specializzata per amanti della due ruote e un <strong>progetto di turismo sostenibile<\/strong>. A portare avanti l\u2019officina c\u2019\u00e8 <strong>Lorenzo Franzetti<\/strong>, terza generazione in bottega,\u00a0mentre ad alimentare con idee e progetti la \u201cLibereria\u201d ci pensa <strong>Alessandra\u00a0Doridoni,<\/strong>\u00a0moglie di Lorenzo. Il tutto sotto la supervisione di\u00a0<strong>Diego Franzetti,<\/strong> figlio del fondatore Romeo.<\/p>\n<p><strong>Alessandra e Lorenzo<\/strong> hanno deciso di organizzare un evento in grado di unire\u00a0sia la passione per la bicicletta, sia quella per la lettura. Si comincia <strong>marted\u00ec 11 agosto<\/strong>\u00a0 con i &#8220;<strong>Racconti dal sellino<\/strong>&#8220;, una passeggiata serale in bici accompagnati dai racconti. La partenza \u00e8 prevista per le 18 in <strong>piazza san Martino<\/strong>\u00a0a\u00a0<strong>Ispra<\/strong>.\u00a0Si tratta di un percorso semplice, su strade secondarie: la successiva apericena avr\u00e0 luogo presso il caff\u00e8<strong> San Martino di <\/strong>Ispra.<\/p>\n<p>Per la giornata di <strong>marted\u00ec 25 agosto<\/strong> invece il tema sar\u00e0 &#8220;<strong>Natura da toccare, natura dipinta&#8221;, <\/strong>ovvero\u00a0una serata in sella percorrendo le bellezze paesaggistiche della citt\u00e0; un sentiero,\u00a0un bosco, una radura, poi l\u2019incontro\u00a0con <strong>Pierluigi Parnisari,\u00a0il \u201cpittore del silenzio\u201d<\/strong>, che raffigura la natura senza l\u2019uomo. La partenza \u00e8 prevista per le 18 presso l\u2019<strong>International Camping Ispra.<\/strong> Al termine, sempre apericena presso il Camping.<\/p>\n<p>Entrambi gli eventi sono a pagamento ed \u00e8 necessaria la prenotazione; la pedalata si svolger\u00e0 con un minimo di 5 partecipanti. Il <strong>noleggio bici \u00e8 disponibile a 5 euro<\/strong>.<\/p>\n<p>Per informazioni e prenotazione, \u201cLa LibEreria nella Bottega del Romeo\u201d,\u00a0piazza san Martino 63,\u00a01027 Ispra (VA),\u00a0tel 0332 780285 e 3488516760, oppure visitare il sito: lalibereria@bottegadelromeo.com,\u00a0<strong><a href=\"http:\/\/www.bottegadelromeo.com\">www.bottegadelromeo.com<\/a><\/strong><\/p>\n","protected":false},"excerpt":{"rendered":"<p>La Bottega del Romeo organizza due appuntamenti imperdibili per gli amanti delle due ruote: marted\u00ec 11 agosto &#8220;Racconti dal sellino&#8221; e il 25 agosto &#8220;Natura da toccare e natura dipinta&#8221;<\/p>\n","protected":false},"author":45,"featured_media":0,"comment_status":"open","ping_status":"open","sticky":false,"template":"","format":"standard","meta":{"footnotes":""},"categories":[18,26,2],"tags":[],"acf":[],"yoast_head":"<!-- This site is optimized with the Yoast SEO plugin v20.1 - https:\/\/yoast.com\/wordpress\/plugins\/seo\/ -->\n<title>Arte e natura da gustare in bicicletta<\/title>\n<meta name=\"description\" content=\"La Bottega del Romeo organizza due appuntamenti imperdibili per gli amanti delle due ruote: marted\u00ec 11 agosto &quot;Racconti dal sellino&quot; e il 25 agosto &quot;Natura da toccare e natura dipinta&quot;\" \/>\n<meta name=\"robots\" content=\"noindex, follow, max-snippet:-1, max-image-preview:large, max-video-preview:-1\" \/>\n<meta property=\"og:locale\" content=\"it_IT\" \/>\n<meta property=\"og:type\" content=\"article\" \/>\n<meta property=\"og:title\" content=\"Arte e natura da gustare in bicicletta\" \/>\n<meta property=\"og:description\" content=\"La Bottega del Romeo organizza due appuntamenti imperdibili per gli amanti delle due ruote: marted\u00ec 11 agosto &quot;Racconti dal sellino&quot; e il 25 agosto &quot;Natura da toccare e natura dipinta&quot;\" \/>\n<meta property=\"og:url\" content=\"https:\/\/staging.varesenews.it\/2015\/08\/arte-e-natura-da-gustare-in-bicicletta\/392940\/\" \/>\n<meta property=\"og:site_name\" content=\"VareseNews\" \/>\n<meta property=\"article:publisher\" content=\"https:\/\/www.facebook.com\/varesenews\" \/>\n<meta property=\"article:author\" content=\"https:\/\/www.facebook.com\/michele.mancino.5\" \/>\n<meta property=\"article:published_time\" content=\"2015-08-11T07:43:40+00:00\" \/>\n<meta property=\"article:modified_time\" content=\"2015-08-11T08:07:06+00:00\" \/>\n<meta name=\"author\" content=\"Michele Mancino\" \/>\n<meta name=\"twitter:card\" content=\"summary_large_image\" \/>\n<meta name=\"twitter:creator\" content=\"@micmancio\" \/>\n<meta name=\"twitter:site\" content=\"@varesenews\" \/>\n<meta name=\"twitter:label1\" content=\"Scritto da\" \/>\n\t<meta name=\"twitter:data1\" content=\"Michele Mancino\" \/>\n\t<meta name=\"twitter:label2\" content=\"Tempo di lettura stimato\" \/>\n\t<meta name=\"twitter:data2\" content=\"2 minuti\" \/>\n<script type=\"application\/ld+json\" class=\"yoast-schema-graph\">{\"@context\":\"https:\/\/schema.org\",\"@graph\":[{\"@type\":\"WebPage\",\"@id\":\"https:\/\/staging.varesenews.it\/2015\/08\/arte-e-natura-da-gustare-in-bicicletta\/392940\/\",\"url\":\"https:\/\/staging.varesenews.it\/2015\/08\/arte-e-natura-da-gustare-in-bicicletta\/392940\/\",\"name\":\"Arte e natura da gustare in bicicletta\",\"isPartOf\":{\"@id\":\"https:\/\/staging.varesenews.it\/#website\"},\"datePublished\":\"2015-08-11T07:43:40+00:00\",\"dateModified\":\"2015-08-11T08:07:06+00:00\",\"author\":{\"@id\":\"https:\/\/staging.varesenews.it\/#\/schema\/person\/308b491d3cb680ead199e5ff6c6ce540\"},\"description\":\"La Bottega del Romeo organizza due appuntamenti imperdibili per gli amanti delle due ruote: marted\u00ec 11 agosto \\\"Racconti dal sellino\\\" e il 25 agosto \\\"Natura da toccare e natura dipinta\\\"\",\"breadcrumb\":{\"@id\":\"https:\/\/staging.varesenews.it\/2015\/08\/arte-e-natura-da-gustare-in-bicicletta\/392940\/#breadcrumb\"},\"inLanguage\":\"it-IT\",\"potentialAction\":[{\"@type\":\"ReadAction\",\"target\":[\"https:\/\/staging.varesenews.it\/2015\/08\/arte-e-natura-da-gustare-in-bicicletta\/392940\/\"]}]},{\"@type\":\"BreadcrumbList\",\"@id\":\"https:\/\/staging.varesenews.it\/2015\/08\/arte-e-natura-da-gustare-in-bicicletta\/392940\/#breadcrumb\",\"itemListElement\":[{\"@type\":\"ListItem\",\"position\":1,\"name\":\"Home\",\"item\":\"https:\/\/www.varesenews.it\/\"},{\"@type\":\"ListItem\",\"position\":2,\"name\":\"Arte e natura da gustare in bicicletta\"}]},{\"@type\":\"WebSite\",\"@id\":\"https:\/\/staging.varesenews.it\/#website\",\"url\":\"https:\/\/staging.varesenews.it\/\",\"name\":\"VareseNews\",\"description\":\"\",\"potentialAction\":[{\"@type\":\"SearchAction\",\"target\":{\"@type\":\"EntryPoint\",\"urlTemplate\":\"https:\/\/staging.varesenews.it\/?s={search_term_string}\"},\"query-input\":\"required name=search_term_string\"}],\"inLanguage\":\"it-IT\"},{\"@type\":\"Person\",\"@id\":\"https:\/\/staging.varesenews.it\/#\/schema\/person\/308b491d3cb680ead199e5ff6c6ce540\",\"name\":\"Michele Mancino\",\"image\":{\"@type\":\"ImageObject\",\"inLanguage\":\"it-IT\",\"@id\":\"https:\/\/staging.varesenews.it\/#\/schema\/person\/image\/\",\"url\":\"https:\/\/staging.varesenews.it\/wp-content\/uploads\/2020\/12\/michele_mancino_colori_500.jpg\",\"contentUrl\":\"https:\/\/staging.varesenews.it\/wp-content\/uploads\/2020\/12\/michele_mancino_colori_500.jpg\",\"caption\":\"Michele Mancino\"},\"description\":\"Sono a VareseNews da prima che nascesse. Ho inserito le prime notizie in una stringa di codice html, la lingua di internet. Aprivo i computer, cambiavo schede di rete e portavo i server dal provider. A met&agrave; degli anni &rsquo;90 il giornalista online doveva saper fare anche questo. Ho vissuto gli anni drammatici della bolla speculativa di Internet e quelli entusiastici della crescita, anni in cui VareseNews era un Davide in mezzo a tanti Golia. Poi sono arrivati i social, le nuove piattaforme e soprattutto gli smartphone, una postazione di lavoro racchiusa in una mano. Una nuova rivoluzione. Insomma, &egrave; stata, ed &egrave; ancora, un&rsquo;avventura entusiasmante perch&eacute; mi insegna giorno dopo giorno che il cambiamento &egrave; l&rsquo;unica certezza di questa fragile esistenza.\",\"sameAs\":[\"https:\/\/www.facebook.com\/michele.mancino.5\",\"micmancio\",\"Aggiorna le impostazioni del tuo profilo pubblicoit.linkedin.com\/pub\/michele-mancino\/28\/b71\/890\/it\",\"https:\/\/twitter.com\/micmancio\"],\"url\":\"https:\/\/staging.varesenews.it\/persona\/michele_mancino\/\"}]}<\/script>\n<!-- \/ Yoast SEO plugin. -->","yoast_head_json":{"title":"Arte e natura da gustare in bicicletta","description":"La Bottega del Romeo organizza due appuntamenti imperdibili per gli amanti delle due ruote: marted\u00ec 11 agosto \"Racconti dal sellino\" e il 25 agosto \"Natura da toccare e natura dipinta\"","robots":{"index":"noindex","follow":"follow","max-snippet":"max-snippet:-1","max-image-preview":"max-image-preview:large","max-video-preview":"max-video-preview:-1"},"og_locale":"it_IT","og_type":"article","og_title":"Arte e natura da gustare in bicicletta","og_description":"La Bottega del Romeo organizza due appuntamenti imperdibili per gli amanti delle due ruote: marted\u00ec 11 agosto \"Racconti dal sellino\" e il 25 agosto \"Natura da toccare e natura dipinta\"","og_url":"https:\/\/staging.varesenews.it\/2015\/08\/arte-e-natura-da-gustare-in-bicicletta\/392940\/","og_site_name":"VareseNews","article_publisher":"https:\/\/www.facebook.com\/varesenews","article_author":"https:\/\/www.facebook.com\/michele.mancino.5","article_published_time":"2015-08-11T07:43:40+00:00","article_modified_time":"2015-08-11T08:07:06+00:00","author":"Michele Mancino","twitter_card":"summary_large_image","twitter_creator":"@micmancio","twitter_site":"@varesenews","twitter_misc":{"Scritto da":"Michele Mancino","Tempo di lettura stimato":"2 minuti"},"schema":{"@context":"https:\/\/schema.org","@graph":[{"@type":"WebPage","@id":"https:\/\/staging.varesenews.it\/2015\/08\/arte-e-natura-da-gustare-in-bicicletta\/392940\/","url":"https:\/\/staging.varesenews.it\/2015\/08\/arte-e-natura-da-gustare-in-bicicletta\/392940\/","name":"Arte e natura da gustare in bicicletta","isPartOf":{"@id":"https:\/\/staging.varesenews.it\/#website"},"datePublished":"2015-08-11T07:43:40+00:00","dateModified":"2015-08-11T08:07:06+00:00","author":{"@id":"https:\/\/staging.varesenews.it\/#\/schema\/person\/308b491d3cb680ead199e5ff6c6ce540"},"description":"La Bottega del Romeo organizza due appuntamenti imperdibili per gli amanti delle due ruote: marted\u00ec 11 agosto \"Racconti dal sellino\" e il 25 agosto \"Natura da toccare e natura dipinta\"","breadcrumb":{"@id":"https:\/\/staging.varesenews.it\/2015\/08\/arte-e-natura-da-gustare-in-bicicletta\/392940\/#breadcrumb"},"inLanguage":"it-IT","potentialAction":[{"@type":"ReadAction","target":["https:\/\/staging.varesenews.it\/2015\/08\/arte-e-natura-da-gustare-in-bicicletta\/392940\/"]}]},{"@type":"BreadcrumbList","@id":"https:\/\/staging.varesenews.it\/2015\/08\/arte-e-natura-da-gustare-in-bicicletta\/392940\/#breadcrumb","itemListElement":[{"@type":"ListItem","position":1,"name":"Home","item":"https:\/\/www.varesenews.it\/"},{"@type":"ListItem","position":2,"name":"Arte e natura da gustare in bicicletta"}]},{"@type":"WebSite","@id":"https:\/\/staging.varesenews.it\/#website","url":"https:\/\/staging.varesenews.it\/","name":"VareseNews","description":"","potentialAction":[{"@type":"SearchAction","target":{"@type":"EntryPoint","urlTemplate":"https:\/\/staging.varesenews.it\/?s={search_term_string}"},"query-input":"required name=search_term_string"}],"inLanguage":"it-IT"},{"@type":"Person","@id":"https:\/\/staging.varesenews.it\/#\/schema\/person\/308b491d3cb680ead199e5ff6c6ce540","name":"Michele Mancino","image":{"@type":"ImageObject","inLanguage":"it-IT","@id":"https:\/\/staging.varesenews.it\/#\/schema\/person\/image\/","url":"https:\/\/staging.varesenews.it\/wp-content\/uploads\/2020\/12\/michele_mancino_colori_500.jpg","contentUrl":"https:\/\/staging.varesenews.it\/wp-content\/uploads\/2020\/12\/michele_mancino_colori_500.jpg","caption":"Michele Mancino"},"description":"Sono a VareseNews da prima che nascesse. Ho inserito le prime notizie in una stringa di codice html, la lingua di internet. Aprivo i computer, cambiavo schede di rete e portavo i server dal provider. A met&agrave; degli anni &rsquo;90 il giornalista online doveva saper fare anche questo. Ho vissuto gli anni drammatici della bolla speculativa di Internet e quelli entusiastici della crescita, anni in cui VareseNews era un Davide in mezzo a tanti Golia. Poi sono arrivati i social, le nuove piattaforme e soprattutto gli smartphone, una postazione di lavoro racchiusa in una mano. Una nuova rivoluzione. Insomma, &egrave; stata, ed &egrave; ancora, un&rsquo;avventura entusiasmante perch&eacute; mi insegna giorno dopo giorno che il cambiamento &egrave; l&rsquo;unica certezza di questa fragile esistenza.","sameAs":["https:\/\/www.facebook.com\/michele.mancino.5","micmancio","Aggiorna le impostazioni del tuo profilo pubblicoit.linkedin.com\/pub\/michele-mancino\/28\/b71\/890\/it","https:\/\/twitter.com\/micmancio"],"url":"https:\/\/staging.varesenews.it\/persona\/michele_mancino\/"}]}},"post_meta":{"_edit_lock":"1439280533:45","_edit_last":"45","ratings_users":"0","ratings_score":"0","ratings_average":"0","_category_permalink":"","wdfb_og_title":"","wdfb_og_type":"","wdfb_og_description":"","wdfb_og_images":"a:1:{i:0;s:0:\"\";}","wdfb_og_custom_name":"a:1:{i:0;s:0:\"\";}","wdfb_og_custom_value":"a:1:{i:0;s:0:\"\";}","firma_come_redazione":"1","argomento":"Ispra","_yoast_wpseo_focuskw":"biciletta","_jd_twitter":"","_jd_tweet_this":"yes","_wpt_short_url":"http:\/\/www.varesenews.it\/2015\/08\/arte-e-natura-da-gustare-in-bicicletta\/392940\/","_wp_jd_target":"http:\/\/www.varesenews.it\/2015\/08\/arte-e-natura-da-gustare-in-bicicletta\/392940\/","_jd_wp_twitter":"a:1:{i:0;s:119:\"Arte e natura da gustare in bicicletta http:\/\/www.varesenews.it\/2015\/08\/arte-e-natura-da-gustare-in-bicicletta\/392940\/ \";}","_wpt_status_message":"Tweet inviato con successo.","_yoast_wpseo_linkdex":"65","foto":"474460"},"photos":[{"original":"https:\/\/staging.varesenews.it\/photogallery_new\/images\/2015\/08\/ispra-474460.jpg","full":"https:\/\/staging.varesenews.it\/photogallery_new\/images\/2015\/08\/ispra-474460.1024x768.jpg","large":"https:\/\/staging.varesenews.it\/photogallery_new\/images\/2015\/08\/ispra-474460.610x431.jpg"}],"_links":{"self":[{"href":"https:\/\/staging.varesenews.it\/swgapi\/v1\/wp\/v2\/posts\/392940"}],"collection":[{"href":"https:\/\/staging.varesenews.it\/swgapi\/v1\/wp\/v2\/posts"}],"about":[{"href":"https:\/\/staging.varesenews.it\/swgapi\/v1\/wp\/v2\/types\/post"}],"author":[{"embeddable":true,"href":"https:\/\/staging.varesenews.it\/swgapi\/v1\/wp\/v2\/users\/45"}],"replies":[{"embeddable":true,"href":"https:\/\/staging.varesenews.it\/swgapi\/v1\/wp\/v2\/comments?post=392940"}],"version-history":[{"count":0,"href":"https:\/\/staging.varesenews.it\/swgapi\/v1\/wp\/v2\/posts\/392940\/revisions"}],"wp:attachment":[{"href":"https:\/\/staging.varesenews.it\/swgapi\/v1\/wp\/v2\/media?parent=392940"}],"wp:term":[{"taxonomy":"category","embeddable":true,"href":"https:\/\/staging.varesenews.it\/swgapi\/v1\/wp\/v2\/categories?post=392940"},{"taxonomy":"post_tag","embeddable":true,"href":"https:\/\/staging.varesenews.it\/swgapi\/v1\/wp\/v2\/tags?post=392940"}],"curies":[{"name":"wp","href":"https:\/\/api.w.org\/{rel}","templated":true}]}}