{"id":393518,"date":"2015-08-14T15:31:27","date_gmt":"2015-08-14T13:31:27","guid":{"rendered":"http:\/\/www.varesenews.it\/?p=393518"},"modified":"2015-08-14T15:31:27","modified_gmt":"2015-08-14T13:31:27","slug":"where-are-u-piace-lapp-delle-emergenze","status":"publish","type":"post","link":"https:\/\/staging.varesenews.it\/2015\/08\/where-are-u-piace-lapp-delle-emergenze\/393518\/","title":{"rendered":"&#8220;Where are u&#8221; piace l&#8217;app delle emergenze"},"content":{"rendered":"<p class=\"p1\"><span class=\"s1\"><strong>Una \u201cApp\u201d che ti salva la vita<\/strong>. \u00c8 piaciuta ai lombardi, l\u2019applicazione realizzata dall\u2019<strong>Areu, l\u2019Agenzia regionale dell\u2019emergenza urgenza<\/strong>, che permette l\u2019immediato collegamento con il <strong>Numero unico di intervento 112.<\/strong><\/span><\/p>\n<p class=\"p1\"><span class=\"s1\">Soddisfatto l\u2019assessore regionale <strong>Mario Mantovani:<\/strong> \u00abA oggi,<strong> 83.629 persone hanno scaricato sul loro smartphone<\/strong> l&#8217;applicazione di Areu &#8216;<strong>Where Are U<\/strong>&#8216; e quasi 800 utenti hanno chiamato i soccorsi tramite l&#8217;app. Si tratta di numeri significativi e in costante crescita, che testimoniano\u00a0<\/span>l&#8217;importanza di questo nuovo strumento, che pu\u00f2 garantire pi\u00f9 rapidit\u00e0\u00a0 d&#8217;intervento nelle situazioni di particolare criticit\u00e0\u00bb.<\/p>\n<p class=\"p1\"><span class=\"s1\">L&#8217;app di Areu, collegata alle Centrali del Numero unico dell&#8217;Emergenza 112 della Lombardia,<span class=\"Apple-converted-space\">\u00a0 <\/span>consente infatti di effettuare<strong> una chiamata di emergenza al servizio 112, attraverso il proprio smartphone,<\/strong> con il contestuale invio della <strong>posizione esatta del chiamante rilevata tramite il sistema satellitare Gps,<\/strong> permettendo cos\u00ec la localizzazione istantanea. <\/span><\/p>\n<p class=\"p1\"><span class=\"s1\">Negli scorsi mesi, inoltre, \u00e8 stato aggiunto <strong>un ulteriore servizio<\/strong>. Tramite l&#8217;app si pu\u00f2 infatti<span class=\"Apple-converted-space\">\u00a0 <\/span>selezionare una <strong>richiesta di intervento da parte di un cittadino che si trova in una situazione di emergenza, ma che non pu\u00f2 parlare<\/strong>. L&#8217;operatore che la riceve sa che si tratta di un particolare tipo di richiesta d&#8217;aiuto, e la inoltra immediatamente a Carabinieri, Polizia di Stato, Vigili del Fuoco o Soccorso sanitario, senza richiamare n\u00e9 insistere con le domande: \u00ab \u00c8 una funzionalit\u00e0<span class=\"Apple-converted-space\">\u00a0 <\/span>&#8211; ha sottolineato Mantovani -, che pu\u00f2 risultare fondamentale per i casi<span class=\"Apple-converted-space\">\u00a0 <\/span>di violenza su soggetti fragili, primi tra tutti donne e bambini. Vogliamo cos\u00ec raccogliere una nuova sfida, quella di sostenere con ancor pi\u00f9 forza le esigenze dei cittadini,\u00a0<\/span>soprattutto dei pi\u00f9 indifesi e soli, ridando loro voce e speranza\u00bb.<\/p>\n","protected":false},"excerpt":{"rendered":"<p>Sono oltre 80.000 i lombardi che hanno scaricato sul proprio smartphone l&#8217;applicazione del servizio di emergenza 112.  In funzione anche la &#8220;chiamata in modalit\u00e0 silenziosa&#8221;<\/p>\n","protected":false},"author":33,"featured_media":0,"comment_status":"open","ping_status":"open","sticky":false,"template":"","format":"standard","meta":{"footnotes":""},"categories":[7,24],"tags":[3089,15646,532],"acf":[],"yoast_head":"<!-- This site is optimized with the Yoast SEO plugin v20.1 - https:\/\/yoast.com\/wordpress\/plugins\/seo\/ -->\n<title>&quot;Where are u&quot; piace l&#039;app delle emergenze<\/title>\n<meta name=\"description\" content=\"Sono oltre 80.000 i lombardi che hanno caricato l&#039;applicazione &quot;where are u&quot; per le emergenze. Il sistema permette di contattare direttamente il 112\" \/>\n<meta name=\"robots\" content=\"noindex, follow, max-snippet:-1, max-image-preview:large, max-video-preview:-1\" \/>\n<meta property=\"og:locale\" content=\"it_IT\" \/>\n<meta property=\"og:type\" content=\"article\" \/>\n<meta property=\"og:title\" content=\"&quot;Where are u&quot; piace l&#039;app delle emergenze\" \/>\n<meta property=\"og:description\" content=\"Sono oltre 80.000 i lombardi che hanno caricato l&#039;applicazione &quot;where are u&quot; per le emergenze. Il sistema permette di contattare direttamente il 112\" \/>\n<meta property=\"og:url\" content=\"https:\/\/staging.varesenews.it\/2015\/08\/where-are-u-piace-lapp-delle-emergenze\/393518\/\" \/>\n<meta property=\"og:site_name\" content=\"VareseNews\" \/>\n<meta property=\"article:publisher\" content=\"https:\/\/www.facebook.com\/varesenews\" \/>\n<meta property=\"article:author\" content=\"alessandra.toni7\" \/>\n<meta property=\"article:published_time\" content=\"2015-08-14T13:31:27+00:00\" \/>\n<meta name=\"author\" content=\"Alessandra Toni\" \/>\n<meta name=\"twitter:card\" content=\"summary_large_image\" \/>\n<meta name=\"twitter:creator\" content=\"@alessandra_toni\" \/>\n<meta name=\"twitter:site\" content=\"@varesenews\" \/>\n<meta name=\"twitter:label1\" content=\"Scritto da\" \/>\n\t<meta name=\"twitter:data1\" content=\"Alessandra Toni\" \/>\n\t<meta name=\"twitter:label2\" content=\"Tempo di lettura stimato\" \/>\n\t<meta name=\"twitter:data2\" content=\"1 minuto\" \/>\n<script type=\"application\/ld+json\" class=\"yoast-schema-graph\">{\"@context\":\"https:\/\/schema.org\",\"@graph\":[{\"@type\":\"WebPage\",\"@id\":\"https:\/\/staging.varesenews.it\/2015\/08\/where-are-u-piace-lapp-delle-emergenze\/393518\/\",\"url\":\"https:\/\/staging.varesenews.it\/2015\/08\/where-are-u-piace-lapp-delle-emergenze\/393518\/\",\"name\":\"\\\"Where are u\\\" piace l'app delle emergenze\",\"isPartOf\":{\"@id\":\"https:\/\/staging.varesenews.it\/#website\"},\"datePublished\":\"2015-08-14T13:31:27+00:00\",\"dateModified\":\"2015-08-14T13:31:27+00:00\",\"author\":{\"@id\":\"https:\/\/staging.varesenews.it\/#\/schema\/person\/2643ce123d4a3c9511e015dc548779b8\"},\"description\":\"Sono oltre 80.000 i lombardi che hanno caricato l'applicazione \\\"where are u\\\" per le emergenze. Il sistema permette di contattare direttamente il 112\",\"breadcrumb\":{\"@id\":\"https:\/\/staging.varesenews.it\/2015\/08\/where-are-u-piace-lapp-delle-emergenze\/393518\/#breadcrumb\"},\"inLanguage\":\"it-IT\",\"potentialAction\":[{\"@type\":\"ReadAction\",\"target\":[\"https:\/\/staging.varesenews.it\/2015\/08\/where-are-u-piace-lapp-delle-emergenze\/393518\/\"]}]},{\"@type\":\"BreadcrumbList\",\"@id\":\"https:\/\/staging.varesenews.it\/2015\/08\/where-are-u-piace-lapp-delle-emergenze\/393518\/#breadcrumb\",\"itemListElement\":[{\"@type\":\"ListItem\",\"position\":1,\"name\":\"Home\",\"item\":\"https:\/\/www.varesenews.it\/\"},{\"@type\":\"ListItem\",\"position\":2,\"name\":\"&#8220;Where are u&#8221; piace l&#8217;app delle emergenze\"}]},{\"@type\":\"WebSite\",\"@id\":\"https:\/\/staging.varesenews.it\/#website\",\"url\":\"https:\/\/staging.varesenews.it\/\",\"name\":\"VareseNews\",\"description\":\"\",\"potentialAction\":[{\"@type\":\"SearchAction\",\"target\":{\"@type\":\"EntryPoint\",\"urlTemplate\":\"https:\/\/staging.varesenews.it\/?s={search_term_string}\"},\"query-input\":\"required name=search_term_string\"}],\"inLanguage\":\"it-IT\"},{\"@type\":\"Person\",\"@id\":\"https:\/\/staging.varesenews.it\/#\/schema\/person\/2643ce123d4a3c9511e015dc548779b8\",\"name\":\"Alessandra Toni\",\"image\":{\"@type\":\"ImageObject\",\"inLanguage\":\"it-IT\",\"@id\":\"https:\/\/staging.varesenews.it\/#\/schema\/person\/image\/\",\"url\":\"https:\/\/staging.varesenews.it\/wp-content\/uploads\/2020\/12\/alessandra_toni_colori_500.jpg\",\"contentUrl\":\"https:\/\/staging.varesenews.it\/wp-content\/uploads\/2020\/12\/alessandra_toni_colori_500.jpg\",\"caption\":\"Alessandra Toni\"},\"description\":\"Sono entrata nella redazione di VareseNews nel lontano anno 2000. Ero reduce da una bellissima esperienza nella redazione giornalistica della TV Nuova Antennatre, sotto la direzione dell'indimenticabile direttore Adolfo Caldarini. Sono arrivata quando era ancora una piccola realt\u00e0 editoriale e insieme abbiamo fatto un lungo ed entusiasmante lavoro. Mi occupo prevalentemente di scuola e di sanit\u00e0, settori impegnativi di grande valore sociale.\u00a0\",\"sameAs\":[\"alessandra.toni7\",\"alessandra.toni\",\"https:\/\/twitter.com\/alessandra_toni\"],\"url\":\"https:\/\/staging.varesenews.it\/persona\/alessandra_toni1\/\"}]}<\/script>\n<!-- \/ Yoast SEO plugin. -->","yoast_head_json":{"title":"\"Where are u\" piace l'app delle emergenze","description":"Sono oltre 80.000 i lombardi che hanno caricato l'applicazione \"where are u\" per le emergenze. Il sistema permette di contattare direttamente il 112","robots":{"index":"noindex","follow":"follow","max-snippet":"max-snippet:-1","max-image-preview":"max-image-preview:large","max-video-preview":"max-video-preview:-1"},"og_locale":"it_IT","og_type":"article","og_title":"\"Where are u\" piace l'app delle emergenze","og_description":"Sono oltre 80.000 i lombardi che hanno caricato l'applicazione \"where are u\" per le emergenze. Il sistema permette di contattare direttamente il 112","og_url":"https:\/\/staging.varesenews.it\/2015\/08\/where-are-u-piace-lapp-delle-emergenze\/393518\/","og_site_name":"VareseNews","article_publisher":"https:\/\/www.facebook.com\/varesenews","article_author":"alessandra.toni7","article_published_time":"2015-08-14T13:31:27+00:00","author":"Alessandra Toni","twitter_card":"summary_large_image","twitter_creator":"@alessandra_toni","twitter_site":"@varesenews","twitter_misc":{"Scritto da":"Alessandra Toni","Tempo di lettura stimato":"1 minuto"},"schema":{"@context":"https:\/\/schema.org","@graph":[{"@type":"WebPage","@id":"https:\/\/staging.varesenews.it\/2015\/08\/where-are-u-piace-lapp-delle-emergenze\/393518\/","url":"https:\/\/staging.varesenews.it\/2015\/08\/where-are-u-piace-lapp-delle-emergenze\/393518\/","name":"\"Where are u\" piace l'app delle emergenze","isPartOf":{"@id":"https:\/\/staging.varesenews.it\/#website"},"datePublished":"2015-08-14T13:31:27+00:00","dateModified":"2015-08-14T13:31:27+00:00","author":{"@id":"https:\/\/staging.varesenews.it\/#\/schema\/person\/2643ce123d4a3c9511e015dc548779b8"},"description":"Sono oltre 80.000 i lombardi che hanno caricato l'applicazione \"where are u\" per le emergenze. Il sistema permette di contattare direttamente il 112","breadcrumb":{"@id":"https:\/\/staging.varesenews.it\/2015\/08\/where-are-u-piace-lapp-delle-emergenze\/393518\/#breadcrumb"},"inLanguage":"it-IT","potentialAction":[{"@type":"ReadAction","target":["https:\/\/staging.varesenews.it\/2015\/08\/where-are-u-piace-lapp-delle-emergenze\/393518\/"]}]},{"@type":"BreadcrumbList","@id":"https:\/\/staging.varesenews.it\/2015\/08\/where-are-u-piace-lapp-delle-emergenze\/393518\/#breadcrumb","itemListElement":[{"@type":"ListItem","position":1,"name":"Home","item":"https:\/\/www.varesenews.it\/"},{"@type":"ListItem","position":2,"name":"&#8220;Where are u&#8221; piace l&#8217;app delle emergenze"}]},{"@type":"WebSite","@id":"https:\/\/staging.varesenews.it\/#website","url":"https:\/\/staging.varesenews.it\/","name":"VareseNews","description":"","potentialAction":[{"@type":"SearchAction","target":{"@type":"EntryPoint","urlTemplate":"https:\/\/staging.varesenews.it\/?s={search_term_string}"},"query-input":"required name=search_term_string"}],"inLanguage":"it-IT"},{"@type":"Person","@id":"https:\/\/staging.varesenews.it\/#\/schema\/person\/2643ce123d4a3c9511e015dc548779b8","name":"Alessandra Toni","image":{"@type":"ImageObject","inLanguage":"it-IT","@id":"https:\/\/staging.varesenews.it\/#\/schema\/person\/image\/","url":"https:\/\/staging.varesenews.it\/wp-content\/uploads\/2020\/12\/alessandra_toni_colori_500.jpg","contentUrl":"https:\/\/staging.varesenews.it\/wp-content\/uploads\/2020\/12\/alessandra_toni_colori_500.jpg","caption":"Alessandra Toni"},"description":"Sono entrata nella redazione di VareseNews nel lontano anno 2000. Ero reduce da una bellissima esperienza nella redazione giornalistica della TV Nuova Antennatre, sotto la direzione dell'indimenticabile direttore Adolfo Caldarini. Sono arrivata quando era ancora una piccola realt\u00e0 editoriale e insieme abbiamo fatto un lungo ed entusiasmante lavoro. Mi occupo prevalentemente di scuola e di sanit\u00e0, settori impegnativi di grande valore sociale.\u00a0","sameAs":["alessandra.toni7","alessandra.toni","https:\/\/twitter.com\/alessandra_toni"],"url":"https:\/\/staging.varesenews.it\/persona\/alessandra_toni1\/"}]}},"post_meta":{"_edit_lock":"1439559176:33","_edit_last":"33","_category_permalink":"24","wdfb_og_title":"","wdfb_og_type":"","wdfb_og_description":"","wdfb_og_images":"a:1:{i:0;s:0:\"\";}","wdfb_og_custom_name":"a:1:{i:0;s:0:\"\";}","wdfb_og_custom_value":"a:1:{i:0;s:0:\"\";}","foto":"435696","firma_come_redazione":"1","argomento":"Milano","_yoast_wpseo_focuskw":"emergenze","_yoast_wpseo_metadesc":"Sono oltre 80.000 i lombardi che hanno caricato l'applicazione \"where are u\" per le emergenze. Il sistema permette di contattare direttamente il 112","_jd_twitter":"","_jd_tweet_this":"yes","ratings_users":"0","ratings_score":"0","ratings_average":"0","_wpt_short_url":"http:\/\/www.varesenews.it\/2015\/08\/where-are-u-piace-lapp-delle-emergenze\/393518\/","_wp_jd_target":"http:\/\/www.varesenews.it\/2015\/08\/where-are-u-piace-lapp-delle-emergenze\/393518\/","_jd_wp_twitter":"a:1:{i:0;s:134:\"\"Where are u\" piace l'app delle emergenze http:\/\/www.varesenews.it\/2015\/08\/where-are-u-piace-lapp-delle-emergenze\/393518\/ #112 #112nue\";}","_wpt_status_message":"Tweet inviato con successo.","_yoast_wpseo_linkdex":"75"},"photos":[{"original":"https:\/\/staging.varesenews.it\/photogallery_new\/images\/2015\/02\/112-nue-centrale-operativa-varese-435696.jpg","full":"https:\/\/staging.varesenews.it\/photogallery_new\/images\/2015\/02\/112-nue-centrale-operativa-varese-435696.1024x768.jpg","large":"https:\/\/staging.varesenews.it\/photogallery_new\/images\/2015\/02\/112-nue-centrale-operativa-varese-435696.610x431.jpg"}],"_links":{"self":[{"href":"https:\/\/staging.varesenews.it\/swgapi\/v1\/wp\/v2\/posts\/393518"}],"collection":[{"href":"https:\/\/staging.varesenews.it\/swgapi\/v1\/wp\/v2\/posts"}],"about":[{"href":"https:\/\/staging.varesenews.it\/swgapi\/v1\/wp\/v2\/types\/post"}],"author":[{"embeddable":true,"href":"https:\/\/staging.varesenews.it\/swgapi\/v1\/wp\/v2\/users\/33"}],"replies":[{"embeddable":true,"href":"https:\/\/staging.varesenews.it\/swgapi\/v1\/wp\/v2\/comments?post=393518"}],"version-history":[{"count":0,"href":"https:\/\/staging.varesenews.it\/swgapi\/v1\/wp\/v2\/posts\/393518\/revisions"}],"wp:attachment":[{"href":"https:\/\/staging.varesenews.it\/swgapi\/v1\/wp\/v2\/media?parent=393518"}],"wp:term":[{"taxonomy":"category","embeddable":true,"href":"https:\/\/staging.varesenews.it\/swgapi\/v1\/wp\/v2\/categories?post=393518"},{"taxonomy":"post_tag","embeddable":true,"href":"https:\/\/staging.varesenews.it\/swgapi\/v1\/wp\/v2\/tags?post=393518"}],"curies":[{"name":"wp","href":"https:\/\/api.w.org\/{rel}","templated":true}]}}