{"id":394577,"date":"2015-08-21T16:00:49","date_gmt":"2015-08-21T14:00:49","guid":{"rendered":"http:\/\/www.varesenews.it\/?p=394577"},"modified":"2015-08-21T16:29:35","modified_gmt":"2015-08-21T14:29:35","slug":"questa-societa-potra-contare-sullo-spessore-umano-dei-giovani","status":"publish","type":"post","link":"https:\/\/staging.varesenews.it\/2015\/08\/questa-societa-potra-contare-sullo-spessore-umano-dei-giovani\/394577\/","title":{"rendered":"Questa societ\u00e0 potr\u00e0 contare sullo spessore umano dei giovani?"},"content":{"rendered":"<p>Giovanissimi che muoiono\u00a0 per il mito della trasgressione, la droga, ragazzini\u00a0 in coma etilico, ragazze appena sbocciate alla vita vittime della violenza maschile e a volte assassinate. Da tempo questa \u00e8 cronaca quotidiana. Ogni generazione che si affaccia alla ribalta interpreta a suo modo tutto quanto le permette la loro societ\u00e0.<\/p>\n<p><strong>L\u2019attuale persistente crisi della giovent\u00f9 \u00e8 eredit\u00e0 sociale di un disastro educativo maturato nell\u2019ambito della scuola, della\u00a0 famiglia e della cultura in generale<\/strong>. Le fragilit\u00e0, gli errori, le derive contribuiscono anche alle difficolt\u00e0 degli sbocchi occupazionali che sono strumento di elevazione sociale, di vera <strong>libert\u00e0<\/strong>.<\/p>\n<p>Ero ragazzo quando stava andando a picco, in un oceano di sangue, dolore e morte, il mito del\u00a0 libro e moschetto fascista perfetto. \u00c8\u00a0passato tanto tempo, ho avuto modo di seguire l\u2019avvicendarsi di parecchie generazioni e penso che i sacrifici materiali &#8211; il benessere allora fu di pochi &#8211; dei\u00a0 ragazzi del <strong>Dopoguerra<\/strong> furono almeno accompagnati e sostenuti da speranze e serenit\u00e0 oggi inimmaginabili.<\/p>\n<p>La storia delle epoche successive dice che quando arriv\u00f2 il boom economico ci furono i primi accenni di un disorientamento collettivo destinato a nuocere proprio alle generazioni giovani. Accadde infatti che nella legittima e doverosa corsa al progresso la societ\u00e0 italiana si sarebbe contrapposta, divisa, frantumata con il risultato di non offrire pi\u00f9 sicurezze\u00a0 e riferimenti .Una penosa prova di immaturit\u00e0\u00a0 collettiva che non si \u00e8 arrestata davanti al declino del Paese, alle crisi internazionali, ai terremoti economici.<\/p>\n<p>Se oggi si \u00a0 va ancora incontro ad altri tempi difficili lo si deve a<strong> nullit\u00e0 politiche<\/strong>, a deresponsabilizzazioni, egoismi e presunzioni che hanno provocato un deserto di iniziative, di comportamenti e anche di leggi.<\/p>\n<p>Non si \u00e8 infatti in grado di richiamare e offrire sempre i veri valori della democrazia e di garantire solidit\u00e0 a quelle istituzioni, famiglia compresa, che di norma accompagnano e rendono sicuri gli anni\u00a0 giovani di un cittadino. Tutto questo \u00e8 parte per\u00f2 di un male antico dell\u2019Italia: divisioni, contrasti, lotte\u00a0 e ingiustizie sono secolari e sono espressioni comuni a pi\u00f9 realt\u00e0 diverse, a pi\u00f9 popoli.<\/p>\n<p>Siamo ancora alla ricerca di una vera <strong>unit\u00e0 nazionale<\/strong>, ai giovani ancora non diamo la possibilit\u00e0 di avvicinare questo traguardo. Essi oggi non cedono tutti alle distruttive tentazioni di una libert\u00e0 sfrenata, moltissimi anzi si impegnano e vogliono per se stessi e per il Paese un domani di certezze, resta il fatto che non sono pochi coloro che hanno fatto un\u2019altra scelta che, da Nord a Sud, sono\u00a0 uniti da un destino triste, pericoloso, nemico della salute e della vita. Oltre alla doverosa attenzione per ogni singolo si impone anche la necessit\u00e0 di chiedersi quale sar\u00e0 lo\u00a0spessore umano di questi ragazzi quando la societ\u00e0, in termini di lavoro e famiglia, chieder\u00e0 loro un contributo.<\/p>\n","protected":false},"excerpt":{"rendered":"<p>La riflessione di Pier Fausto Vedani: \u00abL\u2019attuale crisi della giovent\u00f9 \u00e8 eredit\u00e0 sociale di un disastro educativo maturato nell\u2019ambito della scuola, della famiglia e della cultura in generale\u00bb<\/p>\n","protected":false},"author":45,"featured_media":0,"comment_status":"open","ping_status":"open","sticky":false,"template":"","format":"standard","meta":{"footnotes":""},"categories":[58,2],"tags":[430],"acf":[],"yoast_head":"<!-- This site is optimized with the Yoast SEO plugin v20.1 - https:\/\/yoast.com\/wordpress\/plugins\/seo\/ -->\n<title>Questa societ\u00e0 potr\u00e0 contare sullo spessore umano dei giovani?<\/title>\n<meta name=\"description\" content=\"La riflessione di Pier fausto Vedani: \u00abL\u2019attuale crisi della giovent\u00f9 \u00e8 eredit\u00e0 sociale di un disastro educativo maturato nell\u2019ambito della scuola, della famiglia e della cultura in generale\u00bb\" \/>\n<meta name=\"robots\" content=\"noindex, follow, max-snippet:-1, max-image-preview:large, max-video-preview:-1\" \/>\n<meta property=\"og:locale\" content=\"it_IT\" \/>\n<meta property=\"og:type\" content=\"article\" \/>\n<meta property=\"og:title\" content=\"Questa societ\u00e0 potr\u00e0 contare sullo spessore umano dei giovani?\" \/>\n<meta property=\"og:description\" content=\"La riflessione di Pier fausto Vedani: \u00abL\u2019attuale crisi della giovent\u00f9 \u00e8 eredit\u00e0 sociale di un disastro educativo maturato nell\u2019ambito della scuola, della famiglia e della cultura in generale\u00bb\" \/>\n<meta property=\"og:url\" content=\"https:\/\/staging.varesenews.it\/2015\/08\/questa-societa-potra-contare-sullo-spessore-umano-dei-giovani\/394577\/\" \/>\n<meta property=\"og:site_name\" content=\"VareseNews\" \/>\n<meta property=\"article:publisher\" content=\"https:\/\/www.facebook.com\/varesenews\" \/>\n<meta property=\"article:author\" content=\"https:\/\/www.facebook.com\/michele.mancino.5\" \/>\n<meta property=\"article:published_time\" content=\"2015-08-21T14:00:49+00:00\" \/>\n<meta property=\"article:modified_time\" content=\"2015-08-21T14:29:35+00:00\" \/>\n<meta name=\"author\" content=\"Michele Mancino\" \/>\n<meta name=\"twitter:card\" content=\"summary_large_image\" \/>\n<meta name=\"twitter:creator\" content=\"@micmancio\" \/>\n<meta name=\"twitter:site\" content=\"@varesenews\" \/>\n<meta name=\"twitter:label1\" content=\"Scritto da\" \/>\n\t<meta name=\"twitter:data1\" content=\"Michele Mancino\" \/>\n\t<meta name=\"twitter:label2\" content=\"Tempo di lettura stimato\" \/>\n\t<meta name=\"twitter:data2\" content=\"2 minuti\" \/>\n<script type=\"application\/ld+json\" class=\"yoast-schema-graph\">{\"@context\":\"https:\/\/schema.org\",\"@graph\":[{\"@type\":\"WebPage\",\"@id\":\"https:\/\/staging.varesenews.it\/2015\/08\/questa-societa-potra-contare-sullo-spessore-umano-dei-giovani\/394577\/\",\"url\":\"https:\/\/staging.varesenews.it\/2015\/08\/questa-societa-potra-contare-sullo-spessore-umano-dei-giovani\/394577\/\",\"name\":\"Questa societ\u00e0 potr\u00e0 contare sullo spessore umano dei giovani?\",\"isPartOf\":{\"@id\":\"https:\/\/staging.varesenews.it\/#website\"},\"datePublished\":\"2015-08-21T14:00:49+00:00\",\"dateModified\":\"2015-08-21T14:29:35+00:00\",\"author\":{\"@id\":\"https:\/\/staging.varesenews.it\/#\/schema\/person\/308b491d3cb680ead199e5ff6c6ce540\"},\"description\":\"La riflessione di Pier fausto Vedani: \u00abL\u2019attuale crisi della giovent\u00f9 \u00e8 eredit\u00e0 sociale di un disastro educativo maturato nell\u2019ambito della scuola, della famiglia e della cultura in generale\u00bb\",\"breadcrumb\":{\"@id\":\"https:\/\/staging.varesenews.it\/2015\/08\/questa-societa-potra-contare-sullo-spessore-umano-dei-giovani\/394577\/#breadcrumb\"},\"inLanguage\":\"it-IT\",\"potentialAction\":[{\"@type\":\"ReadAction\",\"target\":[\"https:\/\/staging.varesenews.it\/2015\/08\/questa-societa-potra-contare-sullo-spessore-umano-dei-giovani\/394577\/\"]}]},{\"@type\":\"BreadcrumbList\",\"@id\":\"https:\/\/staging.varesenews.it\/2015\/08\/questa-societa-potra-contare-sullo-spessore-umano-dei-giovani\/394577\/#breadcrumb\",\"itemListElement\":[{\"@type\":\"ListItem\",\"position\":1,\"name\":\"Home\",\"item\":\"https:\/\/www.varesenews.it\/\"},{\"@type\":\"ListItem\",\"position\":2,\"name\":\"Questa societ\u00e0 potr\u00e0 contare sullo spessore umano dei giovani?\"}]},{\"@type\":\"WebSite\",\"@id\":\"https:\/\/staging.varesenews.it\/#website\",\"url\":\"https:\/\/staging.varesenews.it\/\",\"name\":\"VareseNews\",\"description\":\"\",\"potentialAction\":[{\"@type\":\"SearchAction\",\"target\":{\"@type\":\"EntryPoint\",\"urlTemplate\":\"https:\/\/staging.varesenews.it\/?s={search_term_string}\"},\"query-input\":\"required name=search_term_string\"}],\"inLanguage\":\"it-IT\"},{\"@type\":\"Person\",\"@id\":\"https:\/\/staging.varesenews.it\/#\/schema\/person\/308b491d3cb680ead199e5ff6c6ce540\",\"name\":\"Michele Mancino\",\"image\":{\"@type\":\"ImageObject\",\"inLanguage\":\"it-IT\",\"@id\":\"https:\/\/staging.varesenews.it\/#\/schema\/person\/image\/\",\"url\":\"https:\/\/staging.varesenews.it\/wp-content\/uploads\/2020\/12\/michele_mancino_colori_500.jpg\",\"contentUrl\":\"https:\/\/staging.varesenews.it\/wp-content\/uploads\/2020\/12\/michele_mancino_colori_500.jpg\",\"caption\":\"Michele Mancino\"},\"description\":\"Sono a VareseNews da prima che nascesse. Ho inserito le prime notizie in una stringa di codice html, la lingua di internet. Aprivo i computer, cambiavo schede di rete e portavo i server dal provider. A met&agrave; degli anni &rsquo;90 il giornalista online doveva saper fare anche questo. Ho vissuto gli anni drammatici della bolla speculativa di Internet e quelli entusiastici della crescita, anni in cui VareseNews era un Davide in mezzo a tanti Golia. Poi sono arrivati i social, le nuove piattaforme e soprattutto gli smartphone, una postazione di lavoro racchiusa in una mano. Una nuova rivoluzione. Insomma, &egrave; stata, ed &egrave; ancora, un&rsquo;avventura entusiasmante perch&eacute; mi insegna giorno dopo giorno che il cambiamento &egrave; l&rsquo;unica certezza di questa fragile esistenza.\",\"sameAs\":[\"https:\/\/www.facebook.com\/michele.mancino.5\",\"micmancio\",\"Aggiorna le impostazioni del tuo profilo pubblicoit.linkedin.com\/pub\/michele-mancino\/28\/b71\/890\/it\",\"https:\/\/twitter.com\/micmancio\"],\"url\":\"https:\/\/staging.varesenews.it\/persona\/michele_mancino\/\"}]}<\/script>\n<!-- \/ Yoast SEO plugin. -->","yoast_head_json":{"title":"Questa societ\u00e0 potr\u00e0 contare sullo spessore umano dei giovani?","description":"La riflessione di Pier fausto Vedani: \u00abL\u2019attuale crisi della giovent\u00f9 \u00e8 eredit\u00e0 sociale di un disastro educativo maturato nell\u2019ambito della scuola, della famiglia e della cultura in generale\u00bb","robots":{"index":"noindex","follow":"follow","max-snippet":"max-snippet:-1","max-image-preview":"max-image-preview:large","max-video-preview":"max-video-preview:-1"},"og_locale":"it_IT","og_type":"article","og_title":"Questa societ\u00e0 potr\u00e0 contare sullo spessore umano dei giovani?","og_description":"La riflessione di Pier fausto Vedani: \u00abL\u2019attuale crisi della giovent\u00f9 \u00e8 eredit\u00e0 sociale di un disastro educativo maturato nell\u2019ambito della scuola, della famiglia e della cultura in generale\u00bb","og_url":"https:\/\/staging.varesenews.it\/2015\/08\/questa-societa-potra-contare-sullo-spessore-umano-dei-giovani\/394577\/","og_site_name":"VareseNews","article_publisher":"https:\/\/www.facebook.com\/varesenews","article_author":"https:\/\/www.facebook.com\/michele.mancino.5","article_published_time":"2015-08-21T14:00:49+00:00","article_modified_time":"2015-08-21T14:29:35+00:00","author":"Michele Mancino","twitter_card":"summary_large_image","twitter_creator":"@micmancio","twitter_site":"@varesenews","twitter_misc":{"Scritto da":"Michele Mancino","Tempo di lettura stimato":"2 minuti"},"schema":{"@context":"https:\/\/schema.org","@graph":[{"@type":"WebPage","@id":"https:\/\/staging.varesenews.it\/2015\/08\/questa-societa-potra-contare-sullo-spessore-umano-dei-giovani\/394577\/","url":"https:\/\/staging.varesenews.it\/2015\/08\/questa-societa-potra-contare-sullo-spessore-umano-dei-giovani\/394577\/","name":"Questa societ\u00e0 potr\u00e0 contare sullo spessore umano dei giovani?","isPartOf":{"@id":"https:\/\/staging.varesenews.it\/#website"},"datePublished":"2015-08-21T14:00:49+00:00","dateModified":"2015-08-21T14:29:35+00:00","author":{"@id":"https:\/\/staging.varesenews.it\/#\/schema\/person\/308b491d3cb680ead199e5ff6c6ce540"},"description":"La riflessione di Pier fausto Vedani: \u00abL\u2019attuale crisi della giovent\u00f9 \u00e8 eredit\u00e0 sociale di un disastro educativo maturato nell\u2019ambito della scuola, della famiglia e della cultura in generale\u00bb","breadcrumb":{"@id":"https:\/\/staging.varesenews.it\/2015\/08\/questa-societa-potra-contare-sullo-spessore-umano-dei-giovani\/394577\/#breadcrumb"},"inLanguage":"it-IT","potentialAction":[{"@type":"ReadAction","target":["https:\/\/staging.varesenews.it\/2015\/08\/questa-societa-potra-contare-sullo-spessore-umano-dei-giovani\/394577\/"]}]},{"@type":"BreadcrumbList","@id":"https:\/\/staging.varesenews.it\/2015\/08\/questa-societa-potra-contare-sullo-spessore-umano-dei-giovani\/394577\/#breadcrumb","itemListElement":[{"@type":"ListItem","position":1,"name":"Home","item":"https:\/\/www.varesenews.it\/"},{"@type":"ListItem","position":2,"name":"Questa societ\u00e0 potr\u00e0 contare sullo spessore umano dei giovani?"}]},{"@type":"WebSite","@id":"https:\/\/staging.varesenews.it\/#website","url":"https:\/\/staging.varesenews.it\/","name":"VareseNews","description":"","potentialAction":[{"@type":"SearchAction","target":{"@type":"EntryPoint","urlTemplate":"https:\/\/staging.varesenews.it\/?s={search_term_string}"},"query-input":"required name=search_term_string"}],"inLanguage":"it-IT"},{"@type":"Person","@id":"https:\/\/staging.varesenews.it\/#\/schema\/person\/308b491d3cb680ead199e5ff6c6ce540","name":"Michele Mancino","image":{"@type":"ImageObject","inLanguage":"it-IT","@id":"https:\/\/staging.varesenews.it\/#\/schema\/person\/image\/","url":"https:\/\/staging.varesenews.it\/wp-content\/uploads\/2020\/12\/michele_mancino_colori_500.jpg","contentUrl":"https:\/\/staging.varesenews.it\/wp-content\/uploads\/2020\/12\/michele_mancino_colori_500.jpg","caption":"Michele Mancino"},"description":"Sono a VareseNews da prima che nascesse. Ho inserito le prime notizie in una stringa di codice html, la lingua di internet. Aprivo i computer, cambiavo schede di rete e portavo i server dal provider. A met&agrave; degli anni &rsquo;90 il giornalista online doveva saper fare anche questo. Ho vissuto gli anni drammatici della bolla speculativa di Internet e quelli entusiastici della crescita, anni in cui VareseNews era un Davide in mezzo a tanti Golia. Poi sono arrivati i social, le nuove piattaforme e soprattutto gli smartphone, una postazione di lavoro racchiusa in una mano. Una nuova rivoluzione. Insomma, &egrave; stata, ed &egrave; ancora, un&rsquo;avventura entusiasmante perch&eacute; mi insegna giorno dopo giorno che il cambiamento &egrave; l&rsquo;unica certezza di questa fragile esistenza.","sameAs":["https:\/\/www.facebook.com\/michele.mancino.5","micmancio","Aggiorna le impostazioni del tuo profilo pubblicoit.linkedin.com\/pub\/michele-mancino\/28\/b71\/890\/it","https:\/\/twitter.com\/micmancio"],"url":"https:\/\/staging.varesenews.it\/persona\/michele_mancino\/"}]}},"post_meta":{"_edit_lock":"1440167286:45","_edit_last":"45","ratings_users":"0","ratings_score":"0","ratings_average":"0","_category_permalink":"","wdfb_og_title":"","wdfb_og_type":"","wdfb_og_description":"","wdfb_og_images":"a:1:{i:0;s:0:\"\";}","wdfb_og_custom_name":"a:1:{i:0;s:0:\"\";}","wdfb_og_custom_value":"a:1:{i:0;s:0:\"\";}","foto":"472359","firma-personalizzata":"Pier Fausto Vedani","argomento":"A margine","_yoast_wpseo_focuskw":"giovani","_yoast_wpseo_metadesc":"La riflessione di Pier fausto Vedani: \u00abL\u2019attuale crisi della giovent\u00f9 \u00e8 eredit\u00e0 sociale di un disastro educativo maturato nell\u2019ambito della scuola, della famiglia e della cultura in generale\u00bb","_jd_twitter":"","_jd_tweet_this":"yes","_wpt_short_url":"http:\/\/www.varesenews.it\/2015\/08\/questa-societa-potra-contare-sullo-spessore-umano-dei-giovani\/394577\/","_wp_jd_target":"http:\/\/www.varesenews.it\/2015\/08\/questa-societa-potra-contare-sullo-spessore-umano-dei-giovani\/394577\/","_jd_wp_twitter":"a:1:{i:0;s:187:\"Questa societ\u00e0 potr\u00e0 contare sullo spessore umano dei giovani? http:\/\/www.varesenews.it\/2015\/08\/questa-societa-potra-contare-sullo-spessore-umano-dei-giovani\/394577\/ #giovani #giovent\u00f9\";}","_wpt_status_message":"Tweet inviato con successo.","_yoast_wpseo_linkdex":"63"},"photos":[{"original":"https:\/\/staging.varesenews.it\/photogallery_new\/images\/2015\/07\/varie-472359.jpg","full":"https:\/\/staging.varesenews.it\/photogallery_new\/images\/2015\/07\/varie-472359.1024x768.jpg","large":"https:\/\/staging.varesenews.it\/photogallery_new\/images\/2015\/07\/varie-472359.610x431.jpg"}],"_links":{"self":[{"href":"https:\/\/staging.varesenews.it\/swgapi\/v1\/wp\/v2\/posts\/394577"}],"collection":[{"href":"https:\/\/staging.varesenews.it\/swgapi\/v1\/wp\/v2\/posts"}],"about":[{"href":"https:\/\/staging.varesenews.it\/swgapi\/v1\/wp\/v2\/types\/post"}],"author":[{"embeddable":true,"href":"https:\/\/staging.varesenews.it\/swgapi\/v1\/wp\/v2\/users\/45"}],"replies":[{"embeddable":true,"href":"https:\/\/staging.varesenews.it\/swgapi\/v1\/wp\/v2\/comments?post=394577"}],"version-history":[{"count":0,"href":"https:\/\/staging.varesenews.it\/swgapi\/v1\/wp\/v2\/posts\/394577\/revisions"}],"wp:attachment":[{"href":"https:\/\/staging.varesenews.it\/swgapi\/v1\/wp\/v2\/media?parent=394577"}],"wp:term":[{"taxonomy":"category","embeddable":true,"href":"https:\/\/staging.varesenews.it\/swgapi\/v1\/wp\/v2\/categories?post=394577"},{"taxonomy":"post_tag","embeddable":true,"href":"https:\/\/staging.varesenews.it\/swgapi\/v1\/wp\/v2\/tags?post=394577"}],"curies":[{"name":"wp","href":"https:\/\/api.w.org\/{rel}","templated":true}]}}