{"id":394669,"date":"2015-08-21T15:39:37","date_gmt":"2015-08-21T13:39:37","guid":{"rendered":"http:\/\/www.varesenews.it\/?p=394669"},"modified":"2015-08-21T15:39:37","modified_gmt":"2015-08-21T13:39:37","slug":"risolto-il-problema-al-centralino-del-comune","status":"publish","type":"post","link":"https:\/\/staging.varesenews.it\/2015\/08\/risolto-il-problema-al-centralino-del-comune\/394669\/","title":{"rendered":"Risolto il problema al centralino del Comune"},"content":{"rendered":"<p>Nel pomeriggio di mercoled\u00ec 19 agosto 2015 il centralino del Palazzo Comunale e della Polizia Locale <strong>\u00e8 tornato ad essere raggiungibile dagli utenti Wind.<\/strong>\u00a0\u00abSi \u00e8 cos\u00ec risolta, anche grazie alla disponibilit\u00e0 dell&#8217;operatore interessato, l&#8217;anomalia che si era registrata nelle ultime settimane per cui alcuni cittadini avevano segnalato di non riuscire a mettersi in contatto con il Municipio e gli uffici della Polizia Locale &#8211; spiega l&#8217;assessore Gianpietro Guaglianone -. Un problema che ha riguardato <strong>solo una compagnia telefonica con cui l&#8217;Amministrazione ha collaborato<\/strong> eseguendo una serie di controlli che hanno portato alla risoluzione del problema\u00bb.<\/p>\n","protected":false},"excerpt":{"rendered":"<p>Il centralino e l&#8217;ufficio della polizia locale non erano raggiungibili da Wind nelle scorse settimane. Situazione tornata alla normalit\u00e0<\/p>\n","protected":false},"author":51,"featured_media":0,"comment_status":"open","ping_status":"open","sticky":false,"template":"","format":"standard","meta":{"footnotes":""},"categories":[5],"tags":[5410],"acf":[],"yoast_head":"<!-- This site is optimized with the Yoast SEO plugin v20.1 - https:\/\/yoast.com\/wordpress\/plugins\/seo\/ -->\n<title>Risolto il problema al centralino del Comune<\/title>\n<meta name=\"description\" content=\"Il centralino e l&#039;ufficio della polizia locale non erano raggiungibili da Wind nelle scorse settimane. Situazione tornata alla normalit\u00e0\" \/>\n<meta name=\"robots\" content=\"noindex, follow, max-snippet:-1, max-image-preview:large, max-video-preview:-1\" \/>\n<meta property=\"og:locale\" content=\"it_IT\" \/>\n<meta property=\"og:type\" content=\"article\" \/>\n<meta property=\"og:title\" content=\"Risolto il problema al centralino del Comune\" \/>\n<meta property=\"og:description\" content=\"Il centralino e l&#039;ufficio della polizia locale non erano raggiungibili da Wind nelle scorse settimane. Situazione tornata alla normalit\u00e0\" \/>\n<meta property=\"og:url\" content=\"https:\/\/staging.varesenews.it\/2015\/08\/risolto-il-problema-al-centralino-del-comune\/394669\/\" \/>\n<meta property=\"og:site_name\" content=\"VareseNews\" \/>\n<meta property=\"article:publisher\" content=\"https:\/\/www.facebook.com\/varesenews\" \/>\n<meta property=\"article:author\" content=\"https:\/\/www.facebook.com\/manuel.sgarella\" \/>\n<meta property=\"article:published_time\" content=\"2015-08-21T13:39:37+00:00\" \/>\n<meta name=\"author\" content=\"Manuel Sgarella\" \/>\n<meta name=\"twitter:card\" content=\"summary_large_image\" \/>\n<meta name=\"twitter:creator\" content=\"@Sgarel\" \/>\n<meta name=\"twitter:site\" content=\"@varesenews\" \/>\n<meta name=\"twitter:label1\" content=\"Scritto da\" \/>\n\t<meta name=\"twitter:data1\" content=\"Manuel Sgarella\" \/>\n<script type=\"application\/ld+json\" class=\"yoast-schema-graph\">{\"@context\":\"https:\/\/schema.org\",\"@graph\":[{\"@type\":\"WebPage\",\"@id\":\"https:\/\/staging.varesenews.it\/2015\/08\/risolto-il-problema-al-centralino-del-comune\/394669\/\",\"url\":\"https:\/\/staging.varesenews.it\/2015\/08\/risolto-il-problema-al-centralino-del-comune\/394669\/\",\"name\":\"Risolto il problema al centralino del Comune\",\"isPartOf\":{\"@id\":\"https:\/\/staging.varesenews.it\/#website\"},\"datePublished\":\"2015-08-21T13:39:37+00:00\",\"dateModified\":\"2015-08-21T13:39:37+00:00\",\"author\":{\"@id\":\"https:\/\/staging.varesenews.it\/#\/schema\/person\/1ec987bf360cbcf5fab38b0367dbc9d4\"},\"description\":\"Il centralino e l'ufficio della polizia locale non erano raggiungibili da Wind nelle scorse settimane. Situazione tornata alla normalit\u00e0\",\"breadcrumb\":{\"@id\":\"https:\/\/staging.varesenews.it\/2015\/08\/risolto-il-problema-al-centralino-del-comune\/394669\/#breadcrumb\"},\"inLanguage\":\"it-IT\",\"potentialAction\":[{\"@type\":\"ReadAction\",\"target\":[\"https:\/\/staging.varesenews.it\/2015\/08\/risolto-il-problema-al-centralino-del-comune\/394669\/\"]}]},{\"@type\":\"BreadcrumbList\",\"@id\":\"https:\/\/staging.varesenews.it\/2015\/08\/risolto-il-problema-al-centralino-del-comune\/394669\/#breadcrumb\",\"itemListElement\":[{\"@type\":\"ListItem\",\"position\":1,\"name\":\"Home\",\"item\":\"https:\/\/www.varesenews.it\/\"},{\"@type\":\"ListItem\",\"position\":2,\"name\":\"Risolto il problema al centralino del Comune\"}]},{\"@type\":\"WebSite\",\"@id\":\"https:\/\/staging.varesenews.it\/#website\",\"url\":\"https:\/\/staging.varesenews.it\/\",\"name\":\"VareseNews\",\"description\":\"\",\"potentialAction\":[{\"@type\":\"SearchAction\",\"target\":{\"@type\":\"EntryPoint\",\"urlTemplate\":\"https:\/\/staging.varesenews.it\/?s={search_term_string}\"},\"query-input\":\"required name=search_term_string\"}],\"inLanguage\":\"it-IT\"},{\"@type\":\"Person\",\"@id\":\"https:\/\/staging.varesenews.it\/#\/schema\/person\/1ec987bf360cbcf5fab38b0367dbc9d4\",\"name\":\"Manuel Sgarella\",\"image\":{\"@type\":\"ImageObject\",\"inLanguage\":\"it-IT\",\"@id\":\"https:\/\/staging.varesenews.it\/#\/schema\/person\/image\/\",\"url\":\"https:\/\/staging.varesenews.it\/wp-content\/uploads\/2020\/12\/manuel_sgarella_colori_500.jpg\",\"contentUrl\":\"https:\/\/staging.varesenews.it\/wp-content\/uploads\/2020\/12\/manuel_sgarella_colori_500.jpg\",\"caption\":\"Manuel Sgarella\"},\"description\":\"A VareseNews dal 1999, da quando ho iniziato a collaborare per la pagina del cinema. Col tempo mi sono occupato della cronaca del territorio di Saronno-Tradate e dell'organizzazione di alcuni progetti speciali di VareseNews, tra cui la produzione del film Digitalife. Dal 2009 sono giornalista professionista. Diplomato alla Civica scuola del cinema di Milano, coltivo da sempre una passione per tutto quello che &egrave; narrazione, soprattutto per film e serie tv. Dal 2014 Pubblico romanzi come autore indipendente.&nbsp;\",\"sameAs\":[\"https:\/\/www.facebook.com\/manuel.sgarella\",\"Sgarel\",\"https:\/\/twitter.com\/Sgarel\"],\"url\":\"https:\/\/staging.varesenews.it\/persona\/manuel-sgarella1\/\"}]}<\/script>\n<!-- \/ Yoast SEO plugin. -->","yoast_head_json":{"title":"Risolto il problema al centralino del Comune","description":"Il centralino e l'ufficio della polizia locale non erano raggiungibili da Wind nelle scorse settimane. Situazione tornata alla normalit\u00e0","robots":{"index":"noindex","follow":"follow","max-snippet":"max-snippet:-1","max-image-preview":"max-image-preview:large","max-video-preview":"max-video-preview:-1"},"og_locale":"it_IT","og_type":"article","og_title":"Risolto il problema al centralino del Comune","og_description":"Il centralino e l'ufficio della polizia locale non erano raggiungibili da Wind nelle scorse settimane. Situazione tornata alla normalit\u00e0","og_url":"https:\/\/staging.varesenews.it\/2015\/08\/risolto-il-problema-al-centralino-del-comune\/394669\/","og_site_name":"VareseNews","article_publisher":"https:\/\/www.facebook.com\/varesenews","article_author":"https:\/\/www.facebook.com\/manuel.sgarella","article_published_time":"2015-08-21T13:39:37+00:00","author":"Manuel Sgarella","twitter_card":"summary_large_image","twitter_creator":"@Sgarel","twitter_site":"@varesenews","twitter_misc":{"Scritto da":"Manuel Sgarella"},"schema":{"@context":"https:\/\/schema.org","@graph":[{"@type":"WebPage","@id":"https:\/\/staging.varesenews.it\/2015\/08\/risolto-il-problema-al-centralino-del-comune\/394669\/","url":"https:\/\/staging.varesenews.it\/2015\/08\/risolto-il-problema-al-centralino-del-comune\/394669\/","name":"Risolto il problema al centralino del Comune","isPartOf":{"@id":"https:\/\/staging.varesenews.it\/#website"},"datePublished":"2015-08-21T13:39:37+00:00","dateModified":"2015-08-21T13:39:37+00:00","author":{"@id":"https:\/\/staging.varesenews.it\/#\/schema\/person\/1ec987bf360cbcf5fab38b0367dbc9d4"},"description":"Il centralino e l'ufficio della polizia locale non erano raggiungibili da Wind nelle scorse settimane. Situazione tornata alla normalit\u00e0","breadcrumb":{"@id":"https:\/\/staging.varesenews.it\/2015\/08\/risolto-il-problema-al-centralino-del-comune\/394669\/#breadcrumb"},"inLanguage":"it-IT","potentialAction":[{"@type":"ReadAction","target":["https:\/\/staging.varesenews.it\/2015\/08\/risolto-il-problema-al-centralino-del-comune\/394669\/"]}]},{"@type":"BreadcrumbList","@id":"https:\/\/staging.varesenews.it\/2015\/08\/risolto-il-problema-al-centralino-del-comune\/394669\/#breadcrumb","itemListElement":[{"@type":"ListItem","position":1,"name":"Home","item":"https:\/\/www.varesenews.it\/"},{"@type":"ListItem","position":2,"name":"Risolto il problema al centralino del Comune"}]},{"@type":"WebSite","@id":"https:\/\/staging.varesenews.it\/#website","url":"https:\/\/staging.varesenews.it\/","name":"VareseNews","description":"","potentialAction":[{"@type":"SearchAction","target":{"@type":"EntryPoint","urlTemplate":"https:\/\/staging.varesenews.it\/?s={search_term_string}"},"query-input":"required name=search_term_string"}],"inLanguage":"it-IT"},{"@type":"Person","@id":"https:\/\/staging.varesenews.it\/#\/schema\/person\/1ec987bf360cbcf5fab38b0367dbc9d4","name":"Manuel Sgarella","image":{"@type":"ImageObject","inLanguage":"it-IT","@id":"https:\/\/staging.varesenews.it\/#\/schema\/person\/image\/","url":"https:\/\/staging.varesenews.it\/wp-content\/uploads\/2020\/12\/manuel_sgarella_colori_500.jpg","contentUrl":"https:\/\/staging.varesenews.it\/wp-content\/uploads\/2020\/12\/manuel_sgarella_colori_500.jpg","caption":"Manuel Sgarella"},"description":"A VareseNews dal 1999, da quando ho iniziato a collaborare per la pagina del cinema. Col tempo mi sono occupato della cronaca del territorio di Saronno-Tradate e dell'organizzazione di alcuni progetti speciali di VareseNews, tra cui la produzione del film Digitalife. Dal 2009 sono giornalista professionista. Diplomato alla Civica scuola del cinema di Milano, coltivo da sempre una passione per tutto quello che &egrave; narrazione, soprattutto per film e serie tv. Dal 2014 Pubblico romanzi come autore indipendente.&nbsp;","sameAs":["https:\/\/www.facebook.com\/manuel.sgarella","Sgarel","https:\/\/twitter.com\/Sgarel"],"url":"https:\/\/staging.varesenews.it\/persona\/manuel-sgarella1\/"}]}},"post_meta":{"_edit_lock":"1440164291:51","_edit_last":"51","ratings_users":"0","ratings_score":"0","ratings_average":"0","_category_permalink":"","wdfb_og_title":"","wdfb_og_type":"","wdfb_og_description":"","wdfb_og_images":"a:1:{i:0;s:0:\"\";}","wdfb_og_custom_name":"a:1:{i:0;s:0:\"\";}","wdfb_og_custom_value":"a:1:{i:0;s:0:\"\";}","foto":"60172","argomento":"Saronno","_yoast_wpseo_focuskw":"centralino","_yoast_wpseo_metadesc":"Il centralino e l'ufficio della polizia locale non erano raggiungibili da Wind nelle scorse settimane. Situazione tornata alla normalit\u00e0","_jd_twitter":"","_jd_tweet_this":"yes","_wpt_short_url":"http:\/\/www.varesenews.it\/2015\/08\/risolto-il-problema-al-centralino-del-comune\/394669\/","_wp_jd_target":"http:\/\/www.varesenews.it\/2015\/08\/risolto-il-problema-al-centralino-del-comune\/394669\/","_jd_wp_twitter":"a:1:{i:0;s:152:\"Risolto il problema al centralino del Comune http:\/\/www.varesenews.it\/2015\/08\/risolto-il-problema-al-centralino-del-comune\/394669\/ #centralino #telefono\";}","_wpt_status_message":"Tweet inviato con successo.","_yoast_wpseo_linkdex":"56"},"photos":[{"original":"https:\/\/staging.varesenews.it\/photogallery_new\/images\/2013\/06\/municipio-saronno-apertura-60172.jpg","full":"https:\/\/staging.varesenews.it\/photogallery_new\/images\/2013\/06\/municipio-saronno-apertura-60172.1024x768.jpg","large":"https:\/\/staging.varesenews.it\/photogallery_new\/images\/2013\/06\/municipio-saronno-apertura-60172.610x431.jpg"}],"_links":{"self":[{"href":"https:\/\/staging.varesenews.it\/swgapi\/v1\/wp\/v2\/posts\/394669"}],"collection":[{"href":"https:\/\/staging.varesenews.it\/swgapi\/v1\/wp\/v2\/posts"}],"about":[{"href":"https:\/\/staging.varesenews.it\/swgapi\/v1\/wp\/v2\/types\/post"}],"author":[{"embeddable":true,"href":"https:\/\/staging.varesenews.it\/swgapi\/v1\/wp\/v2\/users\/51"}],"replies":[{"embeddable":true,"href":"https:\/\/staging.varesenews.it\/swgapi\/v1\/wp\/v2\/comments?post=394669"}],"version-history":[{"count":0,"href":"https:\/\/staging.varesenews.it\/swgapi\/v1\/wp\/v2\/posts\/394669\/revisions"}],"wp:attachment":[{"href":"https:\/\/staging.varesenews.it\/swgapi\/v1\/wp\/v2\/media?parent=394669"}],"wp:term":[{"taxonomy":"category","embeddable":true,"href":"https:\/\/staging.varesenews.it\/swgapi\/v1\/wp\/v2\/categories?post=394669"},{"taxonomy":"post_tag","embeddable":true,"href":"https:\/\/staging.varesenews.it\/swgapi\/v1\/wp\/v2\/tags?post=394669"}],"curies":[{"name":"wp","href":"https:\/\/api.w.org\/{rel}","templated":true}]}}