{"id":395294,"date":"2015-08-25T17:06:01","date_gmt":"2015-08-25T15:06:01","guid":{"rendered":"http:\/\/www.varesenews.it\/?p=395294"},"modified":"2015-08-26T16:20:20","modified_gmt":"2015-08-26T14:20:20","slug":"asfaltature-chiude-via-venegoni","status":"publish","type":"post","link":"https:\/\/staging.varesenews.it\/2015\/08\/asfaltature-chiude-via-venegoni\/395294\/","title":{"rendered":"Asfaltature, chiude via Venegoni"},"content":{"rendered":"<p>Mentre proseguono i lavori sulla Mornera (<a title=\"Ma a che punto sono i lavori sulla Mornera?\" href=\"http:\/\/www.varesenews.it\/2015\/08\/ma-a-che-punto-sono-i-lavori-sulla-mornera\/395206\/\">leggi qui come si procede e i tempi)<\/a>,<strong> i cantieri di riasfaltatura toccano a Gallarate<\/strong>, in questi giorni, <strong>alcune vie principali: via del Lavoro a Crenna<\/strong> (salita da Cascinetta al quartiere collinare),<strong> via Venegoni verso i rioni Sciar\u00e8 e Oltreferrovia, via Sciesa ai Ronchi<\/strong>.<\/p>\n<p>A partire<strong> da domani, 26 agosto, via Venegoni sar\u00e0 chiusa al traffico<\/strong> per consentire la manutenzione del manto stradale. Il tratto interessato \u00e8 quello <strong>compreso tra via Curioni e via Vespucci, lato periferia al di l\u00e0 del ponte della ferrovia.<\/strong> Potranno transitare solo i veicoli dei residenti e delle attivit\u00e0 che si trovano sulla via. Verr\u00e0 anche istituito il <strong>divieto di sosta<\/strong>. Il provvedimento compre l\u2019arco temporale che arriva al 4 settembre ma, condizioni meteo permettendo, i lavori dovrebbero concludersi in tempi pi\u00f9 rapidi.<\/p>\n<p>\u00abOggi (luned\u00ec, ndr) \u00e8 partito il cantiere di via del Lavoro, marted\u00ec fresatura via Venegoni, in seguito passeremo a via Sciesa\u00bb spiega l&#8217;assessore ai lavori pubblici <strong>Danilo Barban<\/strong>. \u00abCerchiamo di completare gli interventi su queste vie principali prima dell&#8217;inizio delle scuole\u00bb (9-10 settembre).<\/p>\n<p>Proseguono nel frattempo anche <strong>gli interventi di manutenzione straordinaria nelle scuole<\/strong>: \u00abI lavori grossi, come gli interventi nei bagni e ai tetti, sono stati fatti &#8211; prosegue Barban &#8211; l&#8217;intervento in via Checchia ad Arnate si sta concludendo\u00bb. Mancano invece alcuni lavori in via Seprio (rinnovo infissi, da settimana prossima) e ritocchi ai tetti degli edifici di via Bellora ad Arnate e in via Col di Lana. \u00abA questi si aggiungeranno poi altri interventi aggiunti, resi possibili dal ribasso ottenuto nell&#8217;offerta dell&#8217;appalto. Sono interventi secondari, che non intaccano la didattica\u00bb<\/p>\n","protected":false},"excerpt":{"rendered":"<p>Divieto di sosta e chiusura al traffico da mercoled\u00ec 26 agosto. Altri interventi sono in corso in via del Lavoro e altro riguarder\u00e0 via Sciesa<\/p>\n","protected":false},"author":46,"featured_media":0,"comment_status":"open","ping_status":"open","sticky":false,"template":"","format":"standard","meta":{"footnotes":""},"categories":[3],"tags":[5127,41324,708,10310],"acf":[],"yoast_head":"<!-- This site is optimized with the Yoast SEO plugin v20.1 - https:\/\/yoast.com\/wordpress\/plugins\/seo\/ -->\n<title>Asfaltature, chiude via Venegoni<\/title>\n<meta name=\"description\" content=\"Divieto di sosta e chiusura al traffico da mercoled\u00ec 26 agosto. Altri interventi sono in corso in via del Lavoro e altro riguarder\u00e0 via Sciesa\" \/>\n<meta name=\"robots\" content=\"noindex, follow, max-snippet:-1, max-image-preview:large, max-video-preview:-1\" \/>\n<meta property=\"og:locale\" content=\"it_IT\" \/>\n<meta property=\"og:type\" content=\"article\" \/>\n<meta property=\"og:title\" content=\"Asfaltature, chiude via Venegoni\" \/>\n<meta property=\"og:description\" content=\"Divieto di sosta e chiusura al traffico da mercoled\u00ec 26 agosto. Altri interventi sono in corso in via del Lavoro e altro riguarder\u00e0 via Sciesa\" \/>\n<meta property=\"og:url\" content=\"https:\/\/staging.varesenews.it\/2015\/08\/asfaltature-chiude-via-venegoni\/395294\/\" \/>\n<meta property=\"og:site_name\" content=\"VareseNews\" \/>\n<meta property=\"article:publisher\" content=\"https:\/\/www.facebook.com\/varesenews\" \/>\n<meta property=\"article:published_time\" content=\"2015-08-25T15:06:01+00:00\" \/>\n<meta property=\"article:modified_time\" content=\"2015-08-26T14:20:20+00:00\" \/>\n<meta name=\"author\" content=\"Roberto Morandi\" \/>\n<meta name=\"twitter:card\" content=\"summary_large_image\" \/>\n<meta name=\"twitter:creator\" content=\"@ilmorands\" \/>\n<meta name=\"twitter:site\" content=\"@varesenews\" \/>\n<meta name=\"twitter:label1\" content=\"Scritto da\" \/>\n\t<meta name=\"twitter:data1\" content=\"Roberto Morandi\" \/>\n\t<meta name=\"twitter:label2\" content=\"Tempo di lettura stimato\" \/>\n\t<meta name=\"twitter:data2\" content=\"1 minuto\" \/>\n<script type=\"application\/ld+json\" class=\"yoast-schema-graph\">{\"@context\":\"https:\/\/schema.org\",\"@graph\":[{\"@type\":\"WebPage\",\"@id\":\"https:\/\/staging.varesenews.it\/2015\/08\/asfaltature-chiude-via-venegoni\/395294\/\",\"url\":\"https:\/\/staging.varesenews.it\/2015\/08\/asfaltature-chiude-via-venegoni\/395294\/\",\"name\":\"Asfaltature, chiude via Venegoni\",\"isPartOf\":{\"@id\":\"https:\/\/staging.varesenews.it\/#website\"},\"datePublished\":\"2015-08-25T15:06:01+00:00\",\"dateModified\":\"2015-08-26T14:20:20+00:00\",\"author\":{\"@id\":\"https:\/\/staging.varesenews.it\/#\/schema\/person\/efe592ae4c76536b551f89d8b6674bc3\"},\"description\":\"Divieto di sosta e chiusura al traffico da mercoled\u00ec 26 agosto. Altri interventi sono in corso in via del Lavoro e altro riguarder\u00e0 via Sciesa\",\"breadcrumb\":{\"@id\":\"https:\/\/staging.varesenews.it\/2015\/08\/asfaltature-chiude-via-venegoni\/395294\/#breadcrumb\"},\"inLanguage\":\"it-IT\",\"potentialAction\":[{\"@type\":\"ReadAction\",\"target\":[\"https:\/\/staging.varesenews.it\/2015\/08\/asfaltature-chiude-via-venegoni\/395294\/\"]}]},{\"@type\":\"BreadcrumbList\",\"@id\":\"https:\/\/staging.varesenews.it\/2015\/08\/asfaltature-chiude-via-venegoni\/395294\/#breadcrumb\",\"itemListElement\":[{\"@type\":\"ListItem\",\"position\":1,\"name\":\"Home\",\"item\":\"https:\/\/www.varesenews.it\/\"},{\"@type\":\"ListItem\",\"position\":2,\"name\":\"Asfaltature, chiude via Venegoni\"}]},{\"@type\":\"WebSite\",\"@id\":\"https:\/\/staging.varesenews.it\/#website\",\"url\":\"https:\/\/staging.varesenews.it\/\",\"name\":\"VareseNews\",\"description\":\"\",\"potentialAction\":[{\"@type\":\"SearchAction\",\"target\":{\"@type\":\"EntryPoint\",\"urlTemplate\":\"https:\/\/staging.varesenews.it\/?s={search_term_string}\"},\"query-input\":\"required name=search_term_string\"}],\"inLanguage\":\"it-IT\"},{\"@type\":\"Person\",\"@id\":\"https:\/\/staging.varesenews.it\/#\/schema\/person\/efe592ae4c76536b551f89d8b6674bc3\",\"name\":\"Roberto Morandi\",\"image\":{\"@type\":\"ImageObject\",\"inLanguage\":\"it-IT\",\"@id\":\"https:\/\/staging.varesenews.it\/#\/schema\/person\/image\/\",\"url\":\"https:\/\/staging.varesenews.it\/wp-content\/uploads\/2020\/12\/roberto_morandi_colori_500.jpg\",\"contentUrl\":\"https:\/\/staging.varesenews.it\/wp-content\/uploads\/2020\/12\/roberto_morandi_colori_500.jpg\",\"caption\":\"Roberto Morandi\"},\"description\":\"Classe 1980, laureato in storia, mi occupo dell&rsquo;area di Gallarate e di Malpensa, di trasporti e mobilit&agrave;. Amo molto la dimensione della citt&agrave;, come luogo d&rsquo;incontro di persone diverse e come organismo che si trasforma costantemente. Mi piace anche raccontare le piccole e grandi vicende, anche locali, che compongono la Storia con la S maiuscola. Appassionato di bicicletta: la macchina perfetta per muoversi in citt&agrave; e per viaggiare.\",\"sameAs\":[\"https:\/\/twitter.com\/ilmorands\"],\"url\":\"https:\/\/staging.varesenews.it\/persona\/roberto-morandi1\/\"}]}<\/script>\n<!-- \/ Yoast SEO plugin. -->","yoast_head_json":{"title":"Asfaltature, chiude via Venegoni","description":"Divieto di sosta e chiusura al traffico da mercoled\u00ec 26 agosto. Altri interventi sono in corso in via del Lavoro e altro riguarder\u00e0 via Sciesa","robots":{"index":"noindex","follow":"follow","max-snippet":"max-snippet:-1","max-image-preview":"max-image-preview:large","max-video-preview":"max-video-preview:-1"},"og_locale":"it_IT","og_type":"article","og_title":"Asfaltature, chiude via Venegoni","og_description":"Divieto di sosta e chiusura al traffico da mercoled\u00ec 26 agosto. Altri interventi sono in corso in via del Lavoro e altro riguarder\u00e0 via Sciesa","og_url":"https:\/\/staging.varesenews.it\/2015\/08\/asfaltature-chiude-via-venegoni\/395294\/","og_site_name":"VareseNews","article_publisher":"https:\/\/www.facebook.com\/varesenews","article_published_time":"2015-08-25T15:06:01+00:00","article_modified_time":"2015-08-26T14:20:20+00:00","author":"Roberto Morandi","twitter_card":"summary_large_image","twitter_creator":"@ilmorands","twitter_site":"@varesenews","twitter_misc":{"Scritto da":"Roberto Morandi","Tempo di lettura stimato":"1 minuto"},"schema":{"@context":"https:\/\/schema.org","@graph":[{"@type":"WebPage","@id":"https:\/\/staging.varesenews.it\/2015\/08\/asfaltature-chiude-via-venegoni\/395294\/","url":"https:\/\/staging.varesenews.it\/2015\/08\/asfaltature-chiude-via-venegoni\/395294\/","name":"Asfaltature, chiude via Venegoni","isPartOf":{"@id":"https:\/\/staging.varesenews.it\/#website"},"datePublished":"2015-08-25T15:06:01+00:00","dateModified":"2015-08-26T14:20:20+00:00","author":{"@id":"https:\/\/staging.varesenews.it\/#\/schema\/person\/efe592ae4c76536b551f89d8b6674bc3"},"description":"Divieto di sosta e chiusura al traffico da mercoled\u00ec 26 agosto. Altri interventi sono in corso in via del Lavoro e altro riguarder\u00e0 via Sciesa","breadcrumb":{"@id":"https:\/\/staging.varesenews.it\/2015\/08\/asfaltature-chiude-via-venegoni\/395294\/#breadcrumb"},"inLanguage":"it-IT","potentialAction":[{"@type":"ReadAction","target":["https:\/\/staging.varesenews.it\/2015\/08\/asfaltature-chiude-via-venegoni\/395294\/"]}]},{"@type":"BreadcrumbList","@id":"https:\/\/staging.varesenews.it\/2015\/08\/asfaltature-chiude-via-venegoni\/395294\/#breadcrumb","itemListElement":[{"@type":"ListItem","position":1,"name":"Home","item":"https:\/\/www.varesenews.it\/"},{"@type":"ListItem","position":2,"name":"Asfaltature, chiude via Venegoni"}]},{"@type":"WebSite","@id":"https:\/\/staging.varesenews.it\/#website","url":"https:\/\/staging.varesenews.it\/","name":"VareseNews","description":"","potentialAction":[{"@type":"SearchAction","target":{"@type":"EntryPoint","urlTemplate":"https:\/\/staging.varesenews.it\/?s={search_term_string}"},"query-input":"required name=search_term_string"}],"inLanguage":"it-IT"},{"@type":"Person","@id":"https:\/\/staging.varesenews.it\/#\/schema\/person\/efe592ae4c76536b551f89d8b6674bc3","name":"Roberto Morandi","image":{"@type":"ImageObject","inLanguage":"it-IT","@id":"https:\/\/staging.varesenews.it\/#\/schema\/person\/image\/","url":"https:\/\/staging.varesenews.it\/wp-content\/uploads\/2020\/12\/roberto_morandi_colori_500.jpg","contentUrl":"https:\/\/staging.varesenews.it\/wp-content\/uploads\/2020\/12\/roberto_morandi_colori_500.jpg","caption":"Roberto Morandi"},"description":"Classe 1980, laureato in storia, mi occupo dell&rsquo;area di Gallarate e di Malpensa, di trasporti e mobilit&agrave;. Amo molto la dimensione della citt&agrave;, come luogo d&rsquo;incontro di persone diverse e come organismo che si trasforma costantemente. Mi piace anche raccontare le piccole e grandi vicende, anche locali, che compongono la Storia con la S maiuscola. Appassionato di bicicletta: la macchina perfetta per muoversi in citt&agrave; e per viaggiare.","sameAs":["https:\/\/twitter.com\/ilmorands"],"url":"https:\/\/staging.varesenews.it\/persona\/roberto-morandi1\/"}]}},"post_meta":{"_edit_lock":"1440602077:46","_edit_last":"46","_category_permalink":"3","ratings_users":"0","ratings_score":"0","ratings_average":"0","wdfb_og_title":"","wdfb_og_type":"","wdfb_og_description":"","wdfb_og_images":"a:1:{i:0;s:0:\"\";}","wdfb_og_custom_name":"a:1:{i:0;s:0:\"\";}","wdfb_og_custom_value":"a:1:{i:0;s:0:\"\";}","foto":"416078","argomento":"Gallarate","_jd_twitter":"","_jd_tweet_this":"yes","_wpt_short_url":"http:\/\/www.varesenews.it\/2015\/08\/asfaltature-chiude-via-venegoni\/395294\/","_wp_jd_target":"http:\/\/www.varesenews.it\/2015\/08\/asfaltature-chiude-via-venegoni\/395294\/","_jd_wp_twitter":"a:1:{i:0;s:141:\"Asfaltature, chiude via Venegoni http:\/\/www.varesenews.it\/2015\/08\/asfaltature-chiude-via-venegoni\/395294\/ #cantiere #gallarate #lavoriincorso\";}","_wpt_status_message":"Tweet inviato con successo.","id_link_fotogallery":"395413"},"photos":[{"original":"https:\/\/staging.varesenews.it\/photogallery_new\/images\/2014\/10\/in-via-venegoni-ricompare-il-porfido-inserita-in-galleria-416078.jpg","full":"https:\/\/staging.varesenews.it\/photogallery_new\/images\/2014\/10\/in-via-venegoni-ricompare-il-porfido-inserita-in-galleria-416078.1024x768.jpg","large":"https:\/\/staging.varesenews.it\/photogallery_new\/images\/2014\/10\/in-via-venegoni-ricompare-il-porfido-inserita-in-galleria-416078.610x431.jpg"}],"_links":{"self":[{"href":"https:\/\/staging.varesenews.it\/swgapi\/v1\/wp\/v2\/posts\/395294"}],"collection":[{"href":"https:\/\/staging.varesenews.it\/swgapi\/v1\/wp\/v2\/posts"}],"about":[{"href":"https:\/\/staging.varesenews.it\/swgapi\/v1\/wp\/v2\/types\/post"}],"author":[{"embeddable":true,"href":"https:\/\/staging.varesenews.it\/swgapi\/v1\/wp\/v2\/users\/46"}],"replies":[{"embeddable":true,"href":"https:\/\/staging.varesenews.it\/swgapi\/v1\/wp\/v2\/comments?post=395294"}],"version-history":[{"count":0,"href":"https:\/\/staging.varesenews.it\/swgapi\/v1\/wp\/v2\/posts\/395294\/revisions"}],"wp:attachment":[{"href":"https:\/\/staging.varesenews.it\/swgapi\/v1\/wp\/v2\/media?parent=395294"}],"wp:term":[{"taxonomy":"category","embeddable":true,"href":"https:\/\/staging.varesenews.it\/swgapi\/v1\/wp\/v2\/categories?post=395294"},{"taxonomy":"post_tag","embeddable":true,"href":"https:\/\/staging.varesenews.it\/swgapi\/v1\/wp\/v2\/tags?post=395294"}],"curies":[{"name":"wp","href":"https:\/\/api.w.org\/{rel}","templated":true}]}}