{"id":395499,"date":"2015-08-26T17:45:36","date_gmt":"2015-08-26T15:45:36","guid":{"rendered":"http:\/\/www.varesenews.it\/?p=395499"},"modified":"2015-09-02T15:23:20","modified_gmt":"2015-09-02T13:23:20","slug":"torna-alla-schiranna-la-fiera-di-varese","status":"publish","type":"post","link":"https:\/\/staging.varesenews.it\/2015\/08\/torna-alla-schiranna-la-fiera-di-varese\/395499\/","title":{"rendered":"Torna alla Schiranna la Fiera di Varese"},"content":{"rendered":"<p>La <strong>Fiera di Varese<\/strong> torna alla Schiranna dal 5 al 13 settembre, rinnovata nel format e nella gestione per la sua 38\u00b0 edizione.<\/p>\n<p>Vicina al traguardo dei 40 anni, la Fiera Campionaria di Varese\u00a0\u00e8\u00a0una fiera basata sul piccolo commercio, sulle aggregazioni e sulla voglia di stare insieme, una manifestazione per la cittadinanza e le famiglie, con 6.000 mq espositivi, circa 120 espositori, ristoranti a tema e un ricco calendario di eventi.<\/p>\n<p>Salone dell\u2019arredamento, macchine e attrezzi agricoli, materiali, attrezzature e impianti per l\u2019edilizia abitativa, energie alternative, prodotti e servizi per la casa, prodotti alimentari e specialit\u00e0 gastronomiche, abbigliamento, giochi e prodotti per l\u2019infanzia, artigianato locale e internazionale, soluzioni per i viaggi e il tempo libero, idee e prodotti per gli animali domestici, automobili.<\/p>\n<p>AREA BIMBI<\/p>\n<p>Una grande area sar\u00e0 <a href=\"http:\/\/www.vareseinfamiglia.it\/speciale-bambini-fiera-di-varese-2015\/\" target=\"_blank\">dedicata ai bambini<\/a>, con giochi e tante iniziative per le famiglie in collaborazione con Free Time Service, dove un\u2019atmosfera gioiosa contager\u00e0 bambini e ragazzi con feste, corsi, giochi e laboratori di cucina e creativi, ma anche spettacoli, giostre e tanti corsi tra cui scegliere. Alcuni esempi? I laboratori di <strong>Cake Design<\/strong> e <strong>Finger Food<\/strong> a cura di <strong>Cresci con Gusto<\/strong> che si terranno sabato 5 e domenica 6 alle 15.00, i laboratori di <strong>Ciocco-Pittura<\/strong> a cura di Buosi Academy Kids Lab, che si terranno domenica 6 e domenica 13 alle 10.30 o i<strong> laboratori creativi<\/strong> a cura di Speedy Creativa, ma anche <strong>Favole della Buona Notte<\/strong> e incontri musicali che si chiuderanno con la grande festa Kids Closing Party di domenica 13 alle 18.30.<\/p>\n<p>SPETTACOLI<\/p>\n<p>Un\u2019Area Spettacoli verr\u00e0 allestita nel centro dei padiglioni dove si alterneranno artisti di ogni tipo.<br \/>\nIl ricco calendario eventi si apre sabato 5 con lo Spettacolo Pirotecnico sul lago alle 22.00, si passer\u00e0 poi per una serata dedicata alla <strong>musica anni \u201980<\/strong> domenica 6 settembre con OTTO FM Party. Luned\u00ec 7 alle 21.30 sar\u00e0 la volta del <strong>cabaret<\/strong> di Antonio Ornano, in collaborazione con Caff\u00e8 Teatro. Marted\u00ec 8, stage di <strong>Kizomba<\/strong> con Picab\u00f9 A.S.D Latin Dance, mentre mercoled\u00ec 9 sar\u00e0 la volta dei <strong>Giochi da Tavolo<\/strong> con il Torneo di Carcassonne a cura di In Ludo Veritas.<\/p>\n<p>Gioved\u00ec 10 settembre serata di beneficenza a cura di UNICEF e Kiwanis con la presentazione del Progetto &#8220;<strong>I colori della vita<\/strong>&#8221; <strong>web serie<\/strong> ideata, girata e montata da giovani dai 15 ai 25 anni per sensibilizzare sul tema del bullismo, integrazione multiculturale giovanile e violenza su donne e minori, la presentazione verr\u00e0 anticipata nel pomeriggio dal Saggio di Danza \u201c<strong>Uniti nell\u2019arte della danza<\/strong>\u201d a cura di New Liberty Academy Dance School con bambini dai 10 a 13 anni. Venerd\u00ec 11 stage di <strong>Bachata<\/strong> con Picab\u00f9 A.S.D Latin Dance e sabato 12 <strong>Spettacolo di Magia<\/strong> con Max Bunny, Ale Bellotto e Michael Timaco a cura di Caff\u00e8 Teatro.Durante il giorno si alterneranno spettacoli e incontri con <strong>Artisti di Strada<\/strong> di calibro internazionale, dirette televisive a cura di RETE55 con i protagonisti di <strong>Rugby Varese<\/strong> e <strong>Pallacanestro Varese<\/strong> e un ricco calendario di corsi, dimostrazioni e degustazioni di prodotti del territorio in collaborazione con Buosi Academy.<\/p>\n<p>\u00abTradizione e innovazione. La Fiera di Varese torna alla Schiranna dal 5 settembre con una nuova gestione, mantenendo naturalmente la collaborazione del Comune di Varese &#8211; \u00e8 il commento ell&#8217;Amministrazione di Varese, nel nome del Sindaco Attilio Fontana e dell&#8217;Assessore alla Promozione del Territorio Sergio Ghiringhelli &#8211; La campionaria garantisce come ogni anno l&#8217;esposizione di prodotti di varie categorie merceologiche oltre che delle eccellenze del territorio. Abbiamo scelto come filo conduttore degli eventi collaterali la famiglia: tanti gli appuntamenti a misura di bambini e genitori. Invitiamo dunque i varesini a visitare la fiera, approfittando anche dei momenti di intrattenimento proposti nel ricco programma\u00bb.<\/p>\n<p>INFORMAZIONI:<br \/>\nFIERA DI VARESE, DAL\u00a05\u00a0al 13\u00a0SETTEMBRE 2014 &#8211; Varese &#8220;Localit\u00e0 Schiranna&#8221;\u00a0Lago di Varese<br \/>\nOrganizzazione Chocolat Pubblicit\u00e0 srl<\/p>\n<p>Sabato 5\u00a0settembre ore\u00a011,00 &#8211;\u00a023,00<br \/>\nDomenica 6 settembre ore\u00a010,00 &#8211;\u00a023,00<br \/>\nDa Luned\u00ec a Venerd\u00ec \u00a0 ore 16,00 &#8211;\u00a023,00<br \/>\nSabato 12\u00a0settembre ore\u00a014,00 &#8211;\u00a023,00<br \/>\nDomenica 13 settembre ore\u00a010,00 &#8211;\u00a021,00<\/p>\n<p>BIGLIETTI<br \/>\nIntero \u20ac 5,00<br \/>\nRidotto \u20ac 4,00 (Registrazioni Online http:\/\/www.fieravarese.it\/#!pre-registrazione-fiera-di-varese-2015\/c17u6 e Residenti Citt\u00e0 di Varese)<br \/>\nGRATUITO Fino a 14 anni<br \/>\nDa luned\u00ec a gioved\u00ec gratuito sopra i 65 anni<\/p>\n<p><a href=\"http:\/\/www.fieravarese.it%20\" target=\"_blank\">www.fieravarese.it <\/a><br \/>\n<a href=\"https:\/\/www.facebook.com\/fieradivarese\" target=\"_blank\">https:\/\/www.facebook.com\/fieradivarese<\/a><\/p>\n","protected":false},"excerpt":{"rendered":"<p>Vicina al traguardo dei 40 anni, la Fiera torna alla Schiranna dal 5 al 13 settembre, rinnovata nel format e nella gestione per la sua 38\u00b0 edizione<\/p>\n","protected":false},"author":48,"featured_media":0,"comment_status":"open","ping_status":"open","sticky":false,"template":"","format":"standard","meta":{"footnotes":""},"categories":[26,21,2],"tags":[1817,1218,158],"acf":[],"yoast_head":"<!-- This site is optimized with the Yoast SEO plugin v20.1 - https:\/\/yoast.com\/wordpress\/plugins\/seo\/ -->\n<title>Torna alla Schiranna la Fiera di Varese<\/title>\n<meta name=\"description\" content=\"Vicina al traguardo dei 40 anni, la Fiera torna alla Schiranna dal 5 al 13 settembre, rinnovata nel format e nella gestione per la sua 38\u00b0 edizione\" \/>\n<meta name=\"robots\" content=\"noindex, follow, max-snippet:-1, max-image-preview:large, max-video-preview:-1\" \/>\n<meta property=\"og:locale\" content=\"it_IT\" \/>\n<meta property=\"og:type\" content=\"article\" \/>\n<meta property=\"og:title\" content=\"Torna alla Schiranna la Fiera di Varese\" \/>\n<meta property=\"og:description\" content=\"Vicina al traguardo dei 40 anni, la Fiera torna alla Schiranna dal 5 al 13 settembre, rinnovata nel format e nella gestione per la sua 38\u00b0 edizione\" \/>\n<meta property=\"og:url\" content=\"https:\/\/staging.varesenews.it\/2015\/08\/torna-alla-schiranna-la-fiera-di-varese\/395499\/\" \/>\n<meta property=\"og:site_name\" content=\"VareseNews\" \/>\n<meta property=\"article:publisher\" content=\"https:\/\/www.facebook.com\/varesenews\" \/>\n<meta property=\"article:author\" content=\"https:\/\/www.facebook.com\/stefaniaradman\" \/>\n<meta property=\"article:published_time\" content=\"2015-08-26T15:45:36+00:00\" \/>\n<meta property=\"article:modified_time\" content=\"2015-09-02T13:23:20+00:00\" \/>\n<meta name=\"author\" content=\"Stefania Radman\" \/>\n<meta name=\"twitter:card\" content=\"summary_large_image\" \/>\n<meta name=\"twitter:creator\" content=\"@LaRadman\" \/>\n<meta name=\"twitter:site\" content=\"@varesenews\" \/>\n<meta name=\"twitter:label1\" content=\"Scritto da\" \/>\n\t<meta name=\"twitter:data1\" content=\"Stefania Radman\" \/>\n\t<meta name=\"twitter:label2\" content=\"Tempo di lettura stimato\" \/>\n\t<meta name=\"twitter:data2\" content=\"3 minuti\" \/>\n<script type=\"application\/ld+json\" class=\"yoast-schema-graph\">{\"@context\":\"https:\/\/schema.org\",\"@graph\":[{\"@type\":\"WebPage\",\"@id\":\"https:\/\/staging.varesenews.it\/2015\/08\/torna-alla-schiranna-la-fiera-di-varese\/395499\/\",\"url\":\"https:\/\/staging.varesenews.it\/2015\/08\/torna-alla-schiranna-la-fiera-di-varese\/395499\/\",\"name\":\"Torna alla Schiranna la Fiera di Varese\",\"isPartOf\":{\"@id\":\"https:\/\/staging.varesenews.it\/#website\"},\"datePublished\":\"2015-08-26T15:45:36+00:00\",\"dateModified\":\"2015-09-02T13:23:20+00:00\",\"author\":{\"@id\":\"https:\/\/staging.varesenews.it\/#\/schema\/person\/995d2e6a31c67237a9a1bc1f0079f3aa\"},\"description\":\"Vicina al traguardo dei 40 anni, la Fiera torna alla Schiranna dal 5 al 13 settembre, rinnovata nel format e nella gestione per la sua 38\u00b0 edizione\",\"breadcrumb\":{\"@id\":\"https:\/\/staging.varesenews.it\/2015\/08\/torna-alla-schiranna-la-fiera-di-varese\/395499\/#breadcrumb\"},\"inLanguage\":\"it-IT\",\"potentialAction\":[{\"@type\":\"ReadAction\",\"target\":[\"https:\/\/staging.varesenews.it\/2015\/08\/torna-alla-schiranna-la-fiera-di-varese\/395499\/\"]}]},{\"@type\":\"BreadcrumbList\",\"@id\":\"https:\/\/staging.varesenews.it\/2015\/08\/torna-alla-schiranna-la-fiera-di-varese\/395499\/#breadcrumb\",\"itemListElement\":[{\"@type\":\"ListItem\",\"position\":1,\"name\":\"Home\",\"item\":\"https:\/\/www.varesenews.it\/\"},{\"@type\":\"ListItem\",\"position\":2,\"name\":\"Torna alla Schiranna la Fiera di Varese\"}]},{\"@type\":\"WebSite\",\"@id\":\"https:\/\/staging.varesenews.it\/#website\",\"url\":\"https:\/\/staging.varesenews.it\/\",\"name\":\"VareseNews\",\"description\":\"\",\"potentialAction\":[{\"@type\":\"SearchAction\",\"target\":{\"@type\":\"EntryPoint\",\"urlTemplate\":\"https:\/\/staging.varesenews.it\/?s={search_term_string}\"},\"query-input\":\"required name=search_term_string\"}],\"inLanguage\":\"it-IT\"},{\"@type\":\"Person\",\"@id\":\"https:\/\/staging.varesenews.it\/#\/schema\/person\/995d2e6a31c67237a9a1bc1f0079f3aa\",\"name\":\"Stefania Radman\",\"image\":{\"@type\":\"ImageObject\",\"inLanguage\":\"it-IT\",\"@id\":\"https:\/\/staging.varesenews.it\/#\/schema\/person\/image\/\",\"url\":\"https:\/\/staging.varesenews.it\/wp-content\/uploads\/2020\/12\/stefania_radman_colori_500.jpg\",\"contentUrl\":\"https:\/\/staging.varesenews.it\/wp-content\/uploads\/2020\/12\/stefania_radman_colori_500.jpg\",\"caption\":\"Stefania Radman\"},\"description\":\"Varesina dal 1991, lavoro dal 2000 per Varesenews.it, prima come responsabile della pagina dell&rsquo;economia, poi della pagina life, ora della citt&agrave; di Varese.Ma sono (e sono stata) anche altro: per esempio, agli albori delle radio private ero dj in una radio milanese, Onda Radio. Da 20 anni sono corrispondente da Varese di Radio Popolare e ho collaborato con Espresso, Repubblica, Diario della Settimana, Italia Oggi. &ldquo;Smanettona&rdquo; da sempre, ho aperto il mio primo sito personale con Geocities nei primi anni novanta (chi se lo ricorda?) e i miei primi blog in Splinder all&rsquo;inizio del 2000. Ora sono sui social: qui quasi sempre sono semplicemente \\\"LaRadman&rdquo;.\",\"sameAs\":[\"http:\/\/laradman.blogspot.it\",\"https:\/\/www.facebook.com\/stefaniaradman\",\"@LaRadman\",\"https:\/\/www.linkedin.com\/in\/stefaniaradman\",\"https:\/\/twitter.com\/LaRadman\"],\"url\":\"https:\/\/staging.varesenews.it\/persona\/stefania-radman1\/\"}]}<\/script>\n<!-- \/ Yoast SEO plugin. -->","yoast_head_json":{"title":"Torna alla Schiranna la Fiera di Varese","description":"Vicina al traguardo dei 40 anni, la Fiera torna alla Schiranna dal 5 al 13 settembre, rinnovata nel format e nella gestione per la sua 38\u00b0 edizione","robots":{"index":"noindex","follow":"follow","max-snippet":"max-snippet:-1","max-image-preview":"max-image-preview:large","max-video-preview":"max-video-preview:-1"},"og_locale":"it_IT","og_type":"article","og_title":"Torna alla Schiranna la Fiera di Varese","og_description":"Vicina al traguardo dei 40 anni, la Fiera torna alla Schiranna dal 5 al 13 settembre, rinnovata nel format e nella gestione per la sua 38\u00b0 edizione","og_url":"https:\/\/staging.varesenews.it\/2015\/08\/torna-alla-schiranna-la-fiera-di-varese\/395499\/","og_site_name":"VareseNews","article_publisher":"https:\/\/www.facebook.com\/varesenews","article_author":"https:\/\/www.facebook.com\/stefaniaradman","article_published_time":"2015-08-26T15:45:36+00:00","article_modified_time":"2015-09-02T13:23:20+00:00","author":"Stefania Radman","twitter_card":"summary_large_image","twitter_creator":"@LaRadman","twitter_site":"@varesenews","twitter_misc":{"Scritto da":"Stefania Radman","Tempo di lettura stimato":"3 minuti"},"schema":{"@context":"https:\/\/schema.org","@graph":[{"@type":"WebPage","@id":"https:\/\/staging.varesenews.it\/2015\/08\/torna-alla-schiranna-la-fiera-di-varese\/395499\/","url":"https:\/\/staging.varesenews.it\/2015\/08\/torna-alla-schiranna-la-fiera-di-varese\/395499\/","name":"Torna alla Schiranna la Fiera di Varese","isPartOf":{"@id":"https:\/\/staging.varesenews.it\/#website"},"datePublished":"2015-08-26T15:45:36+00:00","dateModified":"2015-09-02T13:23:20+00:00","author":{"@id":"https:\/\/staging.varesenews.it\/#\/schema\/person\/995d2e6a31c67237a9a1bc1f0079f3aa"},"description":"Vicina al traguardo dei 40 anni, la Fiera torna alla Schiranna dal 5 al 13 settembre, rinnovata nel format e nella gestione per la sua 38\u00b0 edizione","breadcrumb":{"@id":"https:\/\/staging.varesenews.it\/2015\/08\/torna-alla-schiranna-la-fiera-di-varese\/395499\/#breadcrumb"},"inLanguage":"it-IT","potentialAction":[{"@type":"ReadAction","target":["https:\/\/staging.varesenews.it\/2015\/08\/torna-alla-schiranna-la-fiera-di-varese\/395499\/"]}]},{"@type":"BreadcrumbList","@id":"https:\/\/staging.varesenews.it\/2015\/08\/torna-alla-schiranna-la-fiera-di-varese\/395499\/#breadcrumb","itemListElement":[{"@type":"ListItem","position":1,"name":"Home","item":"https:\/\/www.varesenews.it\/"},{"@type":"ListItem","position":2,"name":"Torna alla Schiranna la Fiera di Varese"}]},{"@type":"WebSite","@id":"https:\/\/staging.varesenews.it\/#website","url":"https:\/\/staging.varesenews.it\/","name":"VareseNews","description":"","potentialAction":[{"@type":"SearchAction","target":{"@type":"EntryPoint","urlTemplate":"https:\/\/staging.varesenews.it\/?s={search_term_string}"},"query-input":"required name=search_term_string"}],"inLanguage":"it-IT"},{"@type":"Person","@id":"https:\/\/staging.varesenews.it\/#\/schema\/person\/995d2e6a31c67237a9a1bc1f0079f3aa","name":"Stefania Radman","image":{"@type":"ImageObject","inLanguage":"it-IT","@id":"https:\/\/staging.varesenews.it\/#\/schema\/person\/image\/","url":"https:\/\/staging.varesenews.it\/wp-content\/uploads\/2020\/12\/stefania_radman_colori_500.jpg","contentUrl":"https:\/\/staging.varesenews.it\/wp-content\/uploads\/2020\/12\/stefania_radman_colori_500.jpg","caption":"Stefania Radman"},"description":"Varesina dal 1991, lavoro dal 2000 per Varesenews.it, prima come responsabile della pagina dell&rsquo;economia, poi della pagina life, ora della citt&agrave; di Varese.Ma sono (e sono stata) anche altro: per esempio, agli albori delle radio private ero dj in una radio milanese, Onda Radio. Da 20 anni sono corrispondente da Varese di Radio Popolare e ho collaborato con Espresso, Repubblica, Diario della Settimana, Italia Oggi. &ldquo;Smanettona&rdquo; da sempre, ho aperto il mio primo sito personale con Geocities nei primi anni novanta (chi se lo ricorda?) e i miei primi blog in Splinder all&rsquo;inizio del 2000. Ora sono sui social: qui quasi sempre sono semplicemente \"LaRadman&rdquo;.","sameAs":["http:\/\/laradman.blogspot.it","https:\/\/www.facebook.com\/stefaniaradman","@LaRadman","https:\/\/www.linkedin.com\/in\/stefaniaradman","https:\/\/twitter.com\/LaRadman"],"url":"https:\/\/staging.varesenews.it\/persona\/stefania-radman1\/"}]}},"post_meta":{"_edit_lock":"1441200325:48","_edit_last":"48","ratings_users":"0","ratings_score":"0","ratings_average":"0","_category_permalink":"","wdfb_og_title":"","wdfb_og_type":"","wdfb_og_description":"","wdfb_og_images":"a:1:{i:0;s:0:\"\";}","wdfb_og_custom_name":"a:1:{i:0;s:0:\"\";}","wdfb_og_custom_value":"a:1:{i:0;s:0:\"\";}","foto":"85191","argomento":"Varese","_yoast_wpseo_focuskw":"fiera","_yoast_wpseo_metadesc":"Vicina al traguardo dei 40 anni, la Fiera torna alla Schiranna dal 5 al 13 settembre, rinnovata nel format e nella gestione per la sua 38\u00b0 edizione","_jd_twitter":"","_jd_tweet_this":"yes","_wpt_short_url":"http:\/\/www.varesenews.it\/2015\/08\/torna-alla-schiranna-la-fiera-di-varese\/395499\/","_wp_jd_target":"http:\/\/www.varesenews.it\/2015\/08\/torna-alla-schiranna-la-fiera-di-varese\/395499\/","_jd_wp_twitter":"a:1:{i:0;s:146:\"Torna alla Schiranna la Fiera di Varese http:\/\/www.varesenews.it\/2015\/08\/torna-alla-schiranna-la-fiera-di-varese\/395499\/ #fieradivarese #schiranna\";}","_wpt_status_message":"Tweet inviato con successo.","_yoast_wpseo_linkdex":"82"},"photos":[{"original":"https:\/\/staging.varesenews.it\/photogallery_new\/images\/2013\/10\/inaugurazione-fiera-varese-inserita-in-galleria-85191.jpg","full":"https:\/\/staging.varesenews.it\/photogallery_new\/images\/2013\/10\/inaugurazione-fiera-varese-inserita-in-galleria-85191.1024x768.jpg","large":"https:\/\/staging.varesenews.it\/photogallery_new\/images\/2013\/10\/inaugurazione-fiera-varese-inserita-in-galleria-85191.610x431.jpg"}],"_links":{"self":[{"href":"https:\/\/staging.varesenews.it\/swgapi\/v1\/wp\/v2\/posts\/395499"}],"collection":[{"href":"https:\/\/staging.varesenews.it\/swgapi\/v1\/wp\/v2\/posts"}],"about":[{"href":"https:\/\/staging.varesenews.it\/swgapi\/v1\/wp\/v2\/types\/post"}],"author":[{"embeddable":true,"href":"https:\/\/staging.varesenews.it\/swgapi\/v1\/wp\/v2\/users\/48"}],"replies":[{"embeddable":true,"href":"https:\/\/staging.varesenews.it\/swgapi\/v1\/wp\/v2\/comments?post=395499"}],"version-history":[{"count":0,"href":"https:\/\/staging.varesenews.it\/swgapi\/v1\/wp\/v2\/posts\/395499\/revisions"}],"wp:attachment":[{"href":"https:\/\/staging.varesenews.it\/swgapi\/v1\/wp\/v2\/media?parent=395499"}],"wp:term":[{"taxonomy":"category","embeddable":true,"href":"https:\/\/staging.varesenews.it\/swgapi\/v1\/wp\/v2\/categories?post=395499"},{"taxonomy":"post_tag","embeddable":true,"href":"https:\/\/staging.varesenews.it\/swgapi\/v1\/wp\/v2\/tags?post=395499"}],"curies":[{"name":"wp","href":"https:\/\/api.w.org\/{rel}","templated":true}]}}