{"id":39586,"date":"2014-03-14T00:00:00","date_gmt":"2014-03-14T00:00:00","guid":{"rendered":""},"modified":"2014-03-14T00:00:00","modified_gmt":"2014-03-14T00:00:00","slug":"assembela-pubblica-sulla-discarica-degli-inerti","status":"publish","type":"post","link":"https:\/\/staging.varesenews.it\/2014\/03\/assembela-pubblica-sulla-discarica-degli-inerti\/39586\/","title":{"rendered":"Assembela pubblica sulla discarica degli inerti"},"content":{"rendered":"<p><img loading=\"lazy\" decoding=\"async\" src=\"https:\/\/www3.varesenews.it\/immagini_articoli\/201103\/VINCENZI.jpg\" width=\"64\" height=\"64\" vspace=\"5\" hspace=\"5\" border=\"1\" align=\"left\" alt=\"\" \/>Importante assemblea pubblica <strong>venerd&igrave; 14 marzo a Gaggiol<\/strong>o&nbsp;alle ore <strong>18,30 <\/strong>presso l&#8217;<strong>Oratorio di Gaggiolo<\/strong>&nbsp;per discutere<strong>&nbsp;<\/strong>le problematiche riguardanti la discarica di inerti (e gli annessi trattamenti meccanici) che si trova nel territorio di<strong> Stabio<\/strong> a ridosso delle case di <strong>Gaggiolo. &nbsp;(nella foto il sindaco di Cantello Gunnar Vincenzi)<br \/>\nDurante l&#8217;assemblea<\/strong>&nbsp;verr&agrave; fatto il punto sulla situazione dei lavori per la ferrovia Arcisate-Stabio. L&#8217;assemblea pubblica &egrave; stata&nbsp;indetta dall&#8217;amministrazione comunale, in collaborazione con l&#8217;associazione &quot;<strong>Vivere Gaggiolo&quot;.<\/strong><\/p>\n","protected":false},"excerpt":{"rendered":"<p>L&#8217;appuntamento \u00e8 per venerd\u00ec 14 marzo a Gaggiolo alle ore 18,30 presso l&#8217;Oratorio. Si far\u00e0 il punto anche sulla Arcisate-Stabio<\/p>\n","protected":false},"author":10,"featured_media":0,"comment_status":"open","ping_status":"open","sticky":false,"template":"","format":"standard","meta":{"footnotes":""},"categories":[8,2],"tags":[2054,719,2671],"acf":[],"yoast_head":"<!-- This site is optimized with the Yoast SEO plugin v20.1 - https:\/\/yoast.com\/wordpress\/plugins\/seo\/ -->\n<title>Assembela pubblica sulla discarica degli inerti<\/title>\n<meta name=\"description\" content=\"L&#039;appuntamento \u00e8 per venerd\u00ec 14 marzo a Gaggiolo alle ore 18,30 presso l&#039;Oratorio. Si far\u00e0 il punto anche sulla Arcisate-Stabio\" \/>\n<meta name=\"robots\" content=\"noindex, follow, max-snippet:-1, max-image-preview:large, max-video-preview:-1\" \/>\n<meta property=\"og:locale\" content=\"it_IT\" \/>\n<meta property=\"og:type\" content=\"article\" \/>\n<meta property=\"og:title\" content=\"Assembela pubblica sulla discarica degli inerti\" \/>\n<meta property=\"og:description\" content=\"L&#039;appuntamento \u00e8 per venerd\u00ec 14 marzo a Gaggiolo alle ore 18,30 presso l&#039;Oratorio. Si far\u00e0 il punto anche sulla Arcisate-Stabio\" \/>\n<meta property=\"og:url\" content=\"https:\/\/staging.varesenews.it\/2014\/03\/assembela-pubblica-sulla-discarica-degli-inerti\/39586\/\" \/>\n<meta property=\"og:site_name\" content=\"VareseNews\" \/>\n<meta property=\"article:publisher\" content=\"https:\/\/www.facebook.com\/varesenews\" \/>\n<meta property=\"article:published_time\" content=\"2014-03-14T00:00:00+00:00\" \/>\n<meta property=\"og:image\" content=\"https:\/\/www3.varesenews.it\/immagini_articoli\/201103\/VINCENZI.jpg\" \/>\n<meta name=\"author\" content=\"Redazione VareseNews\" \/>\n<meta name=\"twitter:card\" content=\"summary_large_image\" \/>\n<meta name=\"twitter:creator\" content=\"@varesenews\" \/>\n<meta name=\"twitter:site\" content=\"@varesenews\" \/>\n<meta name=\"twitter:label1\" content=\"Scritto da\" \/>\n\t<meta name=\"twitter:data1\" content=\"Redazione VareseNews\" \/>\n<script type=\"application\/ld+json\" class=\"yoast-schema-graph\">{\"@context\":\"https:\/\/schema.org\",\"@graph\":[{\"@type\":\"WebPage\",\"@id\":\"https:\/\/staging.varesenews.it\/2014\/03\/assembela-pubblica-sulla-discarica-degli-inerti\/39586\/\",\"url\":\"https:\/\/staging.varesenews.it\/2014\/03\/assembela-pubblica-sulla-discarica-degli-inerti\/39586\/\",\"name\":\"Assembela pubblica sulla discarica degli inerti\",\"isPartOf\":{\"@id\":\"https:\/\/staging.varesenews.it\/#website\"},\"datePublished\":\"2014-03-14T00:00:00+00:00\",\"dateModified\":\"2014-03-14T00:00:00+00:00\",\"author\":{\"@id\":\"https:\/\/staging.varesenews.it\/#\/schema\/person\/fb20c4da0b7b16c291707a20db73e169\"},\"description\":\"L'appuntamento \u00e8 per venerd\u00ec 14 marzo a Gaggiolo alle ore 18,30 presso l'Oratorio. Si far\u00e0 il punto anche sulla Arcisate-Stabio\",\"breadcrumb\":{\"@id\":\"https:\/\/staging.varesenews.it\/2014\/03\/assembela-pubblica-sulla-discarica-degli-inerti\/39586\/#breadcrumb\"},\"inLanguage\":\"it-IT\",\"potentialAction\":[{\"@type\":\"ReadAction\",\"target\":[\"https:\/\/staging.varesenews.it\/2014\/03\/assembela-pubblica-sulla-discarica-degli-inerti\/39586\/\"]}]},{\"@type\":\"BreadcrumbList\",\"@id\":\"https:\/\/staging.varesenews.it\/2014\/03\/assembela-pubblica-sulla-discarica-degli-inerti\/39586\/#breadcrumb\",\"itemListElement\":[{\"@type\":\"ListItem\",\"position\":1,\"name\":\"Home\",\"item\":\"https:\/\/www.varesenews.it\/\"},{\"@type\":\"ListItem\",\"position\":2,\"name\":\"Assembela pubblica sulla discarica degli inerti\"}]},{\"@type\":\"WebSite\",\"@id\":\"https:\/\/staging.varesenews.it\/#website\",\"url\":\"https:\/\/staging.varesenews.it\/\",\"name\":\"VareseNews\",\"description\":\"\",\"potentialAction\":[{\"@type\":\"SearchAction\",\"target\":{\"@type\":\"EntryPoint\",\"urlTemplate\":\"https:\/\/staging.varesenews.it\/?s={search_term_string}\"},\"query-input\":\"required name=search_term_string\"}],\"inLanguage\":\"it-IT\"},{\"@type\":\"Person\",\"@id\":\"https:\/\/staging.varesenews.it\/#\/schema\/person\/fb20c4da0b7b16c291707a20db73e169\",\"name\":\"Redazione VareseNews\",\"image\":{\"@type\":\"ImageObject\",\"inLanguage\":\"it-IT\",\"@id\":\"https:\/\/staging.varesenews.it\/#\/schema\/person\/image\/\",\"url\":\"https:\/\/staging.varesenews.it\/wp-content\/uploads\/2020\/12\/logo_VN_colori_500.png\",\"contentUrl\":\"https:\/\/staging.varesenews.it\/wp-content\/uploads\/2020\/12\/logo_VN_colori_500.png\",\"caption\":\"Redazione VareseNews\"},\"url\":\"https:\/\/staging.varesenews.it\/persona\/redazione1\/\"}]}<\/script>\n<!-- \/ Yoast SEO plugin. -->","yoast_head_json":{"title":"Assembela pubblica sulla discarica degli inerti","description":"L'appuntamento \u00e8 per venerd\u00ec 14 marzo a Gaggiolo alle ore 18,30 presso l'Oratorio. Si far\u00e0 il punto anche sulla Arcisate-Stabio","robots":{"index":"noindex","follow":"follow","max-snippet":"max-snippet:-1","max-image-preview":"max-image-preview:large","max-video-preview":"max-video-preview:-1"},"og_locale":"it_IT","og_type":"article","og_title":"Assembela pubblica sulla discarica degli inerti","og_description":"L'appuntamento \u00e8 per venerd\u00ec 14 marzo a Gaggiolo alle ore 18,30 presso l'Oratorio. Si far\u00e0 il punto anche sulla Arcisate-Stabio","og_url":"https:\/\/staging.varesenews.it\/2014\/03\/assembela-pubblica-sulla-discarica-degli-inerti\/39586\/","og_site_name":"VareseNews","article_publisher":"https:\/\/www.facebook.com\/varesenews","article_published_time":"2014-03-14T00:00:00+00:00","og_image":[{"url":"https:\/\/www3.varesenews.it\/immagini_articoli\/201103\/VINCENZI.jpg"}],"author":"Redazione VareseNews","twitter_card":"summary_large_image","twitter_creator":"@varesenews","twitter_site":"@varesenews","twitter_misc":{"Scritto da":"Redazione VareseNews"},"schema":{"@context":"https:\/\/schema.org","@graph":[{"@type":"WebPage","@id":"https:\/\/staging.varesenews.it\/2014\/03\/assembela-pubblica-sulla-discarica-degli-inerti\/39586\/","url":"https:\/\/staging.varesenews.it\/2014\/03\/assembela-pubblica-sulla-discarica-degli-inerti\/39586\/","name":"Assembela pubblica sulla discarica degli inerti","isPartOf":{"@id":"https:\/\/staging.varesenews.it\/#website"},"datePublished":"2014-03-14T00:00:00+00:00","dateModified":"2014-03-14T00:00:00+00:00","author":{"@id":"https:\/\/staging.varesenews.it\/#\/schema\/person\/fb20c4da0b7b16c291707a20db73e169"},"description":"L'appuntamento \u00e8 per venerd\u00ec 14 marzo a Gaggiolo alle ore 18,30 presso l'Oratorio. Si far\u00e0 il punto anche sulla Arcisate-Stabio","breadcrumb":{"@id":"https:\/\/staging.varesenews.it\/2014\/03\/assembela-pubblica-sulla-discarica-degli-inerti\/39586\/#breadcrumb"},"inLanguage":"it-IT","potentialAction":[{"@type":"ReadAction","target":["https:\/\/staging.varesenews.it\/2014\/03\/assembela-pubblica-sulla-discarica-degli-inerti\/39586\/"]}]},{"@type":"BreadcrumbList","@id":"https:\/\/staging.varesenews.it\/2014\/03\/assembela-pubblica-sulla-discarica-degli-inerti\/39586\/#breadcrumb","itemListElement":[{"@type":"ListItem","position":1,"name":"Home","item":"https:\/\/www.varesenews.it\/"},{"@type":"ListItem","position":2,"name":"Assembela pubblica sulla discarica degli inerti"}]},{"@type":"WebSite","@id":"https:\/\/staging.varesenews.it\/#website","url":"https:\/\/staging.varesenews.it\/","name":"VareseNews","description":"","potentialAction":[{"@type":"SearchAction","target":{"@type":"EntryPoint","urlTemplate":"https:\/\/staging.varesenews.it\/?s={search_term_string}"},"query-input":"required name=search_term_string"}],"inLanguage":"it-IT"},{"@type":"Person","@id":"https:\/\/staging.varesenews.it\/#\/schema\/person\/fb20c4da0b7b16c291707a20db73e169","name":"Redazione VareseNews","image":{"@type":"ImageObject","inLanguage":"it-IT","@id":"https:\/\/staging.varesenews.it\/#\/schema\/person\/image\/","url":"https:\/\/staging.varesenews.it\/wp-content\/uploads\/2020\/12\/logo_VN_colori_500.png","contentUrl":"https:\/\/staging.varesenews.it\/wp-content\/uploads\/2020\/12\/logo_VN_colori_500.png","caption":"Redazione VareseNews"},"url":"https:\/\/staging.varesenews.it\/persona\/redazione1\/"}]}},"post_meta":{"id_old":"284199","argomento":"Gaggiolo"},"photos":[],"_links":{"self":[{"href":"https:\/\/staging.varesenews.it\/swgapi\/v1\/wp\/v2\/posts\/39586"}],"collection":[{"href":"https:\/\/staging.varesenews.it\/swgapi\/v1\/wp\/v2\/posts"}],"about":[{"href":"https:\/\/staging.varesenews.it\/swgapi\/v1\/wp\/v2\/types\/post"}],"author":[{"embeddable":true,"href":"https:\/\/staging.varesenews.it\/swgapi\/v1\/wp\/v2\/users\/10"}],"replies":[{"embeddable":true,"href":"https:\/\/staging.varesenews.it\/swgapi\/v1\/wp\/v2\/comments?post=39586"}],"version-history":[{"count":0,"href":"https:\/\/staging.varesenews.it\/swgapi\/v1\/wp\/v2\/posts\/39586\/revisions"}],"wp:attachment":[{"href":"https:\/\/staging.varesenews.it\/swgapi\/v1\/wp\/v2\/media?parent=39586"}],"wp:term":[{"taxonomy":"category","embeddable":true,"href":"https:\/\/staging.varesenews.it\/swgapi\/v1\/wp\/v2\/categories?post=39586"},{"taxonomy":"post_tag","embeddable":true,"href":"https:\/\/staging.varesenews.it\/swgapi\/v1\/wp\/v2\/tags?post=39586"}],"curies":[{"name":"wp","href":"https:\/\/api.w.org\/{rel}","templated":true}]}}