{"id":396085,"date":"2015-08-28T14:34:53","date_gmt":"2015-08-28T12:34:53","guid":{"rendered":"http:\/\/www.varesenews.it\/?p=396085"},"modified":"2015-08-29T14:39:56","modified_gmt":"2015-08-29T12:39:56","slug":"il-giro-del-mondo-in-80-minuti","status":"publish","type":"post","link":"https:\/\/staging.varesenews.it\/2015\/08\/il-giro-del-mondo-in-80-minuti\/396085\/","title":{"rendered":"Il giro del mondo&#8230; in 80 minuti"},"content":{"rendered":"<p>Non poteva mancare nell&#8217;edizione 2015 della Festa di Varesenews, un momento dedicato al <a href=\"http:\/\/www.141expo.com\/\" target=\"_blank\"><strong>progetto 141Expo<\/strong><\/a>. Proprio un anno fa, in occasione della nostra festa, avevamo dato il via al progetto, con gli abbinamenti tra i Comuni della provincia di Varese e gli stati presenti ad Expo.<\/p>\n<p>In questi mesi sono state fatte decine di iniziative, piccole e grandi, per creare momenti di incontro e di reciproca conoscenza con quella fetta di mondo che \u00e8 confluita\u00a0a pochi chilometri dalla nostra provincia in occasione dell&#8217;Esposizione Universale di Milano.<\/p>\n<p>Sabato pomeriggio faremo il punto sul progetto insieme ad alcuni tra i protagonisti del 141Expo. Dovendo selezionare solo tre fra le tante iniziative messe in campo dai comuni, abbiamo deciso di scegliere le tre situazioni in cui pi\u00f9 forte \u00e8 stato lo scambio tra realt\u00e0 locali e comunit\u00e0 straniere. Saranno con noi gli amministratori di <strong>Ferno<\/strong>, di<strong> Oggiona Santo Stefano<\/strong> e di <strong>Cavaria con Premezzo<\/strong> e rappresentanti dei loro paesi gemelli: rispettivamente la <strong>Malesia<\/strong>, il <strong>Venezuela<\/strong> e la <strong>Costa d&#8217;Avorio<\/strong>.<\/p>\n<p>Una presenza che simboleggia tre continenti e tre zone del mondo dove stanno avvenendo i cambiamenti pi\u00f9 importanti: l&#8217;Asia, il Sud America e l&#8217;Africa.<\/p>\n<p><strong>Vi aspettiamo sabato 20 agosto alle 18,30, nell&#8217;area Feste della Schiranna alla Festa Anche Io 2015.<\/strong><\/p>\n","protected":false},"excerpt":{"rendered":"<p>Sabato pomeriggio, alle 18,30 alla festa di Varesenews, un incontro dedicato al progetto 141Expo e ai gemellaggi tra i comuni della provincia di Varese e gli stati presenti a Expo2015<\/p>\n","protected":false},"author":44,"featured_media":0,"comment_status":"open","ping_status":"open","sticky":false,"template":"","format":"standard","meta":{"footnotes":""},"categories":[3,2],"tags":[329,373,328],"acf":[],"yoast_head":"<!-- This site is optimized with the Yoast SEO plugin v20.1 - https:\/\/yoast.com\/wordpress\/plugins\/seo\/ -->\n<title>Il giro del mondo... in 80 minuti<\/title>\n<meta name=\"description\" content=\"Sabato pomeriggio, alle 18,30 alla festa di Varesenews, un incontro dedicato al progetto 141Expo e ai gemellaggi tra i comuni della provincia di Varese e gli stati presenti a Expo2015\" \/>\n<meta name=\"robots\" content=\"noindex, follow, max-snippet:-1, max-image-preview:large, max-video-preview:-1\" \/>\n<meta property=\"og:locale\" content=\"it_IT\" \/>\n<meta property=\"og:type\" content=\"article\" \/>\n<meta property=\"og:title\" content=\"Il giro del mondo... in 80 minuti\" \/>\n<meta property=\"og:description\" content=\"Sabato pomeriggio, alle 18,30 alla festa di Varesenews, un incontro dedicato al progetto 141Expo e ai gemellaggi tra i comuni della provincia di Varese e gli stati presenti a Expo2015\" \/>\n<meta property=\"og:url\" content=\"https:\/\/staging.varesenews.it\/2015\/08\/il-giro-del-mondo-in-80-minuti\/396085\/\" \/>\n<meta property=\"og:site_name\" content=\"VareseNews\" \/>\n<meta property=\"article:publisher\" content=\"https:\/\/www.facebook.com\/varesenews\" \/>\n<meta property=\"article:author\" content=\"https:\/\/www.facebook.com\/mariangela.gerletti\" \/>\n<meta property=\"article:published_time\" content=\"2015-08-28T12:34:53+00:00\" \/>\n<meta property=\"article:modified_time\" content=\"2015-08-29T12:39:56+00:00\" \/>\n<meta name=\"author\" content=\"Mariangela Gerletti\" \/>\n<meta name=\"twitter:card\" content=\"summary_large_image\" \/>\n<meta name=\"twitter:creator\" content=\"@MariGerletti\" \/>\n<meta name=\"twitter:site\" content=\"@varesenews\" \/>\n<meta name=\"twitter:label1\" content=\"Scritto da\" \/>\n\t<meta name=\"twitter:data1\" content=\"Mariangela Gerletti\" \/>\n\t<meta name=\"twitter:label2\" content=\"Tempo di lettura stimato\" \/>\n\t<meta name=\"twitter:data2\" content=\"1 minuto\" \/>\n<script type=\"application\/ld+json\" class=\"yoast-schema-graph\">{\"@context\":\"https:\/\/schema.org\",\"@graph\":[{\"@type\":\"WebPage\",\"@id\":\"https:\/\/staging.varesenews.it\/2015\/08\/il-giro-del-mondo-in-80-minuti\/396085\/\",\"url\":\"https:\/\/staging.varesenews.it\/2015\/08\/il-giro-del-mondo-in-80-minuti\/396085\/\",\"name\":\"Il giro del mondo... in 80 minuti\",\"isPartOf\":{\"@id\":\"https:\/\/staging.varesenews.it\/#website\"},\"datePublished\":\"2015-08-28T12:34:53+00:00\",\"dateModified\":\"2015-08-29T12:39:56+00:00\",\"author\":{\"@id\":\"https:\/\/staging.varesenews.it\/#\/schema\/person\/14f52876ea19bc10d0d2717b6e8f9b89\"},\"description\":\"Sabato pomeriggio, alle 18,30 alla festa di Varesenews, un incontro dedicato al progetto 141Expo e ai gemellaggi tra i comuni della provincia di Varese e gli stati presenti a Expo2015\",\"breadcrumb\":{\"@id\":\"https:\/\/staging.varesenews.it\/2015\/08\/il-giro-del-mondo-in-80-minuti\/396085\/#breadcrumb\"},\"inLanguage\":\"it-IT\",\"potentialAction\":[{\"@type\":\"ReadAction\",\"target\":[\"https:\/\/staging.varesenews.it\/2015\/08\/il-giro-del-mondo-in-80-minuti\/396085\/\"]}]},{\"@type\":\"BreadcrumbList\",\"@id\":\"https:\/\/staging.varesenews.it\/2015\/08\/il-giro-del-mondo-in-80-minuti\/396085\/#breadcrumb\",\"itemListElement\":[{\"@type\":\"ListItem\",\"position\":1,\"name\":\"Home\",\"item\":\"https:\/\/www.varesenews.it\/\"},{\"@type\":\"ListItem\",\"position\":2,\"name\":\"Il giro del mondo&#8230; in 80 minuti\"}]},{\"@type\":\"WebSite\",\"@id\":\"https:\/\/staging.varesenews.it\/#website\",\"url\":\"https:\/\/staging.varesenews.it\/\",\"name\":\"VareseNews\",\"description\":\"\",\"potentialAction\":[{\"@type\":\"SearchAction\",\"target\":{\"@type\":\"EntryPoint\",\"urlTemplate\":\"https:\/\/staging.varesenews.it\/?s={search_term_string}\"},\"query-input\":\"required name=search_term_string\"}],\"inLanguage\":\"it-IT\"},{\"@type\":\"Person\",\"@id\":\"https:\/\/staging.varesenews.it\/#\/schema\/person\/14f52876ea19bc10d0d2717b6e8f9b89\",\"name\":\"Mariangela Gerletti\",\"image\":{\"@type\":\"ImageObject\",\"inLanguage\":\"it-IT\",\"@id\":\"https:\/\/staging.varesenews.it\/#\/schema\/person\/image\/\",\"url\":\"https:\/\/staging.varesenews.it\/wp-content\/uploads\/2020\/12\/mariangela.jpeg\",\"contentUrl\":\"https:\/\/staging.varesenews.it\/wp-content\/uploads\/2020\/12\/mariangela.jpeg\",\"caption\":\"Mariangela Gerletti\"},\"description\":\"Da pi&ugrave; di trent'anni mi occupo di giornalismo e comunicazione Varesenews &egrave; il luogo dove ho trovato la passione, l'attenzione e le persone che ogni giorno mi fanno amare un po' di pi&ugrave; questo lavoro di cui non mi stanco mai. Far parte della redazione di Varesenews &egrave; un onore, sostenere il progetto della membership &egrave; un piacere perch&eacute; mi fa sentire ancora pi&ugrave; vicina alla grande comunit&agrave; dei nostri lettori.\",\"sameAs\":[\"https:\/\/www.facebook.com\/mariangela.gerletti\",\"marigerletti\",\"https:\/\/twitter.com\/MariGerletti\"],\"url\":\"https:\/\/staging.varesenews.it\/persona\/mariangela-gerletti1\/\"}]}<\/script>\n<!-- \/ Yoast SEO plugin. -->","yoast_head_json":{"title":"Il giro del mondo... in 80 minuti","description":"Sabato pomeriggio, alle 18,30 alla festa di Varesenews, un incontro dedicato al progetto 141Expo e ai gemellaggi tra i comuni della provincia di Varese e gli stati presenti a Expo2015","robots":{"index":"noindex","follow":"follow","max-snippet":"max-snippet:-1","max-image-preview":"max-image-preview:large","max-video-preview":"max-video-preview:-1"},"og_locale":"it_IT","og_type":"article","og_title":"Il giro del mondo... in 80 minuti","og_description":"Sabato pomeriggio, alle 18,30 alla festa di Varesenews, un incontro dedicato al progetto 141Expo e ai gemellaggi tra i comuni della provincia di Varese e gli stati presenti a Expo2015","og_url":"https:\/\/staging.varesenews.it\/2015\/08\/il-giro-del-mondo-in-80-minuti\/396085\/","og_site_name":"VareseNews","article_publisher":"https:\/\/www.facebook.com\/varesenews","article_author":"https:\/\/www.facebook.com\/mariangela.gerletti","article_published_time":"2015-08-28T12:34:53+00:00","article_modified_time":"2015-08-29T12:39:56+00:00","author":"Mariangela Gerletti","twitter_card":"summary_large_image","twitter_creator":"@MariGerletti","twitter_site":"@varesenews","twitter_misc":{"Scritto da":"Mariangela Gerletti","Tempo di lettura stimato":"1 minuto"},"schema":{"@context":"https:\/\/schema.org","@graph":[{"@type":"WebPage","@id":"https:\/\/staging.varesenews.it\/2015\/08\/il-giro-del-mondo-in-80-minuti\/396085\/","url":"https:\/\/staging.varesenews.it\/2015\/08\/il-giro-del-mondo-in-80-minuti\/396085\/","name":"Il giro del mondo... in 80 minuti","isPartOf":{"@id":"https:\/\/staging.varesenews.it\/#website"},"datePublished":"2015-08-28T12:34:53+00:00","dateModified":"2015-08-29T12:39:56+00:00","author":{"@id":"https:\/\/staging.varesenews.it\/#\/schema\/person\/14f52876ea19bc10d0d2717b6e8f9b89"},"description":"Sabato pomeriggio, alle 18,30 alla festa di Varesenews, un incontro dedicato al progetto 141Expo e ai gemellaggi tra i comuni della provincia di Varese e gli stati presenti a Expo2015","breadcrumb":{"@id":"https:\/\/staging.varesenews.it\/2015\/08\/il-giro-del-mondo-in-80-minuti\/396085\/#breadcrumb"},"inLanguage":"it-IT","potentialAction":[{"@type":"ReadAction","target":["https:\/\/staging.varesenews.it\/2015\/08\/il-giro-del-mondo-in-80-minuti\/396085\/"]}]},{"@type":"BreadcrumbList","@id":"https:\/\/staging.varesenews.it\/2015\/08\/il-giro-del-mondo-in-80-minuti\/396085\/#breadcrumb","itemListElement":[{"@type":"ListItem","position":1,"name":"Home","item":"https:\/\/www.varesenews.it\/"},{"@type":"ListItem","position":2,"name":"Il giro del mondo&#8230; in 80 minuti"}]},{"@type":"WebSite","@id":"https:\/\/staging.varesenews.it\/#website","url":"https:\/\/staging.varesenews.it\/","name":"VareseNews","description":"","potentialAction":[{"@type":"SearchAction","target":{"@type":"EntryPoint","urlTemplate":"https:\/\/staging.varesenews.it\/?s={search_term_string}"},"query-input":"required name=search_term_string"}],"inLanguage":"it-IT"},{"@type":"Person","@id":"https:\/\/staging.varesenews.it\/#\/schema\/person\/14f52876ea19bc10d0d2717b6e8f9b89","name":"Mariangela Gerletti","image":{"@type":"ImageObject","inLanguage":"it-IT","@id":"https:\/\/staging.varesenews.it\/#\/schema\/person\/image\/","url":"https:\/\/staging.varesenews.it\/wp-content\/uploads\/2020\/12\/mariangela.jpeg","contentUrl":"https:\/\/staging.varesenews.it\/wp-content\/uploads\/2020\/12\/mariangela.jpeg","caption":"Mariangela Gerletti"},"description":"Da pi&ugrave; di trent'anni mi occupo di giornalismo e comunicazione Varesenews &egrave; il luogo dove ho trovato la passione, l'attenzione e le persone che ogni giorno mi fanno amare un po' di pi&ugrave; questo lavoro di cui non mi stanco mai. Far parte della redazione di Varesenews &egrave; un onore, sostenere il progetto della membership &egrave; un piacere perch&eacute; mi fa sentire ancora pi&ugrave; vicina alla grande comunit&agrave; dei nostri lettori.","sameAs":["https:\/\/www.facebook.com\/mariangela.gerletti","marigerletti","https:\/\/twitter.com\/MariGerletti"],"url":"https:\/\/staging.varesenews.it\/persona\/mariangela-gerletti1\/"}]}},"post_meta":{"_edit_lock":"1440855931:44","_edit_last":"44","_category_permalink":"","wdfb_og_title":"","wdfb_og_type":"","wdfb_og_description":"","wdfb_og_images":"a:1:{i:0;s:0:\"\";}","wdfb_og_custom_name":"a:1:{i:0;s:0:\"\";}","wdfb_og_custom_value":"a:1:{i:0;s:0:\"\";}","_jd_twitter":"","_jd_tweet_this":"yes","foto":"462368","ratings_users":"0","ratings_score":"0","ratings_average":"0","_wpt_short_url":"http:\/\/www.varesenews.it\/2015\/08\/il-giro-del-mondo-in-80-minuti\/396085\/","_wp_jd_target":"http:\/\/www.varesenews.it\/2015\/08\/il-giro-del-mondo-in-80-minuti\/396085\/","_jd_wp_twitter":"a:1:{i:0;s:130:\"Il giro del mondo... in 80 minuti http:\/\/www.varesenews.it\/2015\/08\/il-giro-del-mondo-in-80-minuti\/396085\/ #141expo #expo #expo2015\";}","_wpt_status_message":"Tweet inviato con successo."},"photos":[{"original":"https:\/\/staging.varesenews.it\/photogallery_new\/images\/2015\/06\/serata-ferno-malesia-19-giugno-2015-462368.jpg","full":"https:\/\/staging.varesenews.it\/photogallery_new\/images\/2015\/06\/serata-ferno-malesia-19-giugno-2015-462368.1024x768.jpg","large":"https:\/\/staging.varesenews.it\/photogallery_new\/images\/2015\/06\/serata-ferno-malesia-19-giugno-2015-462368.610x431.jpg"}],"_links":{"self":[{"href":"https:\/\/staging.varesenews.it\/swgapi\/v1\/wp\/v2\/posts\/396085"}],"collection":[{"href":"https:\/\/staging.varesenews.it\/swgapi\/v1\/wp\/v2\/posts"}],"about":[{"href":"https:\/\/staging.varesenews.it\/swgapi\/v1\/wp\/v2\/types\/post"}],"author":[{"embeddable":true,"href":"https:\/\/staging.varesenews.it\/swgapi\/v1\/wp\/v2\/users\/44"}],"replies":[{"embeddable":true,"href":"https:\/\/staging.varesenews.it\/swgapi\/v1\/wp\/v2\/comments?post=396085"}],"version-history":[{"count":0,"href":"https:\/\/staging.varesenews.it\/swgapi\/v1\/wp\/v2\/posts\/396085\/revisions"}],"wp:attachment":[{"href":"https:\/\/staging.varesenews.it\/swgapi\/v1\/wp\/v2\/media?parent=396085"}],"wp:term":[{"taxonomy":"category","embeddable":true,"href":"https:\/\/staging.varesenews.it\/swgapi\/v1\/wp\/v2\/categories?post=396085"},{"taxonomy":"post_tag","embeddable":true,"href":"https:\/\/staging.varesenews.it\/swgapi\/v1\/wp\/v2\/tags?post=396085"}],"curies":[{"name":"wp","href":"https:\/\/api.w.org\/{rel}","templated":true}]}}