{"id":396647,"date":"2015-09-01T17:35:27","date_gmt":"2015-09-01T15:35:27","guid":{"rendered":"http:\/\/www.varesenews.it\/?p=396647"},"modified":"2015-09-01T17:35:27","modified_gmt":"2015-09-01T15:35:27","slug":"il-decoro-urbano-e-lapp-dimenticata","status":"publish","type":"post","link":"https:\/\/staging.varesenews.it\/2015\/09\/il-decoro-urbano-e-lapp-dimenticata\/396647\/","title":{"rendered":"Il decoro urbano e l&#8217;app dimenticata"},"content":{"rendered":"<p>Qualche giorno fa l&#8217;amministrazione comunale, su specifica richiesta del sindaco Gigi Farioli, ha aperto una casella di posta elettronica antidegrado (<strong>bustoordinata@comune.bustoarsizio.va.it)\u00a0<\/strong>probabilmente dimenticandosi che un modo per segnalare le situazioni di degrado a Busto c&#8217;\u00e8 gi\u00e0 ed \u00e8 una comoda app che si chiama Decoro Urbano e attraverso la quale sono state gi\u00e0 fatte 282\u00a0segnalazioni, 116 gi\u00e0\u00a0risolte, di situazioni di degrado in ogni zona della citt\u00e0.<\/p>\n<p>Un&#8217;applicazione che funziona, dunque, nonostante il Comune se ne sia praticamente dimenticato. La situazione di Busto Arsizio \u00e8 visibile anche su pc e a<a href=\"http:\/\/busto-arsizio.decorourbano.org\/\"> questo link<\/a> trovate tutto. La zona che \u00e8 stata segnalata con maggiore frequenza \u00e8 quella del centro ma sono diverse anche quelle nella zona stazione Fs e nella zona ovest della citt\u00e0. Vengono segnalate problematiche all&#8217;illuminazione, vandalismi, graffiti, vegetazione debordante, buche e altre situazioni che abbruttiscono la citt\u00e0.<\/p>\n<p>&nbsp;<\/p>\n","protected":false},"excerpt":{"rendered":"<p>Nelle settimane scorse l&#8217;amministrazione comunale ha istituito un indirizzo mail per segnalare le situazioni di degrado ma esiste una comoda app che si chiama &#8220;Decoro Urbano&#8221; molto usata dai bustocchi<\/p>\n","protected":false},"author":47,"featured_media":0,"comment_status":"open","ping_status":"open","sticky":false,"template":"","format":"standard","meta":{"footnotes":""},"categories":[4],"tags":[1699,1706],"acf":[],"yoast_head":"<!-- This site is optimized with the Yoast SEO plugin v20.1 - https:\/\/yoast.com\/wordpress\/plugins\/seo\/ -->\n<title>Il decoro urbano e l&#039;app dimenticata<\/title>\n<meta name=\"description\" content=\"Nelle settimane scorse l&#039;amministrazione comunale ha istituito un indirizzo mail per segnalare le situazioni di degrado ma esiste una comoda app che si chiama &quot;Decoro Urbano&quot; molto usata dai bustocchi\" \/>\n<meta name=\"robots\" content=\"noindex, follow, max-snippet:-1, max-image-preview:large, max-video-preview:-1\" \/>\n<meta property=\"og:locale\" content=\"it_IT\" \/>\n<meta property=\"og:type\" content=\"article\" \/>\n<meta property=\"og:title\" content=\"Il decoro urbano e l&#039;app dimenticata\" \/>\n<meta property=\"og:description\" content=\"Nelle settimane scorse l&#039;amministrazione comunale ha istituito un indirizzo mail per segnalare le situazioni di degrado ma esiste una comoda app che si chiama &quot;Decoro Urbano&quot; molto usata dai bustocchi\" \/>\n<meta property=\"og:url\" content=\"https:\/\/staging.varesenews.it\/2015\/09\/il-decoro-urbano-e-lapp-dimenticata\/396647\/\" \/>\n<meta property=\"og:site_name\" content=\"VareseNews\" \/>\n<meta property=\"article:publisher\" content=\"https:\/\/www.facebook.com\/varesenews\" \/>\n<meta property=\"article:published_time\" content=\"2015-09-01T15:35:27+00:00\" \/>\n<meta name=\"author\" content=\"Orlando Mastrillo\" \/>\n<meta name=\"twitter:card\" content=\"summary_large_image\" \/>\n<meta name=\"twitter:creator\" content=\"@nando_mastrillo\" \/>\n<meta name=\"twitter:site\" content=\"@varesenews\" \/>\n<meta name=\"twitter:label1\" content=\"Scritto da\" \/>\n\t<meta name=\"twitter:data1\" content=\"Orlando Mastrillo\" \/>\n\t<meta name=\"twitter:label2\" content=\"Tempo di lettura stimato\" \/>\n\t<meta name=\"twitter:data2\" content=\"1 minuto\" \/>\n<script type=\"application\/ld+json\" class=\"yoast-schema-graph\">{\"@context\":\"https:\/\/schema.org\",\"@graph\":[{\"@type\":\"WebPage\",\"@id\":\"https:\/\/staging.varesenews.it\/2015\/09\/il-decoro-urbano-e-lapp-dimenticata\/396647\/\",\"url\":\"https:\/\/staging.varesenews.it\/2015\/09\/il-decoro-urbano-e-lapp-dimenticata\/396647\/\",\"name\":\"Il decoro urbano e l'app dimenticata\",\"isPartOf\":{\"@id\":\"https:\/\/staging.varesenews.it\/#website\"},\"datePublished\":\"2015-09-01T15:35:27+00:00\",\"dateModified\":\"2015-09-01T15:35:27+00:00\",\"author\":{\"@id\":\"https:\/\/staging.varesenews.it\/#\/schema\/person\/14c47ccce537a9058dddce296f10b296\"},\"description\":\"Nelle settimane scorse l'amministrazione comunale ha istituito un indirizzo mail per segnalare le situazioni di degrado ma esiste una comoda app che si chiama \\\"Decoro Urbano\\\" molto usata dai bustocchi\",\"breadcrumb\":{\"@id\":\"https:\/\/staging.varesenews.it\/2015\/09\/il-decoro-urbano-e-lapp-dimenticata\/396647\/#breadcrumb\"},\"inLanguage\":\"it-IT\",\"potentialAction\":[{\"@type\":\"ReadAction\",\"target\":[\"https:\/\/staging.varesenews.it\/2015\/09\/il-decoro-urbano-e-lapp-dimenticata\/396647\/\"]}]},{\"@type\":\"BreadcrumbList\",\"@id\":\"https:\/\/staging.varesenews.it\/2015\/09\/il-decoro-urbano-e-lapp-dimenticata\/396647\/#breadcrumb\",\"itemListElement\":[{\"@type\":\"ListItem\",\"position\":1,\"name\":\"Home\",\"item\":\"https:\/\/www.varesenews.it\/\"},{\"@type\":\"ListItem\",\"position\":2,\"name\":\"Il decoro urbano e l&#8217;app dimenticata\"}]},{\"@type\":\"WebSite\",\"@id\":\"https:\/\/staging.varesenews.it\/#website\",\"url\":\"https:\/\/staging.varesenews.it\/\",\"name\":\"VareseNews\",\"description\":\"\",\"potentialAction\":[{\"@type\":\"SearchAction\",\"target\":{\"@type\":\"EntryPoint\",\"urlTemplate\":\"https:\/\/staging.varesenews.it\/?s={search_term_string}\"},\"query-input\":\"required name=search_term_string\"}],\"inLanguage\":\"it-IT\"},{\"@type\":\"Person\",\"@id\":\"https:\/\/staging.varesenews.it\/#\/schema\/person\/14c47ccce537a9058dddce296f10b296\",\"name\":\"Orlando Mastrillo\",\"image\":{\"@type\":\"ImageObject\",\"inLanguage\":\"it-IT\",\"@id\":\"https:\/\/staging.varesenews.it\/#\/schema\/person\/image\/\",\"url\":\"https:\/\/staging.varesenews.it\/wp-content\/uploads\/2020\/12\/orlando_mastrillo_colori_500.jpg\",\"contentUrl\":\"https:\/\/staging.varesenews.it\/wp-content\/uploads\/2020\/12\/orlando_mastrillo_colori_500.jpg\",\"caption\":\"Orlando Mastrillo\"},\"description\":\"Nasco a Luino nel 1981, ho iniziato questo lavoro nell'estate del 2003 nella redazione de Il Giorno di Varese e dall'anno successivo ho intrapreso la collaborazione con VareseNews. Dopo anni nell'Alto Varesotto mi sono trasferito a Busto Arsizio nel 2007, territorio che ho iniziato a seguire e che seguo tutt'oggi. Nel 2013 sono diventato giornalista professionista. Mi occupo di cronaca politica, giudiziaria e nera in una vasta area che comprende anche parte della Valle Olona e il Legnanese. Sono sposato con Valeria Arini e ho due splendide figlie.\",\"sameAs\":[\"or_ma\",\"https:\/\/twitter.com\/nando_mastrillo\"],\"url\":\"https:\/\/staging.varesenews.it\/persona\/orlando-mastrillo1\/\"}]}<\/script>\n<!-- \/ Yoast SEO plugin. -->","yoast_head_json":{"title":"Il decoro urbano e l'app dimenticata","description":"Nelle settimane scorse l'amministrazione comunale ha istituito un indirizzo mail per segnalare le situazioni di degrado ma esiste una comoda app che si chiama \"Decoro Urbano\" molto usata dai bustocchi","robots":{"index":"noindex","follow":"follow","max-snippet":"max-snippet:-1","max-image-preview":"max-image-preview:large","max-video-preview":"max-video-preview:-1"},"og_locale":"it_IT","og_type":"article","og_title":"Il decoro urbano e l'app dimenticata","og_description":"Nelle settimane scorse l'amministrazione comunale ha istituito un indirizzo mail per segnalare le situazioni di degrado ma esiste una comoda app che si chiama \"Decoro Urbano\" molto usata dai bustocchi","og_url":"https:\/\/staging.varesenews.it\/2015\/09\/il-decoro-urbano-e-lapp-dimenticata\/396647\/","og_site_name":"VareseNews","article_publisher":"https:\/\/www.facebook.com\/varesenews","article_published_time":"2015-09-01T15:35:27+00:00","author":"Orlando Mastrillo","twitter_card":"summary_large_image","twitter_creator":"@nando_mastrillo","twitter_site":"@varesenews","twitter_misc":{"Scritto da":"Orlando Mastrillo","Tempo di lettura stimato":"1 minuto"},"schema":{"@context":"https:\/\/schema.org","@graph":[{"@type":"WebPage","@id":"https:\/\/staging.varesenews.it\/2015\/09\/il-decoro-urbano-e-lapp-dimenticata\/396647\/","url":"https:\/\/staging.varesenews.it\/2015\/09\/il-decoro-urbano-e-lapp-dimenticata\/396647\/","name":"Il decoro urbano e l'app dimenticata","isPartOf":{"@id":"https:\/\/staging.varesenews.it\/#website"},"datePublished":"2015-09-01T15:35:27+00:00","dateModified":"2015-09-01T15:35:27+00:00","author":{"@id":"https:\/\/staging.varesenews.it\/#\/schema\/person\/14c47ccce537a9058dddce296f10b296"},"description":"Nelle settimane scorse l'amministrazione comunale ha istituito un indirizzo mail per segnalare le situazioni di degrado ma esiste una comoda app che si chiama \"Decoro Urbano\" molto usata dai bustocchi","breadcrumb":{"@id":"https:\/\/staging.varesenews.it\/2015\/09\/il-decoro-urbano-e-lapp-dimenticata\/396647\/#breadcrumb"},"inLanguage":"it-IT","potentialAction":[{"@type":"ReadAction","target":["https:\/\/staging.varesenews.it\/2015\/09\/il-decoro-urbano-e-lapp-dimenticata\/396647\/"]}]},{"@type":"BreadcrumbList","@id":"https:\/\/staging.varesenews.it\/2015\/09\/il-decoro-urbano-e-lapp-dimenticata\/396647\/#breadcrumb","itemListElement":[{"@type":"ListItem","position":1,"name":"Home","item":"https:\/\/www.varesenews.it\/"},{"@type":"ListItem","position":2,"name":"Il decoro urbano e l&#8217;app dimenticata"}]},{"@type":"WebSite","@id":"https:\/\/staging.varesenews.it\/#website","url":"https:\/\/staging.varesenews.it\/","name":"VareseNews","description":"","potentialAction":[{"@type":"SearchAction","target":{"@type":"EntryPoint","urlTemplate":"https:\/\/staging.varesenews.it\/?s={search_term_string}"},"query-input":"required name=search_term_string"}],"inLanguage":"it-IT"},{"@type":"Person","@id":"https:\/\/staging.varesenews.it\/#\/schema\/person\/14c47ccce537a9058dddce296f10b296","name":"Orlando Mastrillo","image":{"@type":"ImageObject","inLanguage":"it-IT","@id":"https:\/\/staging.varesenews.it\/#\/schema\/person\/image\/","url":"https:\/\/staging.varesenews.it\/wp-content\/uploads\/2020\/12\/orlando_mastrillo_colori_500.jpg","contentUrl":"https:\/\/staging.varesenews.it\/wp-content\/uploads\/2020\/12\/orlando_mastrillo_colori_500.jpg","caption":"Orlando Mastrillo"},"description":"Nasco a Luino nel 1981, ho iniziato questo lavoro nell'estate del 2003 nella redazione de Il Giorno di Varese e dall'anno successivo ho intrapreso la collaborazione con VareseNews. Dopo anni nell'Alto Varesotto mi sono trasferito a Busto Arsizio nel 2007, territorio che ho iniziato a seguire e che seguo tutt'oggi. Nel 2013 sono diventato giornalista professionista. Mi occupo di cronaca politica, giudiziaria e nera in una vasta area che comprende anche parte della Valle Olona e il Legnanese. Sono sposato con Valeria Arini e ho due splendide figlie.","sameAs":["or_ma","https:\/\/twitter.com\/nando_mastrillo"],"url":"https:\/\/staging.varesenews.it\/persona\/orlando-mastrillo1\/"}]}},"post_meta":{"_edit_lock":"1441126565:47","_edit_last":"47","ratings_users":"0","ratings_score":"0","ratings_average":"0","_category_permalink":"","wdfb_og_title":"","wdfb_og_type":"","wdfb_og_description":"","wdfb_og_images":"a:1:{i:0;s:0:\"\";}","wdfb_og_custom_name":"a:1:{i:0;s:0:\"\";}","wdfb_og_custom_value":"a:1:{i:0;s:0:\"\";}","foto":"145389","argomento":"Busto Arsizio","_yoast_wpseo_focuskw":"decoro urbano","_jd_twitter":"","_jd_tweet_this":"yes","_wpt_short_url":"http:\/\/www.varesenews.it\/2015\/09\/il-decoro-urbano-e-lapp-dimenticata\/396647\/","_wp_jd_target":"http:\/\/www.varesenews.it\/2015\/09\/il-decoro-urbano-e-lapp-dimenticata\/396647\/","_jd_wp_twitter":"a:1:{i:0;s:136:\"Il decoro urbano e l'app dimenticata http:\/\/www.varesenews.it\/2015\/09\/il-decoro-urbano-e-lapp-dimenticata\/396647\/ #decorourbano #degrado\";}","_wpt_status_message":"Tweet inviato con successo.","_yoast_wpseo_linkdex":"65"},"photos":[{"original":"https:\/\/staging.varesenews.it\/photogallery_new\/images\/2012\/07\/decoro-urbano-145389.jpg","full":"https:\/\/staging.varesenews.it\/photogallery_new\/images\/2012\/07\/decoro-urbano-145389.1024x768.jpg","large":"https:\/\/staging.varesenews.it\/photogallery_new\/images\/2012\/07\/decoro-urbano-145389.610x431.jpg"}],"_links":{"self":[{"href":"https:\/\/staging.varesenews.it\/swgapi\/v1\/wp\/v2\/posts\/396647"}],"collection":[{"href":"https:\/\/staging.varesenews.it\/swgapi\/v1\/wp\/v2\/posts"}],"about":[{"href":"https:\/\/staging.varesenews.it\/swgapi\/v1\/wp\/v2\/types\/post"}],"author":[{"embeddable":true,"href":"https:\/\/staging.varesenews.it\/swgapi\/v1\/wp\/v2\/users\/47"}],"replies":[{"embeddable":true,"href":"https:\/\/staging.varesenews.it\/swgapi\/v1\/wp\/v2\/comments?post=396647"}],"version-history":[{"count":0,"href":"https:\/\/staging.varesenews.it\/swgapi\/v1\/wp\/v2\/posts\/396647\/revisions"}],"wp:attachment":[{"href":"https:\/\/staging.varesenews.it\/swgapi\/v1\/wp\/v2\/media?parent=396647"}],"wp:term":[{"taxonomy":"category","embeddable":true,"href":"https:\/\/staging.varesenews.it\/swgapi\/v1\/wp\/v2\/categories?post=396647"},{"taxonomy":"post_tag","embeddable":true,"href":"https:\/\/staging.varesenews.it\/swgapi\/v1\/wp\/v2\/tags?post=396647"}],"curies":[{"name":"wp","href":"https:\/\/api.w.org\/{rel}","templated":true}]}}