{"id":400584,"date":"2015-09-11T14:26:45","date_gmt":"2015-09-11T12:26:45","guid":{"rendered":"http:\/\/www.varesenews.it\/?p=400584"},"modified":"2015-09-11T14:26:45","modified_gmt":"2015-09-11T12:26:45","slug":"lega-festival-con-salvini-e-allam","status":"publish","type":"post","link":"https:\/\/staging.varesenews.it\/2015\/09\/lega-festival-con-salvini-e-allam\/400584\/","title":{"rendered":"Lega, festival con Salvini e Allam"},"content":{"rendered":"<p>La Lega si riunisce per incontri e scambi di idee.<\/p>\n<p><strong>Due bandiere sul balcone di Piazza del Podest\u00e0 per l\u201911 Settembr<\/strong>e: Catalonia e Stati Uniti per testimoniare la vicinanza della Lega varesina alla marcia indipendentista di Barcellona e tenere al contempo alta la guardia contro l\u2019integralismo islamico.<\/p>\n<p><strong>Due temi, l\u2019indipendenza e la resistenza al terrorismo<\/strong>, solo apparentemente lontani secondo il coordinatore cittadino dei giovani leghisti, Davide Quadri, secondo cui: \u201cE\u2019 sempre in gioco la sovranit\u00e0 dei popoli, sia nell\u2019esercizio della loro autonomia, sia nel diritto a vivere la propria identit\u00e0 senza dover subire le violenze e le intimidazioni di chi vuole riportare l\u2019Europa nel pi\u00f9 buio medioevo.\u201d<\/p>\n<p><strong>\u201cEd \u00e8 solo l\u2019inizio\u201d &#8211; promette Marco Pinti,<\/strong> segretario del Carroccio varesino che annuncia per la fine del mese una \u201ctre giorni\u201d di incontri che culmineranno domenica 27 Settembre con la conferenza di <strong>Magdi Cristiano Allam<\/strong> proprio sul tema del pericolo islamista (ore 17.30 in Camera di Commercio), seguita dal <strong>comizio in piazza Montegrappa di Matteo Salvini (ore 19.00).<\/strong><\/p>\n<p>\u201cDa settimana prossima \u2013 annuncia il segretario \u2013 saranno peraltro disponibili nella nostra sede <strong>le copie in anteprima dell\u2019ultimo libro di Magdi Allam<\/strong>, in cui si delinea chiaramente il pericolo dell\u2019estremismo islamico in Italia, Varese compresa.\u201d<br \/>\nContinua Pinti: \u201cSiamo preoccupati del comportamento della <strong>comunit\u00e0 mussulmana<\/strong> varesina, segnalata anche in una relazione dei servizi di sicurezza, non solo per le dichiarazioni di simpatia all\u2019ISIS da parte di uno dei suoi portavoce che ha paragonato la lotta del califfato alla resistenza dei partigiani italiani, ma anche per una serie di <strong>episodi inquietanti<\/strong>, uno su tutti l\u2019incendio della pizzeria Gabri a Biumo, sui quali ancora non \u00e8 stata fatta chiarezza.\u201d<\/p>\n<p>\u201c<strong>Su tutto questo<\/strong> chiederemo un parere a Magdi Allam\u201d \u2013 conclude Pinti ricordando che il giornalista &#8211; \u201c\u00e8 da anni costretto a una vita blindata nella civilissima Italia proprio per le sue denunce contro gli integralisti islamici.\u201d<\/p>\n<p><strong>La rassegna leghista<\/strong> varesina aprir\u00e0 le danze venerd\u00ec 25 Settembre (18.30) con lo scrittore Gilberto Oneto che nella sede della Lega Varesina racconter\u00e0 i \u201cfratricidi d\u2019Italia\u201d, smascherando le finzioni che tengono artificialmente lo stivale.<\/p>\n<p><strong>Sabato 26<\/strong> al Caff\u00e8 Socrate di piazza Montegrappa (17.30), saranno invece allo stesso tavolo due dei pi\u00f9 prestigiosi analisti internazionali sulla scena : Giulietto Chiesa e Mauro della Porta Raffo che si confronteranno con il pubblico sui rischi del collasso del sistema occidentale.<\/p>\n<p>\u201cSar\u00e0 un <strong>festival delle idee<\/strong> \u2013 conclude Pinti \u2013 al termine del quale presenteremo il nostro manifesto programmatico , l\u2019inizio della marcia verso il voto di primavera che far\u00e0 di Varese la Waterloo di Renzi e del suo governo\u201d.<\/p>\n","protected":false},"excerpt":{"rendered":"<p>Comizio e incontri. Pinti: \u201cA Varese la Waterloo di Renzi\u201d<\/p>\n","protected":false},"author":50,"featured_media":0,"comment_status":"open","ping_status":"open","sticky":false,"template":"","format":"standard","meta":{"footnotes":""},"categories":[16,2],"tags":[270],"acf":[],"yoast_head":"<!-- This site is optimized with the Yoast SEO plugin v20.1 - https:\/\/yoast.com\/wordpress\/plugins\/seo\/ -->\n<title>Lega, festival con Salvini e Allam<\/title>\n<meta name=\"description\" content=\"Lega, festival con Salvini e Allam\" \/>\n<meta name=\"robots\" content=\"noindex, follow, max-snippet:-1, max-image-preview:large, max-video-preview:-1\" \/>\n<meta property=\"og:locale\" content=\"it_IT\" \/>\n<meta property=\"og:type\" content=\"article\" \/>\n<meta property=\"og:title\" content=\"Lega, festival con Salvini e Allam\" \/>\n<meta property=\"og:description\" content=\"Lega, festival con Salvini e Allam\" \/>\n<meta property=\"og:url\" content=\"https:\/\/staging.varesenews.it\/2015\/09\/lega-festival-con-salvini-e-allam\/400584\/\" \/>\n<meta property=\"og:site_name\" content=\"VareseNews\" \/>\n<meta property=\"article:publisher\" content=\"https:\/\/www.facebook.com\/varesenews\" \/>\n<meta property=\"article:published_time\" content=\"2015-09-11T12:26:45+00:00\" \/>\n<meta name=\"author\" content=\"Roberto Rotondo\" \/>\n<meta name=\"twitter:card\" content=\"summary_large_image\" \/>\n<meta name=\"twitter:creator\" content=\"@robertorotondo\" \/>\n<meta name=\"twitter:site\" content=\"@varesenews\" \/>\n<meta name=\"twitter:label1\" content=\"Scritto da\" \/>\n\t<meta name=\"twitter:data1\" content=\"Roberto Rotondo\" \/>\n\t<meta name=\"twitter:label2\" content=\"Tempo di lettura stimato\" \/>\n\t<meta name=\"twitter:data2\" content=\"2 minuti\" \/>\n<script type=\"application\/ld+json\" class=\"yoast-schema-graph\">{\"@context\":\"https:\/\/schema.org\",\"@graph\":[{\"@type\":\"WebPage\",\"@id\":\"https:\/\/staging.varesenews.it\/2015\/09\/lega-festival-con-salvini-e-allam\/400584\/\",\"url\":\"https:\/\/staging.varesenews.it\/2015\/09\/lega-festival-con-salvini-e-allam\/400584\/\",\"name\":\"Lega, festival con Salvini e Allam\",\"isPartOf\":{\"@id\":\"https:\/\/staging.varesenews.it\/#website\"},\"datePublished\":\"2015-09-11T12:26:45+00:00\",\"dateModified\":\"2015-09-11T12:26:45+00:00\",\"author\":{\"@id\":\"https:\/\/staging.varesenews.it\/#\/schema\/person\/bace96b9ce1b4905df659e51a83c17fe\"},\"description\":\"Lega, festival con Salvini e Allam\",\"breadcrumb\":{\"@id\":\"https:\/\/staging.varesenews.it\/2015\/09\/lega-festival-con-salvini-e-allam\/400584\/#breadcrumb\"},\"inLanguage\":\"it-IT\",\"potentialAction\":[{\"@type\":\"ReadAction\",\"target\":[\"https:\/\/staging.varesenews.it\/2015\/09\/lega-festival-con-salvini-e-allam\/400584\/\"]}]},{\"@type\":\"BreadcrumbList\",\"@id\":\"https:\/\/staging.varesenews.it\/2015\/09\/lega-festival-con-salvini-e-allam\/400584\/#breadcrumb\",\"itemListElement\":[{\"@type\":\"ListItem\",\"position\":1,\"name\":\"Home\",\"item\":\"https:\/\/www.varesenews.it\/\"},{\"@type\":\"ListItem\",\"position\":2,\"name\":\"Lega, festival con Salvini e Allam\"}]},{\"@type\":\"WebSite\",\"@id\":\"https:\/\/staging.varesenews.it\/#website\",\"url\":\"https:\/\/staging.varesenews.it\/\",\"name\":\"VareseNews\",\"description\":\"\",\"potentialAction\":[{\"@type\":\"SearchAction\",\"target\":{\"@type\":\"EntryPoint\",\"urlTemplate\":\"https:\/\/staging.varesenews.it\/?s={search_term_string}\"},\"query-input\":\"required name=search_term_string\"}],\"inLanguage\":\"it-IT\"},{\"@type\":\"Person\",\"@id\":\"https:\/\/staging.varesenews.it\/#\/schema\/person\/bace96b9ce1b4905df659e51a83c17fe\",\"name\":\"Roberto Rotondo\",\"image\":{\"@type\":\"ImageObject\",\"inLanguage\":\"it-IT\",\"@id\":\"https:\/\/staging.varesenews.it\/#\/schema\/person\/image\/\",\"url\":\"https:\/\/staging.varesenews.it\/wp-content\/uploads\/2015\/03\/10888676_10204734543537926_609787919772941341_n.jpg\",\"contentUrl\":\"https:\/\/staging.varesenews.it\/wp-content\/uploads\/2015\/03\/10888676_10204734543537926_609787919772941341_n.jpg\",\"caption\":\"Roberto Rotondo\"},\"description\":\"Nato a Varese nel 1972. Laureato in Storia alla Statale di Milano. A Varese News dal 1998. Ho iniziato a scrivere su riviste locali, poi sono entrato nel progetto di Varese News quando ancora era agli inizi. Nel frattempo mi sono occupato di ricerca storica e ho collaborato con un settimanale e un quotidiano della Svizzera italiana scrivendo di cronaca e politica. Mi sono preso una pausa da Varese nel 2004. Ho lavorato per alcuni anni a Milano all'agenzia di stampa Adnkronos, con qualche stage a Roma nei palazzi della politica. Lanci di agenzia e servizi tv multimediali erano tra i miei compiti. In quegli anni ho lavorato per alcune radio anche nazionali, Radio Capital su tutte, come corrispondente locale. Ho scritto anche per un settimanale di gossip, ma sempre cronaca nera. Ed eccomi qui. Dal 2007 lavoro anche per il Corriere della sera, di cui sono corrispondente. A Varesenews sono ormai uno dei senatori. Mi occupo di cronaca nera, giudiziaria e di politica e della cronaca cittadina di Varese.\",\"sameAs\":[\"robertorotondo\",\"https:\/\/twitter.com\/robertorotondo\"],\"url\":\"https:\/\/staging.varesenews.it\/persona\/roberto-rotondo\/\"}]}<\/script>\n<!-- \/ Yoast SEO plugin. -->","yoast_head_json":{"title":"Lega, festival con Salvini e Allam","description":"Lega, festival con Salvini e Allam","robots":{"index":"noindex","follow":"follow","max-snippet":"max-snippet:-1","max-image-preview":"max-image-preview:large","max-video-preview":"max-video-preview:-1"},"og_locale":"it_IT","og_type":"article","og_title":"Lega, festival con Salvini e Allam","og_description":"Lega, festival con Salvini e Allam","og_url":"https:\/\/staging.varesenews.it\/2015\/09\/lega-festival-con-salvini-e-allam\/400584\/","og_site_name":"VareseNews","article_publisher":"https:\/\/www.facebook.com\/varesenews","article_published_time":"2015-09-11T12:26:45+00:00","author":"Roberto Rotondo","twitter_card":"summary_large_image","twitter_creator":"@robertorotondo","twitter_site":"@varesenews","twitter_misc":{"Scritto da":"Roberto Rotondo","Tempo di lettura stimato":"2 minuti"},"schema":{"@context":"https:\/\/schema.org","@graph":[{"@type":"WebPage","@id":"https:\/\/staging.varesenews.it\/2015\/09\/lega-festival-con-salvini-e-allam\/400584\/","url":"https:\/\/staging.varesenews.it\/2015\/09\/lega-festival-con-salvini-e-allam\/400584\/","name":"Lega, festival con Salvini e Allam","isPartOf":{"@id":"https:\/\/staging.varesenews.it\/#website"},"datePublished":"2015-09-11T12:26:45+00:00","dateModified":"2015-09-11T12:26:45+00:00","author":{"@id":"https:\/\/staging.varesenews.it\/#\/schema\/person\/bace96b9ce1b4905df659e51a83c17fe"},"description":"Lega, festival con Salvini e Allam","breadcrumb":{"@id":"https:\/\/staging.varesenews.it\/2015\/09\/lega-festival-con-salvini-e-allam\/400584\/#breadcrumb"},"inLanguage":"it-IT","potentialAction":[{"@type":"ReadAction","target":["https:\/\/staging.varesenews.it\/2015\/09\/lega-festival-con-salvini-e-allam\/400584\/"]}]},{"@type":"BreadcrumbList","@id":"https:\/\/staging.varesenews.it\/2015\/09\/lega-festival-con-salvini-e-allam\/400584\/#breadcrumb","itemListElement":[{"@type":"ListItem","position":1,"name":"Home","item":"https:\/\/www.varesenews.it\/"},{"@type":"ListItem","position":2,"name":"Lega, festival con Salvini e Allam"}]},{"@type":"WebSite","@id":"https:\/\/staging.varesenews.it\/#website","url":"https:\/\/staging.varesenews.it\/","name":"VareseNews","description":"","potentialAction":[{"@type":"SearchAction","target":{"@type":"EntryPoint","urlTemplate":"https:\/\/staging.varesenews.it\/?s={search_term_string}"},"query-input":"required name=search_term_string"}],"inLanguage":"it-IT"},{"@type":"Person","@id":"https:\/\/staging.varesenews.it\/#\/schema\/person\/bace96b9ce1b4905df659e51a83c17fe","name":"Roberto Rotondo","image":{"@type":"ImageObject","inLanguage":"it-IT","@id":"https:\/\/staging.varesenews.it\/#\/schema\/person\/image\/","url":"https:\/\/staging.varesenews.it\/wp-content\/uploads\/2015\/03\/10888676_10204734543537926_609787919772941341_n.jpg","contentUrl":"https:\/\/staging.varesenews.it\/wp-content\/uploads\/2015\/03\/10888676_10204734543537926_609787919772941341_n.jpg","caption":"Roberto Rotondo"},"description":"Nato a Varese nel 1972. Laureato in Storia alla Statale di Milano. A Varese News dal 1998. Ho iniziato a scrivere su riviste locali, poi sono entrato nel progetto di Varese News quando ancora era agli inizi. Nel frattempo mi sono occupato di ricerca storica e ho collaborato con un settimanale e un quotidiano della Svizzera italiana scrivendo di cronaca e politica. Mi sono preso una pausa da Varese nel 2004. Ho lavorato per alcuni anni a Milano all'agenzia di stampa Adnkronos, con qualche stage a Roma nei palazzi della politica. Lanci di agenzia e servizi tv multimediali erano tra i miei compiti. In quegli anni ho lavorato per alcune radio anche nazionali, Radio Capital su tutte, come corrispondente locale. Ho scritto anche per un settimanale di gossip, ma sempre cronaca nera. Ed eccomi qui. Dal 2007 lavoro anche per il Corriere della sera, di cui sono corrispondente. A Varesenews sono ormai uno dei senatori. Mi occupo di cronaca nera, giudiziaria e di politica e della cronaca cittadina di Varese.","sameAs":["robertorotondo","https:\/\/twitter.com\/robertorotondo"],"url":"https:\/\/staging.varesenews.it\/persona\/roberto-rotondo\/"}]}},"post_meta":{"_edit_lock":"1441975841:50","_edit_last":"50","ratings_users":"0","ratings_score":"0","ratings_average":"0","_category_permalink":"","wdfb_og_title":"","wdfb_og_type":"","wdfb_og_description":"","wdfb_og_images":"a:1:{i:0;s:0:\"\";}","wdfb_og_custom_name":"a:1:{i:0;s:0:\"\";}","wdfb_og_custom_value":"a:1:{i:0;s:0:\"\";}","foto":"462643","firma_come_redazione":"1","argomento":"Varese","_yoast_wpseo_focuskw":"Lega","_yoast_wpseo_metadesc":"Lega, festival con Salvini e Allam","_jd_twitter":"","_jd_tweet_this":"yes","_wpt_short_url":"http:\/\/www.varesenews.it\/2015\/09\/lega-festival-con-salvini-e-allam\/400584\/","_wp_jd_target":"http:\/\/www.varesenews.it\/2015\/09\/lega-festival-con-salvini-e-allam\/400584\/","_jd_wp_twitter":"a:1:{i:0;s:119:\"Lega, festival con Salvini e Allam http:\/\/www.varesenews.it\/2015\/09\/lega-festival-con-salvini-e-allam\/400584\/ #leganord\";}","_wpt_status_message":"Tweet inviato con successo.","_yoast_wpseo_linkdex":"75"},"photos":[{"original":"https:\/\/staging.varesenews.it\/photogallery_new\/images\/2015\/06\/generiche-462643.jpg","full":"https:\/\/staging.varesenews.it\/photogallery_new\/images\/2015\/06\/generiche-462643.1024x768.jpg","large":"https:\/\/staging.varesenews.it\/photogallery_new\/images\/2015\/06\/generiche-462643.610x431.jpg"}],"_links":{"self":[{"href":"https:\/\/staging.varesenews.it\/swgapi\/v1\/wp\/v2\/posts\/400584"}],"collection":[{"href":"https:\/\/staging.varesenews.it\/swgapi\/v1\/wp\/v2\/posts"}],"about":[{"href":"https:\/\/staging.varesenews.it\/swgapi\/v1\/wp\/v2\/types\/post"}],"author":[{"embeddable":true,"href":"https:\/\/staging.varesenews.it\/swgapi\/v1\/wp\/v2\/users\/50"}],"replies":[{"embeddable":true,"href":"https:\/\/staging.varesenews.it\/swgapi\/v1\/wp\/v2\/comments?post=400584"}],"version-history":[{"count":0,"href":"https:\/\/staging.varesenews.it\/swgapi\/v1\/wp\/v2\/posts\/400584\/revisions"}],"wp:attachment":[{"href":"https:\/\/staging.varesenews.it\/swgapi\/v1\/wp\/v2\/media?parent=400584"}],"wp:term":[{"taxonomy":"category","embeddable":true,"href":"https:\/\/staging.varesenews.it\/swgapi\/v1\/wp\/v2\/categories?post=400584"},{"taxonomy":"post_tag","embeddable":true,"href":"https:\/\/staging.varesenews.it\/swgapi\/v1\/wp\/v2\/tags?post=400584"}],"curies":[{"name":"wp","href":"https:\/\/api.w.org\/{rel}","templated":true}]}}