{"id":400659,"date":"2015-09-11T16:31:35","date_gmt":"2015-09-11T14:31:35","guid":{"rendered":"http:\/\/www.varesenews.it\/?p=400659"},"modified":"2015-09-11T16:31:35","modified_gmt":"2015-09-11T14:31:35","slug":"lo-scuolabus-non-ce-i-bambini-vanno-con-il-pullman-di-linea","status":"publish","type":"post","link":"https:\/\/staging.varesenews.it\/2015\/09\/lo-scuolabus-non-ce-i-bambini-vanno-con-il-pullman-di-linea\/400659\/","title":{"rendered":"Lo scuolabus non c&#8217;\u00e8, i bambini vanno con il pullman di linea"},"content":{"rendered":"<p class=\"p1\"><span class=\"s1\">La scuola pu\u00f2 iniziare. Per i bambini di Cuasso arrivare in classe non sar\u00e0 pi\u00f9 un problema. <\/span><\/p>\n<p class=\"p1\"><span class=\"s1\">In attesa dell<a title=\"Il Comune \u00e8 commissariato: sospeso lo scuolabus\" href=\"http:\/\/www.varesenews.it\/2015\/08\/il-comune-e-commissariato-sospeso-lo-scuolabus\/395005\/\">\u2019approvazione del bilancio da parte del Comune commissariato<\/a>, i genitori hanno trovato <strong>una soluzione alternativa allo scuolabus che rimane fermo.<\/strong> <\/span><\/p>\n<p class=\"p1\"><span class=\"s1\"><strong>L\u2019associazione genitori ha trovato un&#8217;alternativa<\/strong> grazie all&#8217;accordo con la Giuliani e Laudi che cura il trasporto pubblico<strong>. Il bus di linea, quindi, raccoglier\u00e0 gli alunni della primaria e li porter\u00e0 a destinazione alle 7.55<\/strong>. <\/span><\/p>\n<p class=\"p1\"><span class=\"s1\">Ad accoglierli ci saranno gi\u00e0<strong> le maestre che, per volont\u00e0 del dirigente, inizieranno 10 minuti prima l\u2019orario scolastico.<\/strong> All\u2019uscita ci sar\u00e0 lo stesso autobus ( anche nei pomeriggi di rientro) che li riporter\u00e0 a casa, in tempi adeguati. Durante il tragitto, <strong>i bambini verranno accompagnati da un volontario.<\/strong><\/span><\/p>\n<p class=\"p1\"><span class=\"s1\">Soddisfatto il <strong>presidente<\/strong> dell\u2019<strong>Associazione Pino Caprino<\/strong>: \u00ab Una cinquantina di genitori ha accettato questa soluzione e ci ha consegnato i soldi per sottoscrivere gli abbonamenti che distribuiremo domani. Siamo contenti\u00a0della soluzione trovata che risolve i tanti problemi che si erano creati con lo stop forzato dello scuolabus\u00bb. <\/span><\/p>\n<p class=\"p1\"><span class=\"s1\"><strong>Lo stesso servizio sar\u00e0 a disposizione degli studenti della scuola media<\/strong> che faranno percorso inverso, ma sempre su autobus di linea. <\/span><\/p>\n","protected":false},"excerpt":{"rendered":"<p>Risolto con un accordo con la Giuliani e Laudi, il problema del trasporto degli alunni dopo che il Comune, commissariato, non pu\u00f2 utilizzare il suo pulmino<\/p>\n","protected":false},"author":33,"featured_media":0,"comment_status":"open","ping_status":"open","sticky":false,"template":"","format":"standard","meta":{"footnotes":""},"categories":[90,2],"tags":[6115,223,2815,639],"acf":[],"yoast_head":"<!-- This site is optimized with the Yoast SEO plugin v20.1 - https:\/\/yoast.com\/wordpress\/plugins\/seo\/ -->\n<title>Lo scuolabus non c&#039;\u00e8, i bambini vanno con il pullman di linea<\/title>\n<meta name=\"description\" content=\"Risolto con un accordo con la Giuliani e Laudi, il problema del trasporto degli alunni dopo che il Comune, commissariato, non pu\u00f2 utilizzare il suo pulmino\" \/>\n<meta name=\"robots\" content=\"noindex, follow, max-snippet:-1, max-image-preview:large, max-video-preview:-1\" \/>\n<meta property=\"og:locale\" content=\"it_IT\" \/>\n<meta property=\"og:type\" content=\"article\" \/>\n<meta property=\"og:title\" content=\"Lo scuolabus non c&#039;\u00e8, i bambini vanno con il pullman di linea\" \/>\n<meta property=\"og:description\" content=\"Risolto con un accordo con la Giuliani e Laudi, il problema del trasporto degli alunni dopo che il Comune, commissariato, non pu\u00f2 utilizzare il suo pulmino\" \/>\n<meta property=\"og:url\" content=\"https:\/\/staging.varesenews.it\/2015\/09\/lo-scuolabus-non-ce-i-bambini-vanno-con-il-pullman-di-linea\/400659\/\" \/>\n<meta property=\"og:site_name\" content=\"VareseNews\" \/>\n<meta property=\"article:publisher\" content=\"https:\/\/www.facebook.com\/varesenews\" \/>\n<meta property=\"article:author\" content=\"alessandra.toni7\" \/>\n<meta property=\"article:published_time\" content=\"2015-09-11T14:31:35+00:00\" \/>\n<meta name=\"author\" content=\"Alessandra Toni\" \/>\n<meta name=\"twitter:card\" content=\"summary_large_image\" \/>\n<meta name=\"twitter:creator\" content=\"@alessandra_toni\" \/>\n<meta name=\"twitter:site\" content=\"@varesenews\" \/>\n<meta name=\"twitter:label1\" content=\"Scritto da\" \/>\n\t<meta name=\"twitter:data1\" content=\"Alessandra Toni\" \/>\n\t<meta name=\"twitter:label2\" content=\"Tempo di lettura stimato\" \/>\n\t<meta name=\"twitter:data2\" content=\"1 minuto\" \/>\n<script type=\"application\/ld+json\" class=\"yoast-schema-graph\">{\"@context\":\"https:\/\/schema.org\",\"@graph\":[{\"@type\":\"WebPage\",\"@id\":\"https:\/\/staging.varesenews.it\/2015\/09\/lo-scuolabus-non-ce-i-bambini-vanno-con-il-pullman-di-linea\/400659\/\",\"url\":\"https:\/\/staging.varesenews.it\/2015\/09\/lo-scuolabus-non-ce-i-bambini-vanno-con-il-pullman-di-linea\/400659\/\",\"name\":\"Lo scuolabus non c'\u00e8, i bambini vanno con il pullman di linea\",\"isPartOf\":{\"@id\":\"https:\/\/staging.varesenews.it\/#website\"},\"datePublished\":\"2015-09-11T14:31:35+00:00\",\"dateModified\":\"2015-09-11T14:31:35+00:00\",\"author\":{\"@id\":\"https:\/\/staging.varesenews.it\/#\/schema\/person\/2643ce123d4a3c9511e015dc548779b8\"},\"description\":\"Risolto con un accordo con la Giuliani e Laudi, il problema del trasporto degli alunni dopo che il Comune, commissariato, non pu\u00f2 utilizzare il suo pulmino\",\"breadcrumb\":{\"@id\":\"https:\/\/staging.varesenews.it\/2015\/09\/lo-scuolabus-non-ce-i-bambini-vanno-con-il-pullman-di-linea\/400659\/#breadcrumb\"},\"inLanguage\":\"it-IT\",\"potentialAction\":[{\"@type\":\"ReadAction\",\"target\":[\"https:\/\/staging.varesenews.it\/2015\/09\/lo-scuolabus-non-ce-i-bambini-vanno-con-il-pullman-di-linea\/400659\/\"]}]},{\"@type\":\"BreadcrumbList\",\"@id\":\"https:\/\/staging.varesenews.it\/2015\/09\/lo-scuolabus-non-ce-i-bambini-vanno-con-il-pullman-di-linea\/400659\/#breadcrumb\",\"itemListElement\":[{\"@type\":\"ListItem\",\"position\":1,\"name\":\"Home\",\"item\":\"https:\/\/www.varesenews.it\/\"},{\"@type\":\"ListItem\",\"position\":2,\"name\":\"Lo scuolabus non c&#8217;\u00e8, i bambini vanno con il pullman di linea\"}]},{\"@type\":\"WebSite\",\"@id\":\"https:\/\/staging.varesenews.it\/#website\",\"url\":\"https:\/\/staging.varesenews.it\/\",\"name\":\"VareseNews\",\"description\":\"\",\"potentialAction\":[{\"@type\":\"SearchAction\",\"target\":{\"@type\":\"EntryPoint\",\"urlTemplate\":\"https:\/\/staging.varesenews.it\/?s={search_term_string}\"},\"query-input\":\"required name=search_term_string\"}],\"inLanguage\":\"it-IT\"},{\"@type\":\"Person\",\"@id\":\"https:\/\/staging.varesenews.it\/#\/schema\/person\/2643ce123d4a3c9511e015dc548779b8\",\"name\":\"Alessandra Toni\",\"image\":{\"@type\":\"ImageObject\",\"inLanguage\":\"it-IT\",\"@id\":\"https:\/\/staging.varesenews.it\/#\/schema\/person\/image\/\",\"url\":\"https:\/\/staging.varesenews.it\/wp-content\/uploads\/2020\/12\/alessandra_toni_colori_500.jpg\",\"contentUrl\":\"https:\/\/staging.varesenews.it\/wp-content\/uploads\/2020\/12\/alessandra_toni_colori_500.jpg\",\"caption\":\"Alessandra Toni\"},\"description\":\"Sono entrata nella redazione di VareseNews nel lontano anno 2000. Ero reduce da una bellissima esperienza nella redazione giornalistica della TV Nuova Antennatre, sotto la direzione dell'indimenticabile direttore Adolfo Caldarini. Sono arrivata quando era ancora una piccola realt\u00e0 editoriale e insieme abbiamo fatto un lungo ed entusiasmante lavoro. Mi occupo prevalentemente di scuola e di sanit\u00e0, settori impegnativi di grande valore sociale.\u00a0\",\"sameAs\":[\"alessandra.toni7\",\"alessandra.toni\",\"https:\/\/twitter.com\/alessandra_toni\"],\"url\":\"https:\/\/staging.varesenews.it\/persona\/alessandra_toni1\/\"}]}<\/script>\n<!-- \/ Yoast SEO plugin. -->","yoast_head_json":{"title":"Lo scuolabus non c'\u00e8, i bambini vanno con il pullman di linea","description":"Risolto con un accordo con la Giuliani e Laudi, il problema del trasporto degli alunni dopo che il Comune, commissariato, non pu\u00f2 utilizzare il suo pulmino","robots":{"index":"noindex","follow":"follow","max-snippet":"max-snippet:-1","max-image-preview":"max-image-preview:large","max-video-preview":"max-video-preview:-1"},"og_locale":"it_IT","og_type":"article","og_title":"Lo scuolabus non c'\u00e8, i bambini vanno con il pullman di linea","og_description":"Risolto con un accordo con la Giuliani e Laudi, il problema del trasporto degli alunni dopo che il Comune, commissariato, non pu\u00f2 utilizzare il suo pulmino","og_url":"https:\/\/staging.varesenews.it\/2015\/09\/lo-scuolabus-non-ce-i-bambini-vanno-con-il-pullman-di-linea\/400659\/","og_site_name":"VareseNews","article_publisher":"https:\/\/www.facebook.com\/varesenews","article_author":"alessandra.toni7","article_published_time":"2015-09-11T14:31:35+00:00","author":"Alessandra Toni","twitter_card":"summary_large_image","twitter_creator":"@alessandra_toni","twitter_site":"@varesenews","twitter_misc":{"Scritto da":"Alessandra Toni","Tempo di lettura stimato":"1 minuto"},"schema":{"@context":"https:\/\/schema.org","@graph":[{"@type":"WebPage","@id":"https:\/\/staging.varesenews.it\/2015\/09\/lo-scuolabus-non-ce-i-bambini-vanno-con-il-pullman-di-linea\/400659\/","url":"https:\/\/staging.varesenews.it\/2015\/09\/lo-scuolabus-non-ce-i-bambini-vanno-con-il-pullman-di-linea\/400659\/","name":"Lo scuolabus non c'\u00e8, i bambini vanno con il pullman di linea","isPartOf":{"@id":"https:\/\/staging.varesenews.it\/#website"},"datePublished":"2015-09-11T14:31:35+00:00","dateModified":"2015-09-11T14:31:35+00:00","author":{"@id":"https:\/\/staging.varesenews.it\/#\/schema\/person\/2643ce123d4a3c9511e015dc548779b8"},"description":"Risolto con un accordo con la Giuliani e Laudi, il problema del trasporto degli alunni dopo che il Comune, commissariato, non pu\u00f2 utilizzare il suo pulmino","breadcrumb":{"@id":"https:\/\/staging.varesenews.it\/2015\/09\/lo-scuolabus-non-ce-i-bambini-vanno-con-il-pullman-di-linea\/400659\/#breadcrumb"},"inLanguage":"it-IT","potentialAction":[{"@type":"ReadAction","target":["https:\/\/staging.varesenews.it\/2015\/09\/lo-scuolabus-non-ce-i-bambini-vanno-con-il-pullman-di-linea\/400659\/"]}]},{"@type":"BreadcrumbList","@id":"https:\/\/staging.varesenews.it\/2015\/09\/lo-scuolabus-non-ce-i-bambini-vanno-con-il-pullman-di-linea\/400659\/#breadcrumb","itemListElement":[{"@type":"ListItem","position":1,"name":"Home","item":"https:\/\/www.varesenews.it\/"},{"@type":"ListItem","position":2,"name":"Lo scuolabus non c&#8217;\u00e8, i bambini vanno con il pullman di linea"}]},{"@type":"WebSite","@id":"https:\/\/staging.varesenews.it\/#website","url":"https:\/\/staging.varesenews.it\/","name":"VareseNews","description":"","potentialAction":[{"@type":"SearchAction","target":{"@type":"EntryPoint","urlTemplate":"https:\/\/staging.varesenews.it\/?s={search_term_string}"},"query-input":"required name=search_term_string"}],"inLanguage":"it-IT"},{"@type":"Person","@id":"https:\/\/staging.varesenews.it\/#\/schema\/person\/2643ce123d4a3c9511e015dc548779b8","name":"Alessandra Toni","image":{"@type":"ImageObject","inLanguage":"it-IT","@id":"https:\/\/staging.varesenews.it\/#\/schema\/person\/image\/","url":"https:\/\/staging.varesenews.it\/wp-content\/uploads\/2020\/12\/alessandra_toni_colori_500.jpg","contentUrl":"https:\/\/staging.varesenews.it\/wp-content\/uploads\/2020\/12\/alessandra_toni_colori_500.jpg","caption":"Alessandra Toni"},"description":"Sono entrata nella redazione di VareseNews nel lontano anno 2000. Ero reduce da una bellissima esperienza nella redazione giornalistica della TV Nuova Antennatre, sotto la direzione dell'indimenticabile direttore Adolfo Caldarini. Sono arrivata quando era ancora una piccola realt\u00e0 editoriale e insieme abbiamo fatto un lungo ed entusiasmante lavoro. Mi occupo prevalentemente di scuola e di sanit\u00e0, settori impegnativi di grande valore sociale.\u00a0","sameAs":["alessandra.toni7","alessandra.toni","https:\/\/twitter.com\/alessandra_toni"],"url":"https:\/\/staging.varesenews.it\/persona\/alessandra_toni1\/"}]}},"post_meta":{"_edit_lock":"1441981882:33","_edit_last":"33","_category_permalink":"90","wdfb_og_title":"","wdfb_og_type":"","wdfb_og_description":"","wdfb_og_images":"a:1:{i:0;s:0:\"\";}","wdfb_og_custom_name":"a:1:{i:0;s:0:\"\";}","wdfb_og_custom_value":"a:1:{i:0;s:0:\"\";}","foto":"2711","firma_come_redazione":"1","argomento":"Cuasso al Monte","_jd_twitter":"","_jd_tweet_this":"yes","ratings_users":"0","ratings_score":"0","ratings_average":"0","_wpt_short_url":"http:\/\/www.varesenews.it\/2015\/09\/lo-scuolabus-non-ce-i-bambini-vanno-con-il-pullman-di-linea\/400659\/","_wp_jd_target":"http:\/\/www.varesenews.it\/2015\/09\/lo-scuolabus-non-ce-i-bambini-vanno-con-il-pullman-di-linea\/400659\/","_jd_wp_twitter":"a:1:{i:0;s:190:\"Lo scuolabus non c'\u00e8, i bambini vanno con il pullman di linea http:\/\/www.varesenews.it\/2015\/09\/lo-scuolabus-non-ce-i-bambini-vanno-con-il-pullman-di-linea\/400659\/ #alunni #scuola #scuolabus\";}","_wpt_status_message":"Tweet inviato con successo."},"photos":[{"original":"https:\/\/staging.varesenews.it\/photogallery_new\/images\/2014\/02\/tende-nuove-scuola-cuasso-al-monte-primarie-2711.jpg","full":"https:\/\/staging.varesenews.it\/photogallery_new\/images\/2014\/02\/tende-nuove-scuola-cuasso-al-monte-primarie-2711.1024x768.jpg","large":"https:\/\/staging.varesenews.it\/photogallery_new\/images\/2014\/02\/tende-nuove-scuola-cuasso-al-monte-primarie-2711.610x431.jpg"}],"_links":{"self":[{"href":"https:\/\/staging.varesenews.it\/swgapi\/v1\/wp\/v2\/posts\/400659"}],"collection":[{"href":"https:\/\/staging.varesenews.it\/swgapi\/v1\/wp\/v2\/posts"}],"about":[{"href":"https:\/\/staging.varesenews.it\/swgapi\/v1\/wp\/v2\/types\/post"}],"author":[{"embeddable":true,"href":"https:\/\/staging.varesenews.it\/swgapi\/v1\/wp\/v2\/users\/33"}],"replies":[{"embeddable":true,"href":"https:\/\/staging.varesenews.it\/swgapi\/v1\/wp\/v2\/comments?post=400659"}],"version-history":[{"count":0,"href":"https:\/\/staging.varesenews.it\/swgapi\/v1\/wp\/v2\/posts\/400659\/revisions"}],"wp:attachment":[{"href":"https:\/\/staging.varesenews.it\/swgapi\/v1\/wp\/v2\/media?parent=400659"}],"wp:term":[{"taxonomy":"category","embeddable":true,"href":"https:\/\/staging.varesenews.it\/swgapi\/v1\/wp\/v2\/categories?post=400659"},{"taxonomy":"post_tag","embeddable":true,"href":"https:\/\/staging.varesenews.it\/swgapi\/v1\/wp\/v2\/tags?post=400659"}],"curies":[{"name":"wp","href":"https:\/\/api.w.org\/{rel}","templated":true}]}}