{"id":400730,"date":"2015-09-12T11:14:34","date_gmt":"2015-09-12T09:14:34","guid":{"rendered":"http:\/\/www.varesenews.it\/?p=400730"},"modified":"2015-09-12T11:14:34","modified_gmt":"2015-09-12T09:14:34","slug":"il-varese-vuole-confermarsi-con-la-pro-vigevano","status":"publish","type":"post","link":"https:\/\/staging.varesenews.it\/2015\/09\/il-varese-vuole-confermarsi-con-la-pro-vigevano\/400730\/","title":{"rendered":"Il Varese vuole confermarsi con la Pro Vigevano"},"content":{"rendered":"<p>La <strong>scorpacciata di gol segnati al Verbano<\/strong> (ma anche a Tradate e Manara in Coppa) ha lanciato il nuovo <strong>Varese di Giuliano Melosi<\/strong> in cima all&#8217;applausometro dei tifosi e al ranking del girone A dell&#8217;Eccellenza: in molti da settimane prevedono una cavalcata biancorossa anche se qualche avversaria\u00a0con questo &#8220;scarico di responsabilit\u00e0&#8221; si toglie di dosso un po&#8217; di pressione.<\/p>\n<p>Dopo l&#8217;esordio di Besozzo dunque, per Luoni e compagni c&#8217;\u00e8 quello <strong>altrettanto atteso di Masnago.<\/strong> La societ\u00e0 ha ritagliato la giornata (di domenica 13) su misura, con tanto di consegna degli abbonamenti (inziata oggi, venerd\u00ec: tessera numero 1 al signor Vittorio Zanzi) e festa dalle 14 all&#8217;ora dell&#8217;aperitivo serale. \u00abProgramma che a me e alla squadra non deve interessare: noi per ora ci concentriamo solo sul campo\u00bb chiosa Melosi in avvicinamento al match.<\/p>\n<p><strong>BECCHIO C&#8217;\u00c8<\/strong> &#8211; Al &#8220;Franco Ossola&#8221; la settimana \u00e8 trascorsa con una certa serenit\u00e0: Capelloni e Pi\u00e0 stanno recuperando dai rispettivi infortuni mentre sulla scrivania della dirigenza \u00e8 arrivato il transfert che permetter\u00e0 ad <strong>Andreas Becchio di essere convocato<\/strong> per la partita. \u00abBecchio pu\u00f2 giocare esterno ma anche punta &#8211; lo descrive l&#8217;allenatore &#8211; che ci pu\u00f2 dare una grossa mano in queste diverse zone del campo. Ha un <strong>fisico possente<\/strong> e in certi casi, magari con partite bloccate nel risultato, la sua stazza pu\u00f2 risultare importante<strong> anche in area<\/strong>\u00bb. Ancora in attesa dell&#8217;ok invece <strong>Piccinotti<\/strong>, anche se a breve anche il suo permesso dovrebbe arrivare in societ\u00e0. La squadra di partenza comunque non si discoster\u00e0 molto da quella vista a Besozzo,<strong> con bomber Marrazzo<\/strong> che avr\u00e0 di nuovo tutti gli occhi &#8211; amici e avversari &#8211; puntati su di s\u00e9.<\/p>\n<p><strong>L&#8217;AVVERSARIA<\/strong> &#8211; La <strong>Pro Vigevano Suardese<\/strong> &#8211; da non confondere con il pi\u00f9 blasonato Vigevano, 11 campionati di serie B alle spalle, ma ora fallito &#8211; \u00e8 una formazione che da qualche anno milita nel campionato di Eccellenza, riuscendo <strong>ogni volta\u00a0a salvarsi<\/strong>, anche se non sempre agilmente. In estate la Pro ha cambiato guida societaria: il presidente Francesco Procopio ha lasciato la prima poltrona a <strong>Claudio Maschera<\/strong>, gi\u00e0 conosciuto nel mondo del calcio della provincia di Pavia per essere stato il proprietario proprio del Vigevano, ora fallito. Nella prima gara di campionato i lomellini\u00a0hanno <strong>perso in casa 1-0 contro il Fenegr\u00f2<\/strong> in una gara molto combattuta. Il tecnico della Suardese Fabio <strong>Andolfo, espulso<\/strong> nella prima gara di campionato, \u00e8 stato squalificato fino al 23 settembre e quindi a sostituirlo sulla panchina del \u201cFranco Ossola\u201d ci sar\u00e0 il vice <strong>Alessandro Zago<\/strong>.<\/p>\n<p><strong>LA DIRETTA<\/strong> &#8211; La partita di Masnago sar\u00e0 raccontata in diretta da VareseNews attraverso il nostro consueto <em><strong>liveblogging<\/strong><\/em>, che anche in occasione dell&#8217;esordio con il Verbano ha f<strong>atto segnare numeri &#8220;da Serie B&#8221;<\/strong> a testimonianza dell&#8217;affetto che questa squadra sta raccogliendo tra la gente. Anche per questo il file \u00e8 a disposizione fin da venerd\u00ec pomeriggio, con il sondaggio sull&#8217;andamento dell&#8217;incontro e una serie di curiosit\u00e0 sulla gara tra Varese e Pro Vigevano. Per dare la propria opinione sono a disposizione lo spazio commenti e l&#8217;hashtag <strong>#vareseprovigevano<\/strong> su Twitter e Instagram; per accedere al live \u00e8 sufficiente <a href=\"http:\/\/live.varesenews.it\/Event\/Calcio_Varese_-_Pro_Vigevano_Suardese\" target=\"_blank\"><strong>CLICCARE QUI<\/strong><\/a>.<\/p>\n","protected":false},"excerpt":{"rendered":"<p>Domenica 13 a Masnago (ore 15,30) i biancorossi ospitano la formazione lomellina. Melosi avr\u00e0 anche Becchio: \u00abCi pu\u00f2 dare una grande mano\u00bb<\/p>\n","protected":false},"author":38,"featured_media":0,"comment_status":"open","ping_status":"open","sticky":false,"template":"","format":"standard","meta":{"footnotes":""},"categories":[14],"tags":[144,208,9192],"acf":[],"yoast_head":"<!-- This site is optimized with the Yoast SEO plugin v20.1 - https:\/\/yoast.com\/wordpress\/plugins\/seo\/ -->\n<title>Il Varese vuole confermarsi con la Pro Vigevano<\/title>\n<meta name=\"description\" content=\"Domenica 13 a Masnago (ore 15,30) i biancorossi ospitano la formazione lomellina. Melosi avr\u00e0 anche Becchio: \u00abCi pu\u00f2 dare una grande mano\u00bb\" \/>\n<meta name=\"robots\" content=\"noindex, follow, max-snippet:-1, max-image-preview:large, max-video-preview:-1\" \/>\n<meta property=\"og:locale\" content=\"it_IT\" \/>\n<meta property=\"og:type\" content=\"article\" \/>\n<meta property=\"og:title\" content=\"Il Varese vuole confermarsi con la Pro Vigevano\" \/>\n<meta property=\"og:description\" content=\"Domenica 13 a Masnago (ore 15,30) i biancorossi ospitano la formazione lomellina. Melosi avr\u00e0 anche Becchio: \u00abCi pu\u00f2 dare una grande mano\u00bb\" \/>\n<meta property=\"og:url\" content=\"https:\/\/staging.varesenews.it\/2015\/09\/il-varese-vuole-confermarsi-con-la-pro-vigevano\/400730\/\" \/>\n<meta property=\"og:site_name\" content=\"VareseNews\" \/>\n<meta property=\"article:publisher\" content=\"https:\/\/www.facebook.com\/varesenews\" \/>\n<meta property=\"article:published_time\" content=\"2015-09-12T09:14:34+00:00\" \/>\n<meta name=\"author\" content=\"Damiano Franzetti\" \/>\n<meta name=\"twitter:card\" content=\"summary_large_image\" \/>\n<meta name=\"twitter:creator\" content=\"@damianofranz\" \/>\n<meta name=\"twitter:site\" content=\"@varesenews\" \/>\n<meta name=\"twitter:label1\" content=\"Scritto da\" \/>\n\t<meta name=\"twitter:data1\" content=\"Damiano Franzetti\" \/>\n\t<meta name=\"twitter:label2\" content=\"Tempo di lettura stimato\" \/>\n\t<meta name=\"twitter:data2\" content=\"3 minuti\" \/>\n<script type=\"application\/ld+json\" class=\"yoast-schema-graph\">{\"@context\":\"https:\/\/schema.org\",\"@graph\":[{\"@type\":\"WebPage\",\"@id\":\"https:\/\/staging.varesenews.it\/2015\/09\/il-varese-vuole-confermarsi-con-la-pro-vigevano\/400730\/\",\"url\":\"https:\/\/staging.varesenews.it\/2015\/09\/il-varese-vuole-confermarsi-con-la-pro-vigevano\/400730\/\",\"name\":\"Il Varese vuole confermarsi con la Pro Vigevano\",\"isPartOf\":{\"@id\":\"https:\/\/staging.varesenews.it\/#website\"},\"datePublished\":\"2015-09-12T09:14:34+00:00\",\"dateModified\":\"2015-09-12T09:14:34+00:00\",\"author\":{\"@id\":\"https:\/\/staging.varesenews.it\/#\/schema\/person\/709ae3769f6b4dbde8ec332baede8a5b\"},\"description\":\"Domenica 13 a Masnago (ore 15,30) i biancorossi ospitano la formazione lomellina. Melosi avr\u00e0 anche Becchio: \u00abCi pu\u00f2 dare una grande mano\u00bb\",\"breadcrumb\":{\"@id\":\"https:\/\/staging.varesenews.it\/2015\/09\/il-varese-vuole-confermarsi-con-la-pro-vigevano\/400730\/#breadcrumb\"},\"inLanguage\":\"it-IT\",\"potentialAction\":[{\"@type\":\"ReadAction\",\"target\":[\"https:\/\/staging.varesenews.it\/2015\/09\/il-varese-vuole-confermarsi-con-la-pro-vigevano\/400730\/\"]}]},{\"@type\":\"BreadcrumbList\",\"@id\":\"https:\/\/staging.varesenews.it\/2015\/09\/il-varese-vuole-confermarsi-con-la-pro-vigevano\/400730\/#breadcrumb\",\"itemListElement\":[{\"@type\":\"ListItem\",\"position\":1,\"name\":\"Home\",\"item\":\"https:\/\/www.varesenews.it\/\"},{\"@type\":\"ListItem\",\"position\":2,\"name\":\"Il Varese vuole confermarsi con la Pro Vigevano\"}]},{\"@type\":\"WebSite\",\"@id\":\"https:\/\/staging.varesenews.it\/#website\",\"url\":\"https:\/\/staging.varesenews.it\/\",\"name\":\"VareseNews\",\"description\":\"\",\"potentialAction\":[{\"@type\":\"SearchAction\",\"target\":{\"@type\":\"EntryPoint\",\"urlTemplate\":\"https:\/\/staging.varesenews.it\/?s={search_term_string}\"},\"query-input\":\"required name=search_term_string\"}],\"inLanguage\":\"it-IT\"},{\"@type\":\"Person\",\"@id\":\"https:\/\/staging.varesenews.it\/#\/schema\/person\/709ae3769f6b4dbde8ec332baede8a5b\",\"name\":\"Damiano Franzetti\",\"image\":{\"@type\":\"ImageObject\",\"inLanguage\":\"it-IT\",\"@id\":\"https:\/\/staging.varesenews.it\/#\/schema\/person\/image\/\",\"url\":\"https:\/\/staging.varesenews.it\/wp-content\/uploads\/2020\/12\/damiano_franzetti_colori_500.jpg\",\"contentUrl\":\"https:\/\/staging.varesenews.it\/wp-content\/uploads\/2020\/12\/damiano_franzetti_colori_500.jpg\",\"caption\":\"Damiano Franzetti\"},\"description\":\"Classe 1976, una laurea (nel cassetto) in scienze e tecnologie alimentari; sono giornalista professionista dal 2009 nato e cresciuto con VareseNews dove mi occupo soprattutto di sport ormai da vent&rsquo;anni. Inviato sui campi (sulle piste, sulle strade...), intervistatore, coordinatore e responsabile delle pagine sportive, mi ritaglio volentieri lo spazio per scrivere di birra sul blog Malto Gradimento. Ho seguito innumerevoli campionati di Serie A di basket, di serie B di calcio, due Mondiali di ciclismo, qualche Giro d&rsquo;;Italia e tanto altro ancora. Collaboro con Tuttosport e altre testate, mi diletto di social. Ho una moglie, un figlio, vivo nella mia Gemonio e ho purtroppo smesso con il basket giocato. &nbsp;\",\"sameAs\":[\"damianofranz\",\"https:\/\/www.linkedin.com\/profile\/view?id=241597124&trk=nav_responsive_tab_profile\",\"https:\/\/twitter.com\/damianofranz\"],\"url\":\"https:\/\/staging.varesenews.it\/persona\/damiano_franzetti-2\/\"}]}<\/script>\n<!-- \/ Yoast SEO plugin. -->","yoast_head_json":{"title":"Il Varese vuole confermarsi con la Pro Vigevano","description":"Domenica 13 a Masnago (ore 15,30) i biancorossi ospitano la formazione lomellina. Melosi avr\u00e0 anche Becchio: \u00abCi pu\u00f2 dare una grande mano\u00bb","robots":{"index":"noindex","follow":"follow","max-snippet":"max-snippet:-1","max-image-preview":"max-image-preview:large","max-video-preview":"max-video-preview:-1"},"og_locale":"it_IT","og_type":"article","og_title":"Il Varese vuole confermarsi con la Pro Vigevano","og_description":"Domenica 13 a Masnago (ore 15,30) i biancorossi ospitano la formazione lomellina. Melosi avr\u00e0 anche Becchio: \u00abCi pu\u00f2 dare una grande mano\u00bb","og_url":"https:\/\/staging.varesenews.it\/2015\/09\/il-varese-vuole-confermarsi-con-la-pro-vigevano\/400730\/","og_site_name":"VareseNews","article_publisher":"https:\/\/www.facebook.com\/varesenews","article_published_time":"2015-09-12T09:14:34+00:00","author":"Damiano Franzetti","twitter_card":"summary_large_image","twitter_creator":"@damianofranz","twitter_site":"@varesenews","twitter_misc":{"Scritto da":"Damiano Franzetti","Tempo di lettura stimato":"3 minuti"},"schema":{"@context":"https:\/\/schema.org","@graph":[{"@type":"WebPage","@id":"https:\/\/staging.varesenews.it\/2015\/09\/il-varese-vuole-confermarsi-con-la-pro-vigevano\/400730\/","url":"https:\/\/staging.varesenews.it\/2015\/09\/il-varese-vuole-confermarsi-con-la-pro-vigevano\/400730\/","name":"Il Varese vuole confermarsi con la Pro Vigevano","isPartOf":{"@id":"https:\/\/staging.varesenews.it\/#website"},"datePublished":"2015-09-12T09:14:34+00:00","dateModified":"2015-09-12T09:14:34+00:00","author":{"@id":"https:\/\/staging.varesenews.it\/#\/schema\/person\/709ae3769f6b4dbde8ec332baede8a5b"},"description":"Domenica 13 a Masnago (ore 15,30) i biancorossi ospitano la formazione lomellina. Melosi avr\u00e0 anche Becchio: \u00abCi pu\u00f2 dare una grande mano\u00bb","breadcrumb":{"@id":"https:\/\/staging.varesenews.it\/2015\/09\/il-varese-vuole-confermarsi-con-la-pro-vigevano\/400730\/#breadcrumb"},"inLanguage":"it-IT","potentialAction":[{"@type":"ReadAction","target":["https:\/\/staging.varesenews.it\/2015\/09\/il-varese-vuole-confermarsi-con-la-pro-vigevano\/400730\/"]}]},{"@type":"BreadcrumbList","@id":"https:\/\/staging.varesenews.it\/2015\/09\/il-varese-vuole-confermarsi-con-la-pro-vigevano\/400730\/#breadcrumb","itemListElement":[{"@type":"ListItem","position":1,"name":"Home","item":"https:\/\/www.varesenews.it\/"},{"@type":"ListItem","position":2,"name":"Il Varese vuole confermarsi con la Pro Vigevano"}]},{"@type":"WebSite","@id":"https:\/\/staging.varesenews.it\/#website","url":"https:\/\/staging.varesenews.it\/","name":"VareseNews","description":"","potentialAction":[{"@type":"SearchAction","target":{"@type":"EntryPoint","urlTemplate":"https:\/\/staging.varesenews.it\/?s={search_term_string}"},"query-input":"required name=search_term_string"}],"inLanguage":"it-IT"},{"@type":"Person","@id":"https:\/\/staging.varesenews.it\/#\/schema\/person\/709ae3769f6b4dbde8ec332baede8a5b","name":"Damiano Franzetti","image":{"@type":"ImageObject","inLanguage":"it-IT","@id":"https:\/\/staging.varesenews.it\/#\/schema\/person\/image\/","url":"https:\/\/staging.varesenews.it\/wp-content\/uploads\/2020\/12\/damiano_franzetti_colori_500.jpg","contentUrl":"https:\/\/staging.varesenews.it\/wp-content\/uploads\/2020\/12\/damiano_franzetti_colori_500.jpg","caption":"Damiano Franzetti"},"description":"Classe 1976, una laurea (nel cassetto) in scienze e tecnologie alimentari; sono giornalista professionista dal 2009 nato e cresciuto con VareseNews dove mi occupo soprattutto di sport ormai da vent&rsquo;anni. Inviato sui campi (sulle piste, sulle strade...), intervistatore, coordinatore e responsabile delle pagine sportive, mi ritaglio volentieri lo spazio per scrivere di birra sul blog Malto Gradimento. Ho seguito innumerevoli campionati di Serie A di basket, di serie B di calcio, due Mondiali di ciclismo, qualche Giro d&rsquo;;Italia e tanto altro ancora. Collaboro con Tuttosport e altre testate, mi diletto di social. Ho una moglie, un figlio, vivo nella mia Gemonio e ho purtroppo smesso con il basket giocato. &nbsp;","sameAs":["damianofranz","https:\/\/www.linkedin.com\/profile\/view?id=241597124&trk=nav_responsive_tab_profile","https:\/\/twitter.com\/damianofranz"],"url":"https:\/\/staging.varesenews.it\/persona\/damiano_franzetti-2\/"}]}},"post_meta":{"_edit_lock":"1442050087:38","_edit_last":"38","_category_permalink":"","wdfb_og_title":"","wdfb_og_type":"","wdfb_og_description":"","wdfb_og_images":"a:1:{i:0;s:0:\"\";}","wdfb_og_custom_name":"a:1:{i:0;s:0:\"\";}","wdfb_og_custom_value":"a:1:{i:0;s:0:\"\";}","foto":"480292","argomento":"Calcio","_jd_twitter":"","_jd_tweet_this":"yes","ratings_users":"0","ratings_score":"0","ratings_average":"0","id_leggi_anche":"400036,400073","_wpt_short_url":"http:\/\/www.varesenews.it\/2015\/09\/il-varese-vuole-confermarsi-con-la-pro-vigevano\/400730\/","_wp_jd_target":"http:\/\/www.varesenews.it\/2015\/09\/il-varese-vuole-confermarsi-con-la-pro-vigevano\/400730\/","_jd_wp_twitter":"a:1:{i:0;s:170:\"Il Varese vuole confermarsi con la Pro Vigevano http:\/\/www.varesenews.it\/2015\/09\/il-varese-vuole-confermarsi-con-la-pro-vigevano\/400730\/ #calcio #eccellenza #varesecalcio\";}","_wpt_status_message":"Tweet inviato con successo."},"photos":[{"original":"https:\/\/staging.varesenews.it\/photogallery_new\/images\/2015\/09\/le-immagini-di-verbano-varese-0-6-480292.jpg","full":"https:\/\/staging.varesenews.it\/photogallery_new\/images\/2015\/09\/le-immagini-di-verbano-varese-0-6-480292.1024x768.jpg","large":"https:\/\/staging.varesenews.it\/photogallery_new\/images\/2015\/09\/le-immagini-di-verbano-varese-0-6-480292.610x431.jpg"}],"_links":{"self":[{"href":"https:\/\/staging.varesenews.it\/swgapi\/v1\/wp\/v2\/posts\/400730"}],"collection":[{"href":"https:\/\/staging.varesenews.it\/swgapi\/v1\/wp\/v2\/posts"}],"about":[{"href":"https:\/\/staging.varesenews.it\/swgapi\/v1\/wp\/v2\/types\/post"}],"author":[{"embeddable":true,"href":"https:\/\/staging.varesenews.it\/swgapi\/v1\/wp\/v2\/users\/38"}],"replies":[{"embeddable":true,"href":"https:\/\/staging.varesenews.it\/swgapi\/v1\/wp\/v2\/comments?post=400730"}],"version-history":[{"count":0,"href":"https:\/\/staging.varesenews.it\/swgapi\/v1\/wp\/v2\/posts\/400730\/revisions"}],"wp:attachment":[{"href":"https:\/\/staging.varesenews.it\/swgapi\/v1\/wp\/v2\/media?parent=400730"}],"wp:term":[{"taxonomy":"category","embeddable":true,"href":"https:\/\/staging.varesenews.it\/swgapi\/v1\/wp\/v2\/categories?post=400730"},{"taxonomy":"post_tag","embeddable":true,"href":"https:\/\/staging.varesenews.it\/swgapi\/v1\/wp\/v2\/tags?post=400730"}],"curies":[{"name":"wp","href":"https:\/\/api.w.org\/{rel}","templated":true}]}}