{"id":400768,"date":"2015-09-12T13:57:40","date_gmt":"2015-09-12T11:57:40","guid":{"rendered":"http:\/\/www.varesenews.it\/?p=400768"},"modified":"2015-09-12T13:57:40","modified_gmt":"2015-09-12T11:57:40","slug":"rapinano-un-bar-in-manette-due-giovani","status":"publish","type":"post","link":"https:\/\/staging.varesenews.it\/2015\/09\/rapinano-un-bar-in-manette-due-giovani\/400768\/","title":{"rendered":"Rapinano un bar: in manette due giovani"},"content":{"rendered":"<p class=\"p1\"><strong>Due ragazzi sono stati arrestati e una terza \u00e8 stata denunciata a piede libero<\/strong>. Hanno confessato di essere gli <strong>autori della rapina avvenuta gioved\u00ec scorso, 10 settembre intorno alle tre di notte, ai danni di un pub di Barasso<\/strong>. Avevano aspettato l&#8217;orario di chiusura, quando i titolari eranmo intenti a verificare\u00a0l&#8217;incasso della giornata. Prima era entrata la <strong>ragazza, una ventenne residente a Gavirate ma originaria di Castelletto Ticino:\u00a0<\/strong>con una scusa banale si era assicurata che il locale fosse vuoto. Poi i due complici, con il<strong> volto travisato avevano fatto irruzione e, sotto la minaccia di un coltello, si erano fatti consegnare l&#8217;incasso, circa 500 euro,<\/strong> per poi scappare a bordo di una vettura.<\/p>\n<p class=\"p1\">Grazie alla descrizione fornita dalle vittime, ai filmati delle telecamere di sorveglianza di Barasso, <strong>i carabinieri di Gavirate <\/strong>d&#8217;intesa con il Comando\u00a0di Varese, hanno individuato la ragazza che ha confessato e ha indicato i due complici, esecutori materiali della rapina.<strong> Sono cos\u00ec finiti in manette, per ordine del magistrato Sabrina Di Taranto<\/strong>,<span class=\"Apple-converted-space\">\u00a0 <\/span>un <strong>ragazzo italiano del 1990, originario di Castelletto<\/strong> senza fissa dimora e pregiudicato, e un <strong>amico ventenne di origini marocchine<\/strong> a cui la Prefettura di Novara ha negato il rinnovo del permesso di soggiorno perch\u00e9 disoccupato e senza fissa dimora.<\/p>\n<p class=\"p1\">I due giovani sono stati rinchiusi al carcere varesino dei Miogni mentre la <strong>ragazza, incensurata, \u00e8 stata denunciata a piede libero perch\u00e9 madre di una bimba di due anni.<\/strong> Impossibile recuperare la refurtiva che i tre hanno speso in poche ore<\/p>\n","protected":false},"excerpt":{"rendered":"<p>Si \u00e8 risolta con l&#8217;arresto di due persone l&#8217;assalto fatto gioved\u00ec scorso in un pub di Barasso all&#8217;ora di chiusura. Coinvolta anche una ragazza denunciata a piede libero perch\u00e8 madre di una bimba piccola<\/p>\n","protected":false},"author":33,"featured_media":0,"comment_status":"open","ping_status":"open","sticky":false,"template":"","format":"standard","meta":{"footnotes":""},"categories":[2],"tags":[229,1795],"acf":[],"yoast_head":"<!-- This site is optimized with the Yoast SEO plugin v20.1 - https:\/\/yoast.com\/wordpress\/plugins\/seo\/ -->\n<title>Rapinano un bar: in manette due giovani<\/title>\n<meta name=\"description\" content=\"Si \u00e8 risolta con l&#039;arresto di due persone l&#039;assalto fatto gioved\u00ec scorso in un pub di Barasso all&#039;ora di chiusura. Coinvolta anche una ragazza denunciata a piede libero perch\u00e8 madre di una bimba piccola\" \/>\n<meta name=\"robots\" content=\"noindex, follow, max-snippet:-1, max-image-preview:large, max-video-preview:-1\" \/>\n<meta property=\"og:locale\" content=\"it_IT\" \/>\n<meta property=\"og:type\" content=\"article\" \/>\n<meta property=\"og:title\" content=\"Rapinano un bar: in manette due giovani\" \/>\n<meta property=\"og:description\" content=\"Si \u00e8 risolta con l&#039;arresto di due persone l&#039;assalto fatto gioved\u00ec scorso in un pub di Barasso all&#039;ora di chiusura. Coinvolta anche una ragazza denunciata a piede libero perch\u00e8 madre di una bimba piccola\" \/>\n<meta property=\"og:url\" content=\"https:\/\/staging.varesenews.it\/2015\/09\/rapinano-un-bar-in-manette-due-giovani\/400768\/\" \/>\n<meta property=\"og:site_name\" content=\"VareseNews\" \/>\n<meta property=\"article:publisher\" content=\"https:\/\/www.facebook.com\/varesenews\" \/>\n<meta property=\"article:author\" content=\"alessandra.toni7\" \/>\n<meta property=\"article:published_time\" content=\"2015-09-12T11:57:40+00:00\" \/>\n<meta name=\"author\" content=\"Alessandra Toni\" \/>\n<meta name=\"twitter:card\" content=\"summary_large_image\" \/>\n<meta name=\"twitter:creator\" content=\"@alessandra_toni\" \/>\n<meta name=\"twitter:site\" content=\"@varesenews\" \/>\n<meta name=\"twitter:label1\" content=\"Scritto da\" \/>\n\t<meta name=\"twitter:data1\" content=\"Alessandra Toni\" \/>\n\t<meta name=\"twitter:label2\" content=\"Tempo di lettura stimato\" \/>\n\t<meta name=\"twitter:data2\" content=\"1 minuto\" \/>\n<script type=\"application\/ld+json\" class=\"yoast-schema-graph\">{\"@context\":\"https:\/\/schema.org\",\"@graph\":[{\"@type\":\"WebPage\",\"@id\":\"https:\/\/staging.varesenews.it\/2015\/09\/rapinano-un-bar-in-manette-due-giovani\/400768\/\",\"url\":\"https:\/\/staging.varesenews.it\/2015\/09\/rapinano-un-bar-in-manette-due-giovani\/400768\/\",\"name\":\"Rapinano un bar: in manette due giovani\",\"isPartOf\":{\"@id\":\"https:\/\/staging.varesenews.it\/#website\"},\"datePublished\":\"2015-09-12T11:57:40+00:00\",\"dateModified\":\"2015-09-12T11:57:40+00:00\",\"author\":{\"@id\":\"https:\/\/staging.varesenews.it\/#\/schema\/person\/2643ce123d4a3c9511e015dc548779b8\"},\"description\":\"Si \u00e8 risolta con l'arresto di due persone l'assalto fatto gioved\u00ec scorso in un pub di Barasso all'ora di chiusura. Coinvolta anche una ragazza denunciata a piede libero perch\u00e8 madre di una bimba piccola\",\"breadcrumb\":{\"@id\":\"https:\/\/staging.varesenews.it\/2015\/09\/rapinano-un-bar-in-manette-due-giovani\/400768\/#breadcrumb\"},\"inLanguage\":\"it-IT\",\"potentialAction\":[{\"@type\":\"ReadAction\",\"target\":[\"https:\/\/staging.varesenews.it\/2015\/09\/rapinano-un-bar-in-manette-due-giovani\/400768\/\"]}]},{\"@type\":\"BreadcrumbList\",\"@id\":\"https:\/\/staging.varesenews.it\/2015\/09\/rapinano-un-bar-in-manette-due-giovani\/400768\/#breadcrumb\",\"itemListElement\":[{\"@type\":\"ListItem\",\"position\":1,\"name\":\"Home\",\"item\":\"https:\/\/www.varesenews.it\/\"},{\"@type\":\"ListItem\",\"position\":2,\"name\":\"Rapinano un bar: in manette due giovani\"}]},{\"@type\":\"WebSite\",\"@id\":\"https:\/\/staging.varesenews.it\/#website\",\"url\":\"https:\/\/staging.varesenews.it\/\",\"name\":\"VareseNews\",\"description\":\"\",\"potentialAction\":[{\"@type\":\"SearchAction\",\"target\":{\"@type\":\"EntryPoint\",\"urlTemplate\":\"https:\/\/staging.varesenews.it\/?s={search_term_string}\"},\"query-input\":\"required name=search_term_string\"}],\"inLanguage\":\"it-IT\"},{\"@type\":\"Person\",\"@id\":\"https:\/\/staging.varesenews.it\/#\/schema\/person\/2643ce123d4a3c9511e015dc548779b8\",\"name\":\"Alessandra Toni\",\"image\":{\"@type\":\"ImageObject\",\"inLanguage\":\"it-IT\",\"@id\":\"https:\/\/staging.varesenews.it\/#\/schema\/person\/image\/\",\"url\":\"https:\/\/staging.varesenews.it\/wp-content\/uploads\/2020\/12\/alessandra_toni_colori_500.jpg\",\"contentUrl\":\"https:\/\/staging.varesenews.it\/wp-content\/uploads\/2020\/12\/alessandra_toni_colori_500.jpg\",\"caption\":\"Alessandra Toni\"},\"description\":\"Sono entrata nella redazione di VareseNews nel lontano anno 2000. Ero reduce da una bellissima esperienza nella redazione giornalistica della TV Nuova Antennatre, sotto la direzione dell'indimenticabile direttore Adolfo Caldarini. Sono arrivata quando era ancora una piccola realt\u00e0 editoriale e insieme abbiamo fatto un lungo ed entusiasmante lavoro. Mi occupo prevalentemente di scuola e di sanit\u00e0, settori impegnativi di grande valore sociale.\u00a0\",\"sameAs\":[\"alessandra.toni7\",\"alessandra.toni\",\"https:\/\/twitter.com\/alessandra_toni\"],\"url\":\"https:\/\/staging.varesenews.it\/persona\/alessandra_toni1\/\"}]}<\/script>\n<!-- \/ Yoast SEO plugin. -->","yoast_head_json":{"title":"Rapinano un bar: in manette due giovani","description":"Si \u00e8 risolta con l'arresto di due persone l'assalto fatto gioved\u00ec scorso in un pub di Barasso all'ora di chiusura. Coinvolta anche una ragazza denunciata a piede libero perch\u00e8 madre di una bimba piccola","robots":{"index":"noindex","follow":"follow","max-snippet":"max-snippet:-1","max-image-preview":"max-image-preview:large","max-video-preview":"max-video-preview:-1"},"og_locale":"it_IT","og_type":"article","og_title":"Rapinano un bar: in manette due giovani","og_description":"Si \u00e8 risolta con l'arresto di due persone l'assalto fatto gioved\u00ec scorso in un pub di Barasso all'ora di chiusura. Coinvolta anche una ragazza denunciata a piede libero perch\u00e8 madre di una bimba piccola","og_url":"https:\/\/staging.varesenews.it\/2015\/09\/rapinano-un-bar-in-manette-due-giovani\/400768\/","og_site_name":"VareseNews","article_publisher":"https:\/\/www.facebook.com\/varesenews","article_author":"alessandra.toni7","article_published_time":"2015-09-12T11:57:40+00:00","author":"Alessandra Toni","twitter_card":"summary_large_image","twitter_creator":"@alessandra_toni","twitter_site":"@varesenews","twitter_misc":{"Scritto da":"Alessandra Toni","Tempo di lettura stimato":"1 minuto"},"schema":{"@context":"https:\/\/schema.org","@graph":[{"@type":"WebPage","@id":"https:\/\/staging.varesenews.it\/2015\/09\/rapinano-un-bar-in-manette-due-giovani\/400768\/","url":"https:\/\/staging.varesenews.it\/2015\/09\/rapinano-un-bar-in-manette-due-giovani\/400768\/","name":"Rapinano un bar: in manette due giovani","isPartOf":{"@id":"https:\/\/staging.varesenews.it\/#website"},"datePublished":"2015-09-12T11:57:40+00:00","dateModified":"2015-09-12T11:57:40+00:00","author":{"@id":"https:\/\/staging.varesenews.it\/#\/schema\/person\/2643ce123d4a3c9511e015dc548779b8"},"description":"Si \u00e8 risolta con l'arresto di due persone l'assalto fatto gioved\u00ec scorso in un pub di Barasso all'ora di chiusura. Coinvolta anche una ragazza denunciata a piede libero perch\u00e8 madre di una bimba piccola","breadcrumb":{"@id":"https:\/\/staging.varesenews.it\/2015\/09\/rapinano-un-bar-in-manette-due-giovani\/400768\/#breadcrumb"},"inLanguage":"it-IT","potentialAction":[{"@type":"ReadAction","target":["https:\/\/staging.varesenews.it\/2015\/09\/rapinano-un-bar-in-manette-due-giovani\/400768\/"]}]},{"@type":"BreadcrumbList","@id":"https:\/\/staging.varesenews.it\/2015\/09\/rapinano-un-bar-in-manette-due-giovani\/400768\/#breadcrumb","itemListElement":[{"@type":"ListItem","position":1,"name":"Home","item":"https:\/\/www.varesenews.it\/"},{"@type":"ListItem","position":2,"name":"Rapinano un bar: in manette due giovani"}]},{"@type":"WebSite","@id":"https:\/\/staging.varesenews.it\/#website","url":"https:\/\/staging.varesenews.it\/","name":"VareseNews","description":"","potentialAction":[{"@type":"SearchAction","target":{"@type":"EntryPoint","urlTemplate":"https:\/\/staging.varesenews.it\/?s={search_term_string}"},"query-input":"required name=search_term_string"}],"inLanguage":"it-IT"},{"@type":"Person","@id":"https:\/\/staging.varesenews.it\/#\/schema\/person\/2643ce123d4a3c9511e015dc548779b8","name":"Alessandra Toni","image":{"@type":"ImageObject","inLanguage":"it-IT","@id":"https:\/\/staging.varesenews.it\/#\/schema\/person\/image\/","url":"https:\/\/staging.varesenews.it\/wp-content\/uploads\/2020\/12\/alessandra_toni_colori_500.jpg","contentUrl":"https:\/\/staging.varesenews.it\/wp-content\/uploads\/2020\/12\/alessandra_toni_colori_500.jpg","caption":"Alessandra Toni"},"description":"Sono entrata nella redazione di VareseNews nel lontano anno 2000. Ero reduce da una bellissima esperienza nella redazione giornalistica della TV Nuova Antennatre, sotto la direzione dell'indimenticabile direttore Adolfo Caldarini. Sono arrivata quando era ancora una piccola realt\u00e0 editoriale e insieme abbiamo fatto un lungo ed entusiasmante lavoro. Mi occupo prevalentemente di scuola e di sanit\u00e0, settori impegnativi di grande valore sociale.\u00a0","sameAs":["alessandra.toni7","alessandra.toni","https:\/\/twitter.com\/alessandra_toni"],"url":"https:\/\/staging.varesenews.it\/persona\/alessandra_toni1\/"}]}},"post_meta":{"_edit_lock":"1442058943:33","_edit_last":"33","_category_permalink":"","wdfb_og_title":"","wdfb_og_type":"","wdfb_og_description":"","wdfb_og_images":"a:1:{i:0;s:0:\"\";}","wdfb_og_custom_name":"a:1:{i:0;s:0:\"\";}","wdfb_og_custom_value":"a:1:{i:0;s:0:\"\";}","foto":"481800","firma_come_redazione":"1","argomento":"Barasso","_jd_twitter":"","_jd_tweet_this":"yes","ratings_users":"0","ratings_score":"0","ratings_average":"0","_wpt_short_url":"http:\/\/www.varesenews.it\/2015\/09\/rapinano-un-bar-in-manette-due-giovani\/400768\/","_wp_jd_target":"http:\/\/www.varesenews.it\/2015\/09\/rapinano-un-bar-in-manette-due-giovani\/400768\/","_jd_wp_twitter":"a:1:{i:0;s:140:\"Rapinano un bar: in manette due giovani http:\/\/www.varesenews.it\/2015\/09\/rapinano-un-bar-in-manette-due-giovani\/400768\/ #carabinieri #rapina\";}","_wpt_status_message":"Tweet inviato con successo."},"photos":[{"original":"https:\/\/staging.varesenews.it\/photogallery_new\/images\/2015\/09\/rapina-in-un-pub-di-barasso-481800.jpg","full":"https:\/\/staging.varesenews.it\/photogallery_new\/images\/2015\/09\/rapina-in-un-pub-di-barasso-481800.1024x768.jpg","large":"https:\/\/staging.varesenews.it\/photogallery_new\/images\/2015\/09\/rapina-in-un-pub-di-barasso-481800.610x431.jpg"}],"_links":{"self":[{"href":"https:\/\/staging.varesenews.it\/swgapi\/v1\/wp\/v2\/posts\/400768"}],"collection":[{"href":"https:\/\/staging.varesenews.it\/swgapi\/v1\/wp\/v2\/posts"}],"about":[{"href":"https:\/\/staging.varesenews.it\/swgapi\/v1\/wp\/v2\/types\/post"}],"author":[{"embeddable":true,"href":"https:\/\/staging.varesenews.it\/swgapi\/v1\/wp\/v2\/users\/33"}],"replies":[{"embeddable":true,"href":"https:\/\/staging.varesenews.it\/swgapi\/v1\/wp\/v2\/comments?post=400768"}],"version-history":[{"count":0,"href":"https:\/\/staging.varesenews.it\/swgapi\/v1\/wp\/v2\/posts\/400768\/revisions"}],"wp:attachment":[{"href":"https:\/\/staging.varesenews.it\/swgapi\/v1\/wp\/v2\/media?parent=400768"}],"wp:term":[{"taxonomy":"category","embeddable":true,"href":"https:\/\/staging.varesenews.it\/swgapi\/v1\/wp\/v2\/categories?post=400768"},{"taxonomy":"post_tag","embeddable":true,"href":"https:\/\/staging.varesenews.it\/swgapi\/v1\/wp\/v2\/tags?post=400768"}],"curies":[{"name":"wp","href":"https:\/\/api.w.org\/{rel}","templated":true}]}}