{"id":400939,"date":"2015-09-14T10:54:32","date_gmt":"2015-09-14T08:54:32","guid":{"rendered":"http:\/\/www.varesenews.it\/?p=400939"},"modified":"2015-09-14T11:02:00","modified_gmt":"2015-09-14T09:02:00","slug":"tutti-in-classe-la-scuola-riparte","status":"publish","type":"post","link":"https:\/\/staging.varesenews.it\/2015\/09\/tutti-in-classe-la-scuola-riparte\/400939\/","title":{"rendered":"&#8220;La Buona scuola&#8221; \u00e8 iniziata: tra conferme e novit\u00e0"},"content":{"rendered":"<p class=\"p1\">Pioggia, traffico. Decisamente un luned\u00ec difficile per <strong>i 133.000 studenti della provincia di Varese che si sono ripresentati in classe.<\/strong><\/p>\n<p class=\"p1\"><strong>Un primo giorno caratterizzato da orari differenti:<\/strong> chi ha iniziato puntuale alle 8 e chi ha optato per un inizio soft posticipando la<strong> campanella alle 8.30 o alle 9.<\/strong><\/p>\n<p class=\"p1\">Emozionati e tesi soprattutto gli alunni che iniziavano un nuovo ciclo: dall\u2019infanzia alla primaria fino alle medie e alle superiori, il cambiamento ha scatenato i sentimenti pi\u00f9 diffusi. Alle superiori, l\u2019accoglienza dei nuovi iscritti \u00e8 stata organizzata in moda da non intralciare l&#8217;arrivo\u00a0degli altri. Allo <strong>scientifico Ferraris di Varese<\/strong> si \u00e8 preferito convocare tutti alle 9 e radunarli in aula magna per lo smistamento. Il <strong>Daverio Casula di Varese<\/strong> ha scelto di\u00a0accoglierli a scuola vuota per poterli dividere in tutta tranquillit\u00e0. Il <strong>liceo linguistico Manzoni<\/strong> ha fatto la chiamata diretta dei primini sul portone mentre i compagni pi\u00f9 grandi spiavano dalle finestre delle classi ai piani superiori.<\/p>\n<p class=\"p1\">Quello che inizia sar\u00e0 un anno di transizione. Tante le novit\u00e0 e le innovazioni che entreranno in vigore, legate alla Buona scuola. A iniziare dal<strong> piano straordinario di assunzione<\/strong> che si \u00e8 concluso venerd\u00ec scorso con la fase B e che <strong>ha portato all\u2019assunzione di 8532 docenti di cui 2586 in Lombardia<\/strong>: \u00ab Il nostro anno inizia con l\u2019organico completo &#8211; commenta il <strong>dirigente del classico Cairoli Salvatore Consolo<\/strong> &#8211; anche se non abbiamo avuto nuovi contratti perch\u00e9 abbiamo solo cattedre disponibili e non vacanti. Sar\u00e0 comunque un anno impegnativo perch\u00e9 di transizione. Molte le novit\u00e0 sul tappeto a iniziare dalle linee guida che il dirigente deve stilare per permettere al collegio docenti di stilare il \u201cpiano dell\u2019offerta formativa\u201d da sottoporre alla valutazione del Consiglio di Istituto. In base a quel programma, verranno anche definite le necessit\u00e0 per il potenziamento che verr\u00e0 deciso tra novembre e dicembre\u00bb.<\/p>\n<p class=\"p1\">Rimangono ancora alcuni punti da chiarire di questa Buona scuola e ostacoli da superare. Oggi, per\u00f2, l\u2019attenzione \u00e8 concentrata sulla ripresa: \u00abUn augurio di cuore a tutti gli alunni, alle famiglie, al personale scolastico &#8211; ha dichiarato <strong>l\u2019assessore del Comune di Varese Enrico Angelini<\/strong> &#8211;<span class=\"Apple-converted-space\">\u00a0 <\/span>Il lavoro educativo che si svolge nelle aule \u00e8 importante per dare fondamenta solide alla comunit\u00e0 cittadina e per dare concretezza alla speranza che ci fa guardare al futuro, con la voglia che ciascuno possa avere l&#8217;opportunit\u00e0 di dare il meglio di s\u00e8\u00bb.<\/p>\n","protected":false},"excerpt":{"rendered":"<p>Tante le novit\u00e0 in cantiere nell&#8217;anno scolastico che si \u00e8 aperto per tutti gli studenti lombardi. Tra attese e preoccupazioni riparte la macchina organizzativa<\/p>\n","protected":false},"author":33,"featured_media":0,"comment_status":"open","ping_status":"open","sticky":false,"template":"","format":"standard","meta":{"footnotes":""},"categories":[90,2],"tags":[1930],"acf":[],"yoast_head":"<!-- This site is optimized with the Yoast SEO plugin v20.1 - https:\/\/yoast.com\/wordpress\/plugins\/seo\/ -->\n<title>&quot;La Buona scuola&quot; \u00e8 iniziata: tra conferme e novit\u00e0<\/title>\n<meta name=\"description\" content=\"Ripartono le lezioni nell&#039;anno di transizione che porter\u00e0 alla &quot;Buona scuola&quot;\" \/>\n<meta name=\"robots\" content=\"noindex, follow, max-snippet:-1, max-image-preview:large, max-video-preview:-1\" \/>\n<meta property=\"og:locale\" content=\"it_IT\" \/>\n<meta property=\"og:type\" content=\"article\" \/>\n<meta property=\"og:title\" content=\"&quot;La Buona scuola&quot; \u00e8 iniziata: tra conferme e novit\u00e0\" \/>\n<meta property=\"og:description\" content=\"Ripartono le lezioni nell&#039;anno di transizione che porter\u00e0 alla &quot;Buona scuola&quot;\" \/>\n<meta property=\"og:url\" content=\"https:\/\/staging.varesenews.it\/2015\/09\/tutti-in-classe-la-scuola-riparte\/400939\/\" \/>\n<meta property=\"og:site_name\" content=\"VareseNews\" \/>\n<meta property=\"article:publisher\" content=\"https:\/\/www.facebook.com\/varesenews\" \/>\n<meta property=\"article:author\" content=\"alessandra.toni7\" \/>\n<meta property=\"article:published_time\" content=\"2015-09-14T08:54:32+00:00\" \/>\n<meta property=\"article:modified_time\" content=\"2015-09-14T09:02:00+00:00\" \/>\n<meta name=\"author\" content=\"Alessandra Toni\" \/>\n<meta name=\"twitter:card\" content=\"summary_large_image\" \/>\n<meta name=\"twitter:creator\" content=\"@alessandra_toni\" \/>\n<meta name=\"twitter:site\" content=\"@varesenews\" \/>\n<meta name=\"twitter:label1\" content=\"Scritto da\" \/>\n\t<meta name=\"twitter:data1\" content=\"Alessandra Toni\" \/>\n\t<meta name=\"twitter:label2\" content=\"Tempo di lettura stimato\" \/>\n\t<meta name=\"twitter:data2\" content=\"2 minuti\" \/>\n<script type=\"application\/ld+json\" class=\"yoast-schema-graph\">{\"@context\":\"https:\/\/schema.org\",\"@graph\":[{\"@type\":\"WebPage\",\"@id\":\"https:\/\/staging.varesenews.it\/2015\/09\/tutti-in-classe-la-scuola-riparte\/400939\/\",\"url\":\"https:\/\/staging.varesenews.it\/2015\/09\/tutti-in-classe-la-scuola-riparte\/400939\/\",\"name\":\"\\\"La Buona scuola\\\" \u00e8 iniziata: tra conferme e novit\u00e0\",\"isPartOf\":{\"@id\":\"https:\/\/staging.varesenews.it\/#website\"},\"datePublished\":\"2015-09-14T08:54:32+00:00\",\"dateModified\":\"2015-09-14T09:02:00+00:00\",\"author\":{\"@id\":\"https:\/\/staging.varesenews.it\/#\/schema\/person\/2643ce123d4a3c9511e015dc548779b8\"},\"description\":\"Ripartono le lezioni nell'anno di transizione che porter\u00e0 alla \\\"Buona scuola\\\"\",\"breadcrumb\":{\"@id\":\"https:\/\/staging.varesenews.it\/2015\/09\/tutti-in-classe-la-scuola-riparte\/400939\/#breadcrumb\"},\"inLanguage\":\"it-IT\",\"potentialAction\":[{\"@type\":\"ReadAction\",\"target\":[\"https:\/\/staging.varesenews.it\/2015\/09\/tutti-in-classe-la-scuola-riparte\/400939\/\"]}]},{\"@type\":\"BreadcrumbList\",\"@id\":\"https:\/\/staging.varesenews.it\/2015\/09\/tutti-in-classe-la-scuola-riparte\/400939\/#breadcrumb\",\"itemListElement\":[{\"@type\":\"ListItem\",\"position\":1,\"name\":\"Home\",\"item\":\"https:\/\/www.varesenews.it\/\"},{\"@type\":\"ListItem\",\"position\":2,\"name\":\"&#8220;La Buona scuola&#8221; \u00e8 iniziata: tra conferme e novit\u00e0\"}]},{\"@type\":\"WebSite\",\"@id\":\"https:\/\/staging.varesenews.it\/#website\",\"url\":\"https:\/\/staging.varesenews.it\/\",\"name\":\"VareseNews\",\"description\":\"\",\"potentialAction\":[{\"@type\":\"SearchAction\",\"target\":{\"@type\":\"EntryPoint\",\"urlTemplate\":\"https:\/\/staging.varesenews.it\/?s={search_term_string}\"},\"query-input\":\"required name=search_term_string\"}],\"inLanguage\":\"it-IT\"},{\"@type\":\"Person\",\"@id\":\"https:\/\/staging.varesenews.it\/#\/schema\/person\/2643ce123d4a3c9511e015dc548779b8\",\"name\":\"Alessandra Toni\",\"image\":{\"@type\":\"ImageObject\",\"inLanguage\":\"it-IT\",\"@id\":\"https:\/\/staging.varesenews.it\/#\/schema\/person\/image\/\",\"url\":\"https:\/\/staging.varesenews.it\/wp-content\/uploads\/2020\/12\/alessandra_toni_colori_500.jpg\",\"contentUrl\":\"https:\/\/staging.varesenews.it\/wp-content\/uploads\/2020\/12\/alessandra_toni_colori_500.jpg\",\"caption\":\"Alessandra Toni\"},\"description\":\"Sono entrata nella redazione di VareseNews nel lontano anno 2000. Ero reduce da una bellissima esperienza nella redazione giornalistica della TV Nuova Antennatre, sotto la direzione dell'indimenticabile direttore Adolfo Caldarini. Sono arrivata quando era ancora una piccola realt\u00e0 editoriale e insieme abbiamo fatto un lungo ed entusiasmante lavoro. Mi occupo prevalentemente di scuola e di sanit\u00e0, settori impegnativi di grande valore sociale.\u00a0\",\"sameAs\":[\"alessandra.toni7\",\"alessandra.toni\",\"https:\/\/twitter.com\/alessandra_toni\"],\"url\":\"https:\/\/staging.varesenews.it\/persona\/alessandra_toni1\/\"}]}<\/script>\n<!-- \/ Yoast SEO plugin. -->","yoast_head_json":{"title":"\"La Buona scuola\" \u00e8 iniziata: tra conferme e novit\u00e0","description":"Ripartono le lezioni nell'anno di transizione che porter\u00e0 alla \"Buona scuola\"","robots":{"index":"noindex","follow":"follow","max-snippet":"max-snippet:-1","max-image-preview":"max-image-preview:large","max-video-preview":"max-video-preview:-1"},"og_locale":"it_IT","og_type":"article","og_title":"\"La Buona scuola\" \u00e8 iniziata: tra conferme e novit\u00e0","og_description":"Ripartono le lezioni nell'anno di transizione che porter\u00e0 alla \"Buona scuola\"","og_url":"https:\/\/staging.varesenews.it\/2015\/09\/tutti-in-classe-la-scuola-riparte\/400939\/","og_site_name":"VareseNews","article_publisher":"https:\/\/www.facebook.com\/varesenews","article_author":"alessandra.toni7","article_published_time":"2015-09-14T08:54:32+00:00","article_modified_time":"2015-09-14T09:02:00+00:00","author":"Alessandra Toni","twitter_card":"summary_large_image","twitter_creator":"@alessandra_toni","twitter_site":"@varesenews","twitter_misc":{"Scritto da":"Alessandra Toni","Tempo di lettura stimato":"2 minuti"},"schema":{"@context":"https:\/\/schema.org","@graph":[{"@type":"WebPage","@id":"https:\/\/staging.varesenews.it\/2015\/09\/tutti-in-classe-la-scuola-riparte\/400939\/","url":"https:\/\/staging.varesenews.it\/2015\/09\/tutti-in-classe-la-scuola-riparte\/400939\/","name":"\"La Buona scuola\" \u00e8 iniziata: tra conferme e novit\u00e0","isPartOf":{"@id":"https:\/\/staging.varesenews.it\/#website"},"datePublished":"2015-09-14T08:54:32+00:00","dateModified":"2015-09-14T09:02:00+00:00","author":{"@id":"https:\/\/staging.varesenews.it\/#\/schema\/person\/2643ce123d4a3c9511e015dc548779b8"},"description":"Ripartono le lezioni nell'anno di transizione che porter\u00e0 alla \"Buona scuola\"","breadcrumb":{"@id":"https:\/\/staging.varesenews.it\/2015\/09\/tutti-in-classe-la-scuola-riparte\/400939\/#breadcrumb"},"inLanguage":"it-IT","potentialAction":[{"@type":"ReadAction","target":["https:\/\/staging.varesenews.it\/2015\/09\/tutti-in-classe-la-scuola-riparte\/400939\/"]}]},{"@type":"BreadcrumbList","@id":"https:\/\/staging.varesenews.it\/2015\/09\/tutti-in-classe-la-scuola-riparte\/400939\/#breadcrumb","itemListElement":[{"@type":"ListItem","position":1,"name":"Home","item":"https:\/\/www.varesenews.it\/"},{"@type":"ListItem","position":2,"name":"&#8220;La Buona scuola&#8221; \u00e8 iniziata: tra conferme e novit\u00e0"}]},{"@type":"WebSite","@id":"https:\/\/staging.varesenews.it\/#website","url":"https:\/\/staging.varesenews.it\/","name":"VareseNews","description":"","potentialAction":[{"@type":"SearchAction","target":{"@type":"EntryPoint","urlTemplate":"https:\/\/staging.varesenews.it\/?s={search_term_string}"},"query-input":"required name=search_term_string"}],"inLanguage":"it-IT"},{"@type":"Person","@id":"https:\/\/staging.varesenews.it\/#\/schema\/person\/2643ce123d4a3c9511e015dc548779b8","name":"Alessandra Toni","image":{"@type":"ImageObject","inLanguage":"it-IT","@id":"https:\/\/staging.varesenews.it\/#\/schema\/person\/image\/","url":"https:\/\/staging.varesenews.it\/wp-content\/uploads\/2020\/12\/alessandra_toni_colori_500.jpg","contentUrl":"https:\/\/staging.varesenews.it\/wp-content\/uploads\/2020\/12\/alessandra_toni_colori_500.jpg","caption":"Alessandra Toni"},"description":"Sono entrata nella redazione di VareseNews nel lontano anno 2000. Ero reduce da una bellissima esperienza nella redazione giornalistica della TV Nuova Antennatre, sotto la direzione dell'indimenticabile direttore Adolfo Caldarini. Sono arrivata quando era ancora una piccola realt\u00e0 editoriale e insieme abbiamo fatto un lungo ed entusiasmante lavoro. Mi occupo prevalentemente di scuola e di sanit\u00e0, settori impegnativi di grande valore sociale.\u00a0","sameAs":["alessandra.toni7","alessandra.toni","https:\/\/twitter.com\/alessandra_toni"],"url":"https:\/\/staging.varesenews.it\/persona\/alessandra_toni1\/"}]}},"post_meta":{"_edit_lock":"1442222133:33","_edit_last":"33","_category_permalink":"90","wdfb_og_title":"","wdfb_og_type":"","wdfb_og_description":"","wdfb_og_images":"a:1:{i:0;s:0:\"\";}","wdfb_og_custom_name":"a:1:{i:0;s:0:\"\";}","wdfb_og_custom_value":"a:1:{i:0;s:0:\"\";}","foto":"482095","firma-personalizzata":"A.T.","argomento":"Scuola","_yoast_wpseo_focuskw":"buona scuola","_yoast_wpseo_metadesc":"Ripartono le lezioni nell'anno di transizione che porter\u00e0 alla \"Buona scuola\"","_jd_twitter":"","_jd_tweet_this":"yes","ratings_users":"0","ratings_score":"0","ratings_average":"0","_wpt_short_url":"http:\/\/www.varesenews.it\/2015\/09\/tutti-in-classe-la-scuola-riparte\/400939\/","_wp_jd_target":"http:\/\/www.varesenews.it\/2015\/09\/tutti-in-classe-la-scuola-riparte\/400939\/","_jd_wp_twitter":"a:1:{i:0;s:144:\"\"La Buona scuola\" \u00e8 iniziata: tra conferme e novit\u00e0 http:\/\/www.varesenews.it\/2015\/09\/tutti-in-classe-la-scuola-riparte\/400939\/ #scuolastudenti\";}","_wpt_status_message":"Tweet inviato con successo.","_yoast_wpseo_linkdex":"64","id_leggi_anche":"400939,400470,497737","id_link_fotogallery":"400963"},"photos":[{"original":"https:\/\/staging.varesenews.it\/photogallery_new\/images\/2015\/09\/la-scuola-ricomincia-482095.jpg","full":"https:\/\/staging.varesenews.it\/photogallery_new\/images\/2015\/09\/la-scuola-ricomincia-482095.1024x768.jpg","large":"https:\/\/staging.varesenews.it\/photogallery_new\/images\/2015\/09\/la-scuola-ricomincia-482095.610x431.jpg"}],"_links":{"self":[{"href":"https:\/\/staging.varesenews.it\/swgapi\/v1\/wp\/v2\/posts\/400939"}],"collection":[{"href":"https:\/\/staging.varesenews.it\/swgapi\/v1\/wp\/v2\/posts"}],"about":[{"href":"https:\/\/staging.varesenews.it\/swgapi\/v1\/wp\/v2\/types\/post"}],"author":[{"embeddable":true,"href":"https:\/\/staging.varesenews.it\/swgapi\/v1\/wp\/v2\/users\/33"}],"replies":[{"embeddable":true,"href":"https:\/\/staging.varesenews.it\/swgapi\/v1\/wp\/v2\/comments?post=400939"}],"version-history":[{"count":0,"href":"https:\/\/staging.varesenews.it\/swgapi\/v1\/wp\/v2\/posts\/400939\/revisions"}],"wp:attachment":[{"href":"https:\/\/staging.varesenews.it\/swgapi\/v1\/wp\/v2\/media?parent=400939"}],"wp:term":[{"taxonomy":"category","embeddable":true,"href":"https:\/\/staging.varesenews.it\/swgapi\/v1\/wp\/v2\/categories?post=400939"},{"taxonomy":"post_tag","embeddable":true,"href":"https:\/\/staging.varesenews.it\/swgapi\/v1\/wp\/v2\/tags?post=400939"}],"curies":[{"name":"wp","href":"https:\/\/api.w.org\/{rel}","templated":true}]}}