{"id":402653,"date":"2015-09-18T16:56:02","date_gmt":"2015-09-18T14:56:02","guid":{"rendered":"http:\/\/www.varesenews.it\/?p=402653"},"modified":"2015-09-18T16:56:02","modified_gmt":"2015-09-18T14:56:02","slug":"giudice-di-pace-lappello-del-sindaco-di-legnano","status":"publish","type":"post","link":"https:\/\/staging.varesenews.it\/2015\/09\/giudice-di-pace-lappello-del-sindaco-di-legnano\/402653\/","title":{"rendered":"Giudice di Pace, l&#8217;appello del sindaco di Legnano"},"content":{"rendered":"<p>Il sindaco Alberto Centinaio ha avviato nei giorni scorsi dei contatti con le Amministrazioni comunali che fanno parte del distretto del Giudice di Pace per dare seguito a quanto stabilito dal Consiglio comunale aperto del 27 luglio scorso. Un incontro si \u00e8 svolto in settimana a cui erano invitati i sindaci dei comuni che in quella occasione avevano ufficialmente manifestato la propria volont\u00e0 ad affiancare Legnano per il ripristino della sede in citt\u00e0.<\/p>\n<p>All\u2019invito &#8211; rivolto ad Arconate, Busto Garolfo, Canegrate, Castano Primo, Magnago, Rescaldina e Vanzaghello &#8211; hanno risposto soltanto i sindaci di <strong>Busto Garolfo, Canegrate e Rescaldina.<\/strong> I presenti hanno concordato sulla necessit\u00e0 che la suddivisione degli oneri per il mantenimento del Giudice di Pace debba essere condivisa fra tutti i 17 comuni appartenenti all\u2019area territoriale del soppresso ufficio. A questo scopo hanno deciso di riproporre un nuovo incontro per mercoled\u00ec prossimo.<\/p>\n<p>\u00abAi miei colleghi &#8211; aggiunge Centinaio &#8211; ho ribadito quanto gi\u00e0 da me detto pi\u00f9 volte in passato, e cio\u00e8 che <strong>gli oneri derivanti dal ripristino del Giudice di Pace non possono gravare tutti sul Comune di Legnano<\/strong>. Ciascuno deve fare la propria parte. E\u2019 una questione di seriet\u00e0 e di coerenza\u00bb.\u00a0Legnano ha gi\u00e0 manifestato la volont\u00e0 di mettere a disposizione la sede all\u2019interno di Tecnocity e il personale comunale necessario: 4 unit\u00e0 che, sulla base delle verifiche in corso, potrebbero diventare 5.<\/p>\n<p>\u00abDiversamente da quanto qualcuno possa pensare &#8211; puntualizza il Direttore Generale Livio Frigoli &#8211; i dipendenti comunali non passano il loro tempo con le mani in mano. Il loro numero \u00e8 gi\u00e0 sceso significativamente nell\u2019arco di pochi anni per contenere le spese e il venir meno di altre 4 o 5 unit\u00e0 graver\u00e0 non poco sulla macchina comunale\u00bb. Da qui l\u2019importanza che ogni comune si assuma le proprie responsabilit\u00e0 senza ulteriori indugi.<\/p>\n<p>Il sindaco Centinaio conclude lanciando un appello: \u00abIl Consiglio comunale del 27 luglio si \u00e8 chiuso con l\u2019approvazione pressoch\u00e9 unanime di un ordine del giorno in cui si richiamavano i costi dell\u2019operazione e si invitavano sindaco e giunta a proseguire con i comuni limitrofi le intese finanziarie ed operative per il riparto degli oneri. Io mi sto muovendo con forza in questa direzione, chiedo per\u00f2 anche a tutte le forze politiche firmatarie di fare analoghi passi presso i loro colleghi dei comuni coinvolti\u00bb.<\/p>\n","protected":false},"excerpt":{"rendered":"<p>Alberto Centinaio ribadisce la volont\u00e0 di riportare il servizio in citt\u00e0 ma chiede la collaborazione dei comuni dell&#8217;Altomilanese: &#8220;Le spese vanno ripartite, impensabile far pagare tutto a Legnano&#8221;<\/p>\n","protected":false},"author":47,"featured_media":0,"comment_status":"open","ping_status":"open","sticky":false,"template":"","format":"standard","meta":{"footnotes":""},"categories":[4],"tags":[452],"acf":[],"yoast_head":"<!-- This site is optimized with the Yoast SEO plugin v20.1 - https:\/\/yoast.com\/wordpress\/plugins\/seo\/ -->\n<title>Giudice di Pace, l&#039;appello del sindaco di Legnano<\/title>\n<meta name=\"description\" content=\"Alberto Centinaio ribadisce la volont\u00e0 di riportare il servizio in citt\u00e0 ma chiede la collaborazione dei comuni dell&#039;Altomilanese: &quot;Le spese vanno ripartite, impensabile far pagare tutto a Legnano&quot;\" \/>\n<meta name=\"robots\" content=\"noindex, follow, max-snippet:-1, max-image-preview:large, max-video-preview:-1\" \/>\n<meta property=\"og:locale\" content=\"it_IT\" \/>\n<meta property=\"og:type\" content=\"article\" \/>\n<meta property=\"og:title\" content=\"Giudice di Pace, l&#039;appello del sindaco di Legnano\" \/>\n<meta property=\"og:description\" content=\"Alberto Centinaio ribadisce la volont\u00e0 di riportare il servizio in citt\u00e0 ma chiede la collaborazione dei comuni dell&#039;Altomilanese: &quot;Le spese vanno ripartite, impensabile far pagare tutto a Legnano&quot;\" \/>\n<meta property=\"og:url\" content=\"https:\/\/staging.varesenews.it\/2015\/09\/giudice-di-pace-lappello-del-sindaco-di-legnano\/402653\/\" \/>\n<meta property=\"og:site_name\" content=\"VareseNews\" \/>\n<meta property=\"article:publisher\" content=\"https:\/\/www.facebook.com\/varesenews\" \/>\n<meta property=\"article:published_time\" content=\"2015-09-18T14:56:02+00:00\" \/>\n<meta name=\"author\" content=\"Orlando Mastrillo\" \/>\n<meta name=\"twitter:card\" content=\"summary_large_image\" \/>\n<meta name=\"twitter:creator\" content=\"@nando_mastrillo\" \/>\n<meta name=\"twitter:site\" content=\"@varesenews\" \/>\n<meta name=\"twitter:label1\" content=\"Scritto da\" \/>\n\t<meta name=\"twitter:data1\" content=\"Orlando Mastrillo\" \/>\n\t<meta name=\"twitter:label2\" content=\"Tempo di lettura stimato\" \/>\n\t<meta name=\"twitter:data2\" content=\"2 minuti\" \/>\n<script type=\"application\/ld+json\" class=\"yoast-schema-graph\">{\"@context\":\"https:\/\/schema.org\",\"@graph\":[{\"@type\":\"WebPage\",\"@id\":\"https:\/\/staging.varesenews.it\/2015\/09\/giudice-di-pace-lappello-del-sindaco-di-legnano\/402653\/\",\"url\":\"https:\/\/staging.varesenews.it\/2015\/09\/giudice-di-pace-lappello-del-sindaco-di-legnano\/402653\/\",\"name\":\"Giudice di Pace, l'appello del sindaco di Legnano\",\"isPartOf\":{\"@id\":\"https:\/\/staging.varesenews.it\/#website\"},\"datePublished\":\"2015-09-18T14:56:02+00:00\",\"dateModified\":\"2015-09-18T14:56:02+00:00\",\"author\":{\"@id\":\"https:\/\/staging.varesenews.it\/#\/schema\/person\/14c47ccce537a9058dddce296f10b296\"},\"description\":\"Alberto Centinaio ribadisce la volont\u00e0 di riportare il servizio in citt\u00e0 ma chiede la collaborazione dei comuni dell'Altomilanese: \\\"Le spese vanno ripartite, impensabile far pagare tutto a Legnano\\\"\",\"breadcrumb\":{\"@id\":\"https:\/\/staging.varesenews.it\/2015\/09\/giudice-di-pace-lappello-del-sindaco-di-legnano\/402653\/#breadcrumb\"},\"inLanguage\":\"it-IT\",\"potentialAction\":[{\"@type\":\"ReadAction\",\"target\":[\"https:\/\/staging.varesenews.it\/2015\/09\/giudice-di-pace-lappello-del-sindaco-di-legnano\/402653\/\"]}]},{\"@type\":\"BreadcrumbList\",\"@id\":\"https:\/\/staging.varesenews.it\/2015\/09\/giudice-di-pace-lappello-del-sindaco-di-legnano\/402653\/#breadcrumb\",\"itemListElement\":[{\"@type\":\"ListItem\",\"position\":1,\"name\":\"Home\",\"item\":\"https:\/\/www.varesenews.it\/\"},{\"@type\":\"ListItem\",\"position\":2,\"name\":\"Giudice di Pace, l&#8217;appello del sindaco di Legnano\"}]},{\"@type\":\"WebSite\",\"@id\":\"https:\/\/staging.varesenews.it\/#website\",\"url\":\"https:\/\/staging.varesenews.it\/\",\"name\":\"VareseNews\",\"description\":\"\",\"potentialAction\":[{\"@type\":\"SearchAction\",\"target\":{\"@type\":\"EntryPoint\",\"urlTemplate\":\"https:\/\/staging.varesenews.it\/?s={search_term_string}\"},\"query-input\":\"required name=search_term_string\"}],\"inLanguage\":\"it-IT\"},{\"@type\":\"Person\",\"@id\":\"https:\/\/staging.varesenews.it\/#\/schema\/person\/14c47ccce537a9058dddce296f10b296\",\"name\":\"Orlando Mastrillo\",\"image\":{\"@type\":\"ImageObject\",\"inLanguage\":\"it-IT\",\"@id\":\"https:\/\/staging.varesenews.it\/#\/schema\/person\/image\/\",\"url\":\"https:\/\/staging.varesenews.it\/wp-content\/uploads\/2020\/12\/orlando_mastrillo_colori_500.jpg\",\"contentUrl\":\"https:\/\/staging.varesenews.it\/wp-content\/uploads\/2020\/12\/orlando_mastrillo_colori_500.jpg\",\"caption\":\"Orlando Mastrillo\"},\"description\":\"Nasco a Luino nel 1981, ho iniziato questo lavoro nell'estate del 2003 nella redazione de Il Giorno di Varese e dall'anno successivo ho intrapreso la collaborazione con VareseNews. Dopo anni nell'Alto Varesotto mi sono trasferito a Busto Arsizio nel 2007, territorio che ho iniziato a seguire e che seguo tutt'oggi. Nel 2013 sono diventato giornalista professionista. Mi occupo di cronaca politica, giudiziaria e nera in una vasta area che comprende anche parte della Valle Olona e il Legnanese. Sono sposato con Valeria Arini e ho due splendide figlie.\",\"sameAs\":[\"or_ma\",\"https:\/\/twitter.com\/nando_mastrillo\"],\"url\":\"https:\/\/staging.varesenews.it\/persona\/orlando-mastrillo1\/\"}]}<\/script>\n<!-- \/ Yoast SEO plugin. -->","yoast_head_json":{"title":"Giudice di Pace, l'appello del sindaco di Legnano","description":"Alberto Centinaio ribadisce la volont\u00e0 di riportare il servizio in citt\u00e0 ma chiede la collaborazione dei comuni dell'Altomilanese: \"Le spese vanno ripartite, impensabile far pagare tutto a Legnano\"","robots":{"index":"noindex","follow":"follow","max-snippet":"max-snippet:-1","max-image-preview":"max-image-preview:large","max-video-preview":"max-video-preview:-1"},"og_locale":"it_IT","og_type":"article","og_title":"Giudice di Pace, l'appello del sindaco di Legnano","og_description":"Alberto Centinaio ribadisce la volont\u00e0 di riportare il servizio in citt\u00e0 ma chiede la collaborazione dei comuni dell'Altomilanese: \"Le spese vanno ripartite, impensabile far pagare tutto a Legnano\"","og_url":"https:\/\/staging.varesenews.it\/2015\/09\/giudice-di-pace-lappello-del-sindaco-di-legnano\/402653\/","og_site_name":"VareseNews","article_publisher":"https:\/\/www.facebook.com\/varesenews","article_published_time":"2015-09-18T14:56:02+00:00","author":"Orlando Mastrillo","twitter_card":"summary_large_image","twitter_creator":"@nando_mastrillo","twitter_site":"@varesenews","twitter_misc":{"Scritto da":"Orlando Mastrillo","Tempo di lettura stimato":"2 minuti"},"schema":{"@context":"https:\/\/schema.org","@graph":[{"@type":"WebPage","@id":"https:\/\/staging.varesenews.it\/2015\/09\/giudice-di-pace-lappello-del-sindaco-di-legnano\/402653\/","url":"https:\/\/staging.varesenews.it\/2015\/09\/giudice-di-pace-lappello-del-sindaco-di-legnano\/402653\/","name":"Giudice di Pace, l'appello del sindaco di Legnano","isPartOf":{"@id":"https:\/\/staging.varesenews.it\/#website"},"datePublished":"2015-09-18T14:56:02+00:00","dateModified":"2015-09-18T14:56:02+00:00","author":{"@id":"https:\/\/staging.varesenews.it\/#\/schema\/person\/14c47ccce537a9058dddce296f10b296"},"description":"Alberto Centinaio ribadisce la volont\u00e0 di riportare il servizio in citt\u00e0 ma chiede la collaborazione dei comuni dell'Altomilanese: \"Le spese vanno ripartite, impensabile far pagare tutto a Legnano\"","breadcrumb":{"@id":"https:\/\/staging.varesenews.it\/2015\/09\/giudice-di-pace-lappello-del-sindaco-di-legnano\/402653\/#breadcrumb"},"inLanguage":"it-IT","potentialAction":[{"@type":"ReadAction","target":["https:\/\/staging.varesenews.it\/2015\/09\/giudice-di-pace-lappello-del-sindaco-di-legnano\/402653\/"]}]},{"@type":"BreadcrumbList","@id":"https:\/\/staging.varesenews.it\/2015\/09\/giudice-di-pace-lappello-del-sindaco-di-legnano\/402653\/#breadcrumb","itemListElement":[{"@type":"ListItem","position":1,"name":"Home","item":"https:\/\/www.varesenews.it\/"},{"@type":"ListItem","position":2,"name":"Giudice di Pace, l&#8217;appello del sindaco di Legnano"}]},{"@type":"WebSite","@id":"https:\/\/staging.varesenews.it\/#website","url":"https:\/\/staging.varesenews.it\/","name":"VareseNews","description":"","potentialAction":[{"@type":"SearchAction","target":{"@type":"EntryPoint","urlTemplate":"https:\/\/staging.varesenews.it\/?s={search_term_string}"},"query-input":"required name=search_term_string"}],"inLanguage":"it-IT"},{"@type":"Person","@id":"https:\/\/staging.varesenews.it\/#\/schema\/person\/14c47ccce537a9058dddce296f10b296","name":"Orlando Mastrillo","image":{"@type":"ImageObject","inLanguage":"it-IT","@id":"https:\/\/staging.varesenews.it\/#\/schema\/person\/image\/","url":"https:\/\/staging.varesenews.it\/wp-content\/uploads\/2020\/12\/orlando_mastrillo_colori_500.jpg","contentUrl":"https:\/\/staging.varesenews.it\/wp-content\/uploads\/2020\/12\/orlando_mastrillo_colori_500.jpg","caption":"Orlando Mastrillo"},"description":"Nasco a Luino nel 1981, ho iniziato questo lavoro nell'estate del 2003 nella redazione de Il Giorno di Varese e dall'anno successivo ho intrapreso la collaborazione con VareseNews. Dopo anni nell'Alto Varesotto mi sono trasferito a Busto Arsizio nel 2007, territorio che ho iniziato a seguire e che seguo tutt'oggi. Nel 2013 sono diventato giornalista professionista. Mi occupo di cronaca politica, giudiziaria e nera in una vasta area che comprende anche parte della Valle Olona e il Legnanese. Sono sposato con Valeria Arini e ho due splendide figlie.","sameAs":["or_ma","https:\/\/twitter.com\/nando_mastrillo"],"url":"https:\/\/staging.varesenews.it\/persona\/orlando-mastrillo1\/"}]}},"post_meta":{"_edit_lock":"1442588122:47","_edit_last":"47","ratings_users":"0","ratings_score":"0","ratings_average":"0","_category_permalink":"","wdfb_og_title":"","wdfb_og_type":"","wdfb_og_description":"","wdfb_og_images":"a:1:{i:0;s:0:\"\";}","wdfb_og_custom_name":"a:1:{i:0;s:0:\"\";}","wdfb_og_custom_value":"a:1:{i:0;s:0:\"\";}","foto":"444321","argomento":"Legnano","_jd_twitter":"","_jd_tweet_this":"yes","_wpt_short_url":"http:\/\/www.varesenews.it\/2015\/09\/giudice-di-pace-lappello-del-sindaco-di-legnano\/402653\/","_wp_jd_target":"http:\/\/www.varesenews.it\/2015\/09\/giudice-di-pace-lappello-del-sindaco-di-legnano\/402653\/","_jd_wp_twitter":"a:1:{i:0;s:153:\"Giudice di Pace, l'appello del sindaco di Legnano http:\/\/www.varesenews.it\/2015\/09\/giudice-di-pace-lappello-del-sindaco-di-legnano\/402653\/ #giudicedipace\";}","_wpt_status_message":"Tweet inviato con successo."},"photos":[{"original":"https:\/\/staging.varesenews.it\/photogallery_new\/images\/2015\/04\/sparatoria-palazzo-giustizia-milano-444321.jpg","full":"https:\/\/staging.varesenews.it\/photogallery_new\/images\/2015\/04\/sparatoria-palazzo-giustizia-milano-444321.1024x768.jpg","large":"https:\/\/staging.varesenews.it\/photogallery_new\/images\/2015\/04\/sparatoria-palazzo-giustizia-milano-444321.610x431.jpg"}],"_links":{"self":[{"href":"https:\/\/staging.varesenews.it\/swgapi\/v1\/wp\/v2\/posts\/402653"}],"collection":[{"href":"https:\/\/staging.varesenews.it\/swgapi\/v1\/wp\/v2\/posts"}],"about":[{"href":"https:\/\/staging.varesenews.it\/swgapi\/v1\/wp\/v2\/types\/post"}],"author":[{"embeddable":true,"href":"https:\/\/staging.varesenews.it\/swgapi\/v1\/wp\/v2\/users\/47"}],"replies":[{"embeddable":true,"href":"https:\/\/staging.varesenews.it\/swgapi\/v1\/wp\/v2\/comments?post=402653"}],"version-history":[{"count":0,"href":"https:\/\/staging.varesenews.it\/swgapi\/v1\/wp\/v2\/posts\/402653\/revisions"}],"wp:attachment":[{"href":"https:\/\/staging.varesenews.it\/swgapi\/v1\/wp\/v2\/media?parent=402653"}],"wp:term":[{"taxonomy":"category","embeddable":true,"href":"https:\/\/staging.varesenews.it\/swgapi\/v1\/wp\/v2\/categories?post=402653"},{"taxonomy":"post_tag","embeddable":true,"href":"https:\/\/staging.varesenews.it\/swgapi\/v1\/wp\/v2\/tags?post=402653"}],"curies":[{"name":"wp","href":"https:\/\/api.w.org\/{rel}","templated":true}]}}