{"id":403211,"date":"2015-09-21T16:02:18","date_gmt":"2015-09-21T14:02:18","guid":{"rendered":"http:\/\/www.varesenews.it\/?p=403211"},"modified":"2015-09-21T21:18:42","modified_gmt":"2015-09-21T19:18:42","slug":"nessuna-perizia-il-duplice-omicida-e-un-uomo-lucido","status":"publish","type":"post","link":"https:\/\/staging.varesenews.it\/2015\/09\/nessuna-perizia-il-duplice-omicida-e-un-uomo-lucido\/403211\/","title":{"rendered":"Nessuna perizia, il duplice omicida \u00e8 un uomo lucido"},"content":{"rendered":"<p class=\"p1\"><strong>Alessandro Lorena \u00e8 lucido,<\/strong> il giudice di Varese\u00a0ha infatti negato alla difesa la richiesta di perizia psichiatrica e dunque il processo per il duplice omicidio di Venegono Inferiore potrebbe anche portare alla <strong>pena dell\u2019ergastolo<\/strong>.<\/p>\n<p class=\"p1\"><strong>Il dibattimento doveva cominciare<\/strong> oggi con il rito abbreviato davanti al gup, un rito alternativo richiesto proprio dall\u2019avvocato difensore Corrado Viazzo che tuttavia, questa mattina, un po\u2019 a sorpresa,<span class=\"Apple-converted-space\">\u00a0 <\/span>non si \u00e8 presentato in aula.<\/p>\n<p class=\"p1\"><strong>L\u2019udienza \u00e8 stata rinviata<\/strong> a luned\u00ec prossimo, quando alle 9 e 30 dovrebbe iniziare il dibattimento. L\u2019avvocato difensore ha chiesto il <strong>legittimo impedimento<\/strong> poich\u00e9<span class=\"Apple-converted-space\">\u00a0 <\/span>doveva presenziare a un altro processo civile a Venezia, ma la richiesta \u00e8 stata in realt\u00e0 ritenuta <strong>non ammissibile<\/strong> dal giudice. Anche il pm Massimo Politi si \u00e8 opposto alla domanda del legale effettuata solo nella giornata di venerd\u00ec e a mezzo fax.<\/p>\n<p class=\"p1\"><strong>Il processo dunque<\/strong> inizia con qualche anomalia anche perch\u00e8 in teoria avrebbe potuto cominciare con una clamorosa nomina di un avvocato d\u2019ufficio. Il giudice Anna Giorgetti ha preferito rinviare l\u2019udienza per <strong>garantire i diritti<\/strong>\u00a0di difesa dell\u2019imputato. Lo stesso Lorena, 29 anni, <span class=\"Apple-converted-space\">\u00a0<\/span>interpellato dal tribunale ha specificamente chiesto di poter iniziare il processo solo in presenza del suo avvocato difensore di fiducia.<\/p>\n<p class=\"p1\"><strong>Lorena ha gi\u00e0 confessato<\/strong> il delitto. Nel processo cercher\u00e0 qualche <strong>attenuante.<\/strong> Si punter\u00e0 probabilmente sulla situazione di \u201cragazzo padre\u201d disperato, di uomo senza prospettive che voleva rubare dei soldi per il mantenimento del figlio.<\/p>\n<p class=\"p1\"><strong>Questa mattina<\/strong>, luned\u00ec 21 settembre, era presente anche il figlio delle vittime, Martino Ferro (78 anni) e Graziella Campello (76 anni). L\u2019uomo \u00e8 ancora profondamente <strong>scosso<\/strong> e non ha voluto rilasciare dichiarazioni. I due coniugi furono trovati morti il 27 gennaio 2015. Martino colpito in garage forse con una mazza, la moglie Graziella <strong>strangolata<\/strong> con il filo di una lampada dopo che aveva offerto il caff\u00e8 ad Alessandro, ben conosciuto dai due anziani perch\u00e9 \u00e8 il figlio di un loro vicino di casa.<strong> Lorena \u00e8 stato arrestato<\/strong> qualche giorno dopo dai carabinieri di Varese.<\/p>\n","protected":false},"excerpt":{"rendered":"<p>E&#8217; iniziato il processo con il rito abbreviato contro Alessandro Lorena, il ragazzo che uccise due vicini di casa a Venegono Inferiore. Rinviato di 7 giorni per un problema del difensore<\/p>\n","protected":false},"author":50,"featured_media":0,"comment_status":"open","ping_status":"open","sticky":false,"template":"","format":"standard","meta":{"footnotes":""},"categories":[5,2],"tags":[229,1697],"acf":[],"yoast_head":"<!-- This site is optimized with the Yoast SEO plugin v20.1 - https:\/\/yoast.com\/wordpress\/plugins\/seo\/ -->\n<title>Nessuna perizia, il duplice omicida \u00e8 un uomo lucido<\/title>\n<meta name=\"description\" content=\"E&#039; iniziato il processo con il rito abbreviato contro Alessandro Lorena, il ragazzo che uccise due vicini di casa a Venegono Inferiore. Rinviato di 7 giorni per un problema del difensore\" \/>\n<meta name=\"robots\" content=\"noindex, follow, max-snippet:-1, max-image-preview:large, max-video-preview:-1\" \/>\n<meta property=\"og:locale\" content=\"it_IT\" \/>\n<meta property=\"og:type\" content=\"article\" \/>\n<meta property=\"og:title\" content=\"Nessuna perizia, il duplice omicida \u00e8 un uomo lucido\" \/>\n<meta property=\"og:description\" content=\"E&#039; iniziato il processo con il rito abbreviato contro Alessandro Lorena, il ragazzo che uccise due vicini di casa a Venegono Inferiore. Rinviato di 7 giorni per un problema del difensore\" \/>\n<meta property=\"og:url\" content=\"https:\/\/staging.varesenews.it\/2015\/09\/nessuna-perizia-il-duplice-omicida-e-un-uomo-lucido\/403211\/\" \/>\n<meta property=\"og:site_name\" content=\"VareseNews\" \/>\n<meta property=\"article:publisher\" content=\"https:\/\/www.facebook.com\/varesenews\" \/>\n<meta property=\"article:published_time\" content=\"2015-09-21T14:02:18+00:00\" \/>\n<meta property=\"article:modified_time\" content=\"2015-09-21T19:18:42+00:00\" \/>\n<meta name=\"author\" content=\"Roberto Rotondo\" \/>\n<meta name=\"twitter:card\" content=\"summary_large_image\" \/>\n<meta name=\"twitter:creator\" content=\"@robertorotondo\" \/>\n<meta name=\"twitter:site\" content=\"@varesenews\" \/>\n<meta name=\"twitter:label1\" content=\"Scritto da\" \/>\n\t<meta name=\"twitter:data1\" content=\"Roberto Rotondo\" \/>\n\t<meta name=\"twitter:label2\" content=\"Tempo di lettura stimato\" \/>\n\t<meta name=\"twitter:data2\" content=\"2 minuti\" \/>\n<script type=\"application\/ld+json\" class=\"yoast-schema-graph\">{\"@context\":\"https:\/\/schema.org\",\"@graph\":[{\"@type\":\"WebPage\",\"@id\":\"https:\/\/staging.varesenews.it\/2015\/09\/nessuna-perizia-il-duplice-omicida-e-un-uomo-lucido\/403211\/\",\"url\":\"https:\/\/staging.varesenews.it\/2015\/09\/nessuna-perizia-il-duplice-omicida-e-un-uomo-lucido\/403211\/\",\"name\":\"Nessuna perizia, il duplice omicida \u00e8 un uomo lucido\",\"isPartOf\":{\"@id\":\"https:\/\/staging.varesenews.it\/#website\"},\"datePublished\":\"2015-09-21T14:02:18+00:00\",\"dateModified\":\"2015-09-21T19:18:42+00:00\",\"author\":{\"@id\":\"https:\/\/staging.varesenews.it\/#\/schema\/person\/bace96b9ce1b4905df659e51a83c17fe\"},\"description\":\"E' iniziato il processo con il rito abbreviato contro Alessandro Lorena, il ragazzo che uccise due vicini di casa a Venegono Inferiore. Rinviato di 7 giorni per un problema del difensore\",\"breadcrumb\":{\"@id\":\"https:\/\/staging.varesenews.it\/2015\/09\/nessuna-perizia-il-duplice-omicida-e-un-uomo-lucido\/403211\/#breadcrumb\"},\"inLanguage\":\"it-IT\",\"potentialAction\":[{\"@type\":\"ReadAction\",\"target\":[\"https:\/\/staging.varesenews.it\/2015\/09\/nessuna-perizia-il-duplice-omicida-e-un-uomo-lucido\/403211\/\"]}]},{\"@type\":\"BreadcrumbList\",\"@id\":\"https:\/\/staging.varesenews.it\/2015\/09\/nessuna-perizia-il-duplice-omicida-e-un-uomo-lucido\/403211\/#breadcrumb\",\"itemListElement\":[{\"@type\":\"ListItem\",\"position\":1,\"name\":\"Home\",\"item\":\"https:\/\/www.varesenews.it\/\"},{\"@type\":\"ListItem\",\"position\":2,\"name\":\"Nessuna perizia, il duplice omicida \u00e8 un uomo lucido\"}]},{\"@type\":\"WebSite\",\"@id\":\"https:\/\/staging.varesenews.it\/#website\",\"url\":\"https:\/\/staging.varesenews.it\/\",\"name\":\"VareseNews\",\"description\":\"\",\"potentialAction\":[{\"@type\":\"SearchAction\",\"target\":{\"@type\":\"EntryPoint\",\"urlTemplate\":\"https:\/\/staging.varesenews.it\/?s={search_term_string}\"},\"query-input\":\"required name=search_term_string\"}],\"inLanguage\":\"it-IT\"},{\"@type\":\"Person\",\"@id\":\"https:\/\/staging.varesenews.it\/#\/schema\/person\/bace96b9ce1b4905df659e51a83c17fe\",\"name\":\"Roberto Rotondo\",\"image\":{\"@type\":\"ImageObject\",\"inLanguage\":\"it-IT\",\"@id\":\"https:\/\/staging.varesenews.it\/#\/schema\/person\/image\/\",\"url\":\"https:\/\/staging.varesenews.it\/wp-content\/uploads\/2015\/03\/10888676_10204734543537926_609787919772941341_n.jpg\",\"contentUrl\":\"https:\/\/staging.varesenews.it\/wp-content\/uploads\/2015\/03\/10888676_10204734543537926_609787919772941341_n.jpg\",\"caption\":\"Roberto Rotondo\"},\"description\":\"Nato a Varese nel 1972. Laureato in Storia alla Statale di Milano. A Varese News dal 1998. Ho iniziato a scrivere su riviste locali, poi sono entrato nel progetto di Varese News quando ancora era agli inizi. Nel frattempo mi sono occupato di ricerca storica e ho collaborato con un settimanale e un quotidiano della Svizzera italiana scrivendo di cronaca e politica. Mi sono preso una pausa da Varese nel 2004. Ho lavorato per alcuni anni a Milano all'agenzia di stampa Adnkronos, con qualche stage a Roma nei palazzi della politica. Lanci di agenzia e servizi tv multimediali erano tra i miei compiti. In quegli anni ho lavorato per alcune radio anche nazionali, Radio Capital su tutte, come corrispondente locale. Ho scritto anche per un settimanale di gossip, ma sempre cronaca nera. Ed eccomi qui. Dal 2007 lavoro anche per il Corriere della sera, di cui sono corrispondente. A Varesenews sono ormai uno dei senatori. Mi occupo di cronaca nera, giudiziaria e di politica e della cronaca cittadina di Varese.\",\"sameAs\":[\"robertorotondo\",\"https:\/\/twitter.com\/robertorotondo\"],\"url\":\"https:\/\/staging.varesenews.it\/persona\/roberto-rotondo\/\"}]}<\/script>\n<!-- \/ Yoast SEO plugin. -->","yoast_head_json":{"title":"Nessuna perizia, il duplice omicida \u00e8 un uomo lucido","description":"E' iniziato il processo con il rito abbreviato contro Alessandro Lorena, il ragazzo che uccise due vicini di casa a Venegono Inferiore. Rinviato di 7 giorni per un problema del difensore","robots":{"index":"noindex","follow":"follow","max-snippet":"max-snippet:-1","max-image-preview":"max-image-preview:large","max-video-preview":"max-video-preview:-1"},"og_locale":"it_IT","og_type":"article","og_title":"Nessuna perizia, il duplice omicida \u00e8 un uomo lucido","og_description":"E' iniziato il processo con il rito abbreviato contro Alessandro Lorena, il ragazzo che uccise due vicini di casa a Venegono Inferiore. Rinviato di 7 giorni per un problema del difensore","og_url":"https:\/\/staging.varesenews.it\/2015\/09\/nessuna-perizia-il-duplice-omicida-e-un-uomo-lucido\/403211\/","og_site_name":"VareseNews","article_publisher":"https:\/\/www.facebook.com\/varesenews","article_published_time":"2015-09-21T14:02:18+00:00","article_modified_time":"2015-09-21T19:18:42+00:00","author":"Roberto Rotondo","twitter_card":"summary_large_image","twitter_creator":"@robertorotondo","twitter_site":"@varesenews","twitter_misc":{"Scritto da":"Roberto Rotondo","Tempo di lettura stimato":"2 minuti"},"schema":{"@context":"https:\/\/schema.org","@graph":[{"@type":"WebPage","@id":"https:\/\/staging.varesenews.it\/2015\/09\/nessuna-perizia-il-duplice-omicida-e-un-uomo-lucido\/403211\/","url":"https:\/\/staging.varesenews.it\/2015\/09\/nessuna-perizia-il-duplice-omicida-e-un-uomo-lucido\/403211\/","name":"Nessuna perizia, il duplice omicida \u00e8 un uomo lucido","isPartOf":{"@id":"https:\/\/staging.varesenews.it\/#website"},"datePublished":"2015-09-21T14:02:18+00:00","dateModified":"2015-09-21T19:18:42+00:00","author":{"@id":"https:\/\/staging.varesenews.it\/#\/schema\/person\/bace96b9ce1b4905df659e51a83c17fe"},"description":"E' iniziato il processo con il rito abbreviato contro Alessandro Lorena, il ragazzo che uccise due vicini di casa a Venegono Inferiore. Rinviato di 7 giorni per un problema del difensore","breadcrumb":{"@id":"https:\/\/staging.varesenews.it\/2015\/09\/nessuna-perizia-il-duplice-omicida-e-un-uomo-lucido\/403211\/#breadcrumb"},"inLanguage":"it-IT","potentialAction":[{"@type":"ReadAction","target":["https:\/\/staging.varesenews.it\/2015\/09\/nessuna-perizia-il-duplice-omicida-e-un-uomo-lucido\/403211\/"]}]},{"@type":"BreadcrumbList","@id":"https:\/\/staging.varesenews.it\/2015\/09\/nessuna-perizia-il-duplice-omicida-e-un-uomo-lucido\/403211\/#breadcrumb","itemListElement":[{"@type":"ListItem","position":1,"name":"Home","item":"https:\/\/www.varesenews.it\/"},{"@type":"ListItem","position":2,"name":"Nessuna perizia, il duplice omicida \u00e8 un uomo lucido"}]},{"@type":"WebSite","@id":"https:\/\/staging.varesenews.it\/#website","url":"https:\/\/staging.varesenews.it\/","name":"VareseNews","description":"","potentialAction":[{"@type":"SearchAction","target":{"@type":"EntryPoint","urlTemplate":"https:\/\/staging.varesenews.it\/?s={search_term_string}"},"query-input":"required name=search_term_string"}],"inLanguage":"it-IT"},{"@type":"Person","@id":"https:\/\/staging.varesenews.it\/#\/schema\/person\/bace96b9ce1b4905df659e51a83c17fe","name":"Roberto Rotondo","image":{"@type":"ImageObject","inLanguage":"it-IT","@id":"https:\/\/staging.varesenews.it\/#\/schema\/person\/image\/","url":"https:\/\/staging.varesenews.it\/wp-content\/uploads\/2015\/03\/10888676_10204734543537926_609787919772941341_n.jpg","contentUrl":"https:\/\/staging.varesenews.it\/wp-content\/uploads\/2015\/03\/10888676_10204734543537926_609787919772941341_n.jpg","caption":"Roberto Rotondo"},"description":"Nato a Varese nel 1972. Laureato in Storia alla Statale di Milano. A Varese News dal 1998. Ho iniziato a scrivere su riviste locali, poi sono entrato nel progetto di Varese News quando ancora era agli inizi. Nel frattempo mi sono occupato di ricerca storica e ho collaborato con un settimanale e un quotidiano della Svizzera italiana scrivendo di cronaca e politica. Mi sono preso una pausa da Varese nel 2004. Ho lavorato per alcuni anni a Milano all'agenzia di stampa Adnkronos, con qualche stage a Roma nei palazzi della politica. Lanci di agenzia e servizi tv multimediali erano tra i miei compiti. In quegli anni ho lavorato per alcune radio anche nazionali, Radio Capital su tutte, come corrispondente locale. Ho scritto anche per un settimanale di gossip, ma sempre cronaca nera. Ed eccomi qui. Dal 2007 lavoro anche per il Corriere della sera, di cui sono corrispondente. A Varesenews sono ormai uno dei senatori. Mi occupo di cronaca nera, giudiziaria e di politica e della cronaca cittadina di Varese.","sameAs":["robertorotondo","https:\/\/twitter.com\/robertorotondo"],"url":"https:\/\/staging.varesenews.it\/persona\/roberto-rotondo\/"}]}},"post_meta":{"_edit_lock":"1442902274:51","_edit_last":"51","_category_permalink":"5","wdfb_og_title":"","wdfb_og_type":"","wdfb_og_description":"","wdfb_og_images":"a:1:{i:0;s:0:\"\";}","wdfb_og_custom_name":"a:1:{i:0;s:0:\"\";}","wdfb_og_custom_value":"a:1:{i:0;s:0:\"\";}","foto":"432933","nascondi_adsense":"1","argomento":"Varese","_yoast_wpseo_focuskw":"perizia","_yoast_wpseo_metadesc":"E' iniziato il processo con il rito abbreviato contro Alessandro Lorena, il ragazzo che uccise due vicini di casa a Venegono Inferiore. Rinviato di 7 giorni per un problema del difensore","_jd_twitter":"","_jd_tweet_this":"yes","ratings_users":"0","ratings_score":"0","ratings_average":"0","id_leggi_anche":"349433,402810,349568,349348,349310","_wpt_short_url":"http:\/\/www.varesenews.it\/2015\/09\/nessuna-perizia-il-duplice-omicida-e-un-uomo-lucido\/403211\/","_wp_jd_target":"http:\/\/www.varesenews.it\/2015\/09\/nessuna-perizia-il-duplice-omicida-e-un-uomo-lucido\/403211\/","_jd_wp_twitter":"a:1:{i:0;s:169:\"Nessuna perizia, il duplice omicida \u00e8 un uomo lucido http:\/\/www.varesenews.it\/2015\/09\/nessuna-perizia-il-duplice-omicida-e-un-uomo-lucido\/403211\/ #carabinieri #omicidio\";}","_wpt_status_message":"Tweet inviato con successo.","_yoast_wpseo_linkdex":"68"},"photos":[{"original":"https:\/\/staging.varesenews.it\/photogallery_new\/images\/2015\/01\/carabinieri-venegono-inferiore-omicidio-432933.jpg","full":"https:\/\/staging.varesenews.it\/photogallery_new\/images\/2015\/01\/carabinieri-venegono-inferiore-omicidio-432933.1024x768.jpg","large":"https:\/\/staging.varesenews.it\/photogallery_new\/images\/2015\/01\/carabinieri-venegono-inferiore-omicidio-432933.610x431.jpg"}],"_links":{"self":[{"href":"https:\/\/staging.varesenews.it\/swgapi\/v1\/wp\/v2\/posts\/403211"}],"collection":[{"href":"https:\/\/staging.varesenews.it\/swgapi\/v1\/wp\/v2\/posts"}],"about":[{"href":"https:\/\/staging.varesenews.it\/swgapi\/v1\/wp\/v2\/types\/post"}],"author":[{"embeddable":true,"href":"https:\/\/staging.varesenews.it\/swgapi\/v1\/wp\/v2\/users\/50"}],"replies":[{"embeddable":true,"href":"https:\/\/staging.varesenews.it\/swgapi\/v1\/wp\/v2\/comments?post=403211"}],"version-history":[{"count":0,"href":"https:\/\/staging.varesenews.it\/swgapi\/v1\/wp\/v2\/posts\/403211\/revisions"}],"wp:attachment":[{"href":"https:\/\/staging.varesenews.it\/swgapi\/v1\/wp\/v2\/media?parent=403211"}],"wp:term":[{"taxonomy":"category","embeddable":true,"href":"https:\/\/staging.varesenews.it\/swgapi\/v1\/wp\/v2\/categories?post=403211"},{"taxonomy":"post_tag","embeddable":true,"href":"https:\/\/staging.varesenews.it\/swgapi\/v1\/wp\/v2\/tags?post=403211"}],"curies":[{"name":"wp","href":"https:\/\/api.w.org\/{rel}","templated":true}]}}