{"id":404000,"date":"2015-09-24T13:10:51","date_gmt":"2015-09-24T11:10:51","guid":{"rendered":"http:\/\/www.varesenews.it\/?p=404000"},"modified":"2015-09-24T13:10:51","modified_gmt":"2015-09-24T11:10:51","slug":"arriva-bambini-con-gusto-lexpo-versione-junior","status":"publish","type":"post","link":"https:\/\/staging.varesenews.it\/2015\/09\/arriva-bambini-con-gusto-lexpo-versione-junior\/404000\/","title":{"rendered":"Arriva &#8220;Bambini con Gusto&#8221;, l&#8217;Expo versione junior"},"content":{"rendered":"<p>Al via il prossimo fine settimana la terza edizione di \u201c<strong>Bambini con Gusto<\/strong>\u201d, Festival di cucina e alimentazione per bambini che torna a Varese <strong>dal 25 al 27 settembre<\/strong> dopo il grande successo delle scorse edizioni . La manifestazione, in collaborazione con il Comune di Varese e patrocinata da Expo-Progetto Scuola, \u00e8 organizzata da Cresci con gusto \u2013 associazione culturale varesina nata nel 2010 che sviluppa progetti di didattica e intrattenimento educativo volti soprattutto all&#8217;insegnamento di una sana e corretta alimentazione nei pi\u00f9 piccoli.<\/p>\n<p>La precedenti edizioni di Bambini con Gusto, tenutesi nel settembre 2013 e 2014, hanno coinvolto le famiglie attraverso <strong>decine di incontri<\/strong> dedicati a bambini e adulti, in oltre 20 locali della citt\u00e0, con la partecipazione di numerosi esperti: chef, tecnologi alimentari, nutrizionisti, dietologi, psicologi, educatori.\u00a0Una formula che ha funzionato perfettamente, e che verr\u00e0 quindi riproposta a partire da venerd\u00ec 25 settembre: tre giorni di festival itinerante in cui ristoranti, locali e pasticcerie di Varese apriranno ai pi\u00f9 piccoli le porte delle loro cucine e permetteranno a bambini e genitori di mettere le mani in pasta per imparare a mangiare bene divertendosi.<\/p>\n<p>L&#8217;edizione 2015 di Bambini con Gusto \u00e8 caratterizzata da una <strong>particolare attenzione al problema degli sprechi<\/strong> in campo alimentare e al <strong>riutilizzo degli \u201cavanzi\u201d<\/strong>, in linea con lo spirito di <strong>Expo 2015<\/strong>. Non mancher\u00e0 neppure un momento dedicato allo svago con \u201c<strong>Fata Sbadata: ricette per leccarsi i baffi<\/strong>\u201d spettacolo teatrale per bambini a cura della Compagnia <strong>Mariangela Martino<\/strong>, offerto dal Comitato Soci Coop Varese-Malnate, che si terr\u00e0 presso il Teatro Santuccio di via Sacco.<\/p>\n<p>Come ogni anno la prima giornata del Festival, venerd\u00ec 25 settembre, sar\u00e0 dedicata alle scuole con appuntamenti organizzati direttamente all\u2019interno degli edifici scolastici. Attraverso laboratori sensoriali con tecnologi alimentari, i bambini delle scuole primarie e dell&#8217;infanzia verranno accompagnati in percorsi guidati di educazione alimentare alla scoperta di frutta e verdura e sul tema degli sprechi.<\/p>\n<p>Un calendario, quello di Bambini con Gusto 2015, che si prospetta quindi<strong> ricco di appuntamenti<\/strong>, grazie anche alle collaborazioni che vedono il festival operare in sinergia con professionisti del settore, esercenti, istituzioni e associazioni (Il Magazzino \u2013 Cultura e Convivialit\u00e0, Parco Regionale Campo dei Fiori, Slow Food Varese, ).<\/p>\n<p>Per informazioni:<br \/>\n<a href=\"http:\/\/www.crescicongusto.it\" target=\"_blank\">Associazione Cresci con Gusto<\/a><br \/>\ninfo@crescicongusto.it &#8211; 340.7666909<\/p>\n","protected":false},"excerpt":{"rendered":"<p>Dopo il grande successo delle scorse edizioni, al via il prossimo fine settimana la terza edizione del Festival di cucina e alimentazione per bambini <\/p>\n","protected":false},"author":48,"featured_media":0,"comment_status":"open","ping_status":"open","sticky":false,"template":"","format":"standard","meta":{"footnotes":""},"categories":[23,21,2],"tags":[6134,158],"acf":[],"yoast_head":"<!-- This site is optimized with the Yoast SEO plugin v20.1 - https:\/\/yoast.com\/wordpress\/plugins\/seo\/ -->\n<title>Arriva &quot;Bambini con Gusto&quot;, l&#039;Expo versione junior<\/title>\n<meta name=\"description\" content=\"Dopo il grande successo delle scorse edizioni, al via il prossimo fine settimana la terza edizione del Festival di cucina e alimentazione per bambini\" \/>\n<meta name=\"robots\" content=\"noindex, follow, max-snippet:-1, max-image-preview:large, max-video-preview:-1\" \/>\n<meta property=\"og:locale\" content=\"it_IT\" \/>\n<meta property=\"og:type\" content=\"article\" \/>\n<meta property=\"og:title\" content=\"Arriva &quot;Bambini con Gusto&quot;, l&#039;Expo versione junior\" \/>\n<meta property=\"og:description\" content=\"Dopo il grande successo delle scorse edizioni, al via il prossimo fine settimana la terza edizione del Festival di cucina e alimentazione per bambini\" \/>\n<meta property=\"og:url\" content=\"https:\/\/staging.varesenews.it\/2015\/09\/arriva-bambini-con-gusto-lexpo-versione-junior\/404000\/\" \/>\n<meta property=\"og:site_name\" content=\"VareseNews\" \/>\n<meta property=\"article:publisher\" content=\"https:\/\/www.facebook.com\/varesenews\" \/>\n<meta property=\"article:author\" content=\"https:\/\/www.facebook.com\/stefaniaradman\" \/>\n<meta property=\"article:published_time\" content=\"2015-09-24T11:10:51+00:00\" \/>\n<meta name=\"author\" content=\"Stefania Radman\" \/>\n<meta name=\"twitter:card\" content=\"summary_large_image\" \/>\n<meta name=\"twitter:creator\" content=\"@LaRadman\" \/>\n<meta name=\"twitter:site\" content=\"@varesenews\" \/>\n<meta name=\"twitter:label1\" content=\"Scritto da\" \/>\n\t<meta name=\"twitter:data1\" content=\"Stefania Radman\" \/>\n\t<meta name=\"twitter:label2\" content=\"Tempo di lettura stimato\" \/>\n\t<meta name=\"twitter:data2\" content=\"2 minuti\" \/>\n<script type=\"application\/ld+json\" class=\"yoast-schema-graph\">{\"@context\":\"https:\/\/schema.org\",\"@graph\":[{\"@type\":\"WebPage\",\"@id\":\"https:\/\/staging.varesenews.it\/2015\/09\/arriva-bambini-con-gusto-lexpo-versione-junior\/404000\/\",\"url\":\"https:\/\/staging.varesenews.it\/2015\/09\/arriva-bambini-con-gusto-lexpo-versione-junior\/404000\/\",\"name\":\"Arriva \\\"Bambini con Gusto\\\", l'Expo versione junior\",\"isPartOf\":{\"@id\":\"https:\/\/staging.varesenews.it\/#website\"},\"datePublished\":\"2015-09-24T11:10:51+00:00\",\"dateModified\":\"2015-09-24T11:10:51+00:00\",\"author\":{\"@id\":\"https:\/\/staging.varesenews.it\/#\/schema\/person\/995d2e6a31c67237a9a1bc1f0079f3aa\"},\"description\":\"Dopo il grande successo delle scorse edizioni, al via il prossimo fine settimana la terza edizione del Festival di cucina e alimentazione per bambini\",\"breadcrumb\":{\"@id\":\"https:\/\/staging.varesenews.it\/2015\/09\/arriva-bambini-con-gusto-lexpo-versione-junior\/404000\/#breadcrumb\"},\"inLanguage\":\"it-IT\",\"potentialAction\":[{\"@type\":\"ReadAction\",\"target\":[\"https:\/\/staging.varesenews.it\/2015\/09\/arriva-bambini-con-gusto-lexpo-versione-junior\/404000\/\"]}]},{\"@type\":\"BreadcrumbList\",\"@id\":\"https:\/\/staging.varesenews.it\/2015\/09\/arriva-bambini-con-gusto-lexpo-versione-junior\/404000\/#breadcrumb\",\"itemListElement\":[{\"@type\":\"ListItem\",\"position\":1,\"name\":\"Home\",\"item\":\"https:\/\/www.varesenews.it\/\"},{\"@type\":\"ListItem\",\"position\":2,\"name\":\"Arriva &#8220;Bambini con Gusto&#8221;, l&#8217;Expo versione junior\"}]},{\"@type\":\"WebSite\",\"@id\":\"https:\/\/staging.varesenews.it\/#website\",\"url\":\"https:\/\/staging.varesenews.it\/\",\"name\":\"VareseNews\",\"description\":\"\",\"potentialAction\":[{\"@type\":\"SearchAction\",\"target\":{\"@type\":\"EntryPoint\",\"urlTemplate\":\"https:\/\/staging.varesenews.it\/?s={search_term_string}\"},\"query-input\":\"required name=search_term_string\"}],\"inLanguage\":\"it-IT\"},{\"@type\":\"Person\",\"@id\":\"https:\/\/staging.varesenews.it\/#\/schema\/person\/995d2e6a31c67237a9a1bc1f0079f3aa\",\"name\":\"Stefania Radman\",\"image\":{\"@type\":\"ImageObject\",\"inLanguage\":\"it-IT\",\"@id\":\"https:\/\/staging.varesenews.it\/#\/schema\/person\/image\/\",\"url\":\"https:\/\/staging.varesenews.it\/wp-content\/uploads\/2020\/12\/stefania_radman_colori_500.jpg\",\"contentUrl\":\"https:\/\/staging.varesenews.it\/wp-content\/uploads\/2020\/12\/stefania_radman_colori_500.jpg\",\"caption\":\"Stefania Radman\"},\"description\":\"Varesina dal 1991, lavoro dal 2000 per Varesenews.it, prima come responsabile della pagina dell&rsquo;economia, poi della pagina life, ora della citt&agrave; di Varese.Ma sono (e sono stata) anche altro: per esempio, agli albori delle radio private ero dj in una radio milanese, Onda Radio. Da 20 anni sono corrispondente da Varese di Radio Popolare e ho collaborato con Espresso, Repubblica, Diario della Settimana, Italia Oggi. &ldquo;Smanettona&rdquo; da sempre, ho aperto il mio primo sito personale con Geocities nei primi anni novanta (chi se lo ricorda?) e i miei primi blog in Splinder all&rsquo;inizio del 2000. Ora sono sui social: qui quasi sempre sono semplicemente \\\"LaRadman&rdquo;.\",\"sameAs\":[\"http:\/\/laradman.blogspot.it\",\"https:\/\/www.facebook.com\/stefaniaradman\",\"@LaRadman\",\"https:\/\/www.linkedin.com\/in\/stefaniaradman\",\"https:\/\/twitter.com\/LaRadman\"],\"url\":\"https:\/\/staging.varesenews.it\/persona\/stefania-radman1\/\"}]}<\/script>\n<!-- \/ Yoast SEO plugin. -->","yoast_head_json":{"title":"Arriva \"Bambini con Gusto\", l'Expo versione junior","description":"Dopo il grande successo delle scorse edizioni, al via il prossimo fine settimana la terza edizione del Festival di cucina e alimentazione per bambini","robots":{"index":"noindex","follow":"follow","max-snippet":"max-snippet:-1","max-image-preview":"max-image-preview:large","max-video-preview":"max-video-preview:-1"},"og_locale":"it_IT","og_type":"article","og_title":"Arriva \"Bambini con Gusto\", l'Expo versione junior","og_description":"Dopo il grande successo delle scorse edizioni, al via il prossimo fine settimana la terza edizione del Festival di cucina e alimentazione per bambini","og_url":"https:\/\/staging.varesenews.it\/2015\/09\/arriva-bambini-con-gusto-lexpo-versione-junior\/404000\/","og_site_name":"VareseNews","article_publisher":"https:\/\/www.facebook.com\/varesenews","article_author":"https:\/\/www.facebook.com\/stefaniaradman","article_published_time":"2015-09-24T11:10:51+00:00","author":"Stefania Radman","twitter_card":"summary_large_image","twitter_creator":"@LaRadman","twitter_site":"@varesenews","twitter_misc":{"Scritto da":"Stefania Radman","Tempo di lettura stimato":"2 minuti"},"schema":{"@context":"https:\/\/schema.org","@graph":[{"@type":"WebPage","@id":"https:\/\/staging.varesenews.it\/2015\/09\/arriva-bambini-con-gusto-lexpo-versione-junior\/404000\/","url":"https:\/\/staging.varesenews.it\/2015\/09\/arriva-bambini-con-gusto-lexpo-versione-junior\/404000\/","name":"Arriva \"Bambini con Gusto\", l'Expo versione junior","isPartOf":{"@id":"https:\/\/staging.varesenews.it\/#website"},"datePublished":"2015-09-24T11:10:51+00:00","dateModified":"2015-09-24T11:10:51+00:00","author":{"@id":"https:\/\/staging.varesenews.it\/#\/schema\/person\/995d2e6a31c67237a9a1bc1f0079f3aa"},"description":"Dopo il grande successo delle scorse edizioni, al via il prossimo fine settimana la terza edizione del Festival di cucina e alimentazione per bambini","breadcrumb":{"@id":"https:\/\/staging.varesenews.it\/2015\/09\/arriva-bambini-con-gusto-lexpo-versione-junior\/404000\/#breadcrumb"},"inLanguage":"it-IT","potentialAction":[{"@type":"ReadAction","target":["https:\/\/staging.varesenews.it\/2015\/09\/arriva-bambini-con-gusto-lexpo-versione-junior\/404000\/"]}]},{"@type":"BreadcrumbList","@id":"https:\/\/staging.varesenews.it\/2015\/09\/arriva-bambini-con-gusto-lexpo-versione-junior\/404000\/#breadcrumb","itemListElement":[{"@type":"ListItem","position":1,"name":"Home","item":"https:\/\/www.varesenews.it\/"},{"@type":"ListItem","position":2,"name":"Arriva &#8220;Bambini con Gusto&#8221;, l&#8217;Expo versione junior"}]},{"@type":"WebSite","@id":"https:\/\/staging.varesenews.it\/#website","url":"https:\/\/staging.varesenews.it\/","name":"VareseNews","description":"","potentialAction":[{"@type":"SearchAction","target":{"@type":"EntryPoint","urlTemplate":"https:\/\/staging.varesenews.it\/?s={search_term_string}"},"query-input":"required name=search_term_string"}],"inLanguage":"it-IT"},{"@type":"Person","@id":"https:\/\/staging.varesenews.it\/#\/schema\/person\/995d2e6a31c67237a9a1bc1f0079f3aa","name":"Stefania Radman","image":{"@type":"ImageObject","inLanguage":"it-IT","@id":"https:\/\/staging.varesenews.it\/#\/schema\/person\/image\/","url":"https:\/\/staging.varesenews.it\/wp-content\/uploads\/2020\/12\/stefania_radman_colori_500.jpg","contentUrl":"https:\/\/staging.varesenews.it\/wp-content\/uploads\/2020\/12\/stefania_radman_colori_500.jpg","caption":"Stefania Radman"},"description":"Varesina dal 1991, lavoro dal 2000 per Varesenews.it, prima come responsabile della pagina dell&rsquo;economia, poi della pagina life, ora della citt&agrave; di Varese.Ma sono (e sono stata) anche altro: per esempio, agli albori delle radio private ero dj in una radio milanese, Onda Radio. Da 20 anni sono corrispondente da Varese di Radio Popolare e ho collaborato con Espresso, Repubblica, Diario della Settimana, Italia Oggi. &ldquo;Smanettona&rdquo; da sempre, ho aperto il mio primo sito personale con Geocities nei primi anni novanta (chi se lo ricorda?) e i miei primi blog in Splinder all&rsquo;inizio del 2000. Ora sono sui social: qui quasi sempre sono semplicemente \"LaRadman&rdquo;.","sameAs":["http:\/\/laradman.blogspot.it","https:\/\/www.facebook.com\/stefaniaradman","@LaRadman","https:\/\/www.linkedin.com\/in\/stefaniaradman","https:\/\/twitter.com\/LaRadman"],"url":"https:\/\/staging.varesenews.it\/persona\/stefania-radman1\/"}]}},"post_meta":{"_edit_lock":"1443095426:48","_edit_last":"48","ratings_users":"0","ratings_score":"0","ratings_average":"0","_category_permalink":"","wdfb_og_title":"","wdfb_og_type":"","wdfb_og_description":"","wdfb_og_images":"a:1:{i:0;s:0:\"\";}","wdfb_og_custom_name":"a:1:{i:0;s:0:\"\";}","wdfb_og_custom_value":"a:1:{i:0;s:0:\"\";}","foto":"451159","argomento":"Varese","_yoast_wpseo_focuskw":"bambini","_yoast_wpseo_metadesc":"Dopo il grande successo delle scorse edizioni, al via il prossimo fine settimana la terza edizione del Festival di cucina e alimentazione per bambini","_jd_twitter":"","_jd_tweet_this":"yes","_wpt_short_url":"http:\/\/www.varesenews.it\/2015\/09\/arriva-bambini-con-gusto-lexpo-versione-junior\/404000\/","_wp_jd_target":"http:\/\/www.varesenews.it\/2015\/09\/arriva-bambini-con-gusto-lexpo-versione-junior\/404000\/","_jd_wp_twitter":"a:1:{i:0;s:164:\"Arriva \"Bambini con Gusto\", l'Expo versione junior http:\/\/www.varesenews.it\/2015\/09\/arriva-bambini-con-gusto-lexpo-versione-junior\/404000\/ #bambinicongusto #weekend\";}","_wpt_status_message":"Tweet inviato con successo.","_yoast_wpseo_linkdex":"85"},"photos":[{"original":"https:\/\/staging.varesenews.it\/photogallery_new\/images\/2015\/05\/grandi-e-piccoli-chef-ai-giardini-estensi-451159.jpg","full":"https:\/\/staging.varesenews.it\/photogallery_new\/images\/2015\/05\/grandi-e-piccoli-chef-ai-giardini-estensi-451159.1024x768.jpg","large":"https:\/\/staging.varesenews.it\/photogallery_new\/images\/2015\/05\/grandi-e-piccoli-chef-ai-giardini-estensi-451159.610x431.jpg"}],"_links":{"self":[{"href":"https:\/\/staging.varesenews.it\/swgapi\/v1\/wp\/v2\/posts\/404000"}],"collection":[{"href":"https:\/\/staging.varesenews.it\/swgapi\/v1\/wp\/v2\/posts"}],"about":[{"href":"https:\/\/staging.varesenews.it\/swgapi\/v1\/wp\/v2\/types\/post"}],"author":[{"embeddable":true,"href":"https:\/\/staging.varesenews.it\/swgapi\/v1\/wp\/v2\/users\/48"}],"replies":[{"embeddable":true,"href":"https:\/\/staging.varesenews.it\/swgapi\/v1\/wp\/v2\/comments?post=404000"}],"version-history":[{"count":0,"href":"https:\/\/staging.varesenews.it\/swgapi\/v1\/wp\/v2\/posts\/404000\/revisions"}],"wp:attachment":[{"href":"https:\/\/staging.varesenews.it\/swgapi\/v1\/wp\/v2\/media?parent=404000"}],"wp:term":[{"taxonomy":"category","embeddable":true,"href":"https:\/\/staging.varesenews.it\/swgapi\/v1\/wp\/v2\/categories?post=404000"},{"taxonomy":"post_tag","embeddable":true,"href":"https:\/\/staging.varesenews.it\/swgapi\/v1\/wp\/v2\/tags?post=404000"}],"curies":[{"name":"wp","href":"https:\/\/api.w.org\/{rel}","templated":true}]}}