{"id":404706,"date":"2015-09-27T11:48:51","date_gmt":"2015-09-27T09:48:51","guid":{"rendered":"http:\/\/www.varesenews.it\/?p=404706"},"modified":"2015-09-27T12:46:17","modified_gmt":"2015-09-27T10:46:17","slug":"siai-marchetti-logorglio-centenario-festeggiato-a-volandia","status":"publish","type":"post","link":"https:\/\/staging.varesenews.it\/2015\/09\/siai-marchetti-logorglio-centenario-festeggiato-a-volandia\/404706\/","title":{"rendered":"Siai Marchetti, l&#8217;ogorglio centenario festeggiato a Volandia"},"content":{"rendered":"<p style=\"text-align: right;\">Foto: Crenna<\/p>\n<p>Si \u00e8 concluso a Volandia con un grande successo di pubblico il ciclo di eventi legato al <strong>Centenario Siai Marchetti<\/strong>. A dimostrazione dell\u2019importanza di questa giornata, che ha voluto rendere merito a un\u2019azienda storica che rappresenta insieme ad altre aziende aeronautiche, il vanto del territorio della Provincia di Varese, la presenza del <strong>capo di Stato Maggiore dell&#8217;aeronautica militare Pasquale Preziosa<\/strong> che ha visitato per la prima volta il Parco e Museo del Volo, accompagnato del Presidente della Fondazione museo dell\u2019Aeronautica <strong>Marco Reguzzoni<\/strong>.<\/p>\n<p style=\"text-align: left;\">Nell\u2019occasione anche l\u2019importante <strong>taglio del nastro per il nuovo allestimento dedicato agli idrovolanti<\/strong> e in particolare al bellissimo Siai 80 bis di propriet\u00e0 della Provincia Autonoma di Trento che rester\u00e0 per lungo tempo esposto nei padiglioni di Vizzola Ticino. Un altro \u201cgioiello\u201d che va ad arricchire la collezione di velivoli esposti, cresciuta in maniera costante fin dall\u2019apertura di Volandia: ad oggi sono infatti circa 100 le macchine presenti, comprensive di quelle esposte e di quelle in fase di restauro.<\/p>\n<p style=\"text-align: left;\">Ad aprire la conferenza un breve filmato originale rievocativo della Crociera Atlantica di Italo Balbo, introdotto dal saluto del presidente Reguzzoni che ha sottolineato come la presenza del Capo di Stato Maggiore <strong>Generale\u00a0 Preziosa<\/strong> a Volandia \u00abdia onore e prestigio al nostro museo. Un ringraziamento \u2013 dice Reguzzoni \u2013 va sia all\u2019Aeronautica che al nostro territorio che ha creduto nel progetti di Volandia e ha contribuito a farle spiccare il volo. Nel nostro museo in tanti vedono la realizzazione dei propri sogni e oggi \u00e8 un momento importante per glorificare gli sforzi di tutti. Essere qui oggi dimostra che c\u2019\u00e8 stato un passato su cui si pu\u00f2 e si deve costruire il un futuro. Volandia ne \u00e8 un importante esempio\u00bb.<\/p>\n<p style=\"text-align: left;\"><strong>Giuseppe Orsi<\/strong>, presidente del Comitato Siai, ha ricordato le numerose iniziative che si sono susseguite tra giugno e settembre in ricordo dell\u2019azienda sestese e della sua storia. <strong>Mentre al generale Preziosa<\/strong>, il compito di illustrare lo stretto rapporto della Siai con l\u2019Aeronautica: \u00abSono contento di essere qui \u2013 dice il Capo di Stato Maggiore &#8211; perch\u00e9 stiamo valorizzando la vita della Siai e del Paese. Perch\u00e9 la Siai e tutte le trasformazioni avvenute in seguito, sono state un pezzo di storia di questa Italia: senza storia e radici non pu\u00f2 esserci progresso e futuro\u201d.<\/p>\n<p style=\"text-align: left;\">L\u2019intervento di<strong> Riccardo Comerio<\/strong> Presidente di Confindustria Univa si \u00e8 concentrato sull&#8217;importanza industriale del distretto varesino nel settore aeronautico, argomento ripreso anche dal sindaco di Sesto Calende Marco Colombo e dalle rappresentanze industriali intervenute quali la dottoressa Claudia Mona e l\u2019ingegner Brandelli.<\/p>\n<p style=\"text-align: left;\">A chiusura il contributo istituzionale di <strong>Claudio Tovaglieri<\/strong>, presidente del Comitato scientifico di Volandia, \u00a0che ha ricordato le molteplici iniziative messe in campo dalla Fondazione Museo dell\u2019Aeronautica per diffondere la cultura aeronautica nel territorio, raccogliendo anche il desiderio di molti di costituire un gruppo di lavoro per esaminare la fattibilit\u00e0 di costruire una replica del pi\u00f9 importante aereo mai realizzato in Italia: il\u00a0Siai 55, quale immemorabile testimone della storica fabbrica.<\/p>\n","protected":false},"excerpt":{"rendered":"<p>Alla presenza del capo di stato maggiore dell&#8217;aeronautica militare Pasquale Preziosa, si \u00e8 concluso il ciclo di incontri dedicato all&#8217;azienda storica dell&#8217;aeronautica varesina<\/p>\n","protected":false},"author":52,"featured_media":0,"comment_status":"open","ping_status":"open","sticky":false,"template":"","format":"standard","meta":{"footnotes":""},"categories":[3],"tags":[5692,622],"acf":[],"yoast_head":"<!-- This site is optimized with the Yoast SEO plugin v20.1 - https:\/\/yoast.com\/wordpress\/plugins\/seo\/ -->\n<title>Siai Marchetti, l&#039;ogorglio centenario festeggiato a Volandia<\/title>\n<meta name=\"description\" content=\"Alla presenza del capo di stato maggiore dell&#039;aeronautica militare Pasquale Preziosa, si \u00e8 concluso il ciclo di incontri dedicato all&#039;azienda storica dell&#039;aeronautica varesina\" \/>\n<meta name=\"robots\" content=\"noindex, follow, max-snippet:-1, max-image-preview:large, max-video-preview:-1\" \/>\n<meta property=\"og:locale\" content=\"it_IT\" \/>\n<meta property=\"og:type\" content=\"article\" \/>\n<meta property=\"og:title\" content=\"Siai Marchetti, l&#039;ogorglio centenario festeggiato a Volandia\" \/>\n<meta property=\"og:description\" content=\"Alla presenza del capo di stato maggiore dell&#039;aeronautica militare Pasquale Preziosa, si \u00e8 concluso il ciclo di incontri dedicato all&#039;azienda storica dell&#039;aeronautica varesina\" \/>\n<meta property=\"og:url\" content=\"https:\/\/staging.varesenews.it\/2015\/09\/siai-marchetti-logorglio-centenario-festeggiato-a-volandia\/404706\/\" \/>\n<meta property=\"og:site_name\" content=\"VareseNews\" \/>\n<meta property=\"article:publisher\" content=\"https:\/\/www.facebook.com\/varesenews\" \/>\n<meta property=\"article:published_time\" content=\"2015-09-27T09:48:51+00:00\" \/>\n<meta property=\"article:modified_time\" content=\"2015-09-27T10:46:17+00:00\" \/>\n<meta name=\"author\" content=\"Tomaso Bassani\" \/>\n<meta name=\"twitter:card\" content=\"summary_large_image\" \/>\n<meta name=\"twitter:creator\" content=\"@varesenews\" \/>\n<meta name=\"twitter:site\" content=\"@varesenews\" \/>\n<meta name=\"twitter:label1\" content=\"Scritto da\" \/>\n\t<meta name=\"twitter:data1\" content=\"Tomaso Bassani\" \/>\n\t<meta name=\"twitter:label2\" content=\"Tempo di lettura stimato\" \/>\n\t<meta name=\"twitter:data2\" content=\"2 minuti\" \/>\n<script type=\"application\/ld+json\" class=\"yoast-schema-graph\">{\"@context\":\"https:\/\/schema.org\",\"@graph\":[{\"@type\":\"WebPage\",\"@id\":\"https:\/\/staging.varesenews.it\/2015\/09\/siai-marchetti-logorglio-centenario-festeggiato-a-volandia\/404706\/\",\"url\":\"https:\/\/staging.varesenews.it\/2015\/09\/siai-marchetti-logorglio-centenario-festeggiato-a-volandia\/404706\/\",\"name\":\"Siai Marchetti, l'ogorglio centenario festeggiato a Volandia\",\"isPartOf\":{\"@id\":\"https:\/\/staging.varesenews.it\/#website\"},\"datePublished\":\"2015-09-27T09:48:51+00:00\",\"dateModified\":\"2015-09-27T10:46:17+00:00\",\"author\":{\"@id\":\"https:\/\/staging.varesenews.it\/#\/schema\/person\/f8cc543029c96c954a35c042e01892bb\"},\"description\":\"Alla presenza del capo di stato maggiore dell'aeronautica militare Pasquale Preziosa, si \u00e8 concluso il ciclo di incontri dedicato all'azienda storica dell'aeronautica varesina\",\"breadcrumb\":{\"@id\":\"https:\/\/staging.varesenews.it\/2015\/09\/siai-marchetti-logorglio-centenario-festeggiato-a-volandia\/404706\/#breadcrumb\"},\"inLanguage\":\"it-IT\",\"potentialAction\":[{\"@type\":\"ReadAction\",\"target\":[\"https:\/\/staging.varesenews.it\/2015\/09\/siai-marchetti-logorglio-centenario-festeggiato-a-volandia\/404706\/\"]}]},{\"@type\":\"BreadcrumbList\",\"@id\":\"https:\/\/staging.varesenews.it\/2015\/09\/siai-marchetti-logorglio-centenario-festeggiato-a-volandia\/404706\/#breadcrumb\",\"itemListElement\":[{\"@type\":\"ListItem\",\"position\":1,\"name\":\"Home\",\"item\":\"https:\/\/www.varesenews.it\/\"},{\"@type\":\"ListItem\",\"position\":2,\"name\":\"Siai Marchetti, l&#8217;ogorglio centenario festeggiato a Volandia\"}]},{\"@type\":\"WebSite\",\"@id\":\"https:\/\/staging.varesenews.it\/#website\",\"url\":\"https:\/\/staging.varesenews.it\/\",\"name\":\"VareseNews\",\"description\":\"\",\"potentialAction\":[{\"@type\":\"SearchAction\",\"target\":{\"@type\":\"EntryPoint\",\"urlTemplate\":\"https:\/\/staging.varesenews.it\/?s={search_term_string}\"},\"query-input\":\"required name=search_term_string\"}],\"inLanguage\":\"it-IT\"},{\"@type\":\"Person\",\"@id\":\"https:\/\/staging.varesenews.it\/#\/schema\/person\/f8cc543029c96c954a35c042e01892bb\",\"name\":\"Tomaso Bassani\",\"image\":{\"@type\":\"ImageObject\",\"inLanguage\":\"it-IT\",\"@id\":\"https:\/\/staging.varesenews.it\/#\/schema\/person\/image\/\",\"url\":\"https:\/\/staging.varesenews.it\/wp-content\/uploads\/2020\/12\/tomaso_bassani_colori_500.jpg\",\"contentUrl\":\"https:\/\/staging.varesenews.it\/wp-content\/uploads\/2020\/12\/tomaso_bassani_colori_500.jpg\",\"caption\":\"Tomaso Bassani\"},\"description\":\"Sono nato nel 1988 e questo ha fatto s&igrave; che la mia vita sia coincisa con l'epoca di pi&ugrave; grande e veloce cambiamento della storia. Sono giornalista e caporedattore di Varesenews. Ho un master in data analysis, una laurea in storia e una formazione superiore commerciale. Sono cresciuto tra scout, tavola a rotelle, impegno associativo (in quella grande esperienza giovanile che &egrave; stato l&rsquo;Albizzate Valley Festival) e cooperativo (Circolo The Family di Albizzate). Per passione mi occupo di dati, videomaking, fotografia, scrittura e web. Per lavoro anche.&nbsp;\",\"sameAs\":[\"tomasobassani\",\"https:\/\/www.linkedin.com\/profile\/view?id=102759293&trk=nav_responsive_tab_profile\"],\"url\":\"https:\/\/staging.varesenews.it\/persona\/tomaso-bassani\/\"}]}<\/script>\n<!-- \/ Yoast SEO plugin. -->","yoast_head_json":{"title":"Siai Marchetti, l'ogorglio centenario festeggiato a Volandia","description":"Alla presenza del capo di stato maggiore dell'aeronautica militare Pasquale Preziosa, si \u00e8 concluso il ciclo di incontri dedicato all'azienda storica dell'aeronautica varesina","robots":{"index":"noindex","follow":"follow","max-snippet":"max-snippet:-1","max-image-preview":"max-image-preview:large","max-video-preview":"max-video-preview:-1"},"og_locale":"it_IT","og_type":"article","og_title":"Siai Marchetti, l'ogorglio centenario festeggiato a Volandia","og_description":"Alla presenza del capo di stato maggiore dell'aeronautica militare Pasquale Preziosa, si \u00e8 concluso il ciclo di incontri dedicato all'azienda storica dell'aeronautica varesina","og_url":"https:\/\/staging.varesenews.it\/2015\/09\/siai-marchetti-logorglio-centenario-festeggiato-a-volandia\/404706\/","og_site_name":"VareseNews","article_publisher":"https:\/\/www.facebook.com\/varesenews","article_published_time":"2015-09-27T09:48:51+00:00","article_modified_time":"2015-09-27T10:46:17+00:00","author":"Tomaso Bassani","twitter_card":"summary_large_image","twitter_creator":"@varesenews","twitter_site":"@varesenews","twitter_misc":{"Scritto da":"Tomaso Bassani","Tempo di lettura stimato":"2 minuti"},"schema":{"@context":"https:\/\/schema.org","@graph":[{"@type":"WebPage","@id":"https:\/\/staging.varesenews.it\/2015\/09\/siai-marchetti-logorglio-centenario-festeggiato-a-volandia\/404706\/","url":"https:\/\/staging.varesenews.it\/2015\/09\/siai-marchetti-logorglio-centenario-festeggiato-a-volandia\/404706\/","name":"Siai Marchetti, l'ogorglio centenario festeggiato a Volandia","isPartOf":{"@id":"https:\/\/staging.varesenews.it\/#website"},"datePublished":"2015-09-27T09:48:51+00:00","dateModified":"2015-09-27T10:46:17+00:00","author":{"@id":"https:\/\/staging.varesenews.it\/#\/schema\/person\/f8cc543029c96c954a35c042e01892bb"},"description":"Alla presenza del capo di stato maggiore dell'aeronautica militare Pasquale Preziosa, si \u00e8 concluso il ciclo di incontri dedicato all'azienda storica dell'aeronautica varesina","breadcrumb":{"@id":"https:\/\/staging.varesenews.it\/2015\/09\/siai-marchetti-logorglio-centenario-festeggiato-a-volandia\/404706\/#breadcrumb"},"inLanguage":"it-IT","potentialAction":[{"@type":"ReadAction","target":["https:\/\/staging.varesenews.it\/2015\/09\/siai-marchetti-logorglio-centenario-festeggiato-a-volandia\/404706\/"]}]},{"@type":"BreadcrumbList","@id":"https:\/\/staging.varesenews.it\/2015\/09\/siai-marchetti-logorglio-centenario-festeggiato-a-volandia\/404706\/#breadcrumb","itemListElement":[{"@type":"ListItem","position":1,"name":"Home","item":"https:\/\/www.varesenews.it\/"},{"@type":"ListItem","position":2,"name":"Siai Marchetti, l&#8217;ogorglio centenario festeggiato a Volandia"}]},{"@type":"WebSite","@id":"https:\/\/staging.varesenews.it\/#website","url":"https:\/\/staging.varesenews.it\/","name":"VareseNews","description":"","potentialAction":[{"@type":"SearchAction","target":{"@type":"EntryPoint","urlTemplate":"https:\/\/staging.varesenews.it\/?s={search_term_string}"},"query-input":"required name=search_term_string"}],"inLanguage":"it-IT"},{"@type":"Person","@id":"https:\/\/staging.varesenews.it\/#\/schema\/person\/f8cc543029c96c954a35c042e01892bb","name":"Tomaso Bassani","image":{"@type":"ImageObject","inLanguage":"it-IT","@id":"https:\/\/staging.varesenews.it\/#\/schema\/person\/image\/","url":"https:\/\/staging.varesenews.it\/wp-content\/uploads\/2020\/12\/tomaso_bassani_colori_500.jpg","contentUrl":"https:\/\/staging.varesenews.it\/wp-content\/uploads\/2020\/12\/tomaso_bassani_colori_500.jpg","caption":"Tomaso Bassani"},"description":"Sono nato nel 1988 e questo ha fatto s&igrave; che la mia vita sia coincisa con l'epoca di pi&ugrave; grande e veloce cambiamento della storia. Sono giornalista e caporedattore di Varesenews. Ho un master in data analysis, una laurea in storia e una formazione superiore commerciale. Sono cresciuto tra scout, tavola a rotelle, impegno associativo (in quella grande esperienza giovanile che &egrave; stato l&rsquo;Albizzate Valley Festival) e cooperativo (Circolo The Family di Albizzate). Per passione mi occupo di dati, videomaking, fotografia, scrittura e web. Per lavoro anche.&nbsp;","sameAs":["tomasobassani","https:\/\/www.linkedin.com\/profile\/view?id=102759293&trk=nav_responsive_tab_profile"],"url":"https:\/\/staging.varesenews.it\/persona\/tomaso-bassani\/"}]}},"post_meta":{"_edit_lock":"1443372208:48","_edit_last":"48","ratings_users":"0","ratings_score":"0","ratings_average":"0","_category_permalink":"","wdfb_og_title":"","wdfb_og_type":"","wdfb_og_description":"","wdfb_og_images":"a:1:{i:0;s:0:\"\";}","wdfb_og_custom_name":"a:1:{i:0;s:0:\"\";}","wdfb_og_custom_value":"a:1:{i:0;s:0:\"\";}","foto":"485849","firma_come_redazione":"1","argomento":"Vizzola Ticino","_jd_twitter":"","_jd_tweet_this":"yes","_wpt_short_url":"http:\/\/www.varesenews.it\/2015\/09\/siai-marchetti-logorglio-centenario-festeggiato-a-volandia\/404706\/","_wp_jd_target":"http:\/\/www.varesenews.it\/2015\/09\/siai-marchetti-logorglio-centenario-festeggiato-a-volandia\/404706\/","_jd_wp_twitter":"a:1:{i:0;s:185:\"Siai Marchetti, l'ogorglio centenario festeggiato a Volandia http:\/\/www.varesenews.it\/2015\/09\/siai-marchetti-logorglio-centenario-festeggiato-a-volandia\/404706\/ #siaimarchetti #volandia\";}","_wpt_status_message":"Tweet inviato con successo.","video":"404623","id_leggi_anche":"543184,781781"},"photos":[{"original":"https:\/\/staging.varesenews.it\/photogallery_new\/images\/2015\/09\/volandia-485849.jpg","full":"https:\/\/staging.varesenews.it\/photogallery_new\/images\/2015\/09\/volandia-485849.1024x768.jpg","large":"https:\/\/staging.varesenews.it\/photogallery_new\/images\/2015\/09\/volandia-485849.610x431.jpg"}],"_links":{"self":[{"href":"https:\/\/staging.varesenews.it\/swgapi\/v1\/wp\/v2\/posts\/404706"}],"collection":[{"href":"https:\/\/staging.varesenews.it\/swgapi\/v1\/wp\/v2\/posts"}],"about":[{"href":"https:\/\/staging.varesenews.it\/swgapi\/v1\/wp\/v2\/types\/post"}],"author":[{"embeddable":true,"href":"https:\/\/staging.varesenews.it\/swgapi\/v1\/wp\/v2\/users\/52"}],"replies":[{"embeddable":true,"href":"https:\/\/staging.varesenews.it\/swgapi\/v1\/wp\/v2\/comments?post=404706"}],"version-history":[{"count":0,"href":"https:\/\/staging.varesenews.it\/swgapi\/v1\/wp\/v2\/posts\/404706\/revisions"}],"wp:attachment":[{"href":"https:\/\/staging.varesenews.it\/swgapi\/v1\/wp\/v2\/media?parent=404706"}],"wp:term":[{"taxonomy":"category","embeddable":true,"href":"https:\/\/staging.varesenews.it\/swgapi\/v1\/wp\/v2\/categories?post=404706"},{"taxonomy":"post_tag","embeddable":true,"href":"https:\/\/staging.varesenews.it\/swgapi\/v1\/wp\/v2\/tags?post=404706"}],"curies":[{"name":"wp","href":"https:\/\/api.w.org\/{rel}","templated":true}]}}