{"id":404774,"date":"2015-09-27T18:27:19","date_gmt":"2015-09-27T16:27:19","guid":{"rendered":"http:\/\/www.varesenews.it\/?p=404774"},"modified":"2015-09-27T18:27:19","modified_gmt":"2015-09-27T16:27:19","slug":"melosi-si-gode-la-sua-squadra-contento-di-tutti","status":"publish","type":"post","link":"https:\/\/staging.varesenews.it\/2015\/09\/melosi-si-gode-la-sua-squadra-contento-di-tutti\/404774\/","title":{"rendered":"Melosi si gode la sua squadra: &#8220;Contento di tutti&#8221;"},"content":{"rendered":"<p><strong>LEGNANO \u2013 VARESE 0-1<\/strong> (0-1)<br \/>\n<strong>Marcatori:<\/strong> Marrazzo (V) al 22&#8242; pt<br \/>\n<strong>Legnano<\/strong> (4-3-3): Houehou; Ortolani, Salvigni, Sorrentino, Castroflorio; Comani (Hazah dal 24&#8242; st), Rovrena, Provasi; Lillo, Asiedu, Benlloukilia (Valtulina dal 13&#8242; st). All. Di Gioia. A disp.: Vavassori, Oppici, Paroni, Virili, Busi.<br \/>\n<strong>Varese<\/strong> (4-3-1-2): Bordin; Piccinotti, Luoni, Viscomi; Azzolin; Zazzi, Gheller (Becchio dal 16&#8242; st), Capelloni; Lercara; Giovio (Cavalcante dal 42&#8242; pt), Marrazzo (Leonardo dal 42&#8242; st). All. Melosi. A disp.: Scapolo, Lamarca, Simonetto, Balconi.<br \/>\n<strong>Arbitro:<\/strong> Bergamin di Bergamo (Torcasio e Benedetti).<br \/>\n<strong>Note.<\/strong> Giornata fresca e nuvolosa, campo in ottime condizioni. Ammoniti: Viscomi, Marrazzo, Benloukilia, Rovrena, Bordin, Becchio. Calci d&#8217;angolo: 3-2. Recupero: 2&#8242; e 4&#8242;. Spettatori: 2.000 circa.<br \/>\nSorriso e soddisfazione sul volto di<strong> Giuliano Melosi<\/strong> nell&#8217;immediato dopo partita di Legnano. Il tecnico del Varese sa di aver fatto un buon colpo, ammette le difficolt\u00e0 iniziali ma dispensa anche complimenti a tutta la sua squadra. \u00abNel primo tempo siamo <strong>andati molto in sofferenza,<\/strong> merito indubbio di un Legnano che ci ha messo in difficolt\u00e0 e mi ha costretto ad adattare il modulo passando al 4-4-1-1 con cui abbiamo <strong>chiuso meglio gli spazi.<\/strong>\u00a0Invece nella ripresa il Varese \u00e8 stato migliore: siamo andati pi\u00f9 volte davanti al portiere e l&#8217;unico errore commesso \u00e8 stato quello di <strong>non aver chiuso i conti.<\/strong> I miei per\u00f2 sono stati davvero bravi: non era facile avere una reazione cos\u00ec veemente dopo la prima frazione.\u00a0Sono <strong>contento di tutti:<\/strong> Becchio e Cavalcante subentrati hanno dato un grande contributo, Capelloni e Zazzi si sono adattati ai moduli e cos\u00ec via\u00bb.<\/p>\n<p>L&#8217;unica smorfia negativa riguarda l&#8217;ennesimo infortunio, quello di <strong>Giovio<\/strong>:\u00a0\u00abMarco ha accusato un <strong>problema al ginocchio,<\/strong> da valutare. Speriamo di recuperare presto Pi\u00e0 e non dimentichiamo che siamo anche senza Gazo. A parte questo, abbiamo fatto un mese di lavoro stupendo. Se continuiamo cos\u00ec &#8211; conclude con chi gli chiede della sorpresa Ardor &#8211; <strong>sono problemi degli altri,<\/strong> non nostri\u00bb.<\/p>\n<p><strong>Mister Di Gioia,<\/strong> sul fronte opposto, incassa una sconfitta a testa alta:\u00a0\u00abPurtroppo ci \u00e8 <strong>mancato di finalizzare un ottimo primo tempo<\/strong> nel quale abbiamo fatto bene, tenuto\u00a0ritmi alti, ed effettuato nel complesso una grande prova. Avremmo meritato il vantaggio e su questo non credo ci siano dubbi. Poi ci siamo <strong>un po&#8217; scoperti,<\/strong> abbiamo perso lucidit\u00e0 e per voler rimontare abbiamo anche rischiato qualcosa, del resto dovevamo provare a cercare il pareggio. Dove dobbiamo migliorare? Nel buttarla dentro: se non segni, nel calcio, non vinci le partite\u00bb.<\/p>\n<p>A rappresentare i giocatori, in sala stampa, ecco il giovane gioiello <strong>Federico Zazzi,<\/strong> classe 1997. \u00abSapevamo che oggi sarebbe stato difficile contro un Legnano forte e in uno stadio pieno: per un ragazzo come me \u00e8 stato <strong>emozionante giocare davanti a cos\u00ec tanta gente<\/strong> appassionata. Sono partito in mezz&#8217;ala, poi sono andato a fare l&#8217;esterno ed \u00e8 andata bene; tra l&#8217;altro da me \u00e8 nato l&#8217;assist del gol e sono felice. Ne avevo fatti due in Coppa ma questo \u00e8 il primo in Campionato. In realt\u00e0 nel primo tempo siamo stati un po&#8217; schiacciati nella nostra met\u00e0 campo, abbiamo faticato a ripartire, poi <strong>tutto \u00e8 andato meglio<\/strong> e abbiamo ribaltato la situazione\u00bb.<\/p>\n","protected":false},"excerpt":{"rendered":"<p>L&#8217;allenatore del Varese ammette le difficolt\u00e0 iniziali ma loda la capacit\u00e0 di reagire nella ripresa. Dispiaciuto Di Gioia: &#8220;Ci manca il gol&#8221;. Zazzi emozionato dal pubblico<\/p>\n","protected":false},"author":38,"featured_media":0,"comment_status":"open","ping_status":"open","sticky":false,"template":"","format":"standard","meta":{"footnotes":""},"categories":[14],"tags":[49325,144,208,2508,9192],"acf":[],"yoast_head":"<!-- This site is optimized with the Yoast SEO plugin v20.1 - https:\/\/yoast.com\/wordpress\/plugins\/seo\/ -->\n<title>Melosi si gode la sua squadra: &quot;Contento di tutti&quot;<\/title>\n<meta name=\"description\" content=\"L&#039;allenatore del Varese ammette le difficolt\u00e0 iniziali ma loda la capacit\u00e0 di reagire nella ripresa. Dispiaciuto Di Gioia: &quot;Ci manca il gol&quot;. Zazzi emozionato dal pubblico\" \/>\n<meta name=\"robots\" content=\"noindex, follow, max-snippet:-1, max-image-preview:large, max-video-preview:-1\" \/>\n<meta property=\"og:locale\" content=\"it_IT\" \/>\n<meta property=\"og:type\" content=\"article\" \/>\n<meta property=\"og:title\" content=\"Melosi si gode la sua squadra: &quot;Contento di tutti&quot;\" \/>\n<meta property=\"og:description\" content=\"L&#039;allenatore del Varese ammette le difficolt\u00e0 iniziali ma loda la capacit\u00e0 di reagire nella ripresa. Dispiaciuto Di Gioia: &quot;Ci manca il gol&quot;. Zazzi emozionato dal pubblico\" \/>\n<meta property=\"og:url\" content=\"https:\/\/staging.varesenews.it\/2015\/09\/melosi-si-gode-la-sua-squadra-contento-di-tutti\/404774\/\" \/>\n<meta property=\"og:site_name\" content=\"VareseNews\" \/>\n<meta property=\"article:publisher\" content=\"https:\/\/www.facebook.com\/varesenews\" \/>\n<meta property=\"article:published_time\" content=\"2015-09-27T16:27:19+00:00\" \/>\n<meta name=\"author\" content=\"Damiano Franzetti\" \/>\n<meta name=\"twitter:card\" content=\"summary_large_image\" \/>\n<meta name=\"twitter:creator\" content=\"@damianofranz\" \/>\n<meta name=\"twitter:site\" content=\"@varesenews\" \/>\n<meta name=\"twitter:label1\" content=\"Scritto da\" \/>\n\t<meta name=\"twitter:data1\" content=\"Damiano Franzetti\" \/>\n\t<meta name=\"twitter:label2\" content=\"Tempo di lettura stimato\" \/>\n\t<meta name=\"twitter:data2\" content=\"3 minuti\" \/>\n<script type=\"application\/ld+json\" class=\"yoast-schema-graph\">{\"@context\":\"https:\/\/schema.org\",\"@graph\":[{\"@type\":\"WebPage\",\"@id\":\"https:\/\/staging.varesenews.it\/2015\/09\/melosi-si-gode-la-sua-squadra-contento-di-tutti\/404774\/\",\"url\":\"https:\/\/staging.varesenews.it\/2015\/09\/melosi-si-gode-la-sua-squadra-contento-di-tutti\/404774\/\",\"name\":\"Melosi si gode la sua squadra: \\\"Contento di tutti\\\"\",\"isPartOf\":{\"@id\":\"https:\/\/staging.varesenews.it\/#website\"},\"datePublished\":\"2015-09-27T16:27:19+00:00\",\"dateModified\":\"2015-09-27T16:27:19+00:00\",\"author\":{\"@id\":\"https:\/\/staging.varesenews.it\/#\/schema\/person\/709ae3769f6b4dbde8ec332baede8a5b\"},\"description\":\"L'allenatore del Varese ammette le difficolt\u00e0 iniziali ma loda la capacit\u00e0 di reagire nella ripresa. Dispiaciuto Di Gioia: \\\"Ci manca il gol\\\". Zazzi emozionato dal pubblico\",\"breadcrumb\":{\"@id\":\"https:\/\/staging.varesenews.it\/2015\/09\/melosi-si-gode-la-sua-squadra-contento-di-tutti\/404774\/#breadcrumb\"},\"inLanguage\":\"it-IT\",\"potentialAction\":[{\"@type\":\"ReadAction\",\"target\":[\"https:\/\/staging.varesenews.it\/2015\/09\/melosi-si-gode-la-sua-squadra-contento-di-tutti\/404774\/\"]}]},{\"@type\":\"BreadcrumbList\",\"@id\":\"https:\/\/staging.varesenews.it\/2015\/09\/melosi-si-gode-la-sua-squadra-contento-di-tutti\/404774\/#breadcrumb\",\"itemListElement\":[{\"@type\":\"ListItem\",\"position\":1,\"name\":\"Home\",\"item\":\"https:\/\/www.varesenews.it\/\"},{\"@type\":\"ListItem\",\"position\":2,\"name\":\"Melosi si gode la sua squadra: &#8220;Contento di tutti&#8221;\"}]},{\"@type\":\"WebSite\",\"@id\":\"https:\/\/staging.varesenews.it\/#website\",\"url\":\"https:\/\/staging.varesenews.it\/\",\"name\":\"VareseNews\",\"description\":\"\",\"potentialAction\":[{\"@type\":\"SearchAction\",\"target\":{\"@type\":\"EntryPoint\",\"urlTemplate\":\"https:\/\/staging.varesenews.it\/?s={search_term_string}\"},\"query-input\":\"required name=search_term_string\"}],\"inLanguage\":\"it-IT\"},{\"@type\":\"Person\",\"@id\":\"https:\/\/staging.varesenews.it\/#\/schema\/person\/709ae3769f6b4dbde8ec332baede8a5b\",\"name\":\"Damiano Franzetti\",\"image\":{\"@type\":\"ImageObject\",\"inLanguage\":\"it-IT\",\"@id\":\"https:\/\/staging.varesenews.it\/#\/schema\/person\/image\/\",\"url\":\"https:\/\/staging.varesenews.it\/wp-content\/uploads\/2020\/12\/damiano_franzetti_colori_500.jpg\",\"contentUrl\":\"https:\/\/staging.varesenews.it\/wp-content\/uploads\/2020\/12\/damiano_franzetti_colori_500.jpg\",\"caption\":\"Damiano Franzetti\"},\"description\":\"Classe 1976, una laurea (nel cassetto) in scienze e tecnologie alimentari; sono giornalista professionista dal 2009 nato e cresciuto con VareseNews dove mi occupo soprattutto di sport ormai da vent&rsquo;anni. Inviato sui campi (sulle piste, sulle strade...), intervistatore, coordinatore e responsabile delle pagine sportive, mi ritaglio volentieri lo spazio per scrivere di birra sul blog Malto Gradimento. Ho seguito innumerevoli campionati di Serie A di basket, di serie B di calcio, due Mondiali di ciclismo, qualche Giro d&rsquo;;Italia e tanto altro ancora. Collaboro con Tuttosport e altre testate, mi diletto di social. Ho una moglie, un figlio, vivo nella mia Gemonio e ho purtroppo smesso con il basket giocato. &nbsp;\",\"sameAs\":[\"damianofranz\",\"https:\/\/www.linkedin.com\/profile\/view?id=241597124&trk=nav_responsive_tab_profile\",\"https:\/\/twitter.com\/damianofranz\"],\"url\":\"https:\/\/staging.varesenews.it\/persona\/damiano_franzetti-2\/\"}]}<\/script>\n<!-- \/ Yoast SEO plugin. -->","yoast_head_json":{"title":"Melosi si gode la sua squadra: \"Contento di tutti\"","description":"L'allenatore del Varese ammette le difficolt\u00e0 iniziali ma loda la capacit\u00e0 di reagire nella ripresa. Dispiaciuto Di Gioia: \"Ci manca il gol\". Zazzi emozionato dal pubblico","robots":{"index":"noindex","follow":"follow","max-snippet":"max-snippet:-1","max-image-preview":"max-image-preview:large","max-video-preview":"max-video-preview:-1"},"og_locale":"it_IT","og_type":"article","og_title":"Melosi si gode la sua squadra: \"Contento di tutti\"","og_description":"L'allenatore del Varese ammette le difficolt\u00e0 iniziali ma loda la capacit\u00e0 di reagire nella ripresa. Dispiaciuto Di Gioia: \"Ci manca il gol\". Zazzi emozionato dal pubblico","og_url":"https:\/\/staging.varesenews.it\/2015\/09\/melosi-si-gode-la-sua-squadra-contento-di-tutti\/404774\/","og_site_name":"VareseNews","article_publisher":"https:\/\/www.facebook.com\/varesenews","article_published_time":"2015-09-27T16:27:19+00:00","author":"Damiano Franzetti","twitter_card":"summary_large_image","twitter_creator":"@damianofranz","twitter_site":"@varesenews","twitter_misc":{"Scritto da":"Damiano Franzetti","Tempo di lettura stimato":"3 minuti"},"schema":{"@context":"https:\/\/schema.org","@graph":[{"@type":"WebPage","@id":"https:\/\/staging.varesenews.it\/2015\/09\/melosi-si-gode-la-sua-squadra-contento-di-tutti\/404774\/","url":"https:\/\/staging.varesenews.it\/2015\/09\/melosi-si-gode-la-sua-squadra-contento-di-tutti\/404774\/","name":"Melosi si gode la sua squadra: \"Contento di tutti\"","isPartOf":{"@id":"https:\/\/staging.varesenews.it\/#website"},"datePublished":"2015-09-27T16:27:19+00:00","dateModified":"2015-09-27T16:27:19+00:00","author":{"@id":"https:\/\/staging.varesenews.it\/#\/schema\/person\/709ae3769f6b4dbde8ec332baede8a5b"},"description":"L'allenatore del Varese ammette le difficolt\u00e0 iniziali ma loda la capacit\u00e0 di reagire nella ripresa. Dispiaciuto Di Gioia: \"Ci manca il gol\". Zazzi emozionato dal pubblico","breadcrumb":{"@id":"https:\/\/staging.varesenews.it\/2015\/09\/melosi-si-gode-la-sua-squadra-contento-di-tutti\/404774\/#breadcrumb"},"inLanguage":"it-IT","potentialAction":[{"@type":"ReadAction","target":["https:\/\/staging.varesenews.it\/2015\/09\/melosi-si-gode-la-sua-squadra-contento-di-tutti\/404774\/"]}]},{"@type":"BreadcrumbList","@id":"https:\/\/staging.varesenews.it\/2015\/09\/melosi-si-gode-la-sua-squadra-contento-di-tutti\/404774\/#breadcrumb","itemListElement":[{"@type":"ListItem","position":1,"name":"Home","item":"https:\/\/www.varesenews.it\/"},{"@type":"ListItem","position":2,"name":"Melosi si gode la sua squadra: &#8220;Contento di tutti&#8221;"}]},{"@type":"WebSite","@id":"https:\/\/staging.varesenews.it\/#website","url":"https:\/\/staging.varesenews.it\/","name":"VareseNews","description":"","potentialAction":[{"@type":"SearchAction","target":{"@type":"EntryPoint","urlTemplate":"https:\/\/staging.varesenews.it\/?s={search_term_string}"},"query-input":"required name=search_term_string"}],"inLanguage":"it-IT"},{"@type":"Person","@id":"https:\/\/staging.varesenews.it\/#\/schema\/person\/709ae3769f6b4dbde8ec332baede8a5b","name":"Damiano Franzetti","image":{"@type":"ImageObject","inLanguage":"it-IT","@id":"https:\/\/staging.varesenews.it\/#\/schema\/person\/image\/","url":"https:\/\/staging.varesenews.it\/wp-content\/uploads\/2020\/12\/damiano_franzetti_colori_500.jpg","contentUrl":"https:\/\/staging.varesenews.it\/wp-content\/uploads\/2020\/12\/damiano_franzetti_colori_500.jpg","caption":"Damiano Franzetti"},"description":"Classe 1976, una laurea (nel cassetto) in scienze e tecnologie alimentari; sono giornalista professionista dal 2009 nato e cresciuto con VareseNews dove mi occupo soprattutto di sport ormai da vent&rsquo;anni. Inviato sui campi (sulle piste, sulle strade...), intervistatore, coordinatore e responsabile delle pagine sportive, mi ritaglio volentieri lo spazio per scrivere di birra sul blog Malto Gradimento. Ho seguito innumerevoli campionati di Serie A di basket, di serie B di calcio, due Mondiali di ciclismo, qualche Giro d&rsquo;;Italia e tanto altro ancora. Collaboro con Tuttosport e altre testate, mi diletto di social. Ho una moglie, un figlio, vivo nella mia Gemonio e ho purtroppo smesso con il basket giocato. &nbsp;","sameAs":["damianofranz","https:\/\/www.linkedin.com\/profile\/view?id=241597124&trk=nav_responsive_tab_profile","https:\/\/twitter.com\/damianofranz"],"url":"https:\/\/staging.varesenews.it\/persona\/damiano_franzetti-2\/"}]}},"post_meta":{"_edit_lock":"1443371378:38","_edit_last":"38","ratings_users":"0","ratings_score":"0","ratings_average":"0","_category_permalink":"","wdfb_og_title":"","wdfb_og_type":"","wdfb_og_description":"","wdfb_og_images":"a:1:{i:0;s:0:\"\";}","wdfb_og_custom_name":"a:1:{i:0;s:0:\"\";}","wdfb_og_custom_value":"a:1:{i:0;s:0:\"\";}","id_leggi_anche":"404769,404742","foto":"485899","id_link_fotogallery":"404773","argomento":"Interviste e tabellino","_jd_twitter":"","_jd_tweet_this":"yes","_wpt_short_url":"http:\/\/www.varesenews.it\/2015\/09\/melosi-si-gode-la-sua-squadra-contento-di-tutti\/404774\/","_wp_jd_target":"http:\/\/www.varesenews.it\/2015\/09\/melosi-si-gode-la-sua-squadra-contento-di-tutti\/404774\/","_jd_wp_twitter":"a:1:{i:0;s:170:\"Melosi si gode la sua squadra: \"Contento di tutti\" http:\/\/www.varesenews.it\/2015\/09\/melosi-si-gode-la-sua-squadra-contento-di-tutti\/404774\/ #aclegnano #calcio #eccellenza\";}","_wpt_status_message":"Tweet inviato con successo."},"photos":[{"original":"https:\/\/staging.varesenews.it\/photogallery_new\/images\/2015\/09\/calcio-eccellenza-legnano-varese-0-1-485899.jpg","full":"https:\/\/staging.varesenews.it\/photogallery_new\/images\/2015\/09\/calcio-eccellenza-legnano-varese-0-1-485899.1024x768.jpg","large":"https:\/\/staging.varesenews.it\/photogallery_new\/images\/2015\/09\/calcio-eccellenza-legnano-varese-0-1-485899.610x431.jpg"}],"_links":{"self":[{"href":"https:\/\/staging.varesenews.it\/swgapi\/v1\/wp\/v2\/posts\/404774"}],"collection":[{"href":"https:\/\/staging.varesenews.it\/swgapi\/v1\/wp\/v2\/posts"}],"about":[{"href":"https:\/\/staging.varesenews.it\/swgapi\/v1\/wp\/v2\/types\/post"}],"author":[{"embeddable":true,"href":"https:\/\/staging.varesenews.it\/swgapi\/v1\/wp\/v2\/users\/38"}],"replies":[{"embeddable":true,"href":"https:\/\/staging.varesenews.it\/swgapi\/v1\/wp\/v2\/comments?post=404774"}],"version-history":[{"count":0,"href":"https:\/\/staging.varesenews.it\/swgapi\/v1\/wp\/v2\/posts\/404774\/revisions"}],"wp:attachment":[{"href":"https:\/\/staging.varesenews.it\/swgapi\/v1\/wp\/v2\/media?parent=404774"}],"wp:term":[{"taxonomy":"category","embeddable":true,"href":"https:\/\/staging.varesenews.it\/swgapi\/v1\/wp\/v2\/categories?post=404774"},{"taxonomy":"post_tag","embeddable":true,"href":"https:\/\/staging.varesenews.it\/swgapi\/v1\/wp\/v2\/tags?post=404774"}],"curies":[{"name":"wp","href":"https:\/\/api.w.org\/{rel}","templated":true}]}}