{"id":406364,"date":"2015-10-02T15:44:38","date_gmt":"2015-10-02T13:44:38","guid":{"rendered":"http:\/\/www.varesenews.it\/?p=406364"},"modified":"2015-10-02T15:44:38","modified_gmt":"2015-10-02T13:44:38","slug":"riprende-lattivita-dei-punti-prelievo-di-arcisate-e-viggiu","status":"publish","type":"post","link":"https:\/\/staging.varesenews.it\/2015\/10\/riprende-lattivita-dei-punti-prelievo-di-arcisate-e-viggiu\/406364\/","title":{"rendered":"Riprende l&#8217;attivit\u00e0 dei punti prelievo di Arcisate e Viggi\u00f9"},"content":{"rendered":"<p class=\"p1\"><span class=\"s1\"><strong>Dal prossimo luned\u00ec 5 Ottobre,<\/strong> l&#8217;attivit\u00e0 dei <strong>punti prelievo di Viggi\u00f9 ed Arcisate<span class=\"Apple-converted-space\">\u00a0 <\/span><\/strong>riprender\u00e0 con la stessa organizzazione in atto prima della parziale e temporanea sospensione dell&#8217;estate scorsa. \u00a0<\/span><\/p>\n<p class=\"p1\"><span class=\"s1\">In particolare, l&#8217;organizzazione prevede la seguente attivit\u00e0:<\/span><\/p>\n<p class=\"p1\"><b>Viggi\u00f9: <\/b>apertura\u00a0il mercoled\u00ec, venerd\u00ec e sabato dalle h. 8.00 alle h. 9.30<\/p>\n<p class=\"p2\"><b>Arcisate<\/b>: apertura dal luned\u00ec al venerd\u00ec dalle h. 8.00 alle h. 9.30.<\/p>\n","protected":false},"excerpt":{"rendered":"<p>Dopo la sospensione decisa nei mesi estivi, da luned\u00ec 5 ottobre ricomincia la normale attivit\u00e0 negli ambulatori<\/p>\n","protected":false},"author":33,"featured_media":0,"comment_status":"open","ping_status":"open","sticky":false,"template":"","format":"standard","meta":{"footnotes":""},"categories":[24,2],"tags":[],"acf":[],"yoast_head":"<!-- This site is optimized with the Yoast SEO plugin v20.1 - https:\/\/yoast.com\/wordpress\/plugins\/seo\/ -->\n<title>Riprende l&#039;attivit\u00e0 dei punti prelievo di Arcisate e Viggi\u00f9<\/title>\n<meta name=\"description\" content=\"Dopo la sospensione decisa nei mesi estivi, da luned\u00ec 5 ottobre ricomincia la normale attivit\u00e0 negli ambulatori\" \/>\n<meta name=\"robots\" content=\"noindex, follow, max-snippet:-1, max-image-preview:large, max-video-preview:-1\" \/>\n<meta property=\"og:locale\" content=\"it_IT\" \/>\n<meta property=\"og:type\" content=\"article\" \/>\n<meta property=\"og:title\" content=\"Riprende l&#039;attivit\u00e0 dei punti prelievo di Arcisate e Viggi\u00f9\" \/>\n<meta property=\"og:description\" content=\"Dopo la sospensione decisa nei mesi estivi, da luned\u00ec 5 ottobre ricomincia la normale attivit\u00e0 negli ambulatori\" \/>\n<meta property=\"og:url\" content=\"https:\/\/staging.varesenews.it\/2015\/10\/riprende-lattivita-dei-punti-prelievo-di-arcisate-e-viggiu\/406364\/\" \/>\n<meta property=\"og:site_name\" content=\"VareseNews\" \/>\n<meta property=\"article:publisher\" content=\"https:\/\/www.facebook.com\/varesenews\" \/>\n<meta property=\"article:author\" content=\"alessandra.toni7\" \/>\n<meta property=\"article:published_time\" content=\"2015-10-02T13:44:38+00:00\" \/>\n<meta name=\"author\" content=\"Alessandra Toni\" \/>\n<meta name=\"twitter:card\" content=\"summary_large_image\" \/>\n<meta name=\"twitter:creator\" content=\"@alessandra_toni\" \/>\n<meta name=\"twitter:site\" content=\"@varesenews\" \/>\n<meta name=\"twitter:label1\" content=\"Scritto da\" \/>\n\t<meta name=\"twitter:data1\" content=\"Alessandra Toni\" \/>\n<script type=\"application\/ld+json\" class=\"yoast-schema-graph\">{\"@context\":\"https:\/\/schema.org\",\"@graph\":[{\"@type\":\"WebPage\",\"@id\":\"https:\/\/staging.varesenews.it\/2015\/10\/riprende-lattivita-dei-punti-prelievo-di-arcisate-e-viggiu\/406364\/\",\"url\":\"https:\/\/staging.varesenews.it\/2015\/10\/riprende-lattivita-dei-punti-prelievo-di-arcisate-e-viggiu\/406364\/\",\"name\":\"Riprende l'attivit\u00e0 dei punti prelievo di Arcisate e Viggi\u00f9\",\"isPartOf\":{\"@id\":\"https:\/\/staging.varesenews.it\/#website\"},\"datePublished\":\"2015-10-02T13:44:38+00:00\",\"dateModified\":\"2015-10-02T13:44:38+00:00\",\"author\":{\"@id\":\"https:\/\/staging.varesenews.it\/#\/schema\/person\/2643ce123d4a3c9511e015dc548779b8\"},\"description\":\"Dopo la sospensione decisa nei mesi estivi, da luned\u00ec 5 ottobre ricomincia la normale attivit\u00e0 negli ambulatori\",\"breadcrumb\":{\"@id\":\"https:\/\/staging.varesenews.it\/2015\/10\/riprende-lattivita-dei-punti-prelievo-di-arcisate-e-viggiu\/406364\/#breadcrumb\"},\"inLanguage\":\"it-IT\",\"potentialAction\":[{\"@type\":\"ReadAction\",\"target\":[\"https:\/\/staging.varesenews.it\/2015\/10\/riprende-lattivita-dei-punti-prelievo-di-arcisate-e-viggiu\/406364\/\"]}]},{\"@type\":\"BreadcrumbList\",\"@id\":\"https:\/\/staging.varesenews.it\/2015\/10\/riprende-lattivita-dei-punti-prelievo-di-arcisate-e-viggiu\/406364\/#breadcrumb\",\"itemListElement\":[{\"@type\":\"ListItem\",\"position\":1,\"name\":\"Home\",\"item\":\"https:\/\/www.varesenews.it\/\"},{\"@type\":\"ListItem\",\"position\":2,\"name\":\"Riprende l&#8217;attivit\u00e0 dei punti prelievo di Arcisate e Viggi\u00f9\"}]},{\"@type\":\"WebSite\",\"@id\":\"https:\/\/staging.varesenews.it\/#website\",\"url\":\"https:\/\/staging.varesenews.it\/\",\"name\":\"VareseNews\",\"description\":\"\",\"potentialAction\":[{\"@type\":\"SearchAction\",\"target\":{\"@type\":\"EntryPoint\",\"urlTemplate\":\"https:\/\/staging.varesenews.it\/?s={search_term_string}\"},\"query-input\":\"required name=search_term_string\"}],\"inLanguage\":\"it-IT\"},{\"@type\":\"Person\",\"@id\":\"https:\/\/staging.varesenews.it\/#\/schema\/person\/2643ce123d4a3c9511e015dc548779b8\",\"name\":\"Alessandra Toni\",\"image\":{\"@type\":\"ImageObject\",\"inLanguage\":\"it-IT\",\"@id\":\"https:\/\/staging.varesenews.it\/#\/schema\/person\/image\/\",\"url\":\"https:\/\/staging.varesenews.it\/wp-content\/uploads\/2020\/12\/alessandra_toni_colori_500.jpg\",\"contentUrl\":\"https:\/\/staging.varesenews.it\/wp-content\/uploads\/2020\/12\/alessandra_toni_colori_500.jpg\",\"caption\":\"Alessandra Toni\"},\"description\":\"Sono entrata nella redazione di VareseNews nel lontano anno 2000. Ero reduce da una bellissima esperienza nella redazione giornalistica della TV Nuova Antennatre, sotto la direzione dell'indimenticabile direttore Adolfo Caldarini. Sono arrivata quando era ancora una piccola realt\u00e0 editoriale e insieme abbiamo fatto un lungo ed entusiasmante lavoro. Mi occupo prevalentemente di scuola e di sanit\u00e0, settori impegnativi di grande valore sociale.\u00a0\",\"sameAs\":[\"alessandra.toni7\",\"alessandra.toni\",\"https:\/\/twitter.com\/alessandra_toni\"],\"url\":\"https:\/\/staging.varesenews.it\/persona\/alessandra_toni1\/\"}]}<\/script>\n<!-- \/ Yoast SEO plugin. -->","yoast_head_json":{"title":"Riprende l'attivit\u00e0 dei punti prelievo di Arcisate e Viggi\u00f9","description":"Dopo la sospensione decisa nei mesi estivi, da luned\u00ec 5 ottobre ricomincia la normale attivit\u00e0 negli ambulatori","robots":{"index":"noindex","follow":"follow","max-snippet":"max-snippet:-1","max-image-preview":"max-image-preview:large","max-video-preview":"max-video-preview:-1"},"og_locale":"it_IT","og_type":"article","og_title":"Riprende l'attivit\u00e0 dei punti prelievo di Arcisate e Viggi\u00f9","og_description":"Dopo la sospensione decisa nei mesi estivi, da luned\u00ec 5 ottobre ricomincia la normale attivit\u00e0 negli ambulatori","og_url":"https:\/\/staging.varesenews.it\/2015\/10\/riprende-lattivita-dei-punti-prelievo-di-arcisate-e-viggiu\/406364\/","og_site_name":"VareseNews","article_publisher":"https:\/\/www.facebook.com\/varesenews","article_author":"alessandra.toni7","article_published_time":"2015-10-02T13:44:38+00:00","author":"Alessandra Toni","twitter_card":"summary_large_image","twitter_creator":"@alessandra_toni","twitter_site":"@varesenews","twitter_misc":{"Scritto da":"Alessandra Toni"},"schema":{"@context":"https:\/\/schema.org","@graph":[{"@type":"WebPage","@id":"https:\/\/staging.varesenews.it\/2015\/10\/riprende-lattivita-dei-punti-prelievo-di-arcisate-e-viggiu\/406364\/","url":"https:\/\/staging.varesenews.it\/2015\/10\/riprende-lattivita-dei-punti-prelievo-di-arcisate-e-viggiu\/406364\/","name":"Riprende l'attivit\u00e0 dei punti prelievo di Arcisate e Viggi\u00f9","isPartOf":{"@id":"https:\/\/staging.varesenews.it\/#website"},"datePublished":"2015-10-02T13:44:38+00:00","dateModified":"2015-10-02T13:44:38+00:00","author":{"@id":"https:\/\/staging.varesenews.it\/#\/schema\/person\/2643ce123d4a3c9511e015dc548779b8"},"description":"Dopo la sospensione decisa nei mesi estivi, da luned\u00ec 5 ottobre ricomincia la normale attivit\u00e0 negli ambulatori","breadcrumb":{"@id":"https:\/\/staging.varesenews.it\/2015\/10\/riprende-lattivita-dei-punti-prelievo-di-arcisate-e-viggiu\/406364\/#breadcrumb"},"inLanguage":"it-IT","potentialAction":[{"@type":"ReadAction","target":["https:\/\/staging.varesenews.it\/2015\/10\/riprende-lattivita-dei-punti-prelievo-di-arcisate-e-viggiu\/406364\/"]}]},{"@type":"BreadcrumbList","@id":"https:\/\/staging.varesenews.it\/2015\/10\/riprende-lattivita-dei-punti-prelievo-di-arcisate-e-viggiu\/406364\/#breadcrumb","itemListElement":[{"@type":"ListItem","position":1,"name":"Home","item":"https:\/\/www.varesenews.it\/"},{"@type":"ListItem","position":2,"name":"Riprende l&#8217;attivit\u00e0 dei punti prelievo di Arcisate e Viggi\u00f9"}]},{"@type":"WebSite","@id":"https:\/\/staging.varesenews.it\/#website","url":"https:\/\/staging.varesenews.it\/","name":"VareseNews","description":"","potentialAction":[{"@type":"SearchAction","target":{"@type":"EntryPoint","urlTemplate":"https:\/\/staging.varesenews.it\/?s={search_term_string}"},"query-input":"required name=search_term_string"}],"inLanguage":"it-IT"},{"@type":"Person","@id":"https:\/\/staging.varesenews.it\/#\/schema\/person\/2643ce123d4a3c9511e015dc548779b8","name":"Alessandra Toni","image":{"@type":"ImageObject","inLanguage":"it-IT","@id":"https:\/\/staging.varesenews.it\/#\/schema\/person\/image\/","url":"https:\/\/staging.varesenews.it\/wp-content\/uploads\/2020\/12\/alessandra_toni_colori_500.jpg","contentUrl":"https:\/\/staging.varesenews.it\/wp-content\/uploads\/2020\/12\/alessandra_toni_colori_500.jpg","caption":"Alessandra Toni"},"description":"Sono entrata nella redazione di VareseNews nel lontano anno 2000. Ero reduce da una bellissima esperienza nella redazione giornalistica della TV Nuova Antennatre, sotto la direzione dell'indimenticabile direttore Adolfo Caldarini. Sono arrivata quando era ancora una piccola realt\u00e0 editoriale e insieme abbiamo fatto un lungo ed entusiasmante lavoro. Mi occupo prevalentemente di scuola e di sanit\u00e0, settori impegnativi di grande valore sociale.\u00a0","sameAs":["alessandra.toni7","alessandra.toni","https:\/\/twitter.com\/alessandra_toni"],"url":"https:\/\/staging.varesenews.it\/persona\/alessandra_toni1\/"}]}},"post_meta":{"_edit_lock":"1443793600:33","_edit_last":"33","_category_permalink":"","wdfb_og_title":"","wdfb_og_type":"","wdfb_og_description":"","wdfb_og_images":"a:1:{i:0;s:0:\"\";}","wdfb_og_custom_name":"a:1:{i:0;s:0:\"\";}","wdfb_og_custom_value":"a:1:{i:0;s:0:\"\";}","foto":"280191","firma_come_redazione":"1","argomento":"Arcisate\/Viggi\u00f9","_jd_twitter":"","_jd_tweet_this":"yes","ratings_users":"0","ratings_score":"0","ratings_average":"0","_wpt_short_url":"http:\/\/www.varesenews.it\/2015\/10\/riprende-lattivita-dei-punti-prelievo-di-arcisate-e-viggiu\/406364\/","_wp_jd_target":"http:\/\/www.varesenews.it\/2015\/10\/riprende-lattivita-dei-punti-prelievo-di-arcisate-e-viggiu\/406364\/","_jd_wp_twitter":"a:1:{i:0;s:162:\"Riprende l'attivit\u00e0 dei punti prelievo di Arcisate e Viggi\u00f9 http:\/\/www.varesenews.it\/2015\/10\/riprende-lattivita-dei-punti-prelievo-di-arcisate-e-viggiu\/406364\/ \";}","_wpt_status_message":"Tweet inviato con successo."},"photos":[{"original":"https:\/\/staging.varesenews.it\/photogallery_new\/images\/2005\/06\/donazione-sangue-uomo-lettino-280191.jpg","full":"https:\/\/staging.varesenews.it\/photogallery_new\/images\/2005\/06\/donazione-sangue-uomo-lettino-280191.1024x768.jpg","large":"https:\/\/staging.varesenews.it\/photogallery_new\/images\/2005\/06\/donazione-sangue-uomo-lettino-280191.610x431.jpg"}],"_links":{"self":[{"href":"https:\/\/staging.varesenews.it\/swgapi\/v1\/wp\/v2\/posts\/406364"}],"collection":[{"href":"https:\/\/staging.varesenews.it\/swgapi\/v1\/wp\/v2\/posts"}],"about":[{"href":"https:\/\/staging.varesenews.it\/swgapi\/v1\/wp\/v2\/types\/post"}],"author":[{"embeddable":true,"href":"https:\/\/staging.varesenews.it\/swgapi\/v1\/wp\/v2\/users\/33"}],"replies":[{"embeddable":true,"href":"https:\/\/staging.varesenews.it\/swgapi\/v1\/wp\/v2\/comments?post=406364"}],"version-history":[{"count":0,"href":"https:\/\/staging.varesenews.it\/swgapi\/v1\/wp\/v2\/posts\/406364\/revisions"}],"wp:attachment":[{"href":"https:\/\/staging.varesenews.it\/swgapi\/v1\/wp\/v2\/media?parent=406364"}],"wp:term":[{"taxonomy":"category","embeddable":true,"href":"https:\/\/staging.varesenews.it\/swgapi\/v1\/wp\/v2\/categories?post=406364"},{"taxonomy":"post_tag","embeddable":true,"href":"https:\/\/staging.varesenews.it\/swgapi\/v1\/wp\/v2\/tags?post=406364"}],"curies":[{"name":"wp","href":"https:\/\/api.w.org\/{rel}","templated":true}]}}