{"id":406376,"date":"2015-10-02T15:58:05","date_gmt":"2015-10-02T13:58:05","guid":{"rendered":"http:\/\/www.varesenews.it\/?p=406376"},"modified":"2015-10-02T15:59:07","modified_gmt":"2015-10-02T13:59:07","slug":"una-domenica-da-metterci-il-naso","status":"publish","type":"post","link":"https:\/\/staging.varesenews.it\/2015\/10\/una-domenica-da-metterci-il-naso\/406376\/","title":{"rendered":"Una domenica, da &#8220;metterci il naso&#8221;"},"content":{"rendered":"<p>Dopo il Settembre Angerese, continua nella cittadina della rocca la\u00a0programmazione culturale, sensoriale e gastronomica. Il 4 ottobre sar\u00e0 <strong>una domenica tutta dedicata al naso<\/strong>, o meglio all\u2019olfatto e al gusto, due tra i nostri sensi meno valorizzati.<\/p>\n<p>Nell\u2019ambito del progetto dal titolo <b>IL PROFUMO DEL PANE E DELLE CASTAGNE, Pane, aromi e vino in Lombardia in epoca romana<\/b>, realizzato dal Museo Archeologico e dalla la Soprintendenza Archeologia della Lombardia, con il sostegno di Regione Lombardia e con il patrocinio di EXPO2015, il Comune di Angera e il MABA<b>, <\/b>Museo Archeologico dei Bambini \u2013 Angera,<b> <\/b>invitano giovani archeologi e bimbi curiosi al quinto appuntamento con i laboratori multisensoriali MA CHE SENSI SENTI?<b> <\/b><b>Domenica 4 Ottobre, dalle 15.00 fino alle 17.00, presso la Sala Conferenze del Museo, Via Marconi 2,\u00a0 <\/b>sar\u00e0 possibile giocare a : <b>MA CHE NASO GRANDE CHE HAI!<\/b><b> <\/b>Giovanna Cattaneo, docente di analisi sensoriale, proporr\u00e0 ai partecipanti alcuni esperimenti, per riscoprire le incredibili potenzialit\u00e0 dei nostri sensi. Il 4 Ottobre sar\u00e0 la <b>Giornata internazionale delle Famiglie al Museo<\/b> quindi, non proporremo un laboratorio a numero chiuso, ma allestiremo 5 postazioni sensoriali sulle quali potranno avvicendarsi grandi e piccini per mettere alla prova gusto e olfatto.<\/p>\n<p>La partecipazione \u00e8 gratuita.<\/p>\n<p><b>Sempre Domenica 4 Ottobre, alle 17.30, presso la Sala Conferenze del Museo, Via Marconi 2, <\/b>prosegue invece il ciclo di conferenze proposte dal museo. Il relatore sar\u00e0 questa volta il conservatore del Museo, la dott.ssa Cristina Miedico, che terr\u00e0 un intervento dal titolo <b>TRA IL NASO, LA BOCCA E IL CUORE. Sensi, aromi e profumi nel mondo antico, tra Natura e Mito.<\/b><b> <\/b>Gli antichi avevano sensi assai pi\u00f9 sviluppati ed esercitati dei nostri: il gusto e l\u2019olfatto erano importanti fonti di conoscenza scientifica ed edonistica, intorno ad essi furono scritte enciclopedie farmaceutiche e gastronomiche.<\/p>\n<p>Medici e \u2018ma-ghe\u2019 conoscevano assai bene le propriet\u00e0 delle piante, distinguevano perfettamente quelle commestibili da quelle velenose, le erbe curative e quelle afrodisiache, foglioline per il buonumore e fiorellini per favorire la montata lattea. Molte di queste piante sono diventate protagoniste di miti millenari, che ne ricordano le caratteristiche odorose e farmaceutiche. Tra immagini, racconti e composizioni chimiche proveremo a ricordare alcuni tra gli aromi pi\u00f9 noti e le loro propriet\u00e0.<\/p>\n<p>La partecipazione \u00e8 gratuita<\/p>\n","protected":false},"excerpt":{"rendered":"<p>\u00c8 dedicata all&#8217;olfatto e al gusto la giornata del 4 ottobre. Tanti gli appuntamenti in programma per grandi e piccini<\/p>\n","protected":false},"author":43,"featured_media":0,"comment_status":"open","ping_status":"open","sticky":false,"template":"","format":"standard","meta":{"footnotes":""},"categories":[18,26,21,2],"tags":[41350,5974,158],"acf":[],"yoast_head":"<!-- This site is optimized with the Yoast SEO plugin v20.1 - https:\/\/yoast.com\/wordpress\/plugins\/seo\/ -->\n<title>Una domenica, da &quot;metterci il naso&quot;<\/title>\n<meta name=\"description\" content=\"\u00c8 dedicata all&#039;olfatto e al gusto la giornata del 4 ottobre. Tanti gli appuntamenti in programma per grandi e piccini\" \/>\n<meta name=\"robots\" content=\"noindex, follow, max-snippet:-1, max-image-preview:large, max-video-preview:-1\" \/>\n<meta property=\"og:locale\" content=\"it_IT\" \/>\n<meta property=\"og:type\" content=\"article\" \/>\n<meta property=\"og:title\" content=\"Una domenica, da &quot;metterci il naso&quot;\" \/>\n<meta property=\"og:description\" content=\"\u00c8 dedicata all&#039;olfatto e al gusto la giornata del 4 ottobre. Tanti gli appuntamenti in programma per grandi e piccini\" \/>\n<meta property=\"og:url\" content=\"https:\/\/staging.varesenews.it\/2015\/10\/una-domenica-da-metterci-il-naso\/406376\/\" \/>\n<meta property=\"og:site_name\" content=\"VareseNews\" \/>\n<meta property=\"article:publisher\" content=\"https:\/\/www.facebook.com\/varesenews\" \/>\n<meta property=\"article:author\" content=\"https:\/\/www.facebook.com\/mariacarla.cebrelli\" \/>\n<meta property=\"article:published_time\" content=\"2015-10-02T13:58:05+00:00\" \/>\n<meta property=\"article:modified_time\" content=\"2015-10-02T13:59:07+00:00\" \/>\n<meta name=\"author\" content=\"Maria Carla Cebrelli\" \/>\n<meta name=\"twitter:card\" content=\"summary_large_image\" \/>\n<meta name=\"twitter:creator\" content=\"@pikapiketti\" \/>\n<meta name=\"twitter:site\" content=\"@varesenews\" \/>\n<meta name=\"twitter:label1\" content=\"Scritto da\" \/>\n\t<meta name=\"twitter:data1\" content=\"Maria Carla Cebrelli\" \/>\n\t<meta name=\"twitter:label2\" content=\"Tempo di lettura stimato\" \/>\n\t<meta name=\"twitter:data2\" content=\"2 minuti\" \/>\n<script type=\"application\/ld+json\" class=\"yoast-schema-graph\">{\"@context\":\"https:\/\/schema.org\",\"@graph\":[{\"@type\":\"WebPage\",\"@id\":\"https:\/\/staging.varesenews.it\/2015\/10\/una-domenica-da-metterci-il-naso\/406376\/\",\"url\":\"https:\/\/staging.varesenews.it\/2015\/10\/una-domenica-da-metterci-il-naso\/406376\/\",\"name\":\"Una domenica, da \\\"metterci il naso\\\"\",\"isPartOf\":{\"@id\":\"https:\/\/staging.varesenews.it\/#website\"},\"datePublished\":\"2015-10-02T13:58:05+00:00\",\"dateModified\":\"2015-10-02T13:59:07+00:00\",\"author\":{\"@id\":\"https:\/\/staging.varesenews.it\/#\/schema\/person\/5bf790e99d7ec50061119cc825c454de\"},\"description\":\"\u00c8 dedicata all'olfatto e al gusto la giornata del 4 ottobre. Tanti gli appuntamenti in programma per grandi e piccini\",\"breadcrumb\":{\"@id\":\"https:\/\/staging.varesenews.it\/2015\/10\/una-domenica-da-metterci-il-naso\/406376\/#breadcrumb\"},\"inLanguage\":\"it-IT\",\"potentialAction\":[{\"@type\":\"ReadAction\",\"target\":[\"https:\/\/staging.varesenews.it\/2015\/10\/una-domenica-da-metterci-il-naso\/406376\/\"]}]},{\"@type\":\"BreadcrumbList\",\"@id\":\"https:\/\/staging.varesenews.it\/2015\/10\/una-domenica-da-metterci-il-naso\/406376\/#breadcrumb\",\"itemListElement\":[{\"@type\":\"ListItem\",\"position\":1,\"name\":\"Home\",\"item\":\"https:\/\/www.varesenews.it\/\"},{\"@type\":\"ListItem\",\"position\":2,\"name\":\"Una domenica, da &#8220;metterci il naso&#8221;\"}]},{\"@type\":\"WebSite\",\"@id\":\"https:\/\/staging.varesenews.it\/#website\",\"url\":\"https:\/\/staging.varesenews.it\/\",\"name\":\"VareseNews\",\"description\":\"\",\"potentialAction\":[{\"@type\":\"SearchAction\",\"target\":{\"@type\":\"EntryPoint\",\"urlTemplate\":\"https:\/\/staging.varesenews.it\/?s={search_term_string}\"},\"query-input\":\"required name=search_term_string\"}],\"inLanguage\":\"it-IT\"},{\"@type\":\"Person\",\"@id\":\"https:\/\/staging.varesenews.it\/#\/schema\/person\/5bf790e99d7ec50061119cc825c454de\",\"name\":\"Maria Carla Cebrelli\",\"image\":{\"@type\":\"ImageObject\",\"inLanguage\":\"it-IT\",\"@id\":\"https:\/\/staging.varesenews.it\/#\/schema\/person\/image\/\",\"url\":\"https:\/\/staging.varesenews.it\/wp-content\/uploads\/2020\/12\/mariacarla_cebrelli_colori_500-1.jpg\",\"contentUrl\":\"https:\/\/staging.varesenews.it\/wp-content\/uploads\/2020\/12\/mariacarla_cebrelli_colori_500-1.jpg\",\"caption\":\"Maria Carla Cebrelli\"},\"description\":\"Economista di formazione, giornalista per passione. A VareseNews dal 2005, mi sono occupata negli anni di universit&agrave;, tematiche di confine, news locali e comunicazione nel settore sociale. Attualmente sono responsabile di VerbanoNews, del canale di VareseNews dedicato al Turismo e seguo i social dell'area business.\",\"sameAs\":[\"https:\/\/www.facebook.com\/mariacarla.cebrelli\",\"pikapiketti\",\"https:\/\/twitter.com\/pikapiketti\"],\"url\":\"https:\/\/staging.varesenews.it\/persona\/mariacarla-cebrelli1\/\"}]}<\/script>\n<!-- \/ Yoast SEO plugin. -->","yoast_head_json":{"title":"Una domenica, da \"metterci il naso\"","description":"\u00c8 dedicata all'olfatto e al gusto la giornata del 4 ottobre. Tanti gli appuntamenti in programma per grandi e piccini","robots":{"index":"noindex","follow":"follow","max-snippet":"max-snippet:-1","max-image-preview":"max-image-preview:large","max-video-preview":"max-video-preview:-1"},"og_locale":"it_IT","og_type":"article","og_title":"Una domenica, da \"metterci il naso\"","og_description":"\u00c8 dedicata all'olfatto e al gusto la giornata del 4 ottobre. Tanti gli appuntamenti in programma per grandi e piccini","og_url":"https:\/\/staging.varesenews.it\/2015\/10\/una-domenica-da-metterci-il-naso\/406376\/","og_site_name":"VareseNews","article_publisher":"https:\/\/www.facebook.com\/varesenews","article_author":"https:\/\/www.facebook.com\/mariacarla.cebrelli","article_published_time":"2015-10-02T13:58:05+00:00","article_modified_time":"2015-10-02T13:59:07+00:00","author":"Maria Carla Cebrelli","twitter_card":"summary_large_image","twitter_creator":"@pikapiketti","twitter_site":"@varesenews","twitter_misc":{"Scritto da":"Maria Carla Cebrelli","Tempo di lettura stimato":"2 minuti"},"schema":{"@context":"https:\/\/schema.org","@graph":[{"@type":"WebPage","@id":"https:\/\/staging.varesenews.it\/2015\/10\/una-domenica-da-metterci-il-naso\/406376\/","url":"https:\/\/staging.varesenews.it\/2015\/10\/una-domenica-da-metterci-il-naso\/406376\/","name":"Una domenica, da \"metterci il naso\"","isPartOf":{"@id":"https:\/\/staging.varesenews.it\/#website"},"datePublished":"2015-10-02T13:58:05+00:00","dateModified":"2015-10-02T13:59:07+00:00","author":{"@id":"https:\/\/staging.varesenews.it\/#\/schema\/person\/5bf790e99d7ec50061119cc825c454de"},"description":"\u00c8 dedicata all'olfatto e al gusto la giornata del 4 ottobre. Tanti gli appuntamenti in programma per grandi e piccini","breadcrumb":{"@id":"https:\/\/staging.varesenews.it\/2015\/10\/una-domenica-da-metterci-il-naso\/406376\/#breadcrumb"},"inLanguage":"it-IT","potentialAction":[{"@type":"ReadAction","target":["https:\/\/staging.varesenews.it\/2015\/10\/una-domenica-da-metterci-il-naso\/406376\/"]}]},{"@type":"BreadcrumbList","@id":"https:\/\/staging.varesenews.it\/2015\/10\/una-domenica-da-metterci-il-naso\/406376\/#breadcrumb","itemListElement":[{"@type":"ListItem","position":1,"name":"Home","item":"https:\/\/www.varesenews.it\/"},{"@type":"ListItem","position":2,"name":"Una domenica, da &#8220;metterci il naso&#8221;"}]},{"@type":"WebSite","@id":"https:\/\/staging.varesenews.it\/#website","url":"https:\/\/staging.varesenews.it\/","name":"VareseNews","description":"","potentialAction":[{"@type":"SearchAction","target":{"@type":"EntryPoint","urlTemplate":"https:\/\/staging.varesenews.it\/?s={search_term_string}"},"query-input":"required name=search_term_string"}],"inLanguage":"it-IT"},{"@type":"Person","@id":"https:\/\/staging.varesenews.it\/#\/schema\/person\/5bf790e99d7ec50061119cc825c454de","name":"Maria Carla Cebrelli","image":{"@type":"ImageObject","inLanguage":"it-IT","@id":"https:\/\/staging.varesenews.it\/#\/schema\/person\/image\/","url":"https:\/\/staging.varesenews.it\/wp-content\/uploads\/2020\/12\/mariacarla_cebrelli_colori_500-1.jpg","contentUrl":"https:\/\/staging.varesenews.it\/wp-content\/uploads\/2020\/12\/mariacarla_cebrelli_colori_500-1.jpg","caption":"Maria Carla Cebrelli"},"description":"Economista di formazione, giornalista per passione. A VareseNews dal 2005, mi sono occupata negli anni di universit&agrave;, tematiche di confine, news locali e comunicazione nel settore sociale. Attualmente sono responsabile di VerbanoNews, del canale di VareseNews dedicato al Turismo e seguo i social dell'area business.","sameAs":["https:\/\/www.facebook.com\/mariacarla.cebrelli","pikapiketti","https:\/\/twitter.com\/pikapiketti"],"url":"https:\/\/staging.varesenews.it\/persona\/mariacarla-cebrelli1\/"}]}},"post_meta":{"_edit_lock":"1443795601:43","_edit_last":"43","ratings_users":"0","ratings_score":"0","ratings_average":"0","_category_permalink":"","wdfb_og_title":"","wdfb_og_type":"","wdfb_og_description":"","wdfb_og_images":"a:1:{i:0;s:0:\"\";}","wdfb_og_custom_name":"a:1:{i:0;s:0:\"\";}","wdfb_og_custom_value":"a:1:{i:0;s:0:\"\";}","foto":"486247,484350","firma_come_redazione":"1","argomento":"Angera","_jd_twitter":"","_jd_tweet_this":"yes","_wpt_short_url":"http:\/\/www.varesenews.it\/2015\/10\/una-domenica-da-metterci-il-naso\/406376\/","_wp_jd_target":"http:\/\/www.varesenews.it\/2015\/10\/una-domenica-da-metterci-il-naso\/406376\/","_jd_wp_twitter":"a:1:{i:0;s:131:\"Una domenica, da \"metterci il naso\" http:\/\/www.varesenews.it\/2015\/10\/una-domenica-da-metterci-il-naso\/406376\/ #Angera #panediangera\";}","_wpt_status_message":"Tweet inviato con successo."},"photos":[{"original":"https:\/\/staging.varesenews.it\/photogallery_new\/images\/2015\/09\/show-cooking-con-pane-di-angera-486247.jpg","full":"https:\/\/staging.varesenews.it\/photogallery_new\/images\/2015\/09\/show-cooking-con-pane-di-angera-486247.1024x768.jpg","large":"https:\/\/staging.varesenews.it\/photogallery_new\/images\/2015\/09\/show-cooking-con-pane-di-angera-486247.610x431.jpg"},{"original":"https:\/\/staging.varesenews.it\/photogallery_new\/images\/2015\/09\/pane-fresco-ricetta-archeologica-484350.jpg","full":"https:\/\/staging.varesenews.it\/photogallery_new\/images\/2015\/09\/pane-fresco-ricetta-archeologica-484350.1024x768.jpg","large":"https:\/\/staging.varesenews.it\/photogallery_new\/images\/2015\/09\/pane-fresco-ricetta-archeologica-484350.610x431.jpg"}],"_links":{"self":[{"href":"https:\/\/staging.varesenews.it\/swgapi\/v1\/wp\/v2\/posts\/406376"}],"collection":[{"href":"https:\/\/staging.varesenews.it\/swgapi\/v1\/wp\/v2\/posts"}],"about":[{"href":"https:\/\/staging.varesenews.it\/swgapi\/v1\/wp\/v2\/types\/post"}],"author":[{"embeddable":true,"href":"https:\/\/staging.varesenews.it\/swgapi\/v1\/wp\/v2\/users\/43"}],"replies":[{"embeddable":true,"href":"https:\/\/staging.varesenews.it\/swgapi\/v1\/wp\/v2\/comments?post=406376"}],"version-history":[{"count":0,"href":"https:\/\/staging.varesenews.it\/swgapi\/v1\/wp\/v2\/posts\/406376\/revisions"}],"wp:attachment":[{"href":"https:\/\/staging.varesenews.it\/swgapi\/v1\/wp\/v2\/media?parent=406376"}],"wp:term":[{"taxonomy":"category","embeddable":true,"href":"https:\/\/staging.varesenews.it\/swgapi\/v1\/wp\/v2\/categories?post=406376"},{"taxonomy":"post_tag","embeddable":true,"href":"https:\/\/staging.varesenews.it\/swgapi\/v1\/wp\/v2\/tags?post=406376"}],"curies":[{"name":"wp","href":"https:\/\/api.w.org\/{rel}","templated":true}]}}