{"id":407992,"date":"2015-10-08T18:24:09","date_gmt":"2015-10-08T16:24:09","guid":{"rendered":"http:\/\/www.varesenews.it\/?p=407992"},"modified":"2015-10-08T18:24:09","modified_gmt":"2015-10-08T16:24:09","slug":"de-simone-presenta-varese-da-a-a-b","status":"publish","type":"post","link":"https:\/\/staging.varesenews.it\/2015\/10\/de-simone-presenta-varese-da-a-a-b\/407992\/","title":{"rendered":"De Simone presenta &#8220;Varese da A a B&#8221;"},"content":{"rendered":"<p><strong>Una mostra fotografica<\/strong> che racconta Varese da un punto di vista nuovo: sabato alle 19 Dino De Simone inaugurer\u00e0 \u00abVarese da A a B: esplorazione fotografica alla ricerca di confini invisibili\u00bb nello spazio Futuro Anteriore di via Speri della Chiesa Jemoli.<\/p>\n<p><strong>Una foto lunga 33 metri<\/strong> dei piani terra dalla Esselunga di Masnago (A) al Centro Commerciale Belforte (B), alla scoperta di Varese, della sua economia e della sua evoluzione demografica.<\/p>\n<p><strong>\u00abLa mia candidatura<\/strong> \u00e8 nata dalla volont\u00e0 di lanciare uno sguardo diverso e creativo sulla citt\u00e0, per vedere finalmente le sue potenzialit\u00e0 e farla ripartire\u00bb dice De Simone, che ha trovato una corrispondenza di intenti nei quattro giovani architetti autori del progetto, Marco Zanini, Giulia Del Sole, Cami Camilocho Frattini e Lisa Zoia. \u00abIl loro sguardo originale su Varese \u00e8 un punto di partenza \u2013 dice De Simone \u2013 questa \u00e8 la situazione che abbiamo oggi e che dobbiamo migliorare. Insieme\u00bb.<\/p>\n<p><strong>L\u2019evento \u00e8 organizzato<\/strong> dal Laboratorio #ConCitt\u00e0Dino, il comitato elettorale a sostegno di De Simone, che ha coinvolto anche due giovani musicisti varesini di grande talento, il chitarrista Matteo Goglio e il trombettista Mauro Brunini, che suoneranno il loro \u201cJazz Around Brasil\u201d, un\u2019altra perla nata a Varese che sta riscuotendo successo fuori citt\u00e0.<\/p>\n<p><strong>Il week end del candidato non \u00e8 finito qui.<\/strong><\/p>\n<p>Da questa settimana, fino al voto per le Primarie,\u00a0De Simone sar\u00e0 in una piazza del centro il sabato pomeriggio,\u00a0e in una piazza dei rioni la domenica mattina.<br \/>\nQuesta settimana sar\u00e0 in <strong>piazza Giovane Italia<\/strong> sabato dalle 14.30 alle 18.30, mentre domenica dalle 9.30 alle 13 sar\u00e0 a Casbeno in piazza Libert\u00e0.<\/p>\n<p><strong>Settimana prossima<\/strong> l\u2019appuntamento sar\u00e0 sabato pomeriggio in piazza XX settembre, mentre domenica mattina sar\u00e0 la volta di piazza Ferrucci a Masnago.<\/p>\n","protected":false},"excerpt":{"rendered":"<p>L\u2019evento \u00e8 organizzato dal Laboratorio #ConCitt\u00e0Dino, il comitato elettorale a sostegno di De Simone<\/p>\n","protected":false},"author":50,"featured_media":0,"comment_status":"open","ping_status":"open","sticky":false,"template":"","format":"standard","meta":{"footnotes":""},"categories":[16,2],"tags":[50291],"acf":[],"yoast_head":"<!-- This site is optimized with the Yoast SEO plugin v20.1 - https:\/\/yoast.com\/wordpress\/plugins\/seo\/ -->\n<title>De Simone presenta &quot;Varese da A a B&quot;<\/title>\n<meta name=\"description\" content=\"L\u2019evento \u00e8 organizzato dal Laboratorio #ConCitt\u00e0Dino, il comitato elettorale a sostegno di De Simone\" \/>\n<meta name=\"robots\" content=\"noindex, follow, max-snippet:-1, max-image-preview:large, max-video-preview:-1\" \/>\n<meta property=\"og:locale\" content=\"it_IT\" \/>\n<meta property=\"og:type\" content=\"article\" \/>\n<meta property=\"og:title\" content=\"De Simone presenta &quot;Varese da A a B&quot;\" \/>\n<meta property=\"og:description\" content=\"L\u2019evento \u00e8 organizzato dal Laboratorio #ConCitt\u00e0Dino, il comitato elettorale a sostegno di De Simone\" \/>\n<meta property=\"og:url\" content=\"https:\/\/staging.varesenews.it\/2015\/10\/de-simone-presenta-varese-da-a-a-b\/407992\/\" \/>\n<meta property=\"og:site_name\" content=\"VareseNews\" \/>\n<meta property=\"article:publisher\" content=\"https:\/\/www.facebook.com\/varesenews\" \/>\n<meta property=\"article:published_time\" content=\"2015-10-08T16:24:09+00:00\" \/>\n<meta name=\"author\" content=\"Roberto Rotondo\" \/>\n<meta name=\"twitter:card\" content=\"summary_large_image\" \/>\n<meta name=\"twitter:creator\" content=\"@robertorotondo\" \/>\n<meta name=\"twitter:site\" content=\"@varesenews\" \/>\n<meta name=\"twitter:label1\" content=\"Scritto da\" \/>\n\t<meta name=\"twitter:data1\" content=\"Roberto Rotondo\" \/>\n\t<meta name=\"twitter:label2\" content=\"Tempo di lettura stimato\" \/>\n\t<meta name=\"twitter:data2\" content=\"1 minuto\" \/>\n<script type=\"application\/ld+json\" class=\"yoast-schema-graph\">{\"@context\":\"https:\/\/schema.org\",\"@graph\":[{\"@type\":\"WebPage\",\"@id\":\"https:\/\/staging.varesenews.it\/2015\/10\/de-simone-presenta-varese-da-a-a-b\/407992\/\",\"url\":\"https:\/\/staging.varesenews.it\/2015\/10\/de-simone-presenta-varese-da-a-a-b\/407992\/\",\"name\":\"De Simone presenta \\\"Varese da A a B\\\"\",\"isPartOf\":{\"@id\":\"https:\/\/staging.varesenews.it\/#website\"},\"datePublished\":\"2015-10-08T16:24:09+00:00\",\"dateModified\":\"2015-10-08T16:24:09+00:00\",\"author\":{\"@id\":\"https:\/\/staging.varesenews.it\/#\/schema\/person\/bace96b9ce1b4905df659e51a83c17fe\"},\"description\":\"L\u2019evento \u00e8 organizzato dal Laboratorio #ConCitt\u00e0Dino, il comitato elettorale a sostegno di De Simone\",\"breadcrumb\":{\"@id\":\"https:\/\/staging.varesenews.it\/2015\/10\/de-simone-presenta-varese-da-a-a-b\/407992\/#breadcrumb\"},\"inLanguage\":\"it-IT\",\"potentialAction\":[{\"@type\":\"ReadAction\",\"target\":[\"https:\/\/staging.varesenews.it\/2015\/10\/de-simone-presenta-varese-da-a-a-b\/407992\/\"]}]},{\"@type\":\"BreadcrumbList\",\"@id\":\"https:\/\/staging.varesenews.it\/2015\/10\/de-simone-presenta-varese-da-a-a-b\/407992\/#breadcrumb\",\"itemListElement\":[{\"@type\":\"ListItem\",\"position\":1,\"name\":\"Home\",\"item\":\"https:\/\/www.varesenews.it\/\"},{\"@type\":\"ListItem\",\"position\":2,\"name\":\"De Simone presenta &#8220;Varese da A a B&#8221;\"}]},{\"@type\":\"WebSite\",\"@id\":\"https:\/\/staging.varesenews.it\/#website\",\"url\":\"https:\/\/staging.varesenews.it\/\",\"name\":\"VareseNews\",\"description\":\"\",\"potentialAction\":[{\"@type\":\"SearchAction\",\"target\":{\"@type\":\"EntryPoint\",\"urlTemplate\":\"https:\/\/staging.varesenews.it\/?s={search_term_string}\"},\"query-input\":\"required name=search_term_string\"}],\"inLanguage\":\"it-IT\"},{\"@type\":\"Person\",\"@id\":\"https:\/\/staging.varesenews.it\/#\/schema\/person\/bace96b9ce1b4905df659e51a83c17fe\",\"name\":\"Roberto Rotondo\",\"image\":{\"@type\":\"ImageObject\",\"inLanguage\":\"it-IT\",\"@id\":\"https:\/\/staging.varesenews.it\/#\/schema\/person\/image\/\",\"url\":\"https:\/\/staging.varesenews.it\/wp-content\/uploads\/2015\/03\/10888676_10204734543537926_609787919772941341_n.jpg\",\"contentUrl\":\"https:\/\/staging.varesenews.it\/wp-content\/uploads\/2015\/03\/10888676_10204734543537926_609787919772941341_n.jpg\",\"caption\":\"Roberto Rotondo\"},\"description\":\"Nato a Varese nel 1972. Laureato in Storia alla Statale di Milano. A Varese News dal 1998. Ho iniziato a scrivere su riviste locali, poi sono entrato nel progetto di Varese News quando ancora era agli inizi. Nel frattempo mi sono occupato di ricerca storica e ho collaborato con un settimanale e un quotidiano della Svizzera italiana scrivendo di cronaca e politica. Mi sono preso una pausa da Varese nel 2004. Ho lavorato per alcuni anni a Milano all'agenzia di stampa Adnkronos, con qualche stage a Roma nei palazzi della politica. Lanci di agenzia e servizi tv multimediali erano tra i miei compiti. In quegli anni ho lavorato per alcune radio anche nazionali, Radio Capital su tutte, come corrispondente locale. Ho scritto anche per un settimanale di gossip, ma sempre cronaca nera. Ed eccomi qui. Dal 2007 lavoro anche per il Corriere della sera, di cui sono corrispondente. A Varesenews sono ormai uno dei senatori. Mi occupo di cronaca nera, giudiziaria e di politica e della cronaca cittadina di Varese.\",\"sameAs\":[\"robertorotondo\",\"https:\/\/twitter.com\/robertorotondo\"],\"url\":\"https:\/\/staging.varesenews.it\/persona\/roberto-rotondo\/\"}]}<\/script>\n<!-- \/ Yoast SEO plugin. -->","yoast_head_json":{"title":"De Simone presenta \"Varese da A a B\"","description":"L\u2019evento \u00e8 organizzato dal Laboratorio #ConCitt\u00e0Dino, il comitato elettorale a sostegno di De Simone","robots":{"index":"noindex","follow":"follow","max-snippet":"max-snippet:-1","max-image-preview":"max-image-preview:large","max-video-preview":"max-video-preview:-1"},"og_locale":"it_IT","og_type":"article","og_title":"De Simone presenta \"Varese da A a B\"","og_description":"L\u2019evento \u00e8 organizzato dal Laboratorio #ConCitt\u00e0Dino, il comitato elettorale a sostegno di De Simone","og_url":"https:\/\/staging.varesenews.it\/2015\/10\/de-simone-presenta-varese-da-a-a-b\/407992\/","og_site_name":"VareseNews","article_publisher":"https:\/\/www.facebook.com\/varesenews","article_published_time":"2015-10-08T16:24:09+00:00","author":"Roberto Rotondo","twitter_card":"summary_large_image","twitter_creator":"@robertorotondo","twitter_site":"@varesenews","twitter_misc":{"Scritto da":"Roberto Rotondo","Tempo di lettura stimato":"1 minuto"},"schema":{"@context":"https:\/\/schema.org","@graph":[{"@type":"WebPage","@id":"https:\/\/staging.varesenews.it\/2015\/10\/de-simone-presenta-varese-da-a-a-b\/407992\/","url":"https:\/\/staging.varesenews.it\/2015\/10\/de-simone-presenta-varese-da-a-a-b\/407992\/","name":"De Simone presenta \"Varese da A a B\"","isPartOf":{"@id":"https:\/\/staging.varesenews.it\/#website"},"datePublished":"2015-10-08T16:24:09+00:00","dateModified":"2015-10-08T16:24:09+00:00","author":{"@id":"https:\/\/staging.varesenews.it\/#\/schema\/person\/bace96b9ce1b4905df659e51a83c17fe"},"description":"L\u2019evento \u00e8 organizzato dal Laboratorio #ConCitt\u00e0Dino, il comitato elettorale a sostegno di De Simone","breadcrumb":{"@id":"https:\/\/staging.varesenews.it\/2015\/10\/de-simone-presenta-varese-da-a-a-b\/407992\/#breadcrumb"},"inLanguage":"it-IT","potentialAction":[{"@type":"ReadAction","target":["https:\/\/staging.varesenews.it\/2015\/10\/de-simone-presenta-varese-da-a-a-b\/407992\/"]}]},{"@type":"BreadcrumbList","@id":"https:\/\/staging.varesenews.it\/2015\/10\/de-simone-presenta-varese-da-a-a-b\/407992\/#breadcrumb","itemListElement":[{"@type":"ListItem","position":1,"name":"Home","item":"https:\/\/www.varesenews.it\/"},{"@type":"ListItem","position":2,"name":"De Simone presenta &#8220;Varese da A a B&#8221;"}]},{"@type":"WebSite","@id":"https:\/\/staging.varesenews.it\/#website","url":"https:\/\/staging.varesenews.it\/","name":"VareseNews","description":"","potentialAction":[{"@type":"SearchAction","target":{"@type":"EntryPoint","urlTemplate":"https:\/\/staging.varesenews.it\/?s={search_term_string}"},"query-input":"required name=search_term_string"}],"inLanguage":"it-IT"},{"@type":"Person","@id":"https:\/\/staging.varesenews.it\/#\/schema\/person\/bace96b9ce1b4905df659e51a83c17fe","name":"Roberto Rotondo","image":{"@type":"ImageObject","inLanguage":"it-IT","@id":"https:\/\/staging.varesenews.it\/#\/schema\/person\/image\/","url":"https:\/\/staging.varesenews.it\/wp-content\/uploads\/2015\/03\/10888676_10204734543537926_609787919772941341_n.jpg","contentUrl":"https:\/\/staging.varesenews.it\/wp-content\/uploads\/2015\/03\/10888676_10204734543537926_609787919772941341_n.jpg","caption":"Roberto Rotondo"},"description":"Nato a Varese nel 1972. Laureato in Storia alla Statale di Milano. A Varese News dal 1998. Ho iniziato a scrivere su riviste locali, poi sono entrato nel progetto di Varese News quando ancora era agli inizi. Nel frattempo mi sono occupato di ricerca storica e ho collaborato con un settimanale e un quotidiano della Svizzera italiana scrivendo di cronaca e politica. Mi sono preso una pausa da Varese nel 2004. Ho lavorato per alcuni anni a Milano all'agenzia di stampa Adnkronos, con qualche stage a Roma nei palazzi della politica. Lanci di agenzia e servizi tv multimediali erano tra i miei compiti. In quegli anni ho lavorato per alcune radio anche nazionali, Radio Capital su tutte, come corrispondente locale. Ho scritto anche per un settimanale di gossip, ma sempre cronaca nera. Ed eccomi qui. Dal 2007 lavoro anche per il Corriere della sera, di cui sono corrispondente. A Varesenews sono ormai uno dei senatori. Mi occupo di cronaca nera, giudiziaria e di politica e della cronaca cittadina di Varese.","sameAs":["robertorotondo","https:\/\/twitter.com\/robertorotondo"],"url":"https:\/\/staging.varesenews.it\/persona\/roberto-rotondo\/"}]}},"post_meta":{"_edit_lock":"1444321654:50","_edit_last":"50","ratings_users":"0","ratings_score":"0","ratings_average":"0","_category_permalink":"","wdfb_og_title":"","wdfb_og_type":"","wdfb_og_description":"","wdfb_og_images":"a:1:{i:0;s:0:\"\";}","wdfb_og_custom_name":"a:1:{i:0;s:0:\"\";}","wdfb_og_custom_value":"a:1:{i:0;s:0:\"\";}","firma_come_redazione":"1","argomento":"Varese","_yoast_wpseo_focuskw":"desimone suzuki","_yoast_wpseo_metadesc":"L\u2019evento \u00e8 organizzato dal Laboratorio #ConCitt\u00e0Dino, il comitato elettorale a sostegno di De Simone","_jd_twitter":"","_jd_tweet_this":"yes","_wpt_short_url":"http:\/\/www.varesenews.it\/2015\/10\/de-simone-presenta-varese-da-a-a-b\/407992\/","_wp_jd_target":"http:\/\/www.varesenews.it\/2015\/10\/de-simone-presenta-varese-da-a-a-b\/407992\/","_jd_wp_twitter":"a:1:{i:0;s:113:\"De Simone presenta \"Varese da A a B\" http:\/\/www.varesenews.it\/2015\/10\/de-simone-presenta-varese-da-a-a-b\/407992\/ \";}","_wpt_status_message":"Tweet inviato con successo.","_yoast_wpseo_linkdex":"60"},"photos":[],"_links":{"self":[{"href":"https:\/\/staging.varesenews.it\/swgapi\/v1\/wp\/v2\/posts\/407992"}],"collection":[{"href":"https:\/\/staging.varesenews.it\/swgapi\/v1\/wp\/v2\/posts"}],"about":[{"href":"https:\/\/staging.varesenews.it\/swgapi\/v1\/wp\/v2\/types\/post"}],"author":[{"embeddable":true,"href":"https:\/\/staging.varesenews.it\/swgapi\/v1\/wp\/v2\/users\/50"}],"replies":[{"embeddable":true,"href":"https:\/\/staging.varesenews.it\/swgapi\/v1\/wp\/v2\/comments?post=407992"}],"version-history":[{"count":0,"href":"https:\/\/staging.varesenews.it\/swgapi\/v1\/wp\/v2\/posts\/407992\/revisions"}],"wp:attachment":[{"href":"https:\/\/staging.varesenews.it\/swgapi\/v1\/wp\/v2\/media?parent=407992"}],"wp:term":[{"taxonomy":"category","embeddable":true,"href":"https:\/\/staging.varesenews.it\/swgapi\/v1\/wp\/v2\/categories?post=407992"},{"taxonomy":"post_tag","embeddable":true,"href":"https:\/\/staging.varesenews.it\/swgapi\/v1\/wp\/v2\/tags?post=407992"}],"curies":[{"name":"wp","href":"https:\/\/api.w.org\/{rel}","templated":true}]}}