{"id":408018,"date":"2015-10-08T19:56:46","date_gmt":"2015-10-08T17:56:46","guid":{"rendered":"http:\/\/www.varesenews.it\/?p=408018"},"modified":"2015-10-08T20:13:17","modified_gmt":"2015-10-08T18:13:17","slug":"il-sindaco-di-roma-marino-si-e-dimesso","status":"publish","type":"post","link":"https:\/\/staging.varesenews.it\/2015\/10\/il-sindaco-di-roma-marino-si-e-dimesso\/408018\/","title":{"rendered":"Il sindaco di Roma Marino si \u00e8 dimesso"},"content":{"rendered":"<p>Il <strong>sindaco di Roma Ignazio Marino ha presentato le sue dimissioni da sindaco di Roma<\/strong>. Marino \u00e8 stato messo alle strette negli ultimi giorni sulla questione di alcuni <a href=\"http:\/\/www.ilpost.it\/2015\/10\/08\/ignazio-marino-carta-di-credito\/\" target=\"_blank\">rimborsi chiesti per spese che sarebbero di natura privata, come ad esempio alcune cene<\/a>. I suoi due anni sono stati attraversati da molte tensioni e <a href=\"http:\/\/www.ilpost.it\/2015\/07\/28\/la-nuova-giunta-di-roma-2\/\">il sindaco aveva modificato pi\u00f9 volte la sua giunta<\/a>, isolandosi anche dal suo partito.<\/p>\n<p>Il sindaco Ignazio Marino nel presentare le sue dimisioni <strong>ha anche detto che in due anni ha \u00abimpostato un lavoro epocale\u00bb attaccando \u00ablobby e connessioni criminali\u00bb<\/strong> che erano radicati a Roma da tempo e attraversavano tutte le forze politiche (Marino non risparmia critiche anche al Partito Democratico, oltre che alla destra). Marino dice che in due anni <strong>\u00abun sistema \u00e8 stato scoperchiato<\/strong>, i bilanci non sono pi\u00f9 in rosso, la citt\u00e0 \u00e8 tornata ad attirare investimenti e a investire\u00bb. Il sindaco ricorda che il 5 novembre il Comune di Roma si costituir\u00e0 parte civile nel processo <strong>Mafia Capitale<\/strong>, lo scandalo che coinvolgeva esponenti di centrodestra e centrosinistra.<\/p>\n<p>Marino dice che contro il suo lavoro si \u00e8 scatenata una \u00abfuriosa reazione\u00bb, un \u00ablavorio per sovvertire\u00bb la volont\u00e0 popolare e che ha trovato sponde \u00abanche tra chi avrebbe dovuto sostenerla\u00bb. Una critica che pare rivolto direttamente al Pd, accusato anche in un altro passaggio (anche il premier Renzi \u00e8 stato molto critico con Marino). Marino dice anche che<strong> le sue dimissioni non sono una \u00abammissione di colpa\u00bb<\/strong> rispetto alle accuse.<\/p>\n<p><strong>Nel pomeriggio Pd e Sel avevano dato un ultimatum al sindaco,<\/strong> anticipando l&#8217;intenzione del centrosinistra di sfiduciare al sindaco, duramente contestato dal <strong>centrodestra e dal Movimento 5 Stelle<\/strong>. Fratelli d&#8217;Italia e M5S rivendicano entrambi di aver fatto esposti sulla questione delle spese del sindaco.<\/p>\n<p>Tra le questioni urgenti da affrontare, c&#8217;\u00e8 anche la scadenza del Giubileo del 2016, l&#8217;anno santo proclamato dalla Chiesa Cattolica e che porter\u00e0 molti visitatori a Roma.<\/p>\n<p>&nbsp;<\/p>\n","protected":false},"excerpt":{"rendered":"<p>Criticato da mesi per vari episodi, \u00e8 stato messo alle strette dalle accuse su alcuni rimborsi<\/p>\n","protected":false},"author":46,"featured_media":0,"comment_status":"open","ping_status":"open","sticky":false,"template":"","format":"standard","meta":{"footnotes":""},"categories":[7],"tags":[7450,37612,422],"acf":[],"yoast_head":"<!-- This site is optimized with the Yoast SEO plugin v20.1 - https:\/\/yoast.com\/wordpress\/plugins\/seo\/ -->\n<title>Il sindaco di Roma Marino si \u00e8 dimesso<\/title>\n<meta name=\"description\" content=\"Criticato da mesi per vari episodi, \u00e8 stato messo alle strette dalle accuse su alcuni rimborsi\" \/>\n<meta name=\"robots\" content=\"noindex, follow, max-snippet:-1, max-image-preview:large, max-video-preview:-1\" \/>\n<meta property=\"og:locale\" content=\"it_IT\" \/>\n<meta property=\"og:type\" content=\"article\" \/>\n<meta property=\"og:title\" content=\"Il sindaco di Roma Marino si \u00e8 dimesso\" \/>\n<meta property=\"og:description\" content=\"Criticato da mesi per vari episodi, \u00e8 stato messo alle strette dalle accuse su alcuni rimborsi\" \/>\n<meta property=\"og:url\" content=\"https:\/\/staging.varesenews.it\/2015\/10\/il-sindaco-di-roma-marino-si-e-dimesso\/408018\/\" \/>\n<meta property=\"og:site_name\" content=\"VareseNews\" \/>\n<meta property=\"article:publisher\" content=\"https:\/\/www.facebook.com\/varesenews\" \/>\n<meta property=\"article:published_time\" content=\"2015-10-08T17:56:46+00:00\" \/>\n<meta property=\"article:modified_time\" content=\"2015-10-08T18:13:17+00:00\" \/>\n<meta name=\"author\" content=\"Roberto Morandi\" \/>\n<meta name=\"twitter:card\" content=\"summary_large_image\" \/>\n<meta name=\"twitter:creator\" content=\"@ilmorands\" \/>\n<meta name=\"twitter:site\" content=\"@varesenews\" \/>\n<meta name=\"twitter:label1\" content=\"Scritto da\" \/>\n\t<meta name=\"twitter:data1\" content=\"Roberto Morandi\" \/>\n\t<meta name=\"twitter:label2\" content=\"Tempo di lettura stimato\" \/>\n\t<meta name=\"twitter:data2\" content=\"2 minuti\" \/>\n<script type=\"application\/ld+json\" class=\"yoast-schema-graph\">{\"@context\":\"https:\/\/schema.org\",\"@graph\":[{\"@type\":\"WebPage\",\"@id\":\"https:\/\/staging.varesenews.it\/2015\/10\/il-sindaco-di-roma-marino-si-e-dimesso\/408018\/\",\"url\":\"https:\/\/staging.varesenews.it\/2015\/10\/il-sindaco-di-roma-marino-si-e-dimesso\/408018\/\",\"name\":\"Il sindaco di Roma Marino si \u00e8 dimesso\",\"isPartOf\":{\"@id\":\"https:\/\/staging.varesenews.it\/#website\"},\"datePublished\":\"2015-10-08T17:56:46+00:00\",\"dateModified\":\"2015-10-08T18:13:17+00:00\",\"author\":{\"@id\":\"https:\/\/staging.varesenews.it\/#\/schema\/person\/efe592ae4c76536b551f89d8b6674bc3\"},\"description\":\"Criticato da mesi per vari episodi, \u00e8 stato messo alle strette dalle accuse su alcuni rimborsi\",\"breadcrumb\":{\"@id\":\"https:\/\/staging.varesenews.it\/2015\/10\/il-sindaco-di-roma-marino-si-e-dimesso\/408018\/#breadcrumb\"},\"inLanguage\":\"it-IT\",\"potentialAction\":[{\"@type\":\"ReadAction\",\"target\":[\"https:\/\/staging.varesenews.it\/2015\/10\/il-sindaco-di-roma-marino-si-e-dimesso\/408018\/\"]}]},{\"@type\":\"BreadcrumbList\",\"@id\":\"https:\/\/staging.varesenews.it\/2015\/10\/il-sindaco-di-roma-marino-si-e-dimesso\/408018\/#breadcrumb\",\"itemListElement\":[{\"@type\":\"ListItem\",\"position\":1,\"name\":\"Home\",\"item\":\"https:\/\/www.varesenews.it\/\"},{\"@type\":\"ListItem\",\"position\":2,\"name\":\"Il sindaco di Roma Marino si \u00e8 dimesso\"}]},{\"@type\":\"WebSite\",\"@id\":\"https:\/\/staging.varesenews.it\/#website\",\"url\":\"https:\/\/staging.varesenews.it\/\",\"name\":\"VareseNews\",\"description\":\"\",\"potentialAction\":[{\"@type\":\"SearchAction\",\"target\":{\"@type\":\"EntryPoint\",\"urlTemplate\":\"https:\/\/staging.varesenews.it\/?s={search_term_string}\"},\"query-input\":\"required name=search_term_string\"}],\"inLanguage\":\"it-IT\"},{\"@type\":\"Person\",\"@id\":\"https:\/\/staging.varesenews.it\/#\/schema\/person\/efe592ae4c76536b551f89d8b6674bc3\",\"name\":\"Roberto Morandi\",\"image\":{\"@type\":\"ImageObject\",\"inLanguage\":\"it-IT\",\"@id\":\"https:\/\/staging.varesenews.it\/#\/schema\/person\/image\/\",\"url\":\"https:\/\/staging.varesenews.it\/wp-content\/uploads\/2020\/12\/roberto_morandi_colori_500.jpg\",\"contentUrl\":\"https:\/\/staging.varesenews.it\/wp-content\/uploads\/2020\/12\/roberto_morandi_colori_500.jpg\",\"caption\":\"Roberto Morandi\"},\"description\":\"Classe 1980, laureato in storia, mi occupo dell&rsquo;area di Gallarate e di Malpensa, di trasporti e mobilit&agrave;. Amo molto la dimensione della citt&agrave;, come luogo d&rsquo;incontro di persone diverse e come organismo che si trasforma costantemente. Mi piace anche raccontare le piccole e grandi vicende, anche locali, che compongono la Storia con la S maiuscola. Appassionato di bicicletta: la macchina perfetta per muoversi in citt&agrave; e per viaggiare.\",\"sameAs\":[\"https:\/\/twitter.com\/ilmorands\"],\"url\":\"https:\/\/staging.varesenews.it\/persona\/roberto-morandi1\/\"}]}<\/script>\n<!-- \/ Yoast SEO plugin. -->","yoast_head_json":{"title":"Il sindaco di Roma Marino si \u00e8 dimesso","description":"Criticato da mesi per vari episodi, \u00e8 stato messo alle strette dalle accuse su alcuni rimborsi","robots":{"index":"noindex","follow":"follow","max-snippet":"max-snippet:-1","max-image-preview":"max-image-preview:large","max-video-preview":"max-video-preview:-1"},"og_locale":"it_IT","og_type":"article","og_title":"Il sindaco di Roma Marino si \u00e8 dimesso","og_description":"Criticato da mesi per vari episodi, \u00e8 stato messo alle strette dalle accuse su alcuni rimborsi","og_url":"https:\/\/staging.varesenews.it\/2015\/10\/il-sindaco-di-roma-marino-si-e-dimesso\/408018\/","og_site_name":"VareseNews","article_publisher":"https:\/\/www.facebook.com\/varesenews","article_published_time":"2015-10-08T17:56:46+00:00","article_modified_time":"2015-10-08T18:13:17+00:00","author":"Roberto Morandi","twitter_card":"summary_large_image","twitter_creator":"@ilmorands","twitter_site":"@varesenews","twitter_misc":{"Scritto da":"Roberto Morandi","Tempo di lettura stimato":"2 minuti"},"schema":{"@context":"https:\/\/schema.org","@graph":[{"@type":"WebPage","@id":"https:\/\/staging.varesenews.it\/2015\/10\/il-sindaco-di-roma-marino-si-e-dimesso\/408018\/","url":"https:\/\/staging.varesenews.it\/2015\/10\/il-sindaco-di-roma-marino-si-e-dimesso\/408018\/","name":"Il sindaco di Roma Marino si \u00e8 dimesso","isPartOf":{"@id":"https:\/\/staging.varesenews.it\/#website"},"datePublished":"2015-10-08T17:56:46+00:00","dateModified":"2015-10-08T18:13:17+00:00","author":{"@id":"https:\/\/staging.varesenews.it\/#\/schema\/person\/efe592ae4c76536b551f89d8b6674bc3"},"description":"Criticato da mesi per vari episodi, \u00e8 stato messo alle strette dalle accuse su alcuni rimborsi","breadcrumb":{"@id":"https:\/\/staging.varesenews.it\/2015\/10\/il-sindaco-di-roma-marino-si-e-dimesso\/408018\/#breadcrumb"},"inLanguage":"it-IT","potentialAction":[{"@type":"ReadAction","target":["https:\/\/staging.varesenews.it\/2015\/10\/il-sindaco-di-roma-marino-si-e-dimesso\/408018\/"]}]},{"@type":"BreadcrumbList","@id":"https:\/\/staging.varesenews.it\/2015\/10\/il-sindaco-di-roma-marino-si-e-dimesso\/408018\/#breadcrumb","itemListElement":[{"@type":"ListItem","position":1,"name":"Home","item":"https:\/\/www.varesenews.it\/"},{"@type":"ListItem","position":2,"name":"Il sindaco di Roma Marino si \u00e8 dimesso"}]},{"@type":"WebSite","@id":"https:\/\/staging.varesenews.it\/#website","url":"https:\/\/staging.varesenews.it\/","name":"VareseNews","description":"","potentialAction":[{"@type":"SearchAction","target":{"@type":"EntryPoint","urlTemplate":"https:\/\/staging.varesenews.it\/?s={search_term_string}"},"query-input":"required name=search_term_string"}],"inLanguage":"it-IT"},{"@type":"Person","@id":"https:\/\/staging.varesenews.it\/#\/schema\/person\/efe592ae4c76536b551f89d8b6674bc3","name":"Roberto Morandi","image":{"@type":"ImageObject","inLanguage":"it-IT","@id":"https:\/\/staging.varesenews.it\/#\/schema\/person\/image\/","url":"https:\/\/staging.varesenews.it\/wp-content\/uploads\/2020\/12\/roberto_morandi_colori_500.jpg","contentUrl":"https:\/\/staging.varesenews.it\/wp-content\/uploads\/2020\/12\/roberto_morandi_colori_500.jpg","caption":"Roberto Morandi"},"description":"Classe 1980, laureato in storia, mi occupo dell&rsquo;area di Gallarate e di Malpensa, di trasporti e mobilit&agrave;. Amo molto la dimensione della citt&agrave;, come luogo d&rsquo;incontro di persone diverse e come organismo che si trasforma costantemente. Mi piace anche raccontare le piccole e grandi vicende, anche locali, che compongono la Storia con la S maiuscola. Appassionato di bicicletta: la macchina perfetta per muoversi in citt&agrave; e per viaggiare.","sameAs":["https:\/\/twitter.com\/ilmorands"],"url":"https:\/\/staging.varesenews.it\/persona\/roberto-morandi1\/"}]}},"post_meta":{"_edit_lock":"1444335321:46","_edit_last":"46","_category_permalink":"7","ratings_users":"0","ratings_score":"0","ratings_average":"0","wdfb_og_title":"","wdfb_og_type":"","wdfb_og_description":"","wdfb_og_images":"a:1:{i:0;s:0:\"\";}","wdfb_og_custom_name":"a:1:{i:0;s:0:\"\";}","wdfb_og_custom_value":"a:1:{i:0;s:0:\"\";}","foto":"331799","firma_come_redazione":"1","argomento":"Roma","_jd_twitter":"","_jd_tweet_this":"yes","_wpt_short_url":"http:\/\/www.varesenews.it\/2015\/10\/il-sindaco-di-roma-marino-si-e-dimesso\/408018\/","_wp_jd_target":"http:\/\/www.varesenews.it\/2015\/10\/il-sindaco-di-roma-marino-si-e-dimesso\/408018\/","_jd_wp_twitter":"a:1:{i:0;s:148:\"Il sindaco di Roma Marino si \u00e8 dimesso http:\/\/www.varesenews.it\/2015\/10\/il-sindaco-di-roma-marino-si-e-dimesso\/408018\/ #ignaziomarino #marino #roma\";}","_wpt_status_message":"Tweet inviato con successo."},"photos":[{"original":"https:\/\/staging.varesenews.it\/photogallery_new\/images\/2009\/10\/ignazio-marino-a-malpensa-331799.jpg","full":"https:\/\/staging.varesenews.it\/photogallery_new\/images\/2009\/10\/ignazio-marino-a-malpensa-331799.1024x768.jpg","large":"https:\/\/staging.varesenews.it\/photogallery_new\/images\/2009\/10\/ignazio-marino-a-malpensa-331799.610x431.jpg"}],"_links":{"self":[{"href":"https:\/\/staging.varesenews.it\/swgapi\/v1\/wp\/v2\/posts\/408018"}],"collection":[{"href":"https:\/\/staging.varesenews.it\/swgapi\/v1\/wp\/v2\/posts"}],"about":[{"href":"https:\/\/staging.varesenews.it\/swgapi\/v1\/wp\/v2\/types\/post"}],"author":[{"embeddable":true,"href":"https:\/\/staging.varesenews.it\/swgapi\/v1\/wp\/v2\/users\/46"}],"replies":[{"embeddable":true,"href":"https:\/\/staging.varesenews.it\/swgapi\/v1\/wp\/v2\/comments?post=408018"}],"version-history":[{"count":0,"href":"https:\/\/staging.varesenews.it\/swgapi\/v1\/wp\/v2\/posts\/408018\/revisions"}],"wp:attachment":[{"href":"https:\/\/staging.varesenews.it\/swgapi\/v1\/wp\/v2\/media?parent=408018"}],"wp:term":[{"taxonomy":"category","embeddable":true,"href":"https:\/\/staging.varesenews.it\/swgapi\/v1\/wp\/v2\/categories?post=408018"},{"taxonomy":"post_tag","embeddable":true,"href":"https:\/\/staging.varesenews.it\/swgapi\/v1\/wp\/v2\/tags?post=408018"}],"curies":[{"name":"wp","href":"https:\/\/api.w.org\/{rel}","templated":true}]}}