{"id":408373,"date":"2015-10-10T13:24:53","date_gmt":"2015-10-10T11:24:53","guid":{"rendered":"http:\/\/www.varesenews.it\/?p=408373"},"modified":"2015-10-10T13:48:19","modified_gmt":"2015-10-10T11:48:19","slug":"quando-a-crenna-non-cerano-i-boschi","status":"publish","type":"post","link":"https:\/\/staging.varesenews.it\/2015\/10\/quando-a-crenna-non-cerano-i-boschi\/408373\/","title":{"rendered":"Quando a Crenna non c&#8217;erano i boschi"},"content":{"rendered":"<p><strong>La collina coperta di fitti boschi? \u00c8 un&#8217;immagine che viene spesso evocata<\/strong>, specie quando si parla dell&#8217;avanzata della citt\u00e0 che erode terreni fertili. <strong>Non sempre, per\u00f2, l&#8217;immagine del paesaggio &#8220;naturale&#8221; che si associa al passato \u00e8 veritiera<\/strong>. Crenna \u00e8 oggi uno dei quartieri &#8220;verdi&#8221; di Gallarate, circondata dai boschi dove <a title=\"Lo strano caso del cervo a Gallarate\" href=\"http:\/\/www.varesenews.it\/2015\/09\/il-mistero-del-cervo-a-gallarate\/399619\/\">non mancano persino gli avvistamenti di grandi animali<\/a>. Eppure quel bosco non \u00e8 sempre esistito: \u00ab<strong>A Crenna trecento anni fa non c&#8217;erano boschi<\/strong>, ma moltissime<strong> brughiere<\/strong>\u00bb spiega <strong>Giorgio Della Valle<\/strong>, crennese di origine, trapiantato in Romagna, studioso del Catasto Teresiano, lo strumento di rilevazione e tassazione introdotto dall&#8217;Impero austriaco nell&#8217;arco del Settecento, sotto il dominio di Maria Teresa. Fu proprio il metodo di tassazione &#8211; che vincolava le imposte alla qualit\u00e0 dei terreni &#8211; a modificare il paesaggio di Crenna (cos\u00ec come quello di tanti altri paesi e borghi di Lombardia). \u00abLe brughiere rappresentavano un problema perch\u00e9 erano terreni improduttivi\u00bb ricorda ancora Della Valle. L&#8217;introduzione del Catasto spinse il patriziato milanese a vendere o investire i terreni di propriet\u00e0 a Crenna, per ricavarne reddito: la trasformazione non riguard\u00f2 solo i boschi, ma fu molto pi\u00f9 profonda.<\/p>\n<p>L&#8217;importanza del Catasto \u00e8 raccontata in una<strong> mostra allestita a Villa Delfina da Vivere Crenna<\/strong>, inaugurata venerd\u00ec 9 ottobre, che partendo dalle tavole e dai documenti ricostruisce <strong>un&#8217;immagine viva della Crenna del Sette-Ottocento, una &#8220;immagine ritrovata&#8221;<\/strong>. Un paese molto limitato rispetto a quello odierno, ristretto a poche decine di case agricole lungo il percorso di cresta che \u00e8 oggi via Donatello e qualche altra casa intorno al castello e al nucleo di vicoli tra via Pascoli e via dei Milani. Qualche altra casa era intorno alla chiesetta del Bettolino, cascine sparse occupavano la zona dei Ronchi (Ronchi e Moriggia, oggi quartieri distinti, erano un tempo parte di Crenna, cos\u00ec come la fascia di pianura a Sud fino alla chiesetta di San Rocco).<\/p>\n<p>Il paesaggio &#8211; descritto minuziosamente dalle tavole del Catasto, che differenziano la qualit\u00e0 dei terreni &#8211; era dominato dalle <strong>brughiere e dai terreni aratori, punteggiati da alberi da frutto, viti e gelsi<\/strong>. \u00abOltre millequattrocento gelsi, da uno a quarantanove per particella\u00bb, in grado di produrre &#8211; secondo i calcoli teorici &#8211; 26 tonnellate di foglie, sufficienti per<strong> una tonnellata di bozzoli di seta all&#8217;anno<\/strong> (producevano reddito da tassare: ecco perch\u00e9 venivano rilevati con particolare attenzione dai funzionari imperiali). Era Crenna, comunque, un abitato povero, dove i pi\u00f9 erano contadini con piccoli terreni da sfruttare all&#8217;inverosimile e pochi erano i &#8220;massari&#8221; con terreni pi\u00f9 ampi e cascine adatte &#8211; ad esempio &#8211; ad allevare vacche. N\u00e8 la terra era buona per i prodotti di pregio: i racconti dell&#8217;Ottocento parlano della produzione di \u00abun vino aspro e meschino\u00bb, adatto solo al consumo locale.<\/p>\n<p>La storia del Catasto Teresiano e dell&#8217;abitato di Crenna nel Settecento \u00e8 raccontata <strong>non solo dalla mostra, ma anche da un volume<\/strong>: le ricerche sono state curate da <strong>Giorgio Della Valle<\/strong>, dall&#8217;architetto <strong>Matteo Scaltritti<\/strong> (della Societ\u00e0 Gallaratese di Studi Patri), dal geometra <strong>Alessio Coarezza,<\/strong> mentre le riprese fotografiche delle tavole originali del Catasto sono di <strong>Salvatore Benvenga<\/strong>. La mostra sar\u00e0 aperta per tutta la durata della <a href=\"http:\/\/www.varesenews.it\/2015\/09\/torna-duemilalibri-unedizione-oltre-le-mura\/405569\/\">fiera del libro Duemilalibri<\/a>, domenica 11 ottobre \u00e8 fissata una presentazione guidata con gli autori. Gioved\u00ec 15 ottobre, alle 17, verr\u00e0 invece presentato ufficialmente il <strong>volume, pubblicato da Prodigi Edizioni<\/strong>.<div class=\"photo-inside-post\"><img decoding=\"async\" loading=\"lazy\" fetchpriority=\"low\" width=\"610\" height=\"431\" src=\"https:\/\/staging.varesenews.it\/photogallery_new\/images\/2015\/10\/catasto-teresiano-crenna-488782.610x431.jpg\" alt=\"catasto teresiano crenna\"><\/div><\/p>\n<p>(Beniamino Bordoni di Prodigi Edizioni, Salvatore Benvenga, Giorgio Della Valle, Alessio Coarezza, Matteo Scaltritti)<\/p>\n<p><a title=\"La Crenna di duecento anni fa raccontata dal Catasto\" href=\"http:\/\/www.varesenews.it\/2015\/10\/407342\/407342\/\">Qui le info sulle aperture della mostra<\/a><\/p>\n","protected":false},"excerpt":{"rendered":"<p>Trecento anni fa la collina era dominata dalla brughiera, terreni incolti: a cambiare il paesaggio fu anche l&#8217;introduzione del Catasto Teresiano. Un libro e una mostra raccontano un punto di svolta per Crenna e per l&#8217;intera Lombardia<\/p>\n","protected":false},"author":46,"featured_media":0,"comment_status":"open","ping_status":"open","sticky":false,"template":"","format":"standard","meta":{"footnotes":""},"categories":[3,21],"tags":[3826,41324],"acf":[],"yoast_head":"<!-- This site is optimized with the Yoast SEO plugin v20.1 - https:\/\/yoast.com\/wordpress\/plugins\/seo\/ -->\n<title>Quando a Crenna non c&#039;erano i boschi<\/title>\n<meta name=\"description\" content=\"Trecento anni fa la collina era dominata dalla brughiera, terreni incolti: a cambiare il paesaggio fu anche l&#039;introduzione del Catasto Teresiano. Un libro e una mostra raccontano un punto di svolta per Crenna e per l&#039;intera Lombardia\" \/>\n<meta name=\"robots\" content=\"noindex, follow, max-snippet:-1, max-image-preview:large, max-video-preview:-1\" \/>\n<meta property=\"og:locale\" content=\"it_IT\" \/>\n<meta property=\"og:type\" content=\"article\" \/>\n<meta property=\"og:title\" content=\"Quando a Crenna non c&#039;erano i boschi\" \/>\n<meta property=\"og:description\" content=\"Trecento anni fa la collina era dominata dalla brughiera, terreni incolti: a cambiare il paesaggio fu anche l&#039;introduzione del Catasto Teresiano. Un libro e una mostra raccontano un punto di svolta per Crenna e per l&#039;intera Lombardia\" \/>\n<meta property=\"og:url\" content=\"https:\/\/staging.varesenews.it\/2015\/10\/quando-a-crenna-non-cerano-i-boschi\/408373\/\" \/>\n<meta property=\"og:site_name\" content=\"VareseNews\" \/>\n<meta property=\"article:publisher\" content=\"https:\/\/www.facebook.com\/varesenews\" \/>\n<meta property=\"article:published_time\" content=\"2015-10-10T11:24:53+00:00\" \/>\n<meta property=\"article:modified_time\" content=\"2015-10-10T11:48:19+00:00\" \/>\n<meta name=\"author\" content=\"Roberto Morandi\" \/>\n<meta name=\"twitter:card\" content=\"summary_large_image\" \/>\n<meta name=\"twitter:creator\" content=\"@ilmorands\" \/>\n<meta name=\"twitter:site\" content=\"@varesenews\" \/>\n<meta name=\"twitter:label1\" content=\"Scritto da\" \/>\n\t<meta name=\"twitter:data1\" content=\"Roberto Morandi\" \/>\n\t<meta name=\"twitter:label2\" content=\"Tempo di lettura stimato\" \/>\n\t<meta name=\"twitter:data2\" content=\"3 minuti\" \/>\n<script type=\"application\/ld+json\" class=\"yoast-schema-graph\">{\"@context\":\"https:\/\/schema.org\",\"@graph\":[{\"@type\":\"WebPage\",\"@id\":\"https:\/\/staging.varesenews.it\/2015\/10\/quando-a-crenna-non-cerano-i-boschi\/408373\/\",\"url\":\"https:\/\/staging.varesenews.it\/2015\/10\/quando-a-crenna-non-cerano-i-boschi\/408373\/\",\"name\":\"Quando a Crenna non c'erano i boschi\",\"isPartOf\":{\"@id\":\"https:\/\/staging.varesenews.it\/#website\"},\"datePublished\":\"2015-10-10T11:24:53+00:00\",\"dateModified\":\"2015-10-10T11:48:19+00:00\",\"author\":{\"@id\":\"https:\/\/staging.varesenews.it\/#\/schema\/person\/efe592ae4c76536b551f89d8b6674bc3\"},\"description\":\"Trecento anni fa la collina era dominata dalla brughiera, terreni incolti: a cambiare il paesaggio fu anche l'introduzione del Catasto Teresiano. Un libro e una mostra raccontano un punto di svolta per Crenna e per l'intera Lombardia\",\"breadcrumb\":{\"@id\":\"https:\/\/staging.varesenews.it\/2015\/10\/quando-a-crenna-non-cerano-i-boschi\/408373\/#breadcrumb\"},\"inLanguage\":\"it-IT\",\"potentialAction\":[{\"@type\":\"ReadAction\",\"target\":[\"https:\/\/staging.varesenews.it\/2015\/10\/quando-a-crenna-non-cerano-i-boschi\/408373\/\"]}]},{\"@type\":\"BreadcrumbList\",\"@id\":\"https:\/\/staging.varesenews.it\/2015\/10\/quando-a-crenna-non-cerano-i-boschi\/408373\/#breadcrumb\",\"itemListElement\":[{\"@type\":\"ListItem\",\"position\":1,\"name\":\"Home\",\"item\":\"https:\/\/www.varesenews.it\/\"},{\"@type\":\"ListItem\",\"position\":2,\"name\":\"Quando a Crenna non c&#8217;erano i boschi\"}]},{\"@type\":\"WebSite\",\"@id\":\"https:\/\/staging.varesenews.it\/#website\",\"url\":\"https:\/\/staging.varesenews.it\/\",\"name\":\"VareseNews\",\"description\":\"\",\"potentialAction\":[{\"@type\":\"SearchAction\",\"target\":{\"@type\":\"EntryPoint\",\"urlTemplate\":\"https:\/\/staging.varesenews.it\/?s={search_term_string}\"},\"query-input\":\"required name=search_term_string\"}],\"inLanguage\":\"it-IT\"},{\"@type\":\"Person\",\"@id\":\"https:\/\/staging.varesenews.it\/#\/schema\/person\/efe592ae4c76536b551f89d8b6674bc3\",\"name\":\"Roberto Morandi\",\"image\":{\"@type\":\"ImageObject\",\"inLanguage\":\"it-IT\",\"@id\":\"https:\/\/staging.varesenews.it\/#\/schema\/person\/image\/\",\"url\":\"https:\/\/staging.varesenews.it\/wp-content\/uploads\/2020\/12\/roberto_morandi_colori_500.jpg\",\"contentUrl\":\"https:\/\/staging.varesenews.it\/wp-content\/uploads\/2020\/12\/roberto_morandi_colori_500.jpg\",\"caption\":\"Roberto Morandi\"},\"description\":\"Classe 1980, laureato in storia, mi occupo dell&rsquo;area di Gallarate e di Malpensa, di trasporti e mobilit&agrave;. Amo molto la dimensione della citt&agrave;, come luogo d&rsquo;incontro di persone diverse e come organismo che si trasforma costantemente. Mi piace anche raccontare le piccole e grandi vicende, anche locali, che compongono la Storia con la S maiuscola. Appassionato di bicicletta: la macchina perfetta per muoversi in citt&agrave; e per viaggiare.\",\"sameAs\":[\"https:\/\/twitter.com\/ilmorands\"],\"url\":\"https:\/\/staging.varesenews.it\/persona\/roberto-morandi1\/\"}]}<\/script>\n<!-- \/ Yoast SEO plugin. -->","yoast_head_json":{"title":"Quando a Crenna non c'erano i boschi","description":"Trecento anni fa la collina era dominata dalla brughiera, terreni incolti: a cambiare il paesaggio fu anche l'introduzione del Catasto Teresiano. Un libro e una mostra raccontano un punto di svolta per Crenna e per l'intera Lombardia","robots":{"index":"noindex","follow":"follow","max-snippet":"max-snippet:-1","max-image-preview":"max-image-preview:large","max-video-preview":"max-video-preview:-1"},"og_locale":"it_IT","og_type":"article","og_title":"Quando a Crenna non c'erano i boschi","og_description":"Trecento anni fa la collina era dominata dalla brughiera, terreni incolti: a cambiare il paesaggio fu anche l'introduzione del Catasto Teresiano. Un libro e una mostra raccontano un punto di svolta per Crenna e per l'intera Lombardia","og_url":"https:\/\/staging.varesenews.it\/2015\/10\/quando-a-crenna-non-cerano-i-boschi\/408373\/","og_site_name":"VareseNews","article_publisher":"https:\/\/www.facebook.com\/varesenews","article_published_time":"2015-10-10T11:24:53+00:00","article_modified_time":"2015-10-10T11:48:19+00:00","author":"Roberto Morandi","twitter_card":"summary_large_image","twitter_creator":"@ilmorands","twitter_site":"@varesenews","twitter_misc":{"Scritto da":"Roberto Morandi","Tempo di lettura stimato":"3 minuti"},"schema":{"@context":"https:\/\/schema.org","@graph":[{"@type":"WebPage","@id":"https:\/\/staging.varesenews.it\/2015\/10\/quando-a-crenna-non-cerano-i-boschi\/408373\/","url":"https:\/\/staging.varesenews.it\/2015\/10\/quando-a-crenna-non-cerano-i-boschi\/408373\/","name":"Quando a Crenna non c'erano i boschi","isPartOf":{"@id":"https:\/\/staging.varesenews.it\/#website"},"datePublished":"2015-10-10T11:24:53+00:00","dateModified":"2015-10-10T11:48:19+00:00","author":{"@id":"https:\/\/staging.varesenews.it\/#\/schema\/person\/efe592ae4c76536b551f89d8b6674bc3"},"description":"Trecento anni fa la collina era dominata dalla brughiera, terreni incolti: a cambiare il paesaggio fu anche l'introduzione del Catasto Teresiano. Un libro e una mostra raccontano un punto di svolta per Crenna e per l'intera Lombardia","breadcrumb":{"@id":"https:\/\/staging.varesenews.it\/2015\/10\/quando-a-crenna-non-cerano-i-boschi\/408373\/#breadcrumb"},"inLanguage":"it-IT","potentialAction":[{"@type":"ReadAction","target":["https:\/\/staging.varesenews.it\/2015\/10\/quando-a-crenna-non-cerano-i-boschi\/408373\/"]}]},{"@type":"BreadcrumbList","@id":"https:\/\/staging.varesenews.it\/2015\/10\/quando-a-crenna-non-cerano-i-boschi\/408373\/#breadcrumb","itemListElement":[{"@type":"ListItem","position":1,"name":"Home","item":"https:\/\/www.varesenews.it\/"},{"@type":"ListItem","position":2,"name":"Quando a Crenna non c&#8217;erano i boschi"}]},{"@type":"WebSite","@id":"https:\/\/staging.varesenews.it\/#website","url":"https:\/\/staging.varesenews.it\/","name":"VareseNews","description":"","potentialAction":[{"@type":"SearchAction","target":{"@type":"EntryPoint","urlTemplate":"https:\/\/staging.varesenews.it\/?s={search_term_string}"},"query-input":"required name=search_term_string"}],"inLanguage":"it-IT"},{"@type":"Person","@id":"https:\/\/staging.varesenews.it\/#\/schema\/person\/efe592ae4c76536b551f89d8b6674bc3","name":"Roberto Morandi","image":{"@type":"ImageObject","inLanguage":"it-IT","@id":"https:\/\/staging.varesenews.it\/#\/schema\/person\/image\/","url":"https:\/\/staging.varesenews.it\/wp-content\/uploads\/2020\/12\/roberto_morandi_colori_500.jpg","contentUrl":"https:\/\/staging.varesenews.it\/wp-content\/uploads\/2020\/12\/roberto_morandi_colori_500.jpg","caption":"Roberto Morandi"},"description":"Classe 1980, laureato in storia, mi occupo dell&rsquo;area di Gallarate e di Malpensa, di trasporti e mobilit&agrave;. Amo molto la dimensione della citt&agrave;, come luogo d&rsquo;incontro di persone diverse e come organismo che si trasforma costantemente. Mi piace anche raccontare le piccole e grandi vicende, anche locali, che compongono la Storia con la S maiuscola. Appassionato di bicicletta: la macchina perfetta per muoversi in citt&agrave; e per viaggiare.","sameAs":["https:\/\/twitter.com\/ilmorands"],"url":"https:\/\/staging.varesenews.it\/persona\/roberto-morandi1\/"}]}},"post_meta":{"_edit_lock":"1444556587:46","_edit_last":"46","_category_permalink":"3","ratings_users":"0","ratings_score":"0","ratings_average":"0","wdfb_og_title":"","wdfb_og_type":"","wdfb_og_description":"","wdfb_og_images":"a:1:{i:0;s:0:\"\";}","wdfb_og_custom_name":"a:1:{i:0;s:0:\"\";}","wdfb_og_custom_value":"a:1:{i:0;s:0:\"\";}","foto":"488781","argomento":"Gallarate","_jd_twitter":"","_jd_tweet_this":"yes","_wpt_short_url":"http:\/\/www.varesenews.it\/2015\/10\/quando-a-crenna-non-cerano-i-boschi\/408373\/","_wp_jd_target":"http:\/\/www.varesenews.it\/2015\/10\/quando-a-crenna-non-cerano-i-boschi\/408373\/","_jd_wp_twitter":"a:1:{i:0;s:132:\"Quando a Crenna non c'erano i boschi http:\/\/www.varesenews.it\/2015\/10\/quando-a-crenna-non-cerano-i-boschi\/408373\/ #crenna #gallarate\";}","_wpt_status_message":"Tweet inviato con successo."},"photos":[{"original":"https:\/\/staging.varesenews.it\/photogallery_new\/images\/2015\/10\/catasto-teresiano-crenna-488781.jpg","full":"https:\/\/staging.varesenews.it\/photogallery_new\/images\/2015\/10\/catasto-teresiano-crenna-488781.1024x768.jpg","large":"https:\/\/staging.varesenews.it\/photogallery_new\/images\/2015\/10\/catasto-teresiano-crenna-488781.610x431.jpg"}],"_links":{"self":[{"href":"https:\/\/staging.varesenews.it\/swgapi\/v1\/wp\/v2\/posts\/408373"}],"collection":[{"href":"https:\/\/staging.varesenews.it\/swgapi\/v1\/wp\/v2\/posts"}],"about":[{"href":"https:\/\/staging.varesenews.it\/swgapi\/v1\/wp\/v2\/types\/post"}],"author":[{"embeddable":true,"href":"https:\/\/staging.varesenews.it\/swgapi\/v1\/wp\/v2\/users\/46"}],"replies":[{"embeddable":true,"href":"https:\/\/staging.varesenews.it\/swgapi\/v1\/wp\/v2\/comments?post=408373"}],"version-history":[{"count":0,"href":"https:\/\/staging.varesenews.it\/swgapi\/v1\/wp\/v2\/posts\/408373\/revisions"}],"wp:attachment":[{"href":"https:\/\/staging.varesenews.it\/swgapi\/v1\/wp\/v2\/media?parent=408373"}],"wp:term":[{"taxonomy":"category","embeddable":true,"href":"https:\/\/staging.varesenews.it\/swgapi\/v1\/wp\/v2\/categories?post=408373"},{"taxonomy":"post_tag","embeddable":true,"href":"https:\/\/staging.varesenews.it\/swgapi\/v1\/wp\/v2\/tags?post=408373"}],"curies":[{"name":"wp","href":"https:\/\/api.w.org\/{rel}","templated":true}]}}