{"id":409127,"date":"2015-10-14T00:59:10","date_gmt":"2015-10-13T22:59:10","guid":{"rendered":"http:\/\/www.varesenews.it\/?p=409127"},"modified":"2015-10-14T00:59:10","modified_gmt":"2015-10-13T22:59:10","slug":"il-varese-saggia-in-coppa-la-consistenza-dellardor","status":"publish","type":"post","link":"https:\/\/staging.varesenews.it\/2015\/10\/il-varese-saggia-in-coppa-la-consistenza-dellardor\/409127\/","title":{"rendered":"Il Varese saggia in Coppa la consistenza dell&#8217;Ardor"},"content":{"rendered":"<p>Appaiate in vetta sino a domenica scorsa, divise da un sol punto oggi con il <strong>Varese<\/strong> appena avanti grazie al pareggio di Mariano. <strong>I biancorossi e l&#8217;Ardor Lazzate<\/strong>, grandi protagoniste insieme all&#8217;Arconatese di questo inizio di stagione nel <strong>girone A<\/strong> di Eccellenza, si sfideranno nel terzo turno di Coppa Italia nella serata di <strong>mercoled\u00ec 14<\/strong> ottobre. Gara unica, questa, con rigori dopo il 90&#8242; in caso di parit\u00e0: per chi sbaglia non c&#8217;\u00e8 possibilit\u00e0 di recupero.<\/p>\n<p>Teatro del match sar\u00e0 il <strong>&#8220;Franco Ossola&#8221; (ore 20,30),<\/strong> con le prevendite gi\u00e0 aperte per consentire ai tifosi di assicurarsi per tempo un tagliando: per la Coppa infatti \u00e8 aperto<strong> soltanto il settore &#8220;Tribuna&#8221;<\/strong> (costo: 10 euro) e oltre alla Casa del Disco i tagliandi si potranno acquistare anche on line sul sito www.ciaotickets.com.<\/p>\n<p>Il match di Masnago potrebbe essere<strong> condizionato dalle scelte<\/strong> dei due allenatori, Melosi e Campi, che dovranno valutare per bene le condizioni dei propri undici sia per via di qualche acciacco &#8220;eredit\u00e0&#8221; dell&#8217;ultima partita, sia\u00a0in vista della settima di campionato in programma domenica.<\/p>\n<p><strong>DOMENICA LEGGERO ANTICIPO<\/strong> &#8211; Intanto domenica prossima, 18 ottobre, la partita di campionato <strong>contro l&#8217;Union Villa Cassano a Masnago<\/strong> sar\u00e0 giocata in leggero anticipo come era avvenuto con la Sestese. Il derby provinciale infatti si disputer\u00e0 a partire <strong>dalle 14,30<\/strong> per non sovrapporsi alla partita di basket tra Openjobmetis e Consultinvest Pesaro in programma alle 18,15 al vicino PalaWhirlpool.<\/p>\n<p><strong>DUE VOLTE AL CHINETTI?<\/strong> &#8211; A proposito di Ardor Lazzate, la partita di campionato tra i milanesi e il Varese del <strong>6 dicembre<\/strong>\u00a0si\u00a0disputer\u00e0 allo stadio <strong>&#8220;Felice Chinetti&#8221; di Solbiate Arno<\/strong> (gi\u00e0 teatro dell&#8217;epopea della Solbiatese), impianto pi\u00f9 adatto a contenere un pubblico folto come quello che segue i biancorossi. Anche la partita<strong> Arconatese-Varese del prossimo 25 ottobre<\/strong>\u00a0andr\u00e0 in scena\u00a0a Solbiate per lo stesso motivo: le societ\u00e0 sono d&#8217;accordo\u00a0e hanno ricevuto\u00a0il via libera della Federazione.<\/p>\n<p><strong>LE ALTRE<\/strong> &#8211; La Coppa Italia di Eccellenza \u00e8 arrivata ai quarti di finale per quanto riguarda la Lombardia.<strong> Oltre a Varese e Ardor<\/strong> ci sono quindi altre sei formazioni impegnate mercoled\u00ec: alle ore 20 si gioca anche al &#8220;Mari&#8221; dove il <strong>Legnano<\/strong> di mister Di Gioia attende l&#8217;arrivo del <strong>Brembate<\/strong> Sopra. Alle 20,30 invece si giocano <strong>Real Milano-Arconatese<\/strong> e <strong>Rezzato-Rigamonti;<\/strong> quest&#8217;ultima gara decreter\u00e0 la prossima avversaria di Varese o Ardor.<\/p>\n","protected":false},"excerpt":{"rendered":"<p>Mercoled\u00ec sera (20,30) i biancorossi ospitano i milanesi, rivali anche in campionato: obiettivo passare il turno. Domenica si gioca alle 14,30<\/p>\n","protected":false},"author":38,"featured_media":0,"comment_status":"open","ping_status":"open","sticky":false,"template":"","format":"standard","meta":{"footnotes":""},"categories":[14],"tags":[144,50857,9192],"acf":[],"yoast_head":"<!-- This site is optimized with the Yoast SEO plugin v20.1 - https:\/\/yoast.com\/wordpress\/plugins\/seo\/ -->\n<title>Il Varese saggia in Coppa la consistenza dell&#039;Ardor<\/title>\n<meta name=\"description\" content=\"Mercoled\u00ec sera (20,30) i biancorossi ospitano i milanesi, rivali anche in campionato: obiettivo passare il turno. Domenica si gioca alle 14,30\" \/>\n<meta name=\"robots\" content=\"noindex, follow, max-snippet:-1, max-image-preview:large, max-video-preview:-1\" \/>\n<meta property=\"og:locale\" content=\"it_IT\" \/>\n<meta property=\"og:type\" content=\"article\" \/>\n<meta property=\"og:title\" content=\"Il Varese saggia in Coppa la consistenza dell&#039;Ardor\" \/>\n<meta property=\"og:description\" content=\"Mercoled\u00ec sera (20,30) i biancorossi ospitano i milanesi, rivali anche in campionato: obiettivo passare il turno. Domenica si gioca alle 14,30\" \/>\n<meta property=\"og:url\" content=\"https:\/\/staging.varesenews.it\/2015\/10\/il-varese-saggia-in-coppa-la-consistenza-dellardor\/409127\/\" \/>\n<meta property=\"og:site_name\" content=\"VareseNews\" \/>\n<meta property=\"article:publisher\" content=\"https:\/\/www.facebook.com\/varesenews\" \/>\n<meta property=\"article:published_time\" content=\"2015-10-13T22:59:10+00:00\" \/>\n<meta name=\"author\" content=\"Damiano Franzetti\" \/>\n<meta name=\"twitter:card\" content=\"summary_large_image\" \/>\n<meta name=\"twitter:creator\" content=\"@damianofranz\" \/>\n<meta name=\"twitter:site\" content=\"@varesenews\" \/>\n<meta name=\"twitter:label1\" content=\"Scritto da\" \/>\n\t<meta name=\"twitter:data1\" content=\"Damiano Franzetti\" \/>\n\t<meta name=\"twitter:label2\" content=\"Tempo di lettura stimato\" \/>\n\t<meta name=\"twitter:data2\" content=\"2 minuti\" \/>\n<script type=\"application\/ld+json\" class=\"yoast-schema-graph\">{\"@context\":\"https:\/\/schema.org\",\"@graph\":[{\"@type\":\"WebPage\",\"@id\":\"https:\/\/staging.varesenews.it\/2015\/10\/il-varese-saggia-in-coppa-la-consistenza-dellardor\/409127\/\",\"url\":\"https:\/\/staging.varesenews.it\/2015\/10\/il-varese-saggia-in-coppa-la-consistenza-dellardor\/409127\/\",\"name\":\"Il Varese saggia in Coppa la consistenza dell'Ardor\",\"isPartOf\":{\"@id\":\"https:\/\/staging.varesenews.it\/#website\"},\"datePublished\":\"2015-10-13T22:59:10+00:00\",\"dateModified\":\"2015-10-13T22:59:10+00:00\",\"author\":{\"@id\":\"https:\/\/staging.varesenews.it\/#\/schema\/person\/709ae3769f6b4dbde8ec332baede8a5b\"},\"description\":\"Mercoled\u00ec sera (20,30) i biancorossi ospitano i milanesi, rivali anche in campionato: obiettivo passare il turno. Domenica si gioca alle 14,30\",\"breadcrumb\":{\"@id\":\"https:\/\/staging.varesenews.it\/2015\/10\/il-varese-saggia-in-coppa-la-consistenza-dellardor\/409127\/#breadcrumb\"},\"inLanguage\":\"it-IT\",\"potentialAction\":[{\"@type\":\"ReadAction\",\"target\":[\"https:\/\/staging.varesenews.it\/2015\/10\/il-varese-saggia-in-coppa-la-consistenza-dellardor\/409127\/\"]}]},{\"@type\":\"BreadcrumbList\",\"@id\":\"https:\/\/staging.varesenews.it\/2015\/10\/il-varese-saggia-in-coppa-la-consistenza-dellardor\/409127\/#breadcrumb\",\"itemListElement\":[{\"@type\":\"ListItem\",\"position\":1,\"name\":\"Home\",\"item\":\"https:\/\/www.varesenews.it\/\"},{\"@type\":\"ListItem\",\"position\":2,\"name\":\"Il Varese saggia in Coppa la consistenza dell&#8217;Ardor\"}]},{\"@type\":\"WebSite\",\"@id\":\"https:\/\/staging.varesenews.it\/#website\",\"url\":\"https:\/\/staging.varesenews.it\/\",\"name\":\"VareseNews\",\"description\":\"\",\"potentialAction\":[{\"@type\":\"SearchAction\",\"target\":{\"@type\":\"EntryPoint\",\"urlTemplate\":\"https:\/\/staging.varesenews.it\/?s={search_term_string}\"},\"query-input\":\"required name=search_term_string\"}],\"inLanguage\":\"it-IT\"},{\"@type\":\"Person\",\"@id\":\"https:\/\/staging.varesenews.it\/#\/schema\/person\/709ae3769f6b4dbde8ec332baede8a5b\",\"name\":\"Damiano Franzetti\",\"image\":{\"@type\":\"ImageObject\",\"inLanguage\":\"it-IT\",\"@id\":\"https:\/\/staging.varesenews.it\/#\/schema\/person\/image\/\",\"url\":\"https:\/\/staging.varesenews.it\/wp-content\/uploads\/2020\/12\/damiano_franzetti_colori_500.jpg\",\"contentUrl\":\"https:\/\/staging.varesenews.it\/wp-content\/uploads\/2020\/12\/damiano_franzetti_colori_500.jpg\",\"caption\":\"Damiano Franzetti\"},\"description\":\"Classe 1976, una laurea (nel cassetto) in scienze e tecnologie alimentari; sono giornalista professionista dal 2009 nato e cresciuto con VareseNews dove mi occupo soprattutto di sport ormai da vent&rsquo;anni. Inviato sui campi (sulle piste, sulle strade...), intervistatore, coordinatore e responsabile delle pagine sportive, mi ritaglio volentieri lo spazio per scrivere di birra sul blog Malto Gradimento. Ho seguito innumerevoli campionati di Serie A di basket, di serie B di calcio, due Mondiali di ciclismo, qualche Giro d&rsquo;;Italia e tanto altro ancora. Collaboro con Tuttosport e altre testate, mi diletto di social. Ho una moglie, un figlio, vivo nella mia Gemonio e ho purtroppo smesso con il basket giocato. &nbsp;\",\"sameAs\":[\"damianofranz\",\"https:\/\/www.linkedin.com\/profile\/view?id=241597124&trk=nav_responsive_tab_profile\",\"https:\/\/twitter.com\/damianofranz\"],\"url\":\"https:\/\/staging.varesenews.it\/persona\/damiano_franzetti-2\/\"}]}<\/script>\n<!-- \/ Yoast SEO plugin. -->","yoast_head_json":{"title":"Il Varese saggia in Coppa la consistenza dell'Ardor","description":"Mercoled\u00ec sera (20,30) i biancorossi ospitano i milanesi, rivali anche in campionato: obiettivo passare il turno. Domenica si gioca alle 14,30","robots":{"index":"noindex","follow":"follow","max-snippet":"max-snippet:-1","max-image-preview":"max-image-preview:large","max-video-preview":"max-video-preview:-1"},"og_locale":"it_IT","og_type":"article","og_title":"Il Varese saggia in Coppa la consistenza dell'Ardor","og_description":"Mercoled\u00ec sera (20,30) i biancorossi ospitano i milanesi, rivali anche in campionato: obiettivo passare il turno. Domenica si gioca alle 14,30","og_url":"https:\/\/staging.varesenews.it\/2015\/10\/il-varese-saggia-in-coppa-la-consistenza-dellardor\/409127\/","og_site_name":"VareseNews","article_publisher":"https:\/\/www.facebook.com\/varesenews","article_published_time":"2015-10-13T22:59:10+00:00","author":"Damiano Franzetti","twitter_card":"summary_large_image","twitter_creator":"@damianofranz","twitter_site":"@varesenews","twitter_misc":{"Scritto da":"Damiano Franzetti","Tempo di lettura stimato":"2 minuti"},"schema":{"@context":"https:\/\/schema.org","@graph":[{"@type":"WebPage","@id":"https:\/\/staging.varesenews.it\/2015\/10\/il-varese-saggia-in-coppa-la-consistenza-dellardor\/409127\/","url":"https:\/\/staging.varesenews.it\/2015\/10\/il-varese-saggia-in-coppa-la-consistenza-dellardor\/409127\/","name":"Il Varese saggia in Coppa la consistenza dell'Ardor","isPartOf":{"@id":"https:\/\/staging.varesenews.it\/#website"},"datePublished":"2015-10-13T22:59:10+00:00","dateModified":"2015-10-13T22:59:10+00:00","author":{"@id":"https:\/\/staging.varesenews.it\/#\/schema\/person\/709ae3769f6b4dbde8ec332baede8a5b"},"description":"Mercoled\u00ec sera (20,30) i biancorossi ospitano i milanesi, rivali anche in campionato: obiettivo passare il turno. Domenica si gioca alle 14,30","breadcrumb":{"@id":"https:\/\/staging.varesenews.it\/2015\/10\/il-varese-saggia-in-coppa-la-consistenza-dellardor\/409127\/#breadcrumb"},"inLanguage":"it-IT","potentialAction":[{"@type":"ReadAction","target":["https:\/\/staging.varesenews.it\/2015\/10\/il-varese-saggia-in-coppa-la-consistenza-dellardor\/409127\/"]}]},{"@type":"BreadcrumbList","@id":"https:\/\/staging.varesenews.it\/2015\/10\/il-varese-saggia-in-coppa-la-consistenza-dellardor\/409127\/#breadcrumb","itemListElement":[{"@type":"ListItem","position":1,"name":"Home","item":"https:\/\/www.varesenews.it\/"},{"@type":"ListItem","position":2,"name":"Il Varese saggia in Coppa la consistenza dell&#8217;Ardor"}]},{"@type":"WebSite","@id":"https:\/\/staging.varesenews.it\/#website","url":"https:\/\/staging.varesenews.it\/","name":"VareseNews","description":"","potentialAction":[{"@type":"SearchAction","target":{"@type":"EntryPoint","urlTemplate":"https:\/\/staging.varesenews.it\/?s={search_term_string}"},"query-input":"required name=search_term_string"}],"inLanguage":"it-IT"},{"@type":"Person","@id":"https:\/\/staging.varesenews.it\/#\/schema\/person\/709ae3769f6b4dbde8ec332baede8a5b","name":"Damiano Franzetti","image":{"@type":"ImageObject","inLanguage":"it-IT","@id":"https:\/\/staging.varesenews.it\/#\/schema\/person\/image\/","url":"https:\/\/staging.varesenews.it\/wp-content\/uploads\/2020\/12\/damiano_franzetti_colori_500.jpg","contentUrl":"https:\/\/staging.varesenews.it\/wp-content\/uploads\/2020\/12\/damiano_franzetti_colori_500.jpg","caption":"Damiano Franzetti"},"description":"Classe 1976, una laurea (nel cassetto) in scienze e tecnologie alimentari; sono giornalista professionista dal 2009 nato e cresciuto con VareseNews dove mi occupo soprattutto di sport ormai da vent&rsquo;anni. Inviato sui campi (sulle piste, sulle strade...), intervistatore, coordinatore e responsabile delle pagine sportive, mi ritaglio volentieri lo spazio per scrivere di birra sul blog Malto Gradimento. Ho seguito innumerevoli campionati di Serie A di basket, di serie B di calcio, due Mondiali di ciclismo, qualche Giro d&rsquo;;Italia e tanto altro ancora. Collaboro con Tuttosport e altre testate, mi diletto di social. Ho una moglie, un figlio, vivo nella mia Gemonio e ho purtroppo smesso con il basket giocato. &nbsp;","sameAs":["damianofranz","https:\/\/www.linkedin.com\/profile\/view?id=241597124&trk=nav_responsive_tab_profile","https:\/\/twitter.com\/damianofranz"],"url":"https:\/\/staging.varesenews.it\/persona\/damiano_franzetti-2\/"}]}},"post_meta":{"_edit_lock":"1444778415:38","_edit_last":"38","_category_permalink":"","wdfb_og_title":"","wdfb_og_type":"","wdfb_og_description":"","wdfb_og_images":"a:1:{i:0;s:0:\"\";}","wdfb_og_custom_name":"a:1:{i:0;s:0:\"\";}","wdfb_og_custom_value":"a:1:{i:0;s:0:\"\";}","foto":"480284","argomento":"Calcio","_jd_twitter":"","_jd_tweet_this":"yes","ratings_users":"0","ratings_score":"0","ratings_average":"0","_wpt_short_url":"http:\/\/www.varesenews.it\/2015\/10\/il-varese-saggia-in-coppa-la-consistenza-dellardor\/409127\/","_wp_jd_target":"http:\/\/www.varesenews.it\/2015\/10\/il-varese-saggia-in-coppa-la-consistenza-dellardor\/409127\/","_jd_wp_twitter":"a:1:{i:0;s:165:\"Il Varese saggia in Coppa la consistenza dell'Ardor http:\/\/www.varesenews.it\/2015\/10\/il-varese-saggia-in-coppa-la-consistenza-dellardor\/409127\/ #calcio #varesecalcio\";}","_wpt_status_message":"Tweet inviato con successo."},"photos":[{"original":"https:\/\/staging.varesenews.it\/photogallery_new\/images\/2015\/09\/le-immagini-di-verbano-varese-0-6-480284.jpg","full":"https:\/\/staging.varesenews.it\/photogallery_new\/images\/2015\/09\/le-immagini-di-verbano-varese-0-6-480284.1024x768.jpg","large":"https:\/\/staging.varesenews.it\/photogallery_new\/images\/2015\/09\/le-immagini-di-verbano-varese-0-6-480284.610x431.jpg"}],"_links":{"self":[{"href":"https:\/\/staging.varesenews.it\/swgapi\/v1\/wp\/v2\/posts\/409127"}],"collection":[{"href":"https:\/\/staging.varesenews.it\/swgapi\/v1\/wp\/v2\/posts"}],"about":[{"href":"https:\/\/staging.varesenews.it\/swgapi\/v1\/wp\/v2\/types\/post"}],"author":[{"embeddable":true,"href":"https:\/\/staging.varesenews.it\/swgapi\/v1\/wp\/v2\/users\/38"}],"replies":[{"embeddable":true,"href":"https:\/\/staging.varesenews.it\/swgapi\/v1\/wp\/v2\/comments?post=409127"}],"version-history":[{"count":0,"href":"https:\/\/staging.varesenews.it\/swgapi\/v1\/wp\/v2\/posts\/409127\/revisions"}],"wp:attachment":[{"href":"https:\/\/staging.varesenews.it\/swgapi\/v1\/wp\/v2\/media?parent=409127"}],"wp:term":[{"taxonomy":"category","embeddable":true,"href":"https:\/\/staging.varesenews.it\/swgapi\/v1\/wp\/v2\/categories?post=409127"},{"taxonomy":"post_tag","embeddable":true,"href":"https:\/\/staging.varesenews.it\/swgapi\/v1\/wp\/v2\/tags?post=409127"}],"curies":[{"name":"wp","href":"https:\/\/api.w.org\/{rel}","templated":true}]}}