{"id":409683,"date":"2015-10-15T15:29:12","date_gmt":"2015-10-15T13:29:12","guid":{"rendered":"http:\/\/www.varesenews.it\/?p=409683"},"modified":"2015-10-15T15:33:43","modified_gmt":"2015-10-15T13:33:43","slug":"cambio-della-guardia-in-giunta-per-rispettare-le-quote-rosa","status":"publish","type":"post","link":"https:\/\/staging.varesenews.it\/2015\/10\/cambio-della-guardia-in-giunta-per-rispettare-le-quote-rosa\/409683\/","title":{"rendered":"Cambio della guardia in giunta, per rispettare le quote rosa"},"content":{"rendered":"<p>Cambio della guardia nella giunta di <strong>Casorate Sempione<\/strong>: dopo il ricorso presentato dall&#8217;opposizione sulle quote di genere, <strong>il sindaco Dimitri Cassani <\/strong>ha<strong> sostituito l&#8217;assessore Giuseppe Perazzolo<\/strong> &#8211; che si occupava di lavori pubblici &#8211; con <strong>Paola Scanelli<\/strong> &#8211; che ha ora la delega da assessore alla cultura e politiche giovanili.\u00a0 Perazzolo sar\u00e0 consigliere delegato, sempre ai lavori pubblici: non firmer\u00e0 dunque i provvedimenti di governo del Comune (come le delibere), che saranno firmati dal sindaco.<\/p>\n<p>\u00abAbbiamo deciso di adeguare la giunta al Decreto Del Rio, anche se non \u00e8 stato facile\u00bb spiega Cassani. che contesta (ma applica) \u00abuna legge sbagliata\u00bb. \u00abNon tanto nel merito di riequilibrare la rappresentanza di genere, quanto nel metodo: se \u00e8 giusta la parit\u00e0 di consiglieri candidati che si sottopongono al vaglio dell&#8217;elettorato, trovo ingiusto che le stesse quote si applichino in giunta. Se le donne non vengono premiate dall&#8217;elettorato, \u00e8 ingiusto imporre. Sbagliato quando diviene discriminatorio in senso sbagliato: donna deve essere in giunta per merito non per quote\u00bb<\/p>\n<p>La necessit\u00e0 di cambiare la giunta a pochi mesi dalle elezioni deriva dal <strong>ricorso presentato dall&#8217;opposizione<\/strong>, che ha portato davanti al TAR della Lombardia la questione delle quote di genere all&#8217;interno della squadra di governo guidata da Cassani: \u00abNon rispetta il 40% indicato dalla Legge Delrio\u00bb, ha denunciato il centrosinistra. Il sindaco dice oggi che la giunta \u00e8 stata fatta tenendo conto prima di tutto delle competenze e che rispecchiava la giurisprudenza esistente sul tema: \u00ab<strong>Al 1\u00b0 giugno non c&#8217;era nessun pronunciamento del Tar<\/strong>, soprattutto Lombardia. L&#8217;unico pronunciamento era quello del Tar Calabria, che per\u00f2 appunto riguardava un&#8217;altra Regione\u00bb (in pi\u00f9 il 5 maggio 2015 il Consiglio di Stato concesso la sospensiva sul provvedimento del TAR Calabria). \u00abAbbiamo <strong>fatto la giunta consapevoli che non rientravamo nel 40%, ma anche del fatto che ad oggi non ci sono sentenze relative al Tar Lombardia<\/strong>: secondo l&#8217;orientamento regionale eravamo nel pieno rispetto della presenza di genere\u00bb.<\/p>\n<p>Cosa \u00e8 cambiato dunque, per far cambiare idea al sindaco? \u00abLo stesso <strong>Consiglio di Stato il 5 ottobre ha emesso sentenza<\/strong> in cui dice <strong>interpretazione deve essere rigida<\/strong>: il 40% \u00e8 inderogabile, dal 5 ottobre scorso la giunta non \u00e8 conforme. Avremmo potuto aspettare la camera di consiglio sul ricorso dell&#8217;opposizione, ma <strong>avremmo speso un sacco di soldi per un ulteriore ricorso<\/strong> che avrebbe richiesto anni. Sarebbe stata scelta &#8211; conclude Cassani &#8211; una scelta da cattivo amministratore, abbiamo deciso invece di adeguarci. Sappiamo che non \u00e8 immagine positiva, ma abbiamo fatto confronto interno chiaro e basato sul principio che si deve governare con il consiglio e non con la giunta\u00bb.<\/p>\n<p>Via libera dunque alla nuova squadra, con l&#8217;ingresso di <strong>Paola Scanelli<\/strong> e l&#8217;uscita dal gruppo di assessori di Giuseppe Perazzolo. Cassani dice che la scelta \u00e8 stata fatta in pieno accordo dal gruppo, Perazzolo continuer\u00e0 a far parte della squadra di governo del paese, ma non formalmente: \u00abGiuseppe \u00e8 il miglior assessore, la delega ai lavori pubblici rimarr\u00e0 come consigliere delegato. \u00c8 la persona pi\u00f9 adatta, dire anche guardando agli ultimi vent&#8217;anni di storia\u00bb. L&#8217;uscita di Perazzolo dalla giunta risolve anche alla radice un&#8217;altra questione sollevata dall&#8217;opposizione, quella della possibile incompatibilit\u00e0 tra il ruolo comunale e la professione di Perazzolo.<\/p>\n<p>Dal punto di vista politico, la maggioranza non si lascia sfuggire la possibilit\u00e0 di tirare qualche stoccata all&#8217;attuale opposizione di centrosinistra: Cassani parla dei ricorsi e delle denunce dell&#8217;opposizione come <strong>\u00abvolont\u00e0 di destabilizzare il nostro lavoro\u00bb e assicura: \u00abDa questa vicenda usciamo pi\u00f9 forti<\/strong> e determinati di prima\u00bb. E all&#8217;ex&#8217;opposizone rinfaccia anche scarsa coerenza: \u00abNel ricorso parlano di principi generali e non solo della Delrio, ma loro avevano un solo assessore donna, perch\u00e9 il sindaco non conta: dove erano le quote rosa nell&#8217;amministrazione Quadrio?\u00bb attacca Cassani \u00abE <strong>dove sono le quote rosa nella minoranza? Debora Cattoretti ha preso moltissimo vot<\/strong>i, \u00e8 stata miss preferenze, <strong>ma non \u00e8 n\u00e9 in consiglio n\u00e9 nelle commissioni<\/strong>\u00bb<\/p>\n","protected":false},"excerpt":{"rendered":"<p>L&#8217;opposizione aveva presentato ricorso al Tar, il sindaco Dimitri Cassani vuole evitare contenziosi: Perazzolo esce formalmente dalla giunta, entra Paola Scanelli<\/p>\n","protected":false},"author":46,"featured_media":0,"comment_status":"open","ping_status":"open","sticky":false,"template":"","format":"standard","meta":{"footnotes":""},"categories":[3],"tags":[41590,4292],"acf":[],"yoast_head":"<!-- This site is optimized with the Yoast SEO plugin v20.1 - https:\/\/yoast.com\/wordpress\/plugins\/seo\/ -->\n<title>Cambio della guardia in giunta, per rispettare le quote rosa<\/title>\n<meta name=\"description\" content=\"L&#039;opposizione aveva presentato ricorso al Tar, il sindaco Dimitri Cassani vuole evitare contenziosi: Perazzolo esce formalmente dalla giunta, entra Paola Scanelli\" \/>\n<meta name=\"robots\" content=\"noindex, follow, max-snippet:-1, max-image-preview:large, max-video-preview:-1\" \/>\n<meta property=\"og:locale\" content=\"it_IT\" \/>\n<meta property=\"og:type\" content=\"article\" \/>\n<meta property=\"og:title\" content=\"Cambio della guardia in giunta, per rispettare le quote rosa\" \/>\n<meta property=\"og:description\" content=\"L&#039;opposizione aveva presentato ricorso al Tar, il sindaco Dimitri Cassani vuole evitare contenziosi: Perazzolo esce formalmente dalla giunta, entra Paola Scanelli\" \/>\n<meta property=\"og:url\" content=\"https:\/\/staging.varesenews.it\/2015\/10\/cambio-della-guardia-in-giunta-per-rispettare-le-quote-rosa\/409683\/\" \/>\n<meta property=\"og:site_name\" content=\"VareseNews\" \/>\n<meta property=\"article:publisher\" content=\"https:\/\/www.facebook.com\/varesenews\" \/>\n<meta property=\"article:published_time\" content=\"2015-10-15T13:29:12+00:00\" \/>\n<meta property=\"article:modified_time\" content=\"2015-10-15T13:33:43+00:00\" \/>\n<meta name=\"author\" content=\"Roberto Morandi\" \/>\n<meta name=\"twitter:card\" content=\"summary_large_image\" \/>\n<meta name=\"twitter:creator\" content=\"@ilmorands\" \/>\n<meta name=\"twitter:site\" content=\"@varesenews\" \/>\n<meta name=\"twitter:label1\" content=\"Scritto da\" \/>\n\t<meta name=\"twitter:data1\" content=\"Roberto Morandi\" \/>\n\t<meta name=\"twitter:label2\" content=\"Tempo di lettura stimato\" \/>\n\t<meta name=\"twitter:data2\" content=\"3 minuti\" \/>\n<script type=\"application\/ld+json\" class=\"yoast-schema-graph\">{\"@context\":\"https:\/\/schema.org\",\"@graph\":[{\"@type\":\"WebPage\",\"@id\":\"https:\/\/staging.varesenews.it\/2015\/10\/cambio-della-guardia-in-giunta-per-rispettare-le-quote-rosa\/409683\/\",\"url\":\"https:\/\/staging.varesenews.it\/2015\/10\/cambio-della-guardia-in-giunta-per-rispettare-le-quote-rosa\/409683\/\",\"name\":\"Cambio della guardia in giunta, per rispettare le quote rosa\",\"isPartOf\":{\"@id\":\"https:\/\/staging.varesenews.it\/#website\"},\"datePublished\":\"2015-10-15T13:29:12+00:00\",\"dateModified\":\"2015-10-15T13:33:43+00:00\",\"author\":{\"@id\":\"https:\/\/staging.varesenews.it\/#\/schema\/person\/efe592ae4c76536b551f89d8b6674bc3\"},\"description\":\"L'opposizione aveva presentato ricorso al Tar, il sindaco Dimitri Cassani vuole evitare contenziosi: Perazzolo esce formalmente dalla giunta, entra Paola Scanelli\",\"breadcrumb\":{\"@id\":\"https:\/\/staging.varesenews.it\/2015\/10\/cambio-della-guardia-in-giunta-per-rispettare-le-quote-rosa\/409683\/#breadcrumb\"},\"inLanguage\":\"it-IT\",\"potentialAction\":[{\"@type\":\"ReadAction\",\"target\":[\"https:\/\/staging.varesenews.it\/2015\/10\/cambio-della-guardia-in-giunta-per-rispettare-le-quote-rosa\/409683\/\"]}]},{\"@type\":\"BreadcrumbList\",\"@id\":\"https:\/\/staging.varesenews.it\/2015\/10\/cambio-della-guardia-in-giunta-per-rispettare-le-quote-rosa\/409683\/#breadcrumb\",\"itemListElement\":[{\"@type\":\"ListItem\",\"position\":1,\"name\":\"Home\",\"item\":\"https:\/\/www.varesenews.it\/\"},{\"@type\":\"ListItem\",\"position\":2,\"name\":\"Cambio della guardia in giunta, per rispettare le quote rosa\"}]},{\"@type\":\"WebSite\",\"@id\":\"https:\/\/staging.varesenews.it\/#website\",\"url\":\"https:\/\/staging.varesenews.it\/\",\"name\":\"VareseNews\",\"description\":\"\",\"potentialAction\":[{\"@type\":\"SearchAction\",\"target\":{\"@type\":\"EntryPoint\",\"urlTemplate\":\"https:\/\/staging.varesenews.it\/?s={search_term_string}\"},\"query-input\":\"required name=search_term_string\"}],\"inLanguage\":\"it-IT\"},{\"@type\":\"Person\",\"@id\":\"https:\/\/staging.varesenews.it\/#\/schema\/person\/efe592ae4c76536b551f89d8b6674bc3\",\"name\":\"Roberto Morandi\",\"image\":{\"@type\":\"ImageObject\",\"inLanguage\":\"it-IT\",\"@id\":\"https:\/\/staging.varesenews.it\/#\/schema\/person\/image\/\",\"url\":\"https:\/\/staging.varesenews.it\/wp-content\/uploads\/2020\/12\/roberto_morandi_colori_500.jpg\",\"contentUrl\":\"https:\/\/staging.varesenews.it\/wp-content\/uploads\/2020\/12\/roberto_morandi_colori_500.jpg\",\"caption\":\"Roberto Morandi\"},\"description\":\"Classe 1980, laureato in storia, mi occupo dell&rsquo;area di Gallarate e di Malpensa, di trasporti e mobilit&agrave;. Amo molto la dimensione della citt&agrave;, come luogo d&rsquo;incontro di persone diverse e come organismo che si trasforma costantemente. Mi piace anche raccontare le piccole e grandi vicende, anche locali, che compongono la Storia con la S maiuscola. Appassionato di bicicletta: la macchina perfetta per muoversi in citt&agrave; e per viaggiare.\",\"sameAs\":[\"https:\/\/twitter.com\/ilmorands\"],\"url\":\"https:\/\/staging.varesenews.it\/persona\/roberto-morandi1\/\"}]}<\/script>\n<!-- \/ Yoast SEO plugin. -->","yoast_head_json":{"title":"Cambio della guardia in giunta, per rispettare le quote rosa","description":"L'opposizione aveva presentato ricorso al Tar, il sindaco Dimitri Cassani vuole evitare contenziosi: Perazzolo esce formalmente dalla giunta, entra Paola Scanelli","robots":{"index":"noindex","follow":"follow","max-snippet":"max-snippet:-1","max-image-preview":"max-image-preview:large","max-video-preview":"max-video-preview:-1"},"og_locale":"it_IT","og_type":"article","og_title":"Cambio della guardia in giunta, per rispettare le quote rosa","og_description":"L'opposizione aveva presentato ricorso al Tar, il sindaco Dimitri Cassani vuole evitare contenziosi: Perazzolo esce formalmente dalla giunta, entra Paola Scanelli","og_url":"https:\/\/staging.varesenews.it\/2015\/10\/cambio-della-guardia-in-giunta-per-rispettare-le-quote-rosa\/409683\/","og_site_name":"VareseNews","article_publisher":"https:\/\/www.facebook.com\/varesenews","article_published_time":"2015-10-15T13:29:12+00:00","article_modified_time":"2015-10-15T13:33:43+00:00","author":"Roberto Morandi","twitter_card":"summary_large_image","twitter_creator":"@ilmorands","twitter_site":"@varesenews","twitter_misc":{"Scritto da":"Roberto Morandi","Tempo di lettura stimato":"3 minuti"},"schema":{"@context":"https:\/\/schema.org","@graph":[{"@type":"WebPage","@id":"https:\/\/staging.varesenews.it\/2015\/10\/cambio-della-guardia-in-giunta-per-rispettare-le-quote-rosa\/409683\/","url":"https:\/\/staging.varesenews.it\/2015\/10\/cambio-della-guardia-in-giunta-per-rispettare-le-quote-rosa\/409683\/","name":"Cambio della guardia in giunta, per rispettare le quote rosa","isPartOf":{"@id":"https:\/\/staging.varesenews.it\/#website"},"datePublished":"2015-10-15T13:29:12+00:00","dateModified":"2015-10-15T13:33:43+00:00","author":{"@id":"https:\/\/staging.varesenews.it\/#\/schema\/person\/efe592ae4c76536b551f89d8b6674bc3"},"description":"L'opposizione aveva presentato ricorso al Tar, il sindaco Dimitri Cassani vuole evitare contenziosi: Perazzolo esce formalmente dalla giunta, entra Paola Scanelli","breadcrumb":{"@id":"https:\/\/staging.varesenews.it\/2015\/10\/cambio-della-guardia-in-giunta-per-rispettare-le-quote-rosa\/409683\/#breadcrumb"},"inLanguage":"it-IT","potentialAction":[{"@type":"ReadAction","target":["https:\/\/staging.varesenews.it\/2015\/10\/cambio-della-guardia-in-giunta-per-rispettare-le-quote-rosa\/409683\/"]}]},{"@type":"BreadcrumbList","@id":"https:\/\/staging.varesenews.it\/2015\/10\/cambio-della-guardia-in-giunta-per-rispettare-le-quote-rosa\/409683\/#breadcrumb","itemListElement":[{"@type":"ListItem","position":1,"name":"Home","item":"https:\/\/www.varesenews.it\/"},{"@type":"ListItem","position":2,"name":"Cambio della guardia in giunta, per rispettare le quote rosa"}]},{"@type":"WebSite","@id":"https:\/\/staging.varesenews.it\/#website","url":"https:\/\/staging.varesenews.it\/","name":"VareseNews","description":"","potentialAction":[{"@type":"SearchAction","target":{"@type":"EntryPoint","urlTemplate":"https:\/\/staging.varesenews.it\/?s={search_term_string}"},"query-input":"required name=search_term_string"}],"inLanguage":"it-IT"},{"@type":"Person","@id":"https:\/\/staging.varesenews.it\/#\/schema\/person\/efe592ae4c76536b551f89d8b6674bc3","name":"Roberto Morandi","image":{"@type":"ImageObject","inLanguage":"it-IT","@id":"https:\/\/staging.varesenews.it\/#\/schema\/person\/image\/","url":"https:\/\/staging.varesenews.it\/wp-content\/uploads\/2020\/12\/roberto_morandi_colori_500.jpg","contentUrl":"https:\/\/staging.varesenews.it\/wp-content\/uploads\/2020\/12\/roberto_morandi_colori_500.jpg","caption":"Roberto Morandi"},"description":"Classe 1980, laureato in storia, mi occupo dell&rsquo;area di Gallarate e di Malpensa, di trasporti e mobilit&agrave;. Amo molto la dimensione della citt&agrave;, come luogo d&rsquo;incontro di persone diverse e come organismo che si trasforma costantemente. Mi piace anche raccontare le piccole e grandi vicende, anche locali, che compongono la Storia con la S maiuscola. Appassionato di bicicletta: la macchina perfetta per muoversi in citt&agrave; e per viaggiare.","sameAs":["https:\/\/twitter.com\/ilmorands"],"url":"https:\/\/staging.varesenews.it\/persona\/roberto-morandi1\/"}]}},"post_meta":{"_edit_lock":"1444916182:46","_edit_last":"46","_category_permalink":"","wdfb_og_title":"","wdfb_og_type":"","wdfb_og_description":"","wdfb_og_images":"a:1:{i:0;s:0:\"\";}","wdfb_og_custom_name":"a:1:{i:0;s:0:\"\";}","wdfb_og_custom_value":"a:1:{i:0;s:0:\"\";}","argomento":"Casorate Sempione","_jd_twitter":"","_jd_tweet_this":"yes","ratings_users":"0","ratings_score":"0","ratings_average":"0","_wpt_short_url":"http:\/\/www.varesenews.it\/2015\/10\/cambio-della-guardia-in-giunta-per-rispettare-le-quote-rosa\/409683\/","_wp_jd_target":"http:\/\/www.varesenews.it\/2015\/10\/cambio-della-guardia-in-giunta-per-rispettare-le-quote-rosa\/409683\/","_jd_wp_twitter":"a:1:{i:0;s:169:\"Cambio della guardia in giunta, per rispettare le quote rosa http:\/\/www.varesenews.it\/2015\/10\/cambio-della-guardia-in-giunta-per-rispettare-le-quote-rosa\/409683\/ #giunta\";}","_wpt_status_message":"Tweet inviato con successo.","foto":"489900"},"photos":[{"original":"https:\/\/staging.varesenews.it\/photogallery_new\/images\/2015\/10\/giunta-comune-casorate-sempione-489900.jpg","full":"https:\/\/staging.varesenews.it\/photogallery_new\/images\/2015\/10\/giunta-comune-casorate-sempione-489900.1024x768.jpg","large":"https:\/\/staging.varesenews.it\/photogallery_new\/images\/2015\/10\/giunta-comune-casorate-sempione-489900.610x431.jpg"}],"_links":{"self":[{"href":"https:\/\/staging.varesenews.it\/swgapi\/v1\/wp\/v2\/posts\/409683"}],"collection":[{"href":"https:\/\/staging.varesenews.it\/swgapi\/v1\/wp\/v2\/posts"}],"about":[{"href":"https:\/\/staging.varesenews.it\/swgapi\/v1\/wp\/v2\/types\/post"}],"author":[{"embeddable":true,"href":"https:\/\/staging.varesenews.it\/swgapi\/v1\/wp\/v2\/users\/46"}],"replies":[{"embeddable":true,"href":"https:\/\/staging.varesenews.it\/swgapi\/v1\/wp\/v2\/comments?post=409683"}],"version-history":[{"count":0,"href":"https:\/\/staging.varesenews.it\/swgapi\/v1\/wp\/v2\/posts\/409683\/revisions"}],"wp:attachment":[{"href":"https:\/\/staging.varesenews.it\/swgapi\/v1\/wp\/v2\/media?parent=409683"}],"wp:term":[{"taxonomy":"category","embeddable":true,"href":"https:\/\/staging.varesenews.it\/swgapi\/v1\/wp\/v2\/categories?post=409683"},{"taxonomy":"post_tag","embeddable":true,"href":"https:\/\/staging.varesenews.it\/swgapi\/v1\/wp\/v2\/tags?post=409683"}],"curies":[{"name":"wp","href":"https:\/\/api.w.org\/{rel}","templated":true}]}}