{"id":409734,"date":"2015-10-15T15:44:40","date_gmt":"2015-10-15T13:44:40","guid":{"rendered":"http:\/\/www.varesenews.it\/?p=409734"},"modified":"2015-10-15T15:44:40","modified_gmt":"2015-10-15T13:44:40","slug":"kitchen-prova-con-la-openjobmetis-ecco-cosa-puo-accadere","status":"publish","type":"post","link":"https:\/\/staging.varesenews.it\/2015\/10\/kitchen-prova-con-la-openjobmetis-ecco-cosa-puo-accadere\/409734\/","title":{"rendered":"Kitchen prova con la Openjobmetis: ecco cosa pu\u00f2 accadere"},"content":{"rendered":"<p>Derwin <strong>Kitchen<\/strong> \u00e8 in citt\u00e0: il cestista americano, originario di Jacksonville (Florida) \u00e8 sbarcato <strong>a mezzogiorno all&#8217;aeroporto di Malpensa<\/strong> e da l\u00ec si \u00e8 diretto a Varese per sostenere sia le visite mediche tradizionali, sia quelle pi\u00f9 approfondite richieste da dirigenza e staff della Openjobmetis.<\/p>\n<p>Il club biancorosso infatti, <strong>prima di tesserare la 29enne guardia<\/strong> di 1,93, ha deciso di predisporre una serie di esami per valutare il suo<strong> recupero fisico<\/strong> dal problema al piede &#8211; frattura da stress &#8211; che lo ferm\u00f2 lo scorso anno quando stava giocando\u00a0all&#8217;Hapoel Gerusalemme, incidente che poi apr\u00ec un contenzioso che port\u00f2 alla rescissione del contratto tra giocatore e team dopo la fine del campionato.<\/p>\n<p>Al di l\u00e0 delle condizioni di salute e di quelle fisiche &#8211; <strong>Kitchen \u00e8 fermo da un po&#8217;<\/strong> di tempo anche se avrebbe lavorato individualmente a casa sua, in attesa di un ingaggio &#8211; il giocatore andr\u00e0 <strong>ulteriormente valutato in palestra<\/strong> per capire se pu\u00f2 davvero fare al caso della deludente Openjobmetis di questo avvio di stagione. Considerando per\u00f2 che<strong> per scendere in campo domenica<\/strong> (Masnago, 18,15) contro Pesaro dovr\u00e0 essere <strong>tesserato entro le 11 di venerd\u00ec<\/strong>, ecco che le questione si fa urgente. E forse non baster\u00e0<strong> l&#8217;allenamento di oggi<\/strong> &#8211; gioved\u00ec 15 dalle 16,30 &#8211; per prendere una decisione definitiva. Vediamo quindi i tre scenari che si prospettano ai piani alti della sede di Piazza Montegrappa.<\/p>\n<p><span style=\"color: #008000;\"><strong>SEMAFORO VERDE<\/strong><\/span> &#8211; La visita di prassi non evidenzia problemi, quella specialistica neppure. Il giocatore nell&#8217;allenamento serale piace a Moretti e al d.s. Arrigoni e mostra di integrarsi con il resto della squadra. A questo punto Varese lo mette sotto contratto in tempo per giocare contro la Consultinvest, &#8220;spendendo&#8221; cos\u00ec un tesseramento (il 14\u00b0 sui 16 disponibili) e un visto (il 7\u00b0 su 8) ma avendo subito Kitchen a disposizione.<\/p>\n<p><span style=\"color: #ff9900;\"><strong>SEMAFORO GIALLO<\/strong><\/span> &#8211; La parte medica d\u00e0 il proprio ok per il giocatore che per\u00f2, avendo un solo allenamento a disposizione (ed essendo appena sbarcato sull&#8217;aereo) non sembra al top. Kitchen dunque sar\u00e0 trattenuto a Varese per qualche giorno, lavorer\u00e0 di nuovo con i compagni e se piacer\u00e0 verr\u00e0 tesserato settimana prossima, cos\u00ec da esordire nel quarto turno: luned\u00ec 26 contro Sassari. Se invece deluder\u00e0 Moretti, riprender\u00e0 l&#8217;aereo nei giorni a venire.<\/p>\n<p><span style=\"color: #ff0000;\"><strong>SEMAFORO ROSSO \/ 1<\/strong> <\/span>&#8211; Gli esami medici evidenziano la permanenza di qualche problema di salute, in particolare al piede gi\u00e0 infortunato. Non se ne fa nulla.<br \/>\n<span style=\"color: #ff0000;\"><strong>SEMAFORO ROSSO \/ 2<\/strong><\/span> &#8211; A Kitchen viene dato il via libera per giocare ma, alla prova dei fatti, appare largamente fuori condizione oppure inadatto a ricoprire il ruolo richiesto dallo staff tecnico. A questo punto, saremmo gi\u00e0 ai saluti.<\/p>\n","protected":false},"excerpt":{"rendered":"<p>L&#8217;americano \u00e8 atterrato a Malpensa in tempo per visite mediche e primo allenamento ma non \u00e8 detto che sia in campo domenica. Tutti gli scenari possibili<\/p>\n","protected":false},"author":38,"featured_media":0,"comment_status":"open","ping_status":"open","sticky":false,"template":"","format":"standard","meta":{"footnotes":""},"categories":[14],"tags":[153,154],"acf":[],"yoast_head":"<!-- This site is optimized with the Yoast SEO plugin v20.1 - https:\/\/yoast.com\/wordpress\/plugins\/seo\/ -->\n<title>Kitchen prova con la Openjobmetis: ecco cosa pu\u00f2 accadere<\/title>\n<meta name=\"description\" content=\"L&#039;americano \u00e8 atterrato a Malpensa in tempo per visite mediche e primo allenamento ma non \u00e8 detto che sia in campo domenica. Tutti gli scenari possibili\" \/>\n<meta name=\"robots\" content=\"noindex, follow, max-snippet:-1, max-image-preview:large, max-video-preview:-1\" \/>\n<meta property=\"og:locale\" content=\"it_IT\" \/>\n<meta property=\"og:type\" content=\"article\" \/>\n<meta property=\"og:title\" content=\"Kitchen prova con la Openjobmetis: ecco cosa pu\u00f2 accadere\" \/>\n<meta property=\"og:description\" content=\"L&#039;americano \u00e8 atterrato a Malpensa in tempo per visite mediche e primo allenamento ma non \u00e8 detto che sia in campo domenica. Tutti gli scenari possibili\" \/>\n<meta property=\"og:url\" content=\"https:\/\/staging.varesenews.it\/2015\/10\/kitchen-prova-con-la-openjobmetis-ecco-cosa-puo-accadere\/409734\/\" \/>\n<meta property=\"og:site_name\" content=\"VareseNews\" \/>\n<meta property=\"article:publisher\" content=\"https:\/\/www.facebook.com\/varesenews\" \/>\n<meta property=\"article:published_time\" content=\"2015-10-15T13:44:40+00:00\" \/>\n<meta name=\"author\" content=\"Damiano Franzetti\" \/>\n<meta name=\"twitter:card\" content=\"summary_large_image\" \/>\n<meta name=\"twitter:creator\" content=\"@damianofranz\" \/>\n<meta name=\"twitter:site\" content=\"@varesenews\" \/>\n<meta name=\"twitter:label1\" content=\"Scritto da\" \/>\n\t<meta name=\"twitter:data1\" content=\"Damiano Franzetti\" \/>\n\t<meta name=\"twitter:label2\" content=\"Tempo di lettura stimato\" \/>\n\t<meta name=\"twitter:data2\" content=\"2 minuti\" \/>\n<script type=\"application\/ld+json\" class=\"yoast-schema-graph\">{\"@context\":\"https:\/\/schema.org\",\"@graph\":[{\"@type\":\"WebPage\",\"@id\":\"https:\/\/staging.varesenews.it\/2015\/10\/kitchen-prova-con-la-openjobmetis-ecco-cosa-puo-accadere\/409734\/\",\"url\":\"https:\/\/staging.varesenews.it\/2015\/10\/kitchen-prova-con-la-openjobmetis-ecco-cosa-puo-accadere\/409734\/\",\"name\":\"Kitchen prova con la Openjobmetis: ecco cosa pu\u00f2 accadere\",\"isPartOf\":{\"@id\":\"https:\/\/staging.varesenews.it\/#website\"},\"datePublished\":\"2015-10-15T13:44:40+00:00\",\"dateModified\":\"2015-10-15T13:44:40+00:00\",\"author\":{\"@id\":\"https:\/\/staging.varesenews.it\/#\/schema\/person\/709ae3769f6b4dbde8ec332baede8a5b\"},\"description\":\"L'americano \u00e8 atterrato a Malpensa in tempo per visite mediche e primo allenamento ma non \u00e8 detto che sia in campo domenica. Tutti gli scenari possibili\",\"breadcrumb\":{\"@id\":\"https:\/\/staging.varesenews.it\/2015\/10\/kitchen-prova-con-la-openjobmetis-ecco-cosa-puo-accadere\/409734\/#breadcrumb\"},\"inLanguage\":\"it-IT\",\"potentialAction\":[{\"@type\":\"ReadAction\",\"target\":[\"https:\/\/staging.varesenews.it\/2015\/10\/kitchen-prova-con-la-openjobmetis-ecco-cosa-puo-accadere\/409734\/\"]}]},{\"@type\":\"BreadcrumbList\",\"@id\":\"https:\/\/staging.varesenews.it\/2015\/10\/kitchen-prova-con-la-openjobmetis-ecco-cosa-puo-accadere\/409734\/#breadcrumb\",\"itemListElement\":[{\"@type\":\"ListItem\",\"position\":1,\"name\":\"Home\",\"item\":\"https:\/\/www.varesenews.it\/\"},{\"@type\":\"ListItem\",\"position\":2,\"name\":\"Kitchen prova con la Openjobmetis: ecco cosa pu\u00f2 accadere\"}]},{\"@type\":\"WebSite\",\"@id\":\"https:\/\/staging.varesenews.it\/#website\",\"url\":\"https:\/\/staging.varesenews.it\/\",\"name\":\"VareseNews\",\"description\":\"\",\"potentialAction\":[{\"@type\":\"SearchAction\",\"target\":{\"@type\":\"EntryPoint\",\"urlTemplate\":\"https:\/\/staging.varesenews.it\/?s={search_term_string}\"},\"query-input\":\"required name=search_term_string\"}],\"inLanguage\":\"it-IT\"},{\"@type\":\"Person\",\"@id\":\"https:\/\/staging.varesenews.it\/#\/schema\/person\/709ae3769f6b4dbde8ec332baede8a5b\",\"name\":\"Damiano Franzetti\",\"image\":{\"@type\":\"ImageObject\",\"inLanguage\":\"it-IT\",\"@id\":\"https:\/\/staging.varesenews.it\/#\/schema\/person\/image\/\",\"url\":\"https:\/\/staging.varesenews.it\/wp-content\/uploads\/2020\/12\/damiano_franzetti_colori_500.jpg\",\"contentUrl\":\"https:\/\/staging.varesenews.it\/wp-content\/uploads\/2020\/12\/damiano_franzetti_colori_500.jpg\",\"caption\":\"Damiano Franzetti\"},\"description\":\"Classe 1976, una laurea (nel cassetto) in scienze e tecnologie alimentari; sono giornalista professionista dal 2009 nato e cresciuto con VareseNews dove mi occupo soprattutto di sport ormai da vent&rsquo;anni. Inviato sui campi (sulle piste, sulle strade...), intervistatore, coordinatore e responsabile delle pagine sportive, mi ritaglio volentieri lo spazio per scrivere di birra sul blog Malto Gradimento. Ho seguito innumerevoli campionati di Serie A di basket, di serie B di calcio, due Mondiali di ciclismo, qualche Giro d&rsquo;;Italia e tanto altro ancora. Collaboro con Tuttosport e altre testate, mi diletto di social. Ho una moglie, un figlio, vivo nella mia Gemonio e ho purtroppo smesso con il basket giocato. &nbsp;\",\"sameAs\":[\"damianofranz\",\"https:\/\/www.linkedin.com\/profile\/view?id=241597124&trk=nav_responsive_tab_profile\",\"https:\/\/twitter.com\/damianofranz\"],\"url\":\"https:\/\/staging.varesenews.it\/persona\/damiano_franzetti-2\/\"}]}<\/script>\n<!-- \/ Yoast SEO plugin. -->","yoast_head_json":{"title":"Kitchen prova con la Openjobmetis: ecco cosa pu\u00f2 accadere","description":"L'americano \u00e8 atterrato a Malpensa in tempo per visite mediche e primo allenamento ma non \u00e8 detto che sia in campo domenica. Tutti gli scenari possibili","robots":{"index":"noindex","follow":"follow","max-snippet":"max-snippet:-1","max-image-preview":"max-image-preview:large","max-video-preview":"max-video-preview:-1"},"og_locale":"it_IT","og_type":"article","og_title":"Kitchen prova con la Openjobmetis: ecco cosa pu\u00f2 accadere","og_description":"L'americano \u00e8 atterrato a Malpensa in tempo per visite mediche e primo allenamento ma non \u00e8 detto che sia in campo domenica. Tutti gli scenari possibili","og_url":"https:\/\/staging.varesenews.it\/2015\/10\/kitchen-prova-con-la-openjobmetis-ecco-cosa-puo-accadere\/409734\/","og_site_name":"VareseNews","article_publisher":"https:\/\/www.facebook.com\/varesenews","article_published_time":"2015-10-15T13:44:40+00:00","author":"Damiano Franzetti","twitter_card":"summary_large_image","twitter_creator":"@damianofranz","twitter_site":"@varesenews","twitter_misc":{"Scritto da":"Damiano Franzetti","Tempo di lettura stimato":"2 minuti"},"schema":{"@context":"https:\/\/schema.org","@graph":[{"@type":"WebPage","@id":"https:\/\/staging.varesenews.it\/2015\/10\/kitchen-prova-con-la-openjobmetis-ecco-cosa-puo-accadere\/409734\/","url":"https:\/\/staging.varesenews.it\/2015\/10\/kitchen-prova-con-la-openjobmetis-ecco-cosa-puo-accadere\/409734\/","name":"Kitchen prova con la Openjobmetis: ecco cosa pu\u00f2 accadere","isPartOf":{"@id":"https:\/\/staging.varesenews.it\/#website"},"datePublished":"2015-10-15T13:44:40+00:00","dateModified":"2015-10-15T13:44:40+00:00","author":{"@id":"https:\/\/staging.varesenews.it\/#\/schema\/person\/709ae3769f6b4dbde8ec332baede8a5b"},"description":"L'americano \u00e8 atterrato a Malpensa in tempo per visite mediche e primo allenamento ma non \u00e8 detto che sia in campo domenica. Tutti gli scenari possibili","breadcrumb":{"@id":"https:\/\/staging.varesenews.it\/2015\/10\/kitchen-prova-con-la-openjobmetis-ecco-cosa-puo-accadere\/409734\/#breadcrumb"},"inLanguage":"it-IT","potentialAction":[{"@type":"ReadAction","target":["https:\/\/staging.varesenews.it\/2015\/10\/kitchen-prova-con-la-openjobmetis-ecco-cosa-puo-accadere\/409734\/"]}]},{"@type":"BreadcrumbList","@id":"https:\/\/staging.varesenews.it\/2015\/10\/kitchen-prova-con-la-openjobmetis-ecco-cosa-puo-accadere\/409734\/#breadcrumb","itemListElement":[{"@type":"ListItem","position":1,"name":"Home","item":"https:\/\/www.varesenews.it\/"},{"@type":"ListItem","position":2,"name":"Kitchen prova con la Openjobmetis: ecco cosa pu\u00f2 accadere"}]},{"@type":"WebSite","@id":"https:\/\/staging.varesenews.it\/#website","url":"https:\/\/staging.varesenews.it\/","name":"VareseNews","description":"","potentialAction":[{"@type":"SearchAction","target":{"@type":"EntryPoint","urlTemplate":"https:\/\/staging.varesenews.it\/?s={search_term_string}"},"query-input":"required name=search_term_string"}],"inLanguage":"it-IT"},{"@type":"Person","@id":"https:\/\/staging.varesenews.it\/#\/schema\/person\/709ae3769f6b4dbde8ec332baede8a5b","name":"Damiano Franzetti","image":{"@type":"ImageObject","inLanguage":"it-IT","@id":"https:\/\/staging.varesenews.it\/#\/schema\/person\/image\/","url":"https:\/\/staging.varesenews.it\/wp-content\/uploads\/2020\/12\/damiano_franzetti_colori_500.jpg","contentUrl":"https:\/\/staging.varesenews.it\/wp-content\/uploads\/2020\/12\/damiano_franzetti_colori_500.jpg","caption":"Damiano Franzetti"},"description":"Classe 1976, una laurea (nel cassetto) in scienze e tecnologie alimentari; sono giornalista professionista dal 2009 nato e cresciuto con VareseNews dove mi occupo soprattutto di sport ormai da vent&rsquo;anni. Inviato sui campi (sulle piste, sulle strade...), intervistatore, coordinatore e responsabile delle pagine sportive, mi ritaglio volentieri lo spazio per scrivere di birra sul blog Malto Gradimento. Ho seguito innumerevoli campionati di Serie A di basket, di serie B di calcio, due Mondiali di ciclismo, qualche Giro d&rsquo;;Italia e tanto altro ancora. Collaboro con Tuttosport e altre testate, mi diletto di social. Ho una moglie, un figlio, vivo nella mia Gemonio e ho purtroppo smesso con il basket giocato. &nbsp;","sameAs":["damianofranz","https:\/\/www.linkedin.com\/profile\/view?id=241597124&trk=nav_responsive_tab_profile","https:\/\/twitter.com\/damianofranz"],"url":"https:\/\/staging.varesenews.it\/persona\/damiano_franzetti-2\/"}]}},"post_meta":{"_edit_lock":"1444919460:38","_edit_last":"38","_category_permalink":"","wdfb_og_title":"","wdfb_og_type":"","wdfb_og_description":"","wdfb_og_images":"a:1:{i:0;s:0:\"\";}","wdfb_og_custom_name":"a:1:{i:0;s:0:\"\";}","wdfb_og_custom_value":"a:1:{i:0;s:0:\"\";}","argomento":"Basket","_jd_twitter":"","_jd_tweet_this":"yes","ratings_users":"0","ratings_score":"0","ratings_average":"0","foto":"489961","_wpt_short_url":"http:\/\/www.varesenews.it\/2015\/10\/kitchen-prova-con-la-openjobmetis-ecco-cosa-puo-accadere\/409734\/","_wp_jd_target":"http:\/\/www.varesenews.it\/2015\/10\/kitchen-prova-con-la-openjobmetis-ecco-cosa-puo-accadere\/409734\/","_jd_wp_twitter":"a:1:{i:0;s:164:\"Kitchen prova con la Openjobmetis: ecco cosa pu\u00f2 accadere http:\/\/www.varesenews.it\/2015\/10\/kitchen-prova-con-la-openjobmetis-ecco-cosa-puo-accadere\/409734\/ #basket\";}","_wpt_status_message":"Tweet inviato con successo."},"photos":[{"original":"https:\/\/staging.varesenews.it\/photogallery_new\/images\/2015\/10\/baket-derwin-kitchen-489961.jpg","full":"https:\/\/staging.varesenews.it\/photogallery_new\/images\/2015\/10\/baket-derwin-kitchen-489961.1024x768.jpg","large":"https:\/\/staging.varesenews.it\/photogallery_new\/images\/2015\/10\/baket-derwin-kitchen-489961.610x431.jpg"}],"_links":{"self":[{"href":"https:\/\/staging.varesenews.it\/swgapi\/v1\/wp\/v2\/posts\/409734"}],"collection":[{"href":"https:\/\/staging.varesenews.it\/swgapi\/v1\/wp\/v2\/posts"}],"about":[{"href":"https:\/\/staging.varesenews.it\/swgapi\/v1\/wp\/v2\/types\/post"}],"author":[{"embeddable":true,"href":"https:\/\/staging.varesenews.it\/swgapi\/v1\/wp\/v2\/users\/38"}],"replies":[{"embeddable":true,"href":"https:\/\/staging.varesenews.it\/swgapi\/v1\/wp\/v2\/comments?post=409734"}],"version-history":[{"count":0,"href":"https:\/\/staging.varesenews.it\/swgapi\/v1\/wp\/v2\/posts\/409734\/revisions"}],"wp:attachment":[{"href":"https:\/\/staging.varesenews.it\/swgapi\/v1\/wp\/v2\/media?parent=409734"}],"wp:term":[{"taxonomy":"category","embeddable":true,"href":"https:\/\/staging.varesenews.it\/swgapi\/v1\/wp\/v2\/categories?post=409734"},{"taxonomy":"post_tag","embeddable":true,"href":"https:\/\/staging.varesenews.it\/swgapi\/v1\/wp\/v2\/tags?post=409734"}],"curies":[{"name":"wp","href":"https:\/\/api.w.org\/{rel}","templated":true}]}}