{"id":410178,"date":"2015-10-16T17:10:30","date_gmt":"2015-10-16T15:10:30","guid":{"rendered":"http:\/\/www.varesenews.it\/?p=410178"},"modified":"2015-10-16T17:15:11","modified_gmt":"2015-10-16T15:15:11","slug":"gioiellieri-varesini-sbarcano-in-canton-ticino","status":"publish","type":"post","link":"https:\/\/staging.varesenews.it\/2015\/10\/gioiellieri-varesini-sbarcano-in-canton-ticino\/410178\/","title":{"rendered":"&#8220;Svizzeri, venite a Varese a comprare gioielli e orologi&#8221;"},"content":{"rendered":"<p>Non sono affatto spaventati dal fatto che la Svizzera sia la nazione degli orologi pi\u00f9 prestigiosi, n\u00e8 che via Nassa a Lugano sia una strada del lusso internazionale: <strong>dieci gioiellieri della provincia di Varese<\/strong>, certi di avere argomenti convincenti, \u00a0hanno deciso di \u201candare a casa loro\u201d per comunicare ai vicini svizzeri la possibilit\u00e0 di acquistare gioielli e orologi nelle gioiellerie italiane. Approfittando del cambio svizzero favorevole, del risparmio dell\u2019Iva e dei prezzi gi\u00e0 di per s\u00e8 pi\u00f9 convenienti.<\/p>\n<p>Per farlo, il gruppo di gioiellieri e orologiai appartenenti a Confcommercio Varese ha acquistato<strong> quattro pubblicit\u00e0 sulle fiancate di altrettanti bus urbani di Lugano<\/strong>, e <strong>14 cartelloni<\/strong>: non solo sparsi nella capitale finanziaria e del lusso del Cantone, ma anche nelle strade di accesso ai confini di <strong>Ponte Tresa<\/strong>, <strong>Chiasso<\/strong> e <strong>Gaggiolo<\/strong>. Un investimento totale di circa <strong>10mila euro<\/strong>: \u00abUn costo che non saremmo stati in grado di sostenere autonomamente &#8211; spiega il capofila dell\u2019operazione, <strong>Marco Parravicini<\/strong>, presidente del Gruppo Gioiellieri di Confcommercio Varese, che conta circa 140 aderenti, e motore di questa particolare iniziativa &#8211; ma che \u00e8 stato possibile affrontare insieme\u00bb.<\/p>\n<p><strong>&#8220;NEL VARESOTTO I DESIDERI SONO PIU&#8217; CONVENIENTI&#8221;<\/strong><\/p>\n<p>Il grande cartello che sta girando nei luoghi strategici del cantone, ricorda in particolare che:<\/p>\n<blockquote><p><em>\u00abNel Varesotto i tuoi desideri sono pi\u00f9 convenienti! Se desideri acquistare un gioiello un orologio delle migliori marche, rivolgiti alle gioiellerie della provincia di Varese aderenti all&#8217;iniziativa di Confcommercio Varese e scoprirai quanto potrai risparmiare, grazie al rimborso dell&#8217;Iva italiana e al cambio vantaggioso. Per pagamenti in contanti il cambio sar\u00e0 1 ChF- 1 Eu\u00bb.<\/em><\/p><\/blockquote>\n<p>Pi\u00f9 chiaro di cos\u00ec, i commercianti varesini aderenti non potevano essere: ma sempre nel cartello rimandano alla <a href=\"https:\/\/www.facebook.com\/Gioiellieri-Varese-445661005592258\/\" target=\"_blank\">pagina facebook \u201c<strong>Gioiellieri Varese<\/strong>\u201d<\/a> che spiega nei particolari quali sono le gioiellerie aderenti che tra Iva, cambio vantaggioso e la \u201cpromozione \u201c1-1\u201d per il cambio di chi acquista contanti possono permettere agli acquirenti d\u2019oltre frontiera oltre il 20% di sconto rispetto ai prezzi svizzeri.<\/p>\n<p><strong>&#8220;UN&#8217;INIZIATIVA CHE FA CONCORRENZA AGLI OROLOGIAI SVIZZERI IN SVIZZERA&#8221;<\/strong><\/p>\n<div class=\"photo-inside-post\"><img decoding=\"async\" loading=\"lazy\" fetchpriority=\"low\" width=\"610\" height=\"431\" src=\"https:\/\/staging.varesenews.it\/photogallery_new\/images\/2015\/10\/la-pubblicit-dei-gioiellieri-varesini-in-svizzera-490141.610x431.jpg\" alt=\"La pubblicit\u00e0 dei gioiellieri varesini in Svizzera\"><\/div>\n<p>\u00abE\u2019 la prima volta che operiamo in territorio elvetico &#8211; ha commentato<strong> Sergio Bellani<\/strong>, direttore di Uniascom Confcommercio Varese &#8211; E devo dire la verit\u00e0 che una iniziativa di gioiellieri e orologiai che fa concorrenza al paese dei principali produttori di orologi fa sorridere, e inorgoglisce un po\u2019\u00bb<\/p>\n<p>Del resto, non \u00e8 solo il prezzo a convincere i clienti della Confederazione: \u00abI clienti svizzeri apprezzano molto i commercianti italiani &#8211; Testimonia <strong>Alessandra Ceccuzzi<\/strong>, proprietaria con la famiglia delle gioiellerie Ceccuzzi di Busto Arsizio, Varese e Como &#8211; anche e soprattutto per l\u2019approccio che hanno verso il cliente. Si sentono coccolati e ben indirizzati\u00bb.<\/p>\n<p>\u00abDopo tanti anni in cui abbiamo visto gli italiani andare a fare acquisti in Canton Ticino, fa piacere ora vedere finalmente fare il percorso inverso &#8211; commenta <strong>Riccardo Nicora<\/strong>, l\u2019esclusivista Rolex di Varese, che aderisce all\u2019iniziativa portando con se un marchio che rappresenta l\u2019eccellenza svizzera &#8211; Con questa iniziativa vogliamo spiegare questa possibilit\u00e0 a chi non la conosce ancora\u00bb.<\/p>\n<p>Del resto: \u00abIo ricordo sempre che tutti conoscono la Nutella, o la Coca Cola: ma questo non impedisce loro di considerare importante la pubblicit\u00e0 &#8211; conclude Parravicini &#8211; Anche in questo caso, se gi\u00e0 un buon numero di clienti svizzeri sa di poter contare qui su una offerta che non trova a Lugano o Bellinzona, nulla vieta di incrementarne il numero. Vale la pena di aumentare il numero di clienti che gi\u00e0 abbiamo, riteniamo che ce ne siano gli spazi\u00bb.<\/p>\n","protected":false},"excerpt":{"rendered":"<p>Dieci gioiellieri della provincia di Varese, certi di avere argomenti convincenti,  hanno deciso di comunicare ai vicini svizzeri la possibilit\u00e0 di acquistare gioielli e orologi nelle gioiellerie italiane<\/p>\n","protected":false},"author":48,"featured_media":0,"comment_status":"open","ping_status":"open","sticky":false,"template":"","format":"standard","meta":{"footnotes":""},"categories":[8,15,26,2],"tags":[13566,3198],"acf":[],"yoast_head":"<!-- This site is optimized with the Yoast SEO plugin v20.1 - https:\/\/yoast.com\/wordpress\/plugins\/seo\/ -->\n<title>&quot;Svizzeri, venite a Varese a comprare gioielli e orologi&quot;<\/title>\n<meta name=\"description\" content=\"Dieci gioiellieri della provincia di Varese hanno deciso di comunicare ai vicini svizzeri la possibilit\u00e0 di acquistare gioielli e orologi in Italia\" \/>\n<meta name=\"robots\" content=\"noindex, follow, max-snippet:-1, max-image-preview:large, max-video-preview:-1\" \/>\n<meta property=\"og:locale\" content=\"it_IT\" \/>\n<meta property=\"og:type\" content=\"article\" \/>\n<meta property=\"og:title\" content=\"&quot;Svizzeri, venite a Varese a comprare gioielli e orologi&quot;\" \/>\n<meta property=\"og:description\" content=\"Dieci gioiellieri della provincia di Varese hanno deciso di comunicare ai vicini svizzeri la possibilit\u00e0 di acquistare gioielli e orologi in Italia\" \/>\n<meta property=\"og:url\" content=\"https:\/\/www.varesenews.it\/2015\/10\/gioiellieri-varesini-sbarcano-in-canton-ticino\/410178\/\" \/>\n<meta property=\"og:site_name\" content=\"VareseNews\" \/>\n<meta property=\"article:publisher\" content=\"https:\/\/www.facebook.com\/varesenews\" \/>\n<meta property=\"article:author\" content=\"https:\/\/www.facebook.com\/stefaniaradman\" \/>\n<meta property=\"article:published_time\" content=\"2015-10-16T15:10:30+00:00\" \/>\n<meta property=\"article:modified_time\" content=\"2015-10-16T15:15:11+00:00\" \/>\n<meta name=\"author\" content=\"Stefania Radman\" \/>\n<meta name=\"twitter:card\" content=\"summary_large_image\" \/>\n<meta name=\"twitter:creator\" content=\"@LaRadman\" \/>\n<meta name=\"twitter:site\" content=\"@varesenews\" \/>\n<meta name=\"twitter:label1\" content=\"Scritto da\" \/>\n\t<meta name=\"twitter:data1\" content=\"Stefania Radman\" \/>\n\t<meta name=\"twitter:label2\" content=\"Tempo di lettura stimato\" \/>\n\t<meta name=\"twitter:data2\" content=\"3 minuti\" \/>\n<script type=\"application\/ld+json\" class=\"yoast-schema-graph\">{\"@context\":\"https:\/\/schema.org\",\"@graph\":[{\"@type\":\"WebPage\",\"@id\":\"https:\/\/www.varesenews.it\/2015\/10\/gioiellieri-varesini-sbarcano-in-canton-ticino\/410178\/\",\"url\":\"https:\/\/www.varesenews.it\/2015\/10\/gioiellieri-varesini-sbarcano-in-canton-ticino\/410178\/\",\"name\":\"\\\"Svizzeri, venite a Varese a comprare gioielli e orologi\\\"\",\"isPartOf\":{\"@id\":\"https:\/\/staging.varesenews.it\/#website\"},\"datePublished\":\"2015-10-16T15:10:30+00:00\",\"dateModified\":\"2015-10-16T15:15:11+00:00\",\"author\":{\"@id\":\"https:\/\/staging.varesenews.it\/#\/schema\/person\/995d2e6a31c67237a9a1bc1f0079f3aa\"},\"description\":\"Dieci gioiellieri della provincia di Varese hanno deciso di comunicare ai vicini svizzeri la possibilit\u00e0 di acquistare gioielli e orologi in Italia\",\"breadcrumb\":{\"@id\":\"https:\/\/www.varesenews.it\/2015\/10\/gioiellieri-varesini-sbarcano-in-canton-ticino\/410178\/#breadcrumb\"},\"inLanguage\":\"it-IT\",\"potentialAction\":[{\"@type\":\"ReadAction\",\"target\":[\"https:\/\/www.varesenews.it\/2015\/10\/gioiellieri-varesini-sbarcano-in-canton-ticino\/410178\/\"]}]},{\"@type\":\"BreadcrumbList\",\"@id\":\"https:\/\/www.varesenews.it\/2015\/10\/gioiellieri-varesini-sbarcano-in-canton-ticino\/410178\/#breadcrumb\",\"itemListElement\":[{\"@type\":\"ListItem\",\"position\":1,\"name\":\"Home\",\"item\":\"https:\/\/www.varesenews.it\/\"},{\"@type\":\"ListItem\",\"position\":2,\"name\":\"&#8220;Svizzeri, venite a Varese a comprare gioielli e orologi&#8221;\"}]},{\"@type\":\"WebSite\",\"@id\":\"https:\/\/staging.varesenews.it\/#website\",\"url\":\"https:\/\/staging.varesenews.it\/\",\"name\":\"VareseNews\",\"description\":\"\",\"potentialAction\":[{\"@type\":\"SearchAction\",\"target\":{\"@type\":\"EntryPoint\",\"urlTemplate\":\"https:\/\/staging.varesenews.it\/?s={search_term_string}\"},\"query-input\":\"required name=search_term_string\"}],\"inLanguage\":\"it-IT\"},{\"@type\":\"Person\",\"@id\":\"https:\/\/staging.varesenews.it\/#\/schema\/person\/995d2e6a31c67237a9a1bc1f0079f3aa\",\"name\":\"Stefania Radman\",\"image\":{\"@type\":\"ImageObject\",\"inLanguage\":\"it-IT\",\"@id\":\"https:\/\/staging.varesenews.it\/#\/schema\/person\/image\/\",\"url\":\"https:\/\/staging.varesenews.it\/wp-content\/uploads\/2020\/12\/stefania_radman_colori_500.jpg\",\"contentUrl\":\"https:\/\/staging.varesenews.it\/wp-content\/uploads\/2020\/12\/stefania_radman_colori_500.jpg\",\"caption\":\"Stefania Radman\"},\"description\":\"Varesina dal 1991, lavoro dal 2000 per Varesenews.it, prima come responsabile della pagina dell&rsquo;economia, poi della pagina life, ora della citt&agrave; di Varese.Ma sono (e sono stata) anche altro: per esempio, agli albori delle radio private ero dj in una radio milanese, Onda Radio. Da 20 anni sono corrispondente da Varese di Radio Popolare e ho collaborato con Espresso, Repubblica, Diario della Settimana, Italia Oggi. &ldquo;Smanettona&rdquo; da sempre, ho aperto il mio primo sito personale con Geocities nei primi anni novanta (chi se lo ricorda?) e i miei primi blog in Splinder all&rsquo;inizio del 2000. Ora sono sui social: qui quasi sempre sono semplicemente \\\"LaRadman&rdquo;.\",\"sameAs\":[\"http:\/\/laradman.blogspot.it\",\"https:\/\/www.facebook.com\/stefaniaradman\",\"@LaRadman\",\"https:\/\/www.linkedin.com\/in\/stefaniaradman\",\"https:\/\/twitter.com\/LaRadman\"],\"url\":\"https:\/\/staging.varesenews.it\/persona\/stefania-radman1\/\"}]}<\/script>\n<!-- \/ Yoast SEO plugin. -->","yoast_head_json":{"title":"\"Svizzeri, venite a Varese a comprare gioielli e orologi\"","description":"Dieci gioiellieri della provincia di Varese hanno deciso di comunicare ai vicini svizzeri la possibilit\u00e0 di acquistare gioielli e orologi in Italia","robots":{"index":"noindex","follow":"follow","max-snippet":"max-snippet:-1","max-image-preview":"max-image-preview:large","max-video-preview":"max-video-preview:-1"},"og_locale":"it_IT","og_type":"article","og_title":"\"Svizzeri, venite a Varese a comprare gioielli e orologi\"","og_description":"Dieci gioiellieri della provincia di Varese hanno deciso di comunicare ai vicini svizzeri la possibilit\u00e0 di acquistare gioielli e orologi in Italia","og_url":"https:\/\/www.varesenews.it\/2015\/10\/gioiellieri-varesini-sbarcano-in-canton-ticino\/410178\/","og_site_name":"VareseNews","article_publisher":"https:\/\/www.facebook.com\/varesenews","article_author":"https:\/\/www.facebook.com\/stefaniaradman","article_published_time":"2015-10-16T15:10:30+00:00","article_modified_time":"2015-10-16T15:15:11+00:00","author":"Stefania Radman","twitter_card":"summary_large_image","twitter_creator":"@LaRadman","twitter_site":"@varesenews","twitter_misc":{"Scritto da":"Stefania Radman","Tempo di lettura stimato":"3 minuti"},"schema":{"@context":"https:\/\/schema.org","@graph":[{"@type":"WebPage","@id":"https:\/\/www.varesenews.it\/2015\/10\/gioiellieri-varesini-sbarcano-in-canton-ticino\/410178\/","url":"https:\/\/www.varesenews.it\/2015\/10\/gioiellieri-varesini-sbarcano-in-canton-ticino\/410178\/","name":"\"Svizzeri, venite a Varese a comprare gioielli e orologi\"","isPartOf":{"@id":"https:\/\/staging.varesenews.it\/#website"},"datePublished":"2015-10-16T15:10:30+00:00","dateModified":"2015-10-16T15:15:11+00:00","author":{"@id":"https:\/\/staging.varesenews.it\/#\/schema\/person\/995d2e6a31c67237a9a1bc1f0079f3aa"},"description":"Dieci gioiellieri della provincia di Varese hanno deciso di comunicare ai vicini svizzeri la possibilit\u00e0 di acquistare gioielli e orologi in Italia","breadcrumb":{"@id":"https:\/\/www.varesenews.it\/2015\/10\/gioiellieri-varesini-sbarcano-in-canton-ticino\/410178\/#breadcrumb"},"inLanguage":"it-IT","potentialAction":[{"@type":"ReadAction","target":["https:\/\/www.varesenews.it\/2015\/10\/gioiellieri-varesini-sbarcano-in-canton-ticino\/410178\/"]}]},{"@type":"BreadcrumbList","@id":"https:\/\/www.varesenews.it\/2015\/10\/gioiellieri-varesini-sbarcano-in-canton-ticino\/410178\/#breadcrumb","itemListElement":[{"@type":"ListItem","position":1,"name":"Home","item":"https:\/\/www.varesenews.it\/"},{"@type":"ListItem","position":2,"name":"&#8220;Svizzeri, venite a Varese a comprare gioielli e orologi&#8221;"}]},{"@type":"WebSite","@id":"https:\/\/staging.varesenews.it\/#website","url":"https:\/\/staging.varesenews.it\/","name":"VareseNews","description":"","potentialAction":[{"@type":"SearchAction","target":{"@type":"EntryPoint","urlTemplate":"https:\/\/staging.varesenews.it\/?s={search_term_string}"},"query-input":"required name=search_term_string"}],"inLanguage":"it-IT"},{"@type":"Person","@id":"https:\/\/staging.varesenews.it\/#\/schema\/person\/995d2e6a31c67237a9a1bc1f0079f3aa","name":"Stefania Radman","image":{"@type":"ImageObject","inLanguage":"it-IT","@id":"https:\/\/staging.varesenews.it\/#\/schema\/person\/image\/","url":"https:\/\/staging.varesenews.it\/wp-content\/uploads\/2020\/12\/stefania_radman_colori_500.jpg","contentUrl":"https:\/\/staging.varesenews.it\/wp-content\/uploads\/2020\/12\/stefania_radman_colori_500.jpg","caption":"Stefania Radman"},"description":"Varesina dal 1991, lavoro dal 2000 per Varesenews.it, prima come responsabile della pagina dell&rsquo;economia, poi della pagina life, ora della citt&agrave; di Varese.Ma sono (e sono stata) anche altro: per esempio, agli albori delle radio private ero dj in una radio milanese, Onda Radio. Da 20 anni sono corrispondente da Varese di Radio Popolare e ho collaborato con Espresso, Repubblica, Diario della Settimana, Italia Oggi. &ldquo;Smanettona&rdquo; da sempre, ho aperto il mio primo sito personale con Geocities nei primi anni novanta (chi se lo ricorda?) e i miei primi blog in Splinder all&rsquo;inizio del 2000. Ora sono sui social: qui quasi sempre sono semplicemente \"LaRadman&rdquo;.","sameAs":["http:\/\/laradman.blogspot.it","https:\/\/www.facebook.com\/stefaniaradman","@LaRadman","https:\/\/www.linkedin.com\/in\/stefaniaradman","https:\/\/twitter.com\/LaRadman"],"url":"https:\/\/staging.varesenews.it\/persona\/stefania-radman1\/"}]}},"post_meta":{"_edit_lock":"1445008652:48","_edit_last":"48","_category_permalink":"15","wdfb_og_title":"","wdfb_og_type":"","wdfb_og_description":"","wdfb_og_images":"a:1:{i:0;s:0:\"\";}","wdfb_og_custom_name":"a:1:{i:0;s:0:\"\";}","wdfb_og_custom_value":"a:1:{i:0;s:0:\"\";}","argomento":"Varese","_yoast_wpseo_focuskw":"gioiellieri","_yoast_wpseo_metadesc":"Dieci gioiellieri della provincia di Varese hanno deciso di comunicare ai vicini svizzeri la possibilit\u00e0 di acquistare gioielli e orologi in Italia","_jd_twitter":"","_jd_tweet_this":"yes","_yoast_wpseo_linkdex":"79","foto":"490140,490141","ratings_users":"0","ratings_score":"0","ratings_average":"0","_wpt_short_url":"http:\/\/www.varesenews.it\/2015\/10\/gioiellieri-varesini-sbarcano-in-canton-ticino\/410178\/","_wp_jd_target":"http:\/\/www.varesenews.it\/2015\/10\/gioiellieri-varesini-sbarcano-in-canton-ticino\/410178\/","_jd_wp_twitter":"a:1:{i:0;s:157:\"Gioiellieri varesini sbarcano in Canton Ticino http:\/\/www.varesenews.it\/2015\/10\/gioiellieri-varesini-sbarcano-in-canton-ticino\/410178\/ #gioiellieri #uniascom\";}","_wpt_status_message":"Tweet inviato con successo."},"photos":[{"original":"https:\/\/staging.varesenews.it\/photogallery_new\/images\/2015\/10\/la-pubblicit-dei-gioiellieri-varesini-in-svizzera-490140.jpg","full":"https:\/\/staging.varesenews.it\/photogallery_new\/images\/2015\/10\/la-pubblicit-dei-gioiellieri-varesini-in-svizzera-490140.1024x768.jpg","large":"https:\/\/staging.varesenews.it\/photogallery_new\/images\/2015\/10\/la-pubblicit-dei-gioiellieri-varesini-in-svizzera-490140.610x431.jpg"},{"original":"https:\/\/staging.varesenews.it\/photogallery_new\/images\/2015\/10\/la-pubblicit-dei-gioiellieri-varesini-in-svizzera-490141.jpg","full":"https:\/\/staging.varesenews.it\/photogallery_new\/images\/2015\/10\/la-pubblicit-dei-gioiellieri-varesini-in-svizzera-490141.1024x768.jpg","large":"https:\/\/staging.varesenews.it\/photogallery_new\/images\/2015\/10\/la-pubblicit-dei-gioiellieri-varesini-in-svizzera-490141.610x431.jpg"}],"_links":{"self":[{"href":"https:\/\/staging.varesenews.it\/swgapi\/v1\/wp\/v2\/posts\/410178"}],"collection":[{"href":"https:\/\/staging.varesenews.it\/swgapi\/v1\/wp\/v2\/posts"}],"about":[{"href":"https:\/\/staging.varesenews.it\/swgapi\/v1\/wp\/v2\/types\/post"}],"author":[{"embeddable":true,"href":"https:\/\/staging.varesenews.it\/swgapi\/v1\/wp\/v2\/users\/48"}],"replies":[{"embeddable":true,"href":"https:\/\/staging.varesenews.it\/swgapi\/v1\/wp\/v2\/comments?post=410178"}],"version-history":[{"count":0,"href":"https:\/\/staging.varesenews.it\/swgapi\/v1\/wp\/v2\/posts\/410178\/revisions"}],"wp:attachment":[{"href":"https:\/\/staging.varesenews.it\/swgapi\/v1\/wp\/v2\/media?parent=410178"}],"wp:term":[{"taxonomy":"category","embeddable":true,"href":"https:\/\/staging.varesenews.it\/swgapi\/v1\/wp\/v2\/categories?post=410178"},{"taxonomy":"post_tag","embeddable":true,"href":"https:\/\/staging.varesenews.it\/swgapi\/v1\/wp\/v2\/tags?post=410178"}],"curies":[{"name":"wp","href":"https:\/\/api.w.org\/{rel}","templated":true}]}}