{"id":410737,"date":"2015-10-19T16:49:38","date_gmt":"2015-10-19T14:49:38","guid":{"rendered":"http:\/\/www.varesenews.it\/?p=410737"},"modified":"2015-10-19T18:37:42","modified_gmt":"2015-10-19T16:37:42","slug":"primarie-tensioni-io-non-voglio-marantelli","status":"publish","type":"post","link":"https:\/\/staging.varesenews.it\/2015\/10\/primarie-tensioni-io-non-voglio-marantelli\/410737\/","title":{"rendered":"Primarie, tensioni: &#8220;Io non voglio Marantelli&#8221;"},"content":{"rendered":"<p><strong>Si va definendo<\/strong> la griglia dei candidati alle primarie del centrosinistra. Luned\u00ec sera il direttivo del Pd ratifica la scelta di effettuare la consultazione con il comitato civico Varese 2.0, ci sar\u00e0 tempo probabilmente fino a met\u00e0 novembre per le candidature.<\/p>\n<p><strong>C&#8217;\u00e8 tensione a sinistra<\/strong> per la scelta di Sel di non aderire (e per le accuse che ne sono seguite) mentre c&#8217;\u00e8 molta curiosit\u00e0 e attesa sulla decisione dell&#8217;onorevole Daniele Marantelli a cui alcuni esponenti del partito hanno chiesto di\u00a0partecipare alle primarie.<\/p>\n<p><strong>Il dibattito su Marantelli<\/strong> va avanti sia nel partito che fuori. Oggi addirittura un sindaco del Pd, Silvio Aimetti, interviene sulla sua pagina facebook auspicando che <strong>Marantelli<\/strong> non partecipi alla primarie. Aimetti all&#8217;ultimo congresso provinciale aveva sostenuto il renziano Astuti, eppure secondo molte ricostruzioni i renziani vorrebbero che il deputato di Varese partecipasse.<\/p>\n<p><strong>La posizione di Aimetti<\/strong> \u00e8 quindi decisamente personale anche se il<strong> sindaco di Comerio<\/strong>, divenuto famoso per aver &#8220;prestato&#8221; casa sua ai profughi, \u00e8 apparso nel blog di Dino de Simone, uno dei due candidati del Pd alle primarie. Fino a oggi i\u00a0candidati sono Davide Galimberti (Pd), Dino De Simone (Pd) e Daniele Zanzi di Varese 2.0. Ecco la nota di Aimetti.<\/p>\n<blockquote><p>&#8220;<strong>Sto leggendo<\/strong> in questi giorni molti endorsement o richieste di discesa in campo all&#8217;on. Daniele Marantelli quale candidato sindaco di Varese. Il mio parere \u00e8 diverso, nel senso che la mia speranza \u00e8 che non si candidi ma che, facendo riferimento anche a quanto postato l&#8217;altro giorno da una persona del mio partito che stimo molto, <strong><a class=\"profileLink\" href=\"https:\/\/www.facebook.com\/giuseppe.adamoli\" data-hovercard=\"\/ajax\/hovercard\/user.php?id=1533344782\">Giuseppe Adamoli<\/a>,<\/strong> che lo invitava a prendere una decisione dicendo o si\/si o no\/no, possa invece dire no\/si e cio\u00e8, no alla candid<span class=\"text_exposed_show\">atura e si all&#8217;appoggio, dopo l&#8217;esito delle primarie, al candidato che correr\u00e0 per la carica di Palazzo Estense. Pur essendo un sindaco da oltre quattro anni <strong>, iscritto al PD<\/strong> da circa 3 (sono un nativo in un certo senso), non ho mai avuto l&#8217;opportunit\u00e0 di conoscerlo, ma da quanto letto nei suoi interventi e dai diversi colloqui avuti con persone che lo conoscono, mi sono convinto che il suo supporto da esterno, in questo momento, sarebbe probabilmente pi\u00f9 prezioso della sua candidatura.\u00a0<strong>Resta chiaro<\/strong> che se si candider\u00e0 e vincer\u00e0 le primarie sar\u00f2 il primo, magari in un progetto pi\u00f9 ampio di citt\u00e0 federata, a rendermi disponibile nel collaborare per quanto \u00e8 nelle mie capacit\u00e0&#8221;.<\/span><\/p><\/blockquote>\n","protected":false},"excerpt":{"rendered":"<p>C&#8217;\u00e8 chi fa pressing sull&#8217;onorevole, e chi invece gli chiede di non farlo<\/p>\n","protected":false},"author":50,"featured_media":0,"comment_status":"open","ping_status":"open","sticky":false,"template":"","format":"standard","meta":{"footnotes":""},"categories":[16,2],"tags":[50291],"acf":[],"yoast_head":"<!-- This site is optimized with the Yoast SEO plugin v20.1 - https:\/\/yoast.com\/wordpress\/plugins\/seo\/ -->\n<title>Primarie, tensioni: &quot;Io non voglio Marantelli&quot;<\/title>\n<meta name=\"description\" content=\"Primarie, tensioni: &quot;Io non voglio Marantelli&quot;\" \/>\n<meta name=\"robots\" content=\"noindex, follow, max-snippet:-1, max-image-preview:large, max-video-preview:-1\" \/>\n<meta property=\"og:locale\" content=\"it_IT\" \/>\n<meta property=\"og:type\" content=\"article\" \/>\n<meta property=\"og:title\" content=\"Primarie, tensioni: &quot;Io non voglio Marantelli&quot;\" \/>\n<meta property=\"og:description\" content=\"Primarie, tensioni: &quot;Io non voglio Marantelli&quot;\" \/>\n<meta property=\"og:url\" content=\"https:\/\/staging.varesenews.it\/2015\/10\/primarie-tensioni-io-non-voglio-marantelli\/410737\/\" \/>\n<meta property=\"og:site_name\" content=\"VareseNews\" \/>\n<meta property=\"article:publisher\" content=\"https:\/\/www.facebook.com\/varesenews\" \/>\n<meta property=\"article:published_time\" content=\"2015-10-19T14:49:38+00:00\" \/>\n<meta property=\"article:modified_time\" content=\"2015-10-19T16:37:42+00:00\" \/>\n<meta name=\"author\" content=\"Roberto Rotondo\" \/>\n<meta name=\"twitter:card\" content=\"summary_large_image\" \/>\n<meta name=\"twitter:creator\" content=\"@robertorotondo\" \/>\n<meta name=\"twitter:site\" content=\"@varesenews\" \/>\n<meta name=\"twitter:label1\" content=\"Scritto da\" \/>\n\t<meta name=\"twitter:data1\" content=\"Roberto Rotondo\" \/>\n\t<meta name=\"twitter:label2\" content=\"Tempo di lettura stimato\" \/>\n\t<meta name=\"twitter:data2\" content=\"2 minuti\" \/>\n<script type=\"application\/ld+json\" class=\"yoast-schema-graph\">{\"@context\":\"https:\/\/schema.org\",\"@graph\":[{\"@type\":\"WebPage\",\"@id\":\"https:\/\/staging.varesenews.it\/2015\/10\/primarie-tensioni-io-non-voglio-marantelli\/410737\/\",\"url\":\"https:\/\/staging.varesenews.it\/2015\/10\/primarie-tensioni-io-non-voglio-marantelli\/410737\/\",\"name\":\"Primarie, tensioni: \\\"Io non voglio Marantelli\\\"\",\"isPartOf\":{\"@id\":\"https:\/\/staging.varesenews.it\/#website\"},\"datePublished\":\"2015-10-19T14:49:38+00:00\",\"dateModified\":\"2015-10-19T16:37:42+00:00\",\"author\":{\"@id\":\"https:\/\/staging.varesenews.it\/#\/schema\/person\/bace96b9ce1b4905df659e51a83c17fe\"},\"description\":\"Primarie, tensioni: \\\"Io non voglio Marantelli\\\"\",\"breadcrumb\":{\"@id\":\"https:\/\/staging.varesenews.it\/2015\/10\/primarie-tensioni-io-non-voglio-marantelli\/410737\/#breadcrumb\"},\"inLanguage\":\"it-IT\",\"potentialAction\":[{\"@type\":\"ReadAction\",\"target\":[\"https:\/\/staging.varesenews.it\/2015\/10\/primarie-tensioni-io-non-voglio-marantelli\/410737\/\"]}]},{\"@type\":\"BreadcrumbList\",\"@id\":\"https:\/\/staging.varesenews.it\/2015\/10\/primarie-tensioni-io-non-voglio-marantelli\/410737\/#breadcrumb\",\"itemListElement\":[{\"@type\":\"ListItem\",\"position\":1,\"name\":\"Home\",\"item\":\"https:\/\/www.varesenews.it\/\"},{\"@type\":\"ListItem\",\"position\":2,\"name\":\"Primarie, tensioni: &#8220;Io non voglio Marantelli&#8221;\"}]},{\"@type\":\"WebSite\",\"@id\":\"https:\/\/staging.varesenews.it\/#website\",\"url\":\"https:\/\/staging.varesenews.it\/\",\"name\":\"VareseNews\",\"description\":\"\",\"potentialAction\":[{\"@type\":\"SearchAction\",\"target\":{\"@type\":\"EntryPoint\",\"urlTemplate\":\"https:\/\/staging.varesenews.it\/?s={search_term_string}\"},\"query-input\":\"required name=search_term_string\"}],\"inLanguage\":\"it-IT\"},{\"@type\":\"Person\",\"@id\":\"https:\/\/staging.varesenews.it\/#\/schema\/person\/bace96b9ce1b4905df659e51a83c17fe\",\"name\":\"Roberto Rotondo\",\"image\":{\"@type\":\"ImageObject\",\"inLanguage\":\"it-IT\",\"@id\":\"https:\/\/staging.varesenews.it\/#\/schema\/person\/image\/\",\"url\":\"https:\/\/staging.varesenews.it\/wp-content\/uploads\/2015\/03\/10888676_10204734543537926_609787919772941341_n.jpg\",\"contentUrl\":\"https:\/\/staging.varesenews.it\/wp-content\/uploads\/2015\/03\/10888676_10204734543537926_609787919772941341_n.jpg\",\"caption\":\"Roberto Rotondo\"},\"description\":\"Nato a Varese nel 1972. Laureato in Storia alla Statale di Milano. A Varese News dal 1998. Ho iniziato a scrivere su riviste locali, poi sono entrato nel progetto di Varese News quando ancora era agli inizi. Nel frattempo mi sono occupato di ricerca storica e ho collaborato con un settimanale e un quotidiano della Svizzera italiana scrivendo di cronaca e politica. Mi sono preso una pausa da Varese nel 2004. Ho lavorato per alcuni anni a Milano all'agenzia di stampa Adnkronos, con qualche stage a Roma nei palazzi della politica. Lanci di agenzia e servizi tv multimediali erano tra i miei compiti. In quegli anni ho lavorato per alcune radio anche nazionali, Radio Capital su tutte, come corrispondente locale. Ho scritto anche per un settimanale di gossip, ma sempre cronaca nera. Ed eccomi qui. Dal 2007 lavoro anche per il Corriere della sera, di cui sono corrispondente. A Varesenews sono ormai uno dei senatori. Mi occupo di cronaca nera, giudiziaria e di politica e della cronaca cittadina di Varese.\",\"sameAs\":[\"robertorotondo\",\"https:\/\/twitter.com\/robertorotondo\"],\"url\":\"https:\/\/staging.varesenews.it\/persona\/roberto-rotondo\/\"}]}<\/script>\n<!-- \/ Yoast SEO plugin. -->","yoast_head_json":{"title":"Primarie, tensioni: \"Io non voglio Marantelli\"","description":"Primarie, tensioni: \"Io non voglio Marantelli\"","robots":{"index":"noindex","follow":"follow","max-snippet":"max-snippet:-1","max-image-preview":"max-image-preview:large","max-video-preview":"max-video-preview:-1"},"og_locale":"it_IT","og_type":"article","og_title":"Primarie, tensioni: \"Io non voglio Marantelli\"","og_description":"Primarie, tensioni: \"Io non voglio Marantelli\"","og_url":"https:\/\/staging.varesenews.it\/2015\/10\/primarie-tensioni-io-non-voglio-marantelli\/410737\/","og_site_name":"VareseNews","article_publisher":"https:\/\/www.facebook.com\/varesenews","article_published_time":"2015-10-19T14:49:38+00:00","article_modified_time":"2015-10-19T16:37:42+00:00","author":"Roberto Rotondo","twitter_card":"summary_large_image","twitter_creator":"@robertorotondo","twitter_site":"@varesenews","twitter_misc":{"Scritto da":"Roberto Rotondo","Tempo di lettura stimato":"2 minuti"},"schema":{"@context":"https:\/\/schema.org","@graph":[{"@type":"WebPage","@id":"https:\/\/staging.varesenews.it\/2015\/10\/primarie-tensioni-io-non-voglio-marantelli\/410737\/","url":"https:\/\/staging.varesenews.it\/2015\/10\/primarie-tensioni-io-non-voglio-marantelli\/410737\/","name":"Primarie, tensioni: \"Io non voglio Marantelli\"","isPartOf":{"@id":"https:\/\/staging.varesenews.it\/#website"},"datePublished":"2015-10-19T14:49:38+00:00","dateModified":"2015-10-19T16:37:42+00:00","author":{"@id":"https:\/\/staging.varesenews.it\/#\/schema\/person\/bace96b9ce1b4905df659e51a83c17fe"},"description":"Primarie, tensioni: \"Io non voglio Marantelli\"","breadcrumb":{"@id":"https:\/\/staging.varesenews.it\/2015\/10\/primarie-tensioni-io-non-voglio-marantelli\/410737\/#breadcrumb"},"inLanguage":"it-IT","potentialAction":[{"@type":"ReadAction","target":["https:\/\/staging.varesenews.it\/2015\/10\/primarie-tensioni-io-non-voglio-marantelli\/410737\/"]}]},{"@type":"BreadcrumbList","@id":"https:\/\/staging.varesenews.it\/2015\/10\/primarie-tensioni-io-non-voglio-marantelli\/410737\/#breadcrumb","itemListElement":[{"@type":"ListItem","position":1,"name":"Home","item":"https:\/\/www.varesenews.it\/"},{"@type":"ListItem","position":2,"name":"Primarie, tensioni: &#8220;Io non voglio Marantelli&#8221;"}]},{"@type":"WebSite","@id":"https:\/\/staging.varesenews.it\/#website","url":"https:\/\/staging.varesenews.it\/","name":"VareseNews","description":"","potentialAction":[{"@type":"SearchAction","target":{"@type":"EntryPoint","urlTemplate":"https:\/\/staging.varesenews.it\/?s={search_term_string}"},"query-input":"required name=search_term_string"}],"inLanguage":"it-IT"},{"@type":"Person","@id":"https:\/\/staging.varesenews.it\/#\/schema\/person\/bace96b9ce1b4905df659e51a83c17fe","name":"Roberto Rotondo","image":{"@type":"ImageObject","inLanguage":"it-IT","@id":"https:\/\/staging.varesenews.it\/#\/schema\/person\/image\/","url":"https:\/\/staging.varesenews.it\/wp-content\/uploads\/2015\/03\/10888676_10204734543537926_609787919772941341_n.jpg","contentUrl":"https:\/\/staging.varesenews.it\/wp-content\/uploads\/2015\/03\/10888676_10204734543537926_609787919772941341_n.jpg","caption":"Roberto Rotondo"},"description":"Nato a Varese nel 1972. Laureato in Storia alla Statale di Milano. A Varese News dal 1998. Ho iniziato a scrivere su riviste locali, poi sono entrato nel progetto di Varese News quando ancora era agli inizi. Nel frattempo mi sono occupato di ricerca storica e ho collaborato con un settimanale e un quotidiano della Svizzera italiana scrivendo di cronaca e politica. Mi sono preso una pausa da Varese nel 2004. Ho lavorato per alcuni anni a Milano all'agenzia di stampa Adnkronos, con qualche stage a Roma nei palazzi della politica. Lanci di agenzia e servizi tv multimediali erano tra i miei compiti. In quegli anni ho lavorato per alcune radio anche nazionali, Radio Capital su tutte, come corrispondente locale. Ho scritto anche per un settimanale di gossip, ma sempre cronaca nera. Ed eccomi qui. Dal 2007 lavoro anche per il Corriere della sera, di cui sono corrispondente. A Varesenews sono ormai uno dei senatori. Mi occupo di cronaca nera, giudiziaria e di politica e della cronaca cittadina di Varese.","sameAs":["robertorotondo","https:\/\/twitter.com\/robertorotondo"],"url":"https:\/\/staging.varesenews.it\/persona\/roberto-rotondo\/"}]}},"post_meta":{"_edit_lock":"1445274118:50","_edit_last":"50","_category_permalink":"","wdfb_og_title":"","wdfb_og_type":"","wdfb_og_description":"","wdfb_og_images":"a:1:{i:0;s:0:\"\";}","wdfb_og_custom_name":"a:1:{i:0;s:0:\"\";}","wdfb_og_custom_value":"a:1:{i:0;s:0:\"\";}","foto":"462320","argomento":"Varese","_yoast_wpseo_focuskw":"marantelli","_yoast_wpseo_metadesc":"Primarie, tensioni: \"Io non voglio Marantelli\"","_jd_twitter":"","_jd_tweet_this":"yes","ratings_users":"0","ratings_score":"0","ratings_average":"0","_wpt_short_url":"http:\/\/www.varesenews.it\/2015\/10\/primarie-tensioni-io-non-voglio-marantelli\/410737\/","_wp_jd_target":"http:\/\/www.varesenews.it\/2015\/10\/primarie-tensioni-io-non-voglio-marantelli\/410737\/","_jd_wp_twitter":"a:1:{i:0;s:131:\"Primarie, tensioni: \"Io non voglio Marantelli\" http:\/\/www.varesenews.it\/2015\/10\/primarie-tensioni-io-non-voglio-marantelli\/410737\/ \";}","_wpt_status_message":"Tweet inviato con successo.","_yoast_wpseo_linkdex":"82"},"photos":[{"original":"https:\/\/staging.varesenews.it\/photogallery_new\/images\/2015\/06\/renato-pozzetto-e-enrico-ruggeri-sul-palco-di-microcosmi-2015-462320.jpg","full":"https:\/\/staging.varesenews.it\/photogallery_new\/images\/2015\/06\/renato-pozzetto-e-enrico-ruggeri-sul-palco-di-microcosmi-2015-462320.1024x768.jpg","large":"https:\/\/staging.varesenews.it\/photogallery_new\/images\/2015\/06\/renato-pozzetto-e-enrico-ruggeri-sul-palco-di-microcosmi-2015-462320.610x431.jpg"}],"_links":{"self":[{"href":"https:\/\/staging.varesenews.it\/swgapi\/v1\/wp\/v2\/posts\/410737"}],"collection":[{"href":"https:\/\/staging.varesenews.it\/swgapi\/v1\/wp\/v2\/posts"}],"about":[{"href":"https:\/\/staging.varesenews.it\/swgapi\/v1\/wp\/v2\/types\/post"}],"author":[{"embeddable":true,"href":"https:\/\/staging.varesenews.it\/swgapi\/v1\/wp\/v2\/users\/50"}],"replies":[{"embeddable":true,"href":"https:\/\/staging.varesenews.it\/swgapi\/v1\/wp\/v2\/comments?post=410737"}],"version-history":[{"count":0,"href":"https:\/\/staging.varesenews.it\/swgapi\/v1\/wp\/v2\/posts\/410737\/revisions"}],"wp:attachment":[{"href":"https:\/\/staging.varesenews.it\/swgapi\/v1\/wp\/v2\/media?parent=410737"}],"wp:term":[{"taxonomy":"category","embeddable":true,"href":"https:\/\/staging.varesenews.it\/swgapi\/v1\/wp\/v2\/categories?post=410737"},{"taxonomy":"post_tag","embeddable":true,"href":"https:\/\/staging.varesenews.it\/swgapi\/v1\/wp\/v2\/tags?post=410737"}],"curies":[{"name":"wp","href":"https:\/\/api.w.org\/{rel}","templated":true}]}}