{"id":412284,"date":"2015-10-24T21:48:43","date_gmt":"2015-10-24T19:48:43","guid":{"rendered":"http:\/\/www.varesenews.it\/?p=412284"},"modified":"2015-10-24T21:48:43","modified_gmt":"2015-10-24T19:48:43","slug":"gusto-inperfetto-a-castello-cabiaglio","status":"publish","type":"post","link":"https:\/\/staging.varesenews.it\/2015\/10\/gusto-inperfetto-a-castello-cabiaglio\/412284\/","title":{"rendered":"Gusto \u201cInperfetto\u201d a Castello Cabiaglio"},"content":{"rendered":"<p>Domenica 1 novembre dalle ore 10.00 alle ore 17.30, nel centro di Castello Cabiaglio, avr\u00e0 luogo il mercato del GIUSTOINPERFETTO. L&#8217;obbiettivo \u00e8 quello di favorire e promuovere realt\u00e0 locali (produttori, cooperative e associazioni) che abbiano come principi la sostenibilit\u00e0 sociale e ambientale, tematiche in linea con l\u2019EXPO di Milano 2015.<\/p>\n<p>L\u2019antico borgo ha da alcuni mesi avviato questo appuntamento a cadenza regolare, grazie al quale il pubblico pu\u00f2 avvicinarsi con consapevolezza non solo a un prodotto, ma a un progetto sociale dove l\u2019estetica lascia il posto all\u2019etica, dove \u201cl\u2019inperfezione\u201d di una produzione \u201cnon patinata\u201d dai processi industriali possa diventare sinonimo di qualit\u00e0.<\/p>\n<p>Il progetto di questo mercato \u00e8 fortemente sostenuto dal G.A.S. (gruppo di acquisto solidale) di Castello Cabiaglio, il \u201cGASTELLO\u201d il quale sar\u00e0 presente alla giornata con un banchetto di presentazione, presso il quale sar\u00e0 illustrato, a chi si dimostrasse interessato, cos\u2019\u00e8 un gruppo d&#8217;acquisto solidale e quali sono le modalit\u00e0 e le linee guida che accompagnano alla scelta dei prodotti da acquistare.<\/p>\n<p>La presenza di venditori non solo di prodotti agro-alimentari, ma anche di piccoli artigiani del legno, della pelle e della lana, ha arricchito l&#8217;offerta che conferma la volont\u00e0 di creare nel nostro comune un appuntamento unico in tutta la provincia di Varese, dove l\u2019imperfezione puo\u2019 diventare sinonimo di qualita\u2019.<\/p>\n<p>Per l&#8217;occasione sar\u00e0 predisposto un angolo ristoro con MENU&#8217; BIO a base di zuppa di zucca e verdure di stagione con crostini di pane, fagiolata con salsiccia fresca di fattoria e dolci novembrini. E a partire dalle 14.30 caldarroste e vin brul\u00e9 per tutti! Il ricavato sar\u00e0 devoluto alla realizzazione di un importante progetto: l&#8217;acquisto di un nuovo scuolabus per i nostri bambini!<\/p>\n<p>Info: Chiara Cantagalli (consigliere) &#8211; 3398854846; www.castellocabiaglio.va.it (per iscriversi come espositore la scheda \u00e8 on-line)<\/p>\n<p>&nbsp;<\/p>\n","protected":false},"excerpt":{"rendered":"<p>Domenica 1 novembre il mercato che vuole promuovere realt\u00e0 locali<\/p>\n","protected":false},"author":36,"featured_media":0,"comment_status":"open","ping_status":"open","sticky":false,"template":"","format":"standard","meta":{"footnotes":""},"categories":[21,2],"tags":[158],"acf":[],"yoast_head":"<!-- This site is optimized with the Yoast SEO plugin v20.1 - https:\/\/yoast.com\/wordpress\/plugins\/seo\/ -->\n<title>Gusto \u201cInperfetto\u201d a Castello Cabiaglio<\/title>\n<meta name=\"description\" content=\"Domenica 1 novembre il mercato che vuole promuovere realt\u00e0 locali\" \/>\n<meta name=\"robots\" content=\"noindex, follow, max-snippet:-1, max-image-preview:large, max-video-preview:-1\" \/>\n<meta property=\"og:locale\" content=\"it_IT\" \/>\n<meta property=\"og:type\" content=\"article\" \/>\n<meta property=\"og:title\" content=\"Gusto \u201cInperfetto\u201d a Castello Cabiaglio\" \/>\n<meta property=\"og:description\" content=\"Domenica 1 novembre il mercato che vuole promuovere realt\u00e0 locali\" \/>\n<meta property=\"og:url\" content=\"https:\/\/staging.varesenews.it\/2015\/10\/gusto-inperfetto-a-castello-cabiaglio\/412284\/\" \/>\n<meta property=\"og:site_name\" content=\"VareseNews\" \/>\n<meta property=\"article:publisher\" content=\"https:\/\/www.facebook.com\/varesenews\" \/>\n<meta property=\"article:published_time\" content=\"2015-10-24T19:48:43+00:00\" \/>\n<meta name=\"author\" content=\"Erika La Rosa\" \/>\n<meta name=\"twitter:card\" content=\"summary_large_image\" \/>\n<meta name=\"twitter:creator\" content=\"@twerirosa\" \/>\n<meta name=\"twitter:site\" content=\"@varesenews\" \/>\n<meta name=\"twitter:label1\" content=\"Scritto da\" \/>\n\t<meta name=\"twitter:data1\" content=\"Erika La Rosa\" \/>\n\t<meta name=\"twitter:label2\" content=\"Tempo di lettura stimato\" \/>\n\t<meta name=\"twitter:data2\" content=\"1 minuto\" \/>\n<script type=\"application\/ld+json\" class=\"yoast-schema-graph\">{\"@context\":\"https:\/\/schema.org\",\"@graph\":[{\"@type\":\"WebPage\",\"@id\":\"https:\/\/staging.varesenews.it\/2015\/10\/gusto-inperfetto-a-castello-cabiaglio\/412284\/\",\"url\":\"https:\/\/staging.varesenews.it\/2015\/10\/gusto-inperfetto-a-castello-cabiaglio\/412284\/\",\"name\":\"Gusto \u201cInperfetto\u201d a Castello Cabiaglio\",\"isPartOf\":{\"@id\":\"https:\/\/staging.varesenews.it\/#website\"},\"datePublished\":\"2015-10-24T19:48:43+00:00\",\"dateModified\":\"2015-10-24T19:48:43+00:00\",\"author\":{\"@id\":\"https:\/\/staging.varesenews.it\/#\/schema\/person\/0512a4cda1d8b4f14c19f86d1016dc18\"},\"description\":\"Domenica 1 novembre il mercato che vuole promuovere realt\u00e0 locali\",\"breadcrumb\":{\"@id\":\"https:\/\/staging.varesenews.it\/2015\/10\/gusto-inperfetto-a-castello-cabiaglio\/412284\/#breadcrumb\"},\"inLanguage\":\"it-IT\",\"potentialAction\":[{\"@type\":\"ReadAction\",\"target\":[\"https:\/\/staging.varesenews.it\/2015\/10\/gusto-inperfetto-a-castello-cabiaglio\/412284\/\"]}]},{\"@type\":\"BreadcrumbList\",\"@id\":\"https:\/\/staging.varesenews.it\/2015\/10\/gusto-inperfetto-a-castello-cabiaglio\/412284\/#breadcrumb\",\"itemListElement\":[{\"@type\":\"ListItem\",\"position\":1,\"name\":\"Home\",\"item\":\"https:\/\/www.varesenews.it\/\"},{\"@type\":\"ListItem\",\"position\":2,\"name\":\"Gusto \u201cInperfetto\u201d a Castello Cabiaglio\"}]},{\"@type\":\"WebSite\",\"@id\":\"https:\/\/staging.varesenews.it\/#website\",\"url\":\"https:\/\/staging.varesenews.it\/\",\"name\":\"VareseNews\",\"description\":\"\",\"potentialAction\":[{\"@type\":\"SearchAction\",\"target\":{\"@type\":\"EntryPoint\",\"urlTemplate\":\"https:\/\/staging.varesenews.it\/?s={search_term_string}\"},\"query-input\":\"required name=search_term_string\"}],\"inLanguage\":\"it-IT\"},{\"@type\":\"Person\",\"@id\":\"https:\/\/staging.varesenews.it\/#\/schema\/person\/0512a4cda1d8b4f14c19f86d1016dc18\",\"name\":\"Erika La Rosa\",\"image\":{\"@type\":\"ImageObject\",\"inLanguage\":\"it-IT\",\"@id\":\"https:\/\/staging.varesenews.it\/#\/schema\/person\/image\/\",\"url\":\"https:\/\/staging.varesenews.it\/wp-content\/uploads\/2020\/12\/erika_larosa_colori_500.jpg\",\"contentUrl\":\"https:\/\/staging.varesenews.it\/wp-content\/uploads\/2020\/12\/erika_larosa_colori_500.jpg\",\"caption\":\"Erika La Rosa\"},\"description\":\"Giornalista pubblicista, collaboro con VareseNews dal lontano 1997 quando la redazione piccolissima ma l&rsquo;entusiasmo era tanto e la sfida titanica. Da allora siamo cresciuti, la redazione &egrave; diventata pi&ugrave; grande ma l&rsquo;entusiasmo &egrave; rimato lo stesso. Mi piace guardare il mondo attraverso gli occhi degli artisti, per questo scrivo, leggo e mi nutro di arte seguendo per il giornale le pagine dedicate alle mostre e agli artisti. Ho collaborato con diversi Musei e Istituzioni culturali italiane e svizzere. Da oltre dieci anni mi occupo di strategie e comunicazione sui social media di enti pubblici e privati. Vivo il presente e non dimentico mai che quando c&rsquo;&egrave; una meta, anche il deserto diventa una strada.\",\"sameAs\":[\"https:\/\/www.linkedin.com\/profile\/view?id=93070756&trk=nav_responsive_tab_profile_pic\",\"https:\/\/twitter.com\/twerirosa\"],\"url\":\"https:\/\/staging.varesenews.it\/persona\/erika_larosa\/\"}]}<\/script>\n<!-- \/ Yoast SEO plugin. -->","yoast_head_json":{"title":"Gusto \u201cInperfetto\u201d a Castello Cabiaglio","description":"Domenica 1 novembre il mercato che vuole promuovere realt\u00e0 locali","robots":{"index":"noindex","follow":"follow","max-snippet":"max-snippet:-1","max-image-preview":"max-image-preview:large","max-video-preview":"max-video-preview:-1"},"og_locale":"it_IT","og_type":"article","og_title":"Gusto \u201cInperfetto\u201d a Castello Cabiaglio","og_description":"Domenica 1 novembre il mercato che vuole promuovere realt\u00e0 locali","og_url":"https:\/\/staging.varesenews.it\/2015\/10\/gusto-inperfetto-a-castello-cabiaglio\/412284\/","og_site_name":"VareseNews","article_publisher":"https:\/\/www.facebook.com\/varesenews","article_published_time":"2015-10-24T19:48:43+00:00","author":"Erika La Rosa","twitter_card":"summary_large_image","twitter_creator":"@twerirosa","twitter_site":"@varesenews","twitter_misc":{"Scritto da":"Erika La Rosa","Tempo di lettura stimato":"1 minuto"},"schema":{"@context":"https:\/\/schema.org","@graph":[{"@type":"WebPage","@id":"https:\/\/staging.varesenews.it\/2015\/10\/gusto-inperfetto-a-castello-cabiaglio\/412284\/","url":"https:\/\/staging.varesenews.it\/2015\/10\/gusto-inperfetto-a-castello-cabiaglio\/412284\/","name":"Gusto \u201cInperfetto\u201d a Castello Cabiaglio","isPartOf":{"@id":"https:\/\/staging.varesenews.it\/#website"},"datePublished":"2015-10-24T19:48:43+00:00","dateModified":"2015-10-24T19:48:43+00:00","author":{"@id":"https:\/\/staging.varesenews.it\/#\/schema\/person\/0512a4cda1d8b4f14c19f86d1016dc18"},"description":"Domenica 1 novembre il mercato che vuole promuovere realt\u00e0 locali","breadcrumb":{"@id":"https:\/\/staging.varesenews.it\/2015\/10\/gusto-inperfetto-a-castello-cabiaglio\/412284\/#breadcrumb"},"inLanguage":"it-IT","potentialAction":[{"@type":"ReadAction","target":["https:\/\/staging.varesenews.it\/2015\/10\/gusto-inperfetto-a-castello-cabiaglio\/412284\/"]}]},{"@type":"BreadcrumbList","@id":"https:\/\/staging.varesenews.it\/2015\/10\/gusto-inperfetto-a-castello-cabiaglio\/412284\/#breadcrumb","itemListElement":[{"@type":"ListItem","position":1,"name":"Home","item":"https:\/\/www.varesenews.it\/"},{"@type":"ListItem","position":2,"name":"Gusto \u201cInperfetto\u201d a Castello Cabiaglio"}]},{"@type":"WebSite","@id":"https:\/\/staging.varesenews.it\/#website","url":"https:\/\/staging.varesenews.it\/","name":"VareseNews","description":"","potentialAction":[{"@type":"SearchAction","target":{"@type":"EntryPoint","urlTemplate":"https:\/\/staging.varesenews.it\/?s={search_term_string}"},"query-input":"required name=search_term_string"}],"inLanguage":"it-IT"},{"@type":"Person","@id":"https:\/\/staging.varesenews.it\/#\/schema\/person\/0512a4cda1d8b4f14c19f86d1016dc18","name":"Erika La Rosa","image":{"@type":"ImageObject","inLanguage":"it-IT","@id":"https:\/\/staging.varesenews.it\/#\/schema\/person\/image\/","url":"https:\/\/staging.varesenews.it\/wp-content\/uploads\/2020\/12\/erika_larosa_colori_500.jpg","contentUrl":"https:\/\/staging.varesenews.it\/wp-content\/uploads\/2020\/12\/erika_larosa_colori_500.jpg","caption":"Erika La Rosa"},"description":"Giornalista pubblicista, collaboro con VareseNews dal lontano 1997 quando la redazione piccolissima ma l&rsquo;entusiasmo era tanto e la sfida titanica. Da allora siamo cresciuti, la redazione &egrave; diventata pi&ugrave; grande ma l&rsquo;entusiasmo &egrave; rimato lo stesso. Mi piace guardare il mondo attraverso gli occhi degli artisti, per questo scrivo, leggo e mi nutro di arte seguendo per il giornale le pagine dedicate alle mostre e agli artisti. Ho collaborato con diversi Musei e Istituzioni culturali italiane e svizzere. Da oltre dieci anni mi occupo di strategie e comunicazione sui social media di enti pubblici e privati. Vivo il presente e non dimentico mai che quando c&rsquo;&egrave; una meta, anche il deserto diventa una strada.","sameAs":["https:\/\/www.linkedin.com\/profile\/view?id=93070756&trk=nav_responsive_tab_profile_pic","https:\/\/twitter.com\/twerirosa"],"url":"https:\/\/staging.varesenews.it\/persona\/erika_larosa\/"}]}},"post_meta":{"_edit_lock":"1445716576:36","_edit_last":"36","ratings_users":"0","ratings_score":"0","ratings_average":"0","_category_permalink":"","wdfb_og_title":"","wdfb_og_type":"","wdfb_og_description":"","wdfb_og_images":"a:1:{i:0;s:0:\"\";}","wdfb_og_custom_name":"a:1:{i:0;s:0:\"\";}","wdfb_og_custom_value":"a:1:{i:0;s:0:\"\";}","foto":"491761","firma_come_redazione":"1","argomento":"Castello Cabiaglio","_jd_twitter":"","_jd_tweet_this":"yes","_wpt_short_url":"http:\/\/www.varesenews.it\/2015\/10\/gusto-inperfetto-a-castello-cabiaglio\/412284\/","_wp_jd_target":"http:\/\/www.varesenews.it\/2015\/10\/gusto-inperfetto-a-castello-cabiaglio\/412284\/","_jd_wp_twitter":"a:1:{i:0;s:131:\"Gusto \u201cInperfetto\u201d a Castello Cabiaglio http:\/\/www.varesenews.it\/2015\/10\/gusto-inperfetto-a-castello-cabiaglio\/412284\/ #weekend\";}","_wpt_status_message":"Tweet inviato con successo."},"photos":[{"original":"https:\/\/staging.varesenews.it\/photogallery_new\/images\/2015\/10\/varie-491761.jpg","full":"https:\/\/staging.varesenews.it\/photogallery_new\/images\/2015\/10\/varie-491761.1024x768.jpg","large":"https:\/\/staging.varesenews.it\/photogallery_new\/images\/2015\/10\/varie-491761.610x431.jpg"}],"_links":{"self":[{"href":"https:\/\/staging.varesenews.it\/swgapi\/v1\/wp\/v2\/posts\/412284"}],"collection":[{"href":"https:\/\/staging.varesenews.it\/swgapi\/v1\/wp\/v2\/posts"}],"about":[{"href":"https:\/\/staging.varesenews.it\/swgapi\/v1\/wp\/v2\/types\/post"}],"author":[{"embeddable":true,"href":"https:\/\/staging.varesenews.it\/swgapi\/v1\/wp\/v2\/users\/36"}],"replies":[{"embeddable":true,"href":"https:\/\/staging.varesenews.it\/swgapi\/v1\/wp\/v2\/comments?post=412284"}],"version-history":[{"count":0,"href":"https:\/\/staging.varesenews.it\/swgapi\/v1\/wp\/v2\/posts\/412284\/revisions"}],"wp:attachment":[{"href":"https:\/\/staging.varesenews.it\/swgapi\/v1\/wp\/v2\/media?parent=412284"}],"wp:term":[{"taxonomy":"category","embeddable":true,"href":"https:\/\/staging.varesenews.it\/swgapi\/v1\/wp\/v2\/categories?post=412284"},{"taxonomy":"post_tag","embeddable":true,"href":"https:\/\/staging.varesenews.it\/swgapi\/v1\/wp\/v2\/tags?post=412284"}],"curies":[{"name":"wp","href":"https:\/\/api.w.org\/{rel}","templated":true}]}}