{"id":412298,"date":"2015-10-25T01:28:24","date_gmt":"2015-10-24T23:28:24","guid":{"rendered":"http:\/\/www.varesenews.it\/?p=412298"},"modified":"2015-10-25T01:28:24","modified_gmt":"2015-10-24T23:28:24","slug":"cochi-e-renato-fuori-programma-a-tavola-con-j-ax","status":"publish","type":"post","link":"https:\/\/staging.varesenews.it\/2015\/10\/cochi-e-renato-fuori-programma-a-tavola-con-j-ax\/412298\/","title":{"rendered":"Cochi e Renato, fuori programma &#8220;a tavola&#8221; con J-Ax"},"content":{"rendered":"<p>Gli avventori della <strong>&#8220;Locanda Pozzetto&#8221;<\/strong>, ristorante con vista mozzafiato sul Lago Maggiore in localit\u00e0 <strong>Monteggia<\/strong> di Laveno, sanno bene che c&#8217;\u00e8 la possibilit\u00e0 di incontrare a uno dei tavoli il personaggio che d\u00e0 il nome al locale stesso, <strong>Renato Pozzetto<\/strong>.<\/p>\n<p>E in giornata particolarmente fortunata, pu\u00f2 anche essere prevedibile che<strong> a pranzo con lui ci sia Cochi Ponzoni<\/strong>, l&#8217;altra met\u00e0 di una coppia di\u00a0enorme successo\u00a0grazie a una\u00a0comicit\u00e0 sana, genuina e stralunata. Nata tra l&#8217;altro\u00a0tra Gemonio, Laveno e Milano ormai qualche decennio fa.<\/p>\n<p>Ma \u00e8 davvero una notizia quando, <strong>al medesimo tavolo, siede anche J-Ax,<\/strong> uno dei cantanti italiani pi\u00f9 noti e di successo degli ultimi vent&#8217;anni, che proprio nei giorni scorsi ha ospitato Cochi e Renato all&#8217;interno del suo programma &#8220;Sorci Verdi&#8221; in onda sulla Rai. E proprio<strong> J-Ax ha diffuso un paio di video<\/strong>, attraverso il suo profilo Facebook, del &#8220;fuori programma&#8221; offerto ai clienti del pranzo del sabato alla &#8220;Locanda Pozzetto&#8221;: il rapper ha immortalato una <strong>cantata in compagnia condotta proprio dai due comici<\/strong> (in gran forma, tra l&#8217;altro) che hanno catturato l&#8217;attenzione dei presenti con un brano popolare esilerante. In perfetto stile Cochi e Renato.<\/p>\n","protected":false},"excerpt":{"rendered":"<p>I due comici hanno improvvisato un piccolo concerto nel ristorante che porta il nome di Pozzetto, sotto gli occhi del rapper. Che lo ha immortalato e diffuso su Facebook<\/p>\n","protected":false},"author":38,"featured_media":0,"comment_status":"open","ping_status":"open","sticky":false,"template":"","format":"standard","meta":{"footnotes":""},"categories":[26,20,21,2],"tags":[2024,74370],"acf":[],"yoast_head":"<!-- This site is optimized with the Yoast SEO plugin v20.1 - https:\/\/yoast.com\/wordpress\/plugins\/seo\/ -->\n<title>Cochi e Renato, fuori programma &quot;a tavola&quot; con J-Ax<\/title>\n<meta name=\"description\" content=\"I due comici hanno improvvisato un piccolo concerto nel ristorante che porta il nome di Pozzetto, sotto gli occhi del rapper. Che lo ha immortalato e diffuso su Facebook\" \/>\n<meta name=\"robots\" content=\"noindex, follow, max-snippet:-1, max-image-preview:large, max-video-preview:-1\" \/>\n<meta property=\"og:locale\" content=\"it_IT\" \/>\n<meta property=\"og:type\" content=\"article\" \/>\n<meta property=\"og:title\" content=\"Cochi e Renato, fuori programma &quot;a tavola&quot; con J-Ax\" \/>\n<meta property=\"og:description\" content=\"I due comici hanno improvvisato un piccolo concerto nel ristorante che porta il nome di Pozzetto, sotto gli occhi del rapper. Che lo ha immortalato e diffuso su Facebook\" \/>\n<meta property=\"og:url\" content=\"https:\/\/staging.varesenews.it\/2015\/10\/cochi-e-renato-fuori-programma-a-tavola-con-j-ax\/412298\/\" \/>\n<meta property=\"og:site_name\" content=\"VareseNews\" \/>\n<meta property=\"article:publisher\" content=\"https:\/\/www.facebook.com\/varesenews\" \/>\n<meta property=\"article:published_time\" content=\"2015-10-24T23:28:24+00:00\" \/>\n<meta name=\"author\" content=\"Damiano Franzetti\" \/>\n<meta name=\"twitter:card\" content=\"summary_large_image\" \/>\n<meta name=\"twitter:creator\" content=\"@damianofranz\" \/>\n<meta name=\"twitter:site\" content=\"@varesenews\" \/>\n<meta name=\"twitter:label1\" content=\"Scritto da\" \/>\n\t<meta name=\"twitter:data1\" content=\"Damiano Franzetti\" \/>\n\t<meta name=\"twitter:label2\" content=\"Tempo di lettura stimato\" \/>\n\t<meta name=\"twitter:data2\" content=\"1 minuto\" \/>\n<script type=\"application\/ld+json\" class=\"yoast-schema-graph\">{\"@context\":\"https:\/\/schema.org\",\"@graph\":[{\"@type\":\"WebPage\",\"@id\":\"https:\/\/staging.varesenews.it\/2015\/10\/cochi-e-renato-fuori-programma-a-tavola-con-j-ax\/412298\/\",\"url\":\"https:\/\/staging.varesenews.it\/2015\/10\/cochi-e-renato-fuori-programma-a-tavola-con-j-ax\/412298\/\",\"name\":\"Cochi e Renato, fuori programma \\\"a tavola\\\" con J-Ax\",\"isPartOf\":{\"@id\":\"https:\/\/staging.varesenews.it\/#website\"},\"datePublished\":\"2015-10-24T23:28:24+00:00\",\"dateModified\":\"2015-10-24T23:28:24+00:00\",\"author\":{\"@id\":\"https:\/\/staging.varesenews.it\/#\/schema\/person\/709ae3769f6b4dbde8ec332baede8a5b\"},\"description\":\"I due comici hanno improvvisato un piccolo concerto nel ristorante che porta il nome di Pozzetto, sotto gli occhi del rapper. Che lo ha immortalato e diffuso su Facebook\",\"breadcrumb\":{\"@id\":\"https:\/\/staging.varesenews.it\/2015\/10\/cochi-e-renato-fuori-programma-a-tavola-con-j-ax\/412298\/#breadcrumb\"},\"inLanguage\":\"it-IT\",\"potentialAction\":[{\"@type\":\"ReadAction\",\"target\":[\"https:\/\/staging.varesenews.it\/2015\/10\/cochi-e-renato-fuori-programma-a-tavola-con-j-ax\/412298\/\"]}]},{\"@type\":\"BreadcrumbList\",\"@id\":\"https:\/\/staging.varesenews.it\/2015\/10\/cochi-e-renato-fuori-programma-a-tavola-con-j-ax\/412298\/#breadcrumb\",\"itemListElement\":[{\"@type\":\"ListItem\",\"position\":1,\"name\":\"Home\",\"item\":\"https:\/\/www.varesenews.it\/\"},{\"@type\":\"ListItem\",\"position\":2,\"name\":\"Cochi e Renato, fuori programma &#8220;a tavola&#8221; con J-Ax\"}]},{\"@type\":\"WebSite\",\"@id\":\"https:\/\/staging.varesenews.it\/#website\",\"url\":\"https:\/\/staging.varesenews.it\/\",\"name\":\"VareseNews\",\"description\":\"\",\"potentialAction\":[{\"@type\":\"SearchAction\",\"target\":{\"@type\":\"EntryPoint\",\"urlTemplate\":\"https:\/\/staging.varesenews.it\/?s={search_term_string}\"},\"query-input\":\"required name=search_term_string\"}],\"inLanguage\":\"it-IT\"},{\"@type\":\"Person\",\"@id\":\"https:\/\/staging.varesenews.it\/#\/schema\/person\/709ae3769f6b4dbde8ec332baede8a5b\",\"name\":\"Damiano Franzetti\",\"image\":{\"@type\":\"ImageObject\",\"inLanguage\":\"it-IT\",\"@id\":\"https:\/\/staging.varesenews.it\/#\/schema\/person\/image\/\",\"url\":\"https:\/\/staging.varesenews.it\/wp-content\/uploads\/2020\/12\/damiano_franzetti_colori_500.jpg\",\"contentUrl\":\"https:\/\/staging.varesenews.it\/wp-content\/uploads\/2020\/12\/damiano_franzetti_colori_500.jpg\",\"caption\":\"Damiano Franzetti\"},\"description\":\"Classe 1976, una laurea (nel cassetto) in scienze e tecnologie alimentari; sono giornalista professionista dal 2009 nato e cresciuto con VareseNews dove mi occupo soprattutto di sport ormai da vent&rsquo;anni. Inviato sui campi (sulle piste, sulle strade...), intervistatore, coordinatore e responsabile delle pagine sportive, mi ritaglio volentieri lo spazio per scrivere di birra sul blog Malto Gradimento. Ho seguito innumerevoli campionati di Serie A di basket, di serie B di calcio, due Mondiali di ciclismo, qualche Giro d&rsquo;;Italia e tanto altro ancora. Collaboro con Tuttosport e altre testate, mi diletto di social. Ho una moglie, un figlio, vivo nella mia Gemonio e ho purtroppo smesso con il basket giocato. &nbsp;\",\"sameAs\":[\"damianofranz\",\"https:\/\/www.linkedin.com\/profile\/view?id=241597124&trk=nav_responsive_tab_profile\",\"https:\/\/twitter.com\/damianofranz\"],\"url\":\"https:\/\/staging.varesenews.it\/persona\/damiano_franzetti-2\/\"}]}<\/script>\n<!-- \/ Yoast SEO plugin. -->","yoast_head_json":{"title":"Cochi e Renato, fuori programma \"a tavola\" con J-Ax","description":"I due comici hanno improvvisato un piccolo concerto nel ristorante che porta il nome di Pozzetto, sotto gli occhi del rapper. Che lo ha immortalato e diffuso su Facebook","robots":{"index":"noindex","follow":"follow","max-snippet":"max-snippet:-1","max-image-preview":"max-image-preview:large","max-video-preview":"max-video-preview:-1"},"og_locale":"it_IT","og_type":"article","og_title":"Cochi e Renato, fuori programma \"a tavola\" con J-Ax","og_description":"I due comici hanno improvvisato un piccolo concerto nel ristorante che porta il nome di Pozzetto, sotto gli occhi del rapper. Che lo ha immortalato e diffuso su Facebook","og_url":"https:\/\/staging.varesenews.it\/2015\/10\/cochi-e-renato-fuori-programma-a-tavola-con-j-ax\/412298\/","og_site_name":"VareseNews","article_publisher":"https:\/\/www.facebook.com\/varesenews","article_published_time":"2015-10-24T23:28:24+00:00","author":"Damiano Franzetti","twitter_card":"summary_large_image","twitter_creator":"@damianofranz","twitter_site":"@varesenews","twitter_misc":{"Scritto da":"Damiano Franzetti","Tempo di lettura stimato":"1 minuto"},"schema":{"@context":"https:\/\/schema.org","@graph":[{"@type":"WebPage","@id":"https:\/\/staging.varesenews.it\/2015\/10\/cochi-e-renato-fuori-programma-a-tavola-con-j-ax\/412298\/","url":"https:\/\/staging.varesenews.it\/2015\/10\/cochi-e-renato-fuori-programma-a-tavola-con-j-ax\/412298\/","name":"Cochi e Renato, fuori programma \"a tavola\" con J-Ax","isPartOf":{"@id":"https:\/\/staging.varesenews.it\/#website"},"datePublished":"2015-10-24T23:28:24+00:00","dateModified":"2015-10-24T23:28:24+00:00","author":{"@id":"https:\/\/staging.varesenews.it\/#\/schema\/person\/709ae3769f6b4dbde8ec332baede8a5b"},"description":"I due comici hanno improvvisato un piccolo concerto nel ristorante che porta il nome di Pozzetto, sotto gli occhi del rapper. Che lo ha immortalato e diffuso su Facebook","breadcrumb":{"@id":"https:\/\/staging.varesenews.it\/2015\/10\/cochi-e-renato-fuori-programma-a-tavola-con-j-ax\/412298\/#breadcrumb"},"inLanguage":"it-IT","potentialAction":[{"@type":"ReadAction","target":["https:\/\/staging.varesenews.it\/2015\/10\/cochi-e-renato-fuori-programma-a-tavola-con-j-ax\/412298\/"]}]},{"@type":"BreadcrumbList","@id":"https:\/\/staging.varesenews.it\/2015\/10\/cochi-e-renato-fuori-programma-a-tavola-con-j-ax\/412298\/#breadcrumb","itemListElement":[{"@type":"ListItem","position":1,"name":"Home","item":"https:\/\/www.varesenews.it\/"},{"@type":"ListItem","position":2,"name":"Cochi e Renato, fuori programma &#8220;a tavola&#8221; con J-Ax"}]},{"@type":"WebSite","@id":"https:\/\/staging.varesenews.it\/#website","url":"https:\/\/staging.varesenews.it\/","name":"VareseNews","description":"","potentialAction":[{"@type":"SearchAction","target":{"@type":"EntryPoint","urlTemplate":"https:\/\/staging.varesenews.it\/?s={search_term_string}"},"query-input":"required name=search_term_string"}],"inLanguage":"it-IT"},{"@type":"Person","@id":"https:\/\/staging.varesenews.it\/#\/schema\/person\/709ae3769f6b4dbde8ec332baede8a5b","name":"Damiano Franzetti","image":{"@type":"ImageObject","inLanguage":"it-IT","@id":"https:\/\/staging.varesenews.it\/#\/schema\/person\/image\/","url":"https:\/\/staging.varesenews.it\/wp-content\/uploads\/2020\/12\/damiano_franzetti_colori_500.jpg","contentUrl":"https:\/\/staging.varesenews.it\/wp-content\/uploads\/2020\/12\/damiano_franzetti_colori_500.jpg","caption":"Damiano Franzetti"},"description":"Classe 1976, una laurea (nel cassetto) in scienze e tecnologie alimentari; sono giornalista professionista dal 2009 nato e cresciuto con VareseNews dove mi occupo soprattutto di sport ormai da vent&rsquo;anni. Inviato sui campi (sulle piste, sulle strade...), intervistatore, coordinatore e responsabile delle pagine sportive, mi ritaglio volentieri lo spazio per scrivere di birra sul blog Malto Gradimento. Ho seguito innumerevoli campionati di Serie A di basket, di serie B di calcio, due Mondiali di ciclismo, qualche Giro d&rsquo;;Italia e tanto altro ancora. Collaboro con Tuttosport e altre testate, mi diletto di social. Ho una moglie, un figlio, vivo nella mia Gemonio e ho purtroppo smesso con il basket giocato. &nbsp;","sameAs":["damianofranz","https:\/\/www.linkedin.com\/profile\/view?id=241597124&trk=nav_responsive_tab_profile","https:\/\/twitter.com\/damianofranz"],"url":"https:\/\/staging.varesenews.it\/persona\/damiano_franzetti-2\/"}]}},"post_meta":{"_edit_lock":"1445731132:38","_edit_last":"38","_category_permalink":"20","ratings_users":"0","ratings_score":"0","ratings_average":"0","wdfb_og_title":"","wdfb_og_type":"","wdfb_og_description":"","wdfb_og_images":"a:1:{i:0;s:0:\"\";}","wdfb_og_custom_name":"a:1:{i:0;s:0:\"\";}","wdfb_og_custom_value":"a:1:{i:0;s:0:\"\";}","foto":"491780","id_video_vzaar":"5503241","argomento":"Laveno Mombello","_jd_twitter":"","_jd_tweet_this":"yes","_wpt_short_url":"http:\/\/www.varesenews.it\/2015\/10\/cochi-e-renato-fuori-programma-a-tavola-con-j-ax\/412298\/","_wp_jd_target":"http:\/\/www.varesenews.it\/2015\/10\/cochi-e-renato-fuori-programma-a-tavola-con-j-ax\/412298\/","_jd_wp_twitter":"a:1:{i:0;s:164:\"Cochi e Renato, fuori programma \"a tavola\" con J-Ax http:\/\/www.varesenews.it\/2015\/10\/cochi-e-renato-fuori-programma-a-tavola-con-j-ax\/412298\/ #cabaret #cochierenato\";}","_wpt_status_message":"Tweet inviato con successo."},"photos":[{"original":"https:\/\/staging.varesenews.it\/photogallery_new\/images\/2015\/10\/cochi-e-renato-con-j-ax-laveno-491780.jpg","full":"https:\/\/staging.varesenews.it\/photogallery_new\/images\/2015\/10\/cochi-e-renato-con-j-ax-laveno-491780.1024x768.jpg","large":"https:\/\/staging.varesenews.it\/photogallery_new\/images\/2015\/10\/cochi-e-renato-con-j-ax-laveno-491780.610x431.jpg"}],"_links":{"self":[{"href":"https:\/\/staging.varesenews.it\/swgapi\/v1\/wp\/v2\/posts\/412298"}],"collection":[{"href":"https:\/\/staging.varesenews.it\/swgapi\/v1\/wp\/v2\/posts"}],"about":[{"href":"https:\/\/staging.varesenews.it\/swgapi\/v1\/wp\/v2\/types\/post"}],"author":[{"embeddable":true,"href":"https:\/\/staging.varesenews.it\/swgapi\/v1\/wp\/v2\/users\/38"}],"replies":[{"embeddable":true,"href":"https:\/\/staging.varesenews.it\/swgapi\/v1\/wp\/v2\/comments?post=412298"}],"version-history":[{"count":0,"href":"https:\/\/staging.varesenews.it\/swgapi\/v1\/wp\/v2\/posts\/412298\/revisions"}],"wp:attachment":[{"href":"https:\/\/staging.varesenews.it\/swgapi\/v1\/wp\/v2\/media?parent=412298"}],"wp:term":[{"taxonomy":"category","embeddable":true,"href":"https:\/\/staging.varesenews.it\/swgapi\/v1\/wp\/v2\/categories?post=412298"},{"taxonomy":"post_tag","embeddable":true,"href":"https:\/\/staging.varesenews.it\/swgapi\/v1\/wp\/v2\/tags?post=412298"}],"curies":[{"name":"wp","href":"https:\/\/api.w.org\/{rel}","templated":true}]}}