{"id":413516,"date":"2015-10-29T16:53:48","date_gmt":"2015-10-29T15:53:48","guid":{"rendered":"http:\/\/www.varesenews.it\/?p=413516"},"modified":"2015-10-29T16:53:48","modified_gmt":"2015-10-29T15:53:48","slug":"favole-zucche-e-dolcetti-halloween-al-salone-estense","status":"publish","type":"post","link":"https:\/\/staging.varesenews.it\/2015\/10\/favole-zucche-e-dolcetti-halloween-al-salone-estense\/413516\/","title":{"rendered":"Favole, zucche e dolcetti: Halloween al Salone Estense"},"content":{"rendered":"<p>Un&#8217;evento pensato per i bambini in una giornata che sempre di pi\u00f9 sta diventando un divertente motivo di divertimento per i pi\u00f9 piccoli: Halloween.<br \/>\nIl pomeriggio inizier\u00e0 nell&#8217;area del<strong> Salone Estense Via Sacco -Varese intorno alle 15.00 con il trucca-streghetta e il trucca-maghetto<\/strong>. I bambini sono invitati a partire da casa gi\u00e0 in tema halloween mascherati o con un semplice particolare che richiami la ricorrenza; Noi penseremo con un p\u00f2 di fantasia a trasformarli in una zucca oppure in una strega o in un diavoletto.<\/p>\n<p>Contemporaneamente all&#8217;attivit\u00e0 del truccabimbi i<strong>l gioco della pignata una grande zucca colma di dolcezze<\/strong> che i bambini potranno provare a spaccare bendati. Divertimento assicurato per i pi\u00f9 piccoli dai tre ai dieci anni. Alle 16.30 inizier\u00e0 presso il Salone Estense <strong>lo spettacolo di burattini &#8220;Briciole&#8221; a cura dell&#8217;Associazione Arteatro di Enrico Colombo<\/strong>. Lo spettacolo \u00e8 principalmente costruito sull\u2019arte di \u201craccontare con i Burattini\u201d.E\u2019 composto da sei brevi storie: alcune comiche e divertenti, altre dolci, poetiche, tenere. Tutte prestano attenzione, nei contenuti, nei ritmi e nelle modalit\u00e0 di racconto alla capacit\u00e0 di ascolto, alla sensibilit\u00e0 ed alla capacit\u00e0 percettiva del giovane pubblico. C\u2019ERA UNA VOLTA: breve introduzione sull\u2019arte di raccontare (monologo d\u2019attore).LUNA PARK: ricordi di un pomeriggio al Luna Park raccontati da un pirotecnico teatrino (oggetti, musica, parole).I FIDANZATI: breve storia d\u2019amore tra due gattini, nata per caso (burattini a guanto). IL MARE: il mare \u00e8 anche pericoloso, avventure e disavventure di un esploratore (narratore, oggetti, burattini, suoni e rumori). IL MAIALE INVISIBILE: ovvero una storia che puzza. Esempio di come si raccontano le storie con pochi materiali (teatro delle mani).GERVAS: svegliarsi \u00e8 per molti un grosso problema, lo \u00e8 anche per il gattino protagonista della storia finale (marionetta a stecca).<br \/>\nL&#8217;evento \u00e8 organizzato dall&#8217;Associazione Estro-Versi in collaborazione con il Comune di Varese. L&#8217;attivit\u00e0 di animazione e truccabimbi \u00e8 a cura dell&#8217;Associazione Teatro in Drao direttrice artistica Clarissa Pari e del progetto Decofly di Daniela Di Benedetto. Main Sponsor dell&#8217;evento \u00e8 la Musajo Somma &amp; Minonzio agenzia Generali-Toro Assicurazioni di Via Vittorio Veneto a Varese che collabora attivamente da anni nell&#8217;organizzazione di eventi culturali per la citt\u00e0.<\/p>\n<p>L&#8217;evento \u00e8 a ingresso libero. Lo spettacolo \u00e8 fino ad esaurimento posti all&#8217;interno del salone che prevede una capienza di circa 200 posti.<\/p>\n","protected":false},"excerpt":{"rendered":"<p>Un pomeriggio tutto dedicato ai pi\u00f9 piccoli: dalle 15, ingresso gratuito <\/p>\n","protected":false},"author":32,"featured_media":0,"comment_status":"open","ping_status":"open","sticky":false,"template":"","format":"standard","meta":{"footnotes":""},"categories":[23,21,2],"tags":[191,12905,6310,158],"acf":[],"yoast_head":"<!-- This site is optimized with the Yoast SEO plugin v20.1 - https:\/\/yoast.com\/wordpress\/plugins\/seo\/ -->\n<title>Favole, zucche e dolcetti: Halloween al Salone Estense<\/title>\n<meta name=\"description\" content=\"Un pomeriggio tutto dedicato ai pi\u00f9 piccoli: dalle 15, ingresso gratuito\" \/>\n<meta name=\"robots\" content=\"noindex, follow, max-snippet:-1, max-image-preview:large, max-video-preview:-1\" \/>\n<meta property=\"og:locale\" content=\"it_IT\" \/>\n<meta property=\"og:type\" content=\"article\" \/>\n<meta property=\"og:title\" content=\"Favole, zucche e dolcetti: Halloween al Salone Estense\" \/>\n<meta property=\"og:description\" content=\"Un pomeriggio tutto dedicato ai pi\u00f9 piccoli: dalle 15, ingresso gratuito\" \/>\n<meta property=\"og:url\" content=\"https:\/\/staging.varesenews.it\/2015\/10\/favole-zucche-e-dolcetti-halloween-al-salone-estense\/413516\/\" \/>\n<meta property=\"og:site_name\" content=\"VareseNews\" \/>\n<meta property=\"article:publisher\" content=\"https:\/\/www.facebook.com\/varesenews\" \/>\n<meta property=\"article:published_time\" content=\"2015-10-29T15:53:48+00:00\" \/>\n<meta name=\"author\" content=\"Adelia Brigo\" \/>\n<meta name=\"twitter:card\" content=\"summary_large_image\" \/>\n<meta name=\"twitter:creator\" content=\"@AdeliaBrigo\" \/>\n<meta name=\"twitter:site\" content=\"@varesenews\" \/>\n<meta name=\"twitter:label1\" content=\"Scritto da\" \/>\n\t<meta name=\"twitter:data1\" content=\"Adelia Brigo\" \/>\n\t<meta name=\"twitter:label2\" content=\"Tempo di lettura stimato\" \/>\n\t<meta name=\"twitter:data2\" content=\"2 minuti\" \/>\n<script type=\"application\/ld+json\" class=\"yoast-schema-graph\">{\"@context\":\"https:\/\/schema.org\",\"@graph\":[{\"@type\":\"WebPage\",\"@id\":\"https:\/\/staging.varesenews.it\/2015\/10\/favole-zucche-e-dolcetti-halloween-al-salone-estense\/413516\/\",\"url\":\"https:\/\/staging.varesenews.it\/2015\/10\/favole-zucche-e-dolcetti-halloween-al-salone-estense\/413516\/\",\"name\":\"Favole, zucche e dolcetti: Halloween al Salone Estense\",\"isPartOf\":{\"@id\":\"https:\/\/staging.varesenews.it\/#website\"},\"datePublished\":\"2015-10-29T15:53:48+00:00\",\"dateModified\":\"2015-10-29T15:53:48+00:00\",\"author\":{\"@id\":\"https:\/\/staging.varesenews.it\/#\/schema\/person\/272ac0f5b2dbfd572218c2d86e013f1a\"},\"description\":\"Un pomeriggio tutto dedicato ai pi\u00f9 piccoli: dalle 15, ingresso gratuito\",\"breadcrumb\":{\"@id\":\"https:\/\/staging.varesenews.it\/2015\/10\/favole-zucche-e-dolcetti-halloween-al-salone-estense\/413516\/#breadcrumb\"},\"inLanguage\":\"it-IT\",\"potentialAction\":[{\"@type\":\"ReadAction\",\"target\":[\"https:\/\/staging.varesenews.it\/2015\/10\/favole-zucche-e-dolcetti-halloween-al-salone-estense\/413516\/\"]}]},{\"@type\":\"BreadcrumbList\",\"@id\":\"https:\/\/staging.varesenews.it\/2015\/10\/favole-zucche-e-dolcetti-halloween-al-salone-estense\/413516\/#breadcrumb\",\"itemListElement\":[{\"@type\":\"ListItem\",\"position\":1,\"name\":\"Home\",\"item\":\"https:\/\/www.varesenews.it\/\"},{\"@type\":\"ListItem\",\"position\":2,\"name\":\"Favole, zucche e dolcetti: Halloween al Salone Estense\"}]},{\"@type\":\"WebSite\",\"@id\":\"https:\/\/staging.varesenews.it\/#website\",\"url\":\"https:\/\/staging.varesenews.it\/\",\"name\":\"VareseNews\",\"description\":\"\",\"potentialAction\":[{\"@type\":\"SearchAction\",\"target\":{\"@type\":\"EntryPoint\",\"urlTemplate\":\"https:\/\/staging.varesenews.it\/?s={search_term_string}\"},\"query-input\":\"required name=search_term_string\"}],\"inLanguage\":\"it-IT\"},{\"@type\":\"Person\",\"@id\":\"https:\/\/staging.varesenews.it\/#\/schema\/person\/272ac0f5b2dbfd572218c2d86e013f1a\",\"name\":\"Adelia Brigo\",\"image\":{\"@type\":\"ImageObject\",\"inLanguage\":\"it-IT\",\"@id\":\"https:\/\/staging.varesenews.it\/#\/schema\/person\/image\/\",\"url\":\"https:\/\/staging.varesenews.it\/wp-content\/uploads\/2020\/12\/adelia_brigo_colori_500.jpg\",\"contentUrl\":\"https:\/\/staging.varesenews.it\/wp-content\/uploads\/2020\/12\/adelia_brigo_colori_500.jpg\",\"caption\":\"Adelia Brigo\"},\"description\":\"Giornalista pubblicista, lavoro a VareseNews dal 2007 e mi occupo di cronaca locale e del settore dedicato alla cultura. In questi anni ho seguito diversi progetti di comunicazione, amo sperimentare strategie per i Social Network e raccontare storie. Varesina, classe 1984, sono laureata in Scienze della Comunicazione.&nbsp;\",\"sameAs\":[\"AdeliaBrigo\",\"https:\/\/twitter.com\/AdeliaBrigo\"],\"url\":\"https:\/\/staging.varesenews.it\/persona\/adelia_brigo\/\"}]}<\/script>\n<!-- \/ Yoast SEO plugin. -->","yoast_head_json":{"title":"Favole, zucche e dolcetti: Halloween al Salone Estense","description":"Un pomeriggio tutto dedicato ai pi\u00f9 piccoli: dalle 15, ingresso gratuito","robots":{"index":"noindex","follow":"follow","max-snippet":"max-snippet:-1","max-image-preview":"max-image-preview:large","max-video-preview":"max-video-preview:-1"},"og_locale":"it_IT","og_type":"article","og_title":"Favole, zucche e dolcetti: Halloween al Salone Estense","og_description":"Un pomeriggio tutto dedicato ai pi\u00f9 piccoli: dalle 15, ingresso gratuito","og_url":"https:\/\/staging.varesenews.it\/2015\/10\/favole-zucche-e-dolcetti-halloween-al-salone-estense\/413516\/","og_site_name":"VareseNews","article_publisher":"https:\/\/www.facebook.com\/varesenews","article_published_time":"2015-10-29T15:53:48+00:00","author":"Adelia Brigo","twitter_card":"summary_large_image","twitter_creator":"@AdeliaBrigo","twitter_site":"@varesenews","twitter_misc":{"Scritto da":"Adelia Brigo","Tempo di lettura stimato":"2 minuti"},"schema":{"@context":"https:\/\/schema.org","@graph":[{"@type":"WebPage","@id":"https:\/\/staging.varesenews.it\/2015\/10\/favole-zucche-e-dolcetti-halloween-al-salone-estense\/413516\/","url":"https:\/\/staging.varesenews.it\/2015\/10\/favole-zucche-e-dolcetti-halloween-al-salone-estense\/413516\/","name":"Favole, zucche e dolcetti: Halloween al Salone Estense","isPartOf":{"@id":"https:\/\/staging.varesenews.it\/#website"},"datePublished":"2015-10-29T15:53:48+00:00","dateModified":"2015-10-29T15:53:48+00:00","author":{"@id":"https:\/\/staging.varesenews.it\/#\/schema\/person\/272ac0f5b2dbfd572218c2d86e013f1a"},"description":"Un pomeriggio tutto dedicato ai pi\u00f9 piccoli: dalle 15, ingresso gratuito","breadcrumb":{"@id":"https:\/\/staging.varesenews.it\/2015\/10\/favole-zucche-e-dolcetti-halloween-al-salone-estense\/413516\/#breadcrumb"},"inLanguage":"it-IT","potentialAction":[{"@type":"ReadAction","target":["https:\/\/staging.varesenews.it\/2015\/10\/favole-zucche-e-dolcetti-halloween-al-salone-estense\/413516\/"]}]},{"@type":"BreadcrumbList","@id":"https:\/\/staging.varesenews.it\/2015\/10\/favole-zucche-e-dolcetti-halloween-al-salone-estense\/413516\/#breadcrumb","itemListElement":[{"@type":"ListItem","position":1,"name":"Home","item":"https:\/\/www.varesenews.it\/"},{"@type":"ListItem","position":2,"name":"Favole, zucche e dolcetti: Halloween al Salone Estense"}]},{"@type":"WebSite","@id":"https:\/\/staging.varesenews.it\/#website","url":"https:\/\/staging.varesenews.it\/","name":"VareseNews","description":"","potentialAction":[{"@type":"SearchAction","target":{"@type":"EntryPoint","urlTemplate":"https:\/\/staging.varesenews.it\/?s={search_term_string}"},"query-input":"required name=search_term_string"}],"inLanguage":"it-IT"},{"@type":"Person","@id":"https:\/\/staging.varesenews.it\/#\/schema\/person\/272ac0f5b2dbfd572218c2d86e013f1a","name":"Adelia Brigo","image":{"@type":"ImageObject","inLanguage":"it-IT","@id":"https:\/\/staging.varesenews.it\/#\/schema\/person\/image\/","url":"https:\/\/staging.varesenews.it\/wp-content\/uploads\/2020\/12\/adelia_brigo_colori_500.jpg","contentUrl":"https:\/\/staging.varesenews.it\/wp-content\/uploads\/2020\/12\/adelia_brigo_colori_500.jpg","caption":"Adelia Brigo"},"description":"Giornalista pubblicista, lavoro a VareseNews dal 2007 e mi occupo di cronaca locale e del settore dedicato alla cultura. In questi anni ho seguito diversi progetti di comunicazione, amo sperimentare strategie per i Social Network e raccontare storie. Varesina, classe 1984, sono laureata in Scienze della Comunicazione.&nbsp;","sameAs":["AdeliaBrigo","https:\/\/twitter.com\/AdeliaBrigo"],"url":"https:\/\/staging.varesenews.it\/persona\/adelia_brigo\/"}]}},"post_meta":{"_edit_lock":"1446135691:32","_edit_last":"32","_category_permalink":"23","ratings_users":"0","ratings_score":"0","ratings_average":"0","wdfb_og_title":"","wdfb_og_type":"","wdfb_og_description":"","wdfb_og_images":"a:1:{i:0;s:0:\"\";}","wdfb_og_custom_name":"a:1:{i:0;s:0:\"\";}","wdfb_og_custom_value":"a:1:{i:0;s:0:\"\";}","foto":"419124","argomento":"Varese","_jd_twitter":"","_jd_tweet_this":"yes","_wpt_short_url":"http:\/\/www.varesenews.it\/2015\/10\/favole-zucche-e-dolcetti-halloween-al-salone-estense\/413516\/","_wp_jd_target":"http:\/\/www.varesenews.it\/2015\/10\/favole-zucche-e-dolcetti-halloween-al-salone-estense\/413516\/","_jd_wp_twitter":"a:1:{i:0;s:183:\"Favole, zucche e dolcetti: Halloween al Salone Estense http:\/\/www.varesenews.it\/2015\/10\/favole-zucche-e-dolcetti-halloween-al-salone-estense\/413516\/ #bambini #halloween #saloneestense\";}","_wpt_status_message":"Tweet inviato con successo."},"photos":[{"original":"https:\/\/staging.varesenews.it\/photogallery_new\/images\/2014\/10\/halloween-gallarate-bambini-419124.jpg","full":"https:\/\/staging.varesenews.it\/photogallery_new\/images\/2014\/10\/halloween-gallarate-bambini-419124.1024x768.jpg","large":"https:\/\/staging.varesenews.it\/photogallery_new\/images\/2014\/10\/halloween-gallarate-bambini-419124.610x431.jpg"}],"_links":{"self":[{"href":"https:\/\/staging.varesenews.it\/swgapi\/v1\/wp\/v2\/posts\/413516"}],"collection":[{"href":"https:\/\/staging.varesenews.it\/swgapi\/v1\/wp\/v2\/posts"}],"about":[{"href":"https:\/\/staging.varesenews.it\/swgapi\/v1\/wp\/v2\/types\/post"}],"author":[{"embeddable":true,"href":"https:\/\/staging.varesenews.it\/swgapi\/v1\/wp\/v2\/users\/32"}],"replies":[{"embeddable":true,"href":"https:\/\/staging.varesenews.it\/swgapi\/v1\/wp\/v2\/comments?post=413516"}],"version-history":[{"count":0,"href":"https:\/\/staging.varesenews.it\/swgapi\/v1\/wp\/v2\/posts\/413516\/revisions"}],"wp:attachment":[{"href":"https:\/\/staging.varesenews.it\/swgapi\/v1\/wp\/v2\/media?parent=413516"}],"wp:term":[{"taxonomy":"category","embeddable":true,"href":"https:\/\/staging.varesenews.it\/swgapi\/v1\/wp\/v2\/categories?post=413516"},{"taxonomy":"post_tag","embeddable":true,"href":"https:\/\/staging.varesenews.it\/swgapi\/v1\/wp\/v2\/tags?post=413516"}],"curies":[{"name":"wp","href":"https:\/\/api.w.org\/{rel}","templated":true}]}}