{"id":414476,"date":"2015-11-02T15:58:34","date_gmt":"2015-11-02T14:58:34","guid":{"rendered":"http:\/\/www.varesenews.it\/?p=414476"},"modified":"2015-11-02T15:58:34","modified_gmt":"2015-11-02T14:58:34","slug":"dal-parco-lura-alla-storia-della-citta-a-radiorizzonti","status":"publish","type":"post","link":"https:\/\/staging.varesenews.it\/2015\/11\/dal-parco-lura-alla-storia-della-citta-a-radiorizzonti\/414476\/","title":{"rendered":"Dal Parco Lura alla storia della citt\u00e0 a Radiorizzonti"},"content":{"rendered":"<p>Tutti gli appuntamenti della settimana per l&#8217;emittente radiofonica cittadina gestita dai volontari della parrocchia:<\/p>\n<p><strong>Parco Lura<\/strong><br \/>\nSabato 7 novembre alle ore 10.28, sar\u00e0 ospite di Angelo Volpi il consigliere del Parco Lura Alberto Paleardi , tema della trasmissione \u201cQuale prospettiva per il Lura\u201d. Replica della trasmissione alle ore 19.20<\/p>\n<p><strong>Mathc Point &#8211; lo sport locale<\/strong><br \/>\nLuned\u00ec 9 novembre alle ore 10.28, con replica alle ore 19.20, andr\u00e0 in onda \u201cMATCH POINT\u201d la trasmissione sportiva di Radiorizzonti con gli avvenimenti sportivi locali e nazionali commentati in studio da Paolo e Agostino. Questa settimana sar\u00e0 ospite Giuliano Melosi allenatore del Varese Calcio.<\/p>\n<p><strong>Dalla A alla Z<\/strong><br \/>\nLuned\u00ec 9 novembre alle ore 11.28, con replica alle ore 21.00, va in onda la trasmissione condotta da Carla e Niva dal titolo Dalla A alla Z, una carrellata delle pi\u00f9 belle canzoni che abbiamo amato, che sono rimaste nella nostra memoria e nei nostri cuori, spaziando dagli anni 50 fino ai giorni nostri.<\/p>\n<p><strong>Questa la conosco<\/strong><br \/>\nMarted\u00ec 10 novembre alle ore 11.28, con replica alle ore 21.00, va in onda \u201cQUESTA LA CONOSCO\u201d: I grandi successi della musica classica spiegati alla radio da Giulio Mercati, organista e critico musicale saronnese.<\/p>\n<p><strong>\u201cNapoli o Cara\u201d<\/strong><br \/>\nMercoled\u00ec 11 novembre alle ore 10.28, Elvira Ruocco nella trasmissione \u201cNAPOLI o CARA\u201d ci accompagner\u00e0 in un viaggio nei piaceri del vivere di questa citt\u00e0. Replica della trasmissione alle ore 19.20<\/p>\n<p><strong>Storia della Prepositurale di Saronno<\/strong><br \/>\nMercoled\u00ec 11 novembre alle ore 11.28, sar\u00e0 ospite di Antonella il Prof. Sergio Beato che ci parler\u00e0 dell&#8217;Architetto Giulio Galliori e la storia della Prepositurale dei santi Pietro e Paolo di Saronno<\/p>\n<p><strong>L&#8217;intervista della settimana<\/strong><br \/>\nMercoled\u00ec 11 novembre alle ore 11.03, &#8220;L&#8217;INTERVISTA della SETTIMANA&#8221;, a cura di Iaia Barzani; a seguire &#8220;PILLOLE di CULTURA&#8221; a cura di Marta Collina. La replica \u00e8 alle ore 19.50<\/p>\n<p><strong>Tutti a Zanzibar<\/strong><br \/>\nGioved\u00ec 12 novembre alle ore 11.28, Gianni Branca conduce \u201cTutti a Zanzibar\u201d programma di appuntamenti ed eventi in Lombardia e dintorni . Replica alle ore 11.28,<\/p>\n<p><strong>Il Vangelo della Domenica<\/strong><br \/>\nTutti i venerd\u00ec alle ore 11.28, con replica serale alle ore 21.00, Mons. Angelo Centemeri (con Carlo Legnani), commenta il Vangelo della domenica.<\/p>\n<p>Sabato 14 novembre alle ore 10.28, sar\u00e0 ospite di Angelo Volpi l&#8217;ex Giudice di Pace Erminio Venuto, tema della trasmissione:\u201cI Problemi della gente\u201d. Replica della trasmissione alle ore 19.20<\/p>\n<p><strong>Nel Blu dipinto di Blu<\/strong><br \/>\nOgni sabato alle ore 11.28, con replica alle 21.00, va in onda la trasmissione &#8220;Nel blu dipinto di blu&#8221;. Programma musicale condotto da Massimo Tallarini.<\/p>\n<p><strong>I promessi sposi<\/strong><br \/>\nTutte le domeniche alle ore 17.30, Massimo Tallarini ed Evelina Locatelli presentano: \u201cAppuntamento col Manzoni- I promessi Sposi\u201d<\/p>\n<p>Ciciarem un Cicinin<br \/>\nOgni domenica alle ore 9.27, vi aspetta \u201cCICIAREM un CICININ\u201d, trasmissione condotta da Anna Tunesi e Anna Zucchetti, basata su canzoni dialettali, tradizioni e aneddoti del territorio milanese. La trasmissione va in replica alle ore 19.30<\/p>\n<p><strong>Le fiabe di Sissi<\/strong><br \/>\nOgni domenica alle ore 18.00, \u201cLe fiabe di Sissi\u201d trasmissione di fiabe e racconti per i piu piccoli e non solo condotta da Silvia Mecini<\/p>\n<p><strong>Canti gregoriani<\/strong><br \/>\nTutte le domeniche alle ore 21.00, \u201cPreghiera in canto\u201d condotta da Piergiorgio Foffano, che ci introduce all&#8217;ascolto dei canti gregoriani.<\/p>\n<p><strong>Hellzapoppin\u201d<\/strong><br \/>\nTutti i marted\u00ec alle ore 21.30 con replica domenica alle 16.30, Daniele Sbriglio conduce il nuovo programma \u201cHellzapoppin\u201d.<\/p>\n<p><strong>Orizzonti News e orizzonti News Domenica<\/strong><br \/>\nDal luned\u00ec al sabato alle ore 12.05, Orizzonti news notizie di Saronno e dintorni. E alla domenica alle ore 12.30, &#8220;ORIZZONTI NEWS DOMENICA&#8221;, le notizie della settimana. Le trasmissioni andranno in replica serale alle ore 19.03<\/p>\n","protected":false},"excerpt":{"rendered":"<p>Tutti gli appuntamenti della settimana per l&#8217;emittente radiofonica cittadina gestita dai volontari della parrocchia<\/p>\n","protected":false},"author":51,"featured_media":0,"comment_status":"open","ping_status":"open","sticky":false,"template":"","format":"standard","meta":{"footnotes":""},"categories":[1],"tags":[],"acf":[],"yoast_head":"<!-- This site is optimized with the Yoast SEO plugin v20.1 - https:\/\/yoast.com\/wordpress\/plugins\/seo\/ -->\n<title>Dal Parco Lura alla storia della citt\u00e0 a Radiorizzonti<\/title>\n<meta name=\"description\" content=\"Tutti gli appuntamenti della settimana per l&#039;emittente radiofonica cittadina gestita dai volontari della parrocchia\" \/>\n<meta name=\"robots\" content=\"noindex, follow, max-snippet:-1, max-image-preview:large, max-video-preview:-1\" \/>\n<meta property=\"og:locale\" content=\"it_IT\" \/>\n<meta property=\"og:type\" content=\"article\" \/>\n<meta property=\"og:title\" content=\"Dal Parco Lura alla storia della citt\u00e0 a Radiorizzonti\" \/>\n<meta property=\"og:description\" content=\"Tutti gli appuntamenti della settimana per l&#039;emittente radiofonica cittadina gestita dai volontari della parrocchia\" \/>\n<meta property=\"og:url\" content=\"https:\/\/staging.varesenews.it\/2015\/11\/dal-parco-lura-alla-storia-della-citta-a-radiorizzonti\/414476\/\" \/>\n<meta property=\"og:site_name\" content=\"VareseNews\" \/>\n<meta property=\"article:publisher\" content=\"https:\/\/www.facebook.com\/varesenews\" \/>\n<meta property=\"article:author\" content=\"https:\/\/www.facebook.com\/manuel.sgarella\" \/>\n<meta property=\"article:published_time\" content=\"2015-11-02T14:58:34+00:00\" \/>\n<meta name=\"author\" content=\"Manuel Sgarella\" \/>\n<meta name=\"twitter:card\" content=\"summary_large_image\" \/>\n<meta name=\"twitter:creator\" content=\"@Sgarel\" \/>\n<meta name=\"twitter:site\" content=\"@varesenews\" \/>\n<meta name=\"twitter:label1\" content=\"Scritto da\" \/>\n\t<meta name=\"twitter:data1\" content=\"Manuel Sgarella\" \/>\n\t<meta name=\"twitter:label2\" content=\"Tempo di lettura stimato\" \/>\n\t<meta name=\"twitter:data2\" content=\"3 minuti\" \/>\n<script type=\"application\/ld+json\" class=\"yoast-schema-graph\">{\"@context\":\"https:\/\/schema.org\",\"@graph\":[{\"@type\":\"WebPage\",\"@id\":\"https:\/\/staging.varesenews.it\/2015\/11\/dal-parco-lura-alla-storia-della-citta-a-radiorizzonti\/414476\/\",\"url\":\"https:\/\/staging.varesenews.it\/2015\/11\/dal-parco-lura-alla-storia-della-citta-a-radiorizzonti\/414476\/\",\"name\":\"Dal Parco Lura alla storia della citt\u00e0 a Radiorizzonti\",\"isPartOf\":{\"@id\":\"https:\/\/staging.varesenews.it\/#website\"},\"datePublished\":\"2015-11-02T14:58:34+00:00\",\"dateModified\":\"2015-11-02T14:58:34+00:00\",\"author\":{\"@id\":\"https:\/\/staging.varesenews.it\/#\/schema\/person\/1ec987bf360cbcf5fab38b0367dbc9d4\"},\"description\":\"Tutti gli appuntamenti della settimana per l'emittente radiofonica cittadina gestita dai volontari della parrocchia\",\"breadcrumb\":{\"@id\":\"https:\/\/staging.varesenews.it\/2015\/11\/dal-parco-lura-alla-storia-della-citta-a-radiorizzonti\/414476\/#breadcrumb\"},\"inLanguage\":\"it-IT\",\"potentialAction\":[{\"@type\":\"ReadAction\",\"target\":[\"https:\/\/staging.varesenews.it\/2015\/11\/dal-parco-lura-alla-storia-della-citta-a-radiorizzonti\/414476\/\"]}]},{\"@type\":\"BreadcrumbList\",\"@id\":\"https:\/\/staging.varesenews.it\/2015\/11\/dal-parco-lura-alla-storia-della-citta-a-radiorizzonti\/414476\/#breadcrumb\",\"itemListElement\":[{\"@type\":\"ListItem\",\"position\":1,\"name\":\"Home\",\"item\":\"https:\/\/www.varesenews.it\/\"},{\"@type\":\"ListItem\",\"position\":2,\"name\":\"Dal Parco Lura alla storia della citt\u00e0 a Radiorizzonti\"}]},{\"@type\":\"WebSite\",\"@id\":\"https:\/\/staging.varesenews.it\/#website\",\"url\":\"https:\/\/staging.varesenews.it\/\",\"name\":\"VareseNews\",\"description\":\"\",\"potentialAction\":[{\"@type\":\"SearchAction\",\"target\":{\"@type\":\"EntryPoint\",\"urlTemplate\":\"https:\/\/staging.varesenews.it\/?s={search_term_string}\"},\"query-input\":\"required name=search_term_string\"}],\"inLanguage\":\"it-IT\"},{\"@type\":\"Person\",\"@id\":\"https:\/\/staging.varesenews.it\/#\/schema\/person\/1ec987bf360cbcf5fab38b0367dbc9d4\",\"name\":\"Manuel Sgarella\",\"image\":{\"@type\":\"ImageObject\",\"inLanguage\":\"it-IT\",\"@id\":\"https:\/\/staging.varesenews.it\/#\/schema\/person\/image\/\",\"url\":\"https:\/\/staging.varesenews.it\/wp-content\/uploads\/2020\/12\/manuel_sgarella_colori_500.jpg\",\"contentUrl\":\"https:\/\/staging.varesenews.it\/wp-content\/uploads\/2020\/12\/manuel_sgarella_colori_500.jpg\",\"caption\":\"Manuel Sgarella\"},\"description\":\"A VareseNews dal 1999, da quando ho iniziato a collaborare per la pagina del cinema. Col tempo mi sono occupato della cronaca del territorio di Saronno-Tradate e dell'organizzazione di alcuni progetti speciali di VareseNews, tra cui la produzione del film Digitalife. Dal 2009 sono giornalista professionista. Diplomato alla Civica scuola del cinema di Milano, coltivo da sempre una passione per tutto quello che &egrave; narrazione, soprattutto per film e serie tv. Dal 2014 Pubblico romanzi come autore indipendente.&nbsp;\",\"sameAs\":[\"https:\/\/www.facebook.com\/manuel.sgarella\",\"Sgarel\",\"https:\/\/twitter.com\/Sgarel\"],\"url\":\"https:\/\/staging.varesenews.it\/persona\/manuel-sgarella1\/\"}]}<\/script>\n<!-- \/ Yoast SEO plugin. -->","yoast_head_json":{"title":"Dal Parco Lura alla storia della citt\u00e0 a Radiorizzonti","description":"Tutti gli appuntamenti della settimana per l'emittente radiofonica cittadina gestita dai volontari della parrocchia","robots":{"index":"noindex","follow":"follow","max-snippet":"max-snippet:-1","max-image-preview":"max-image-preview:large","max-video-preview":"max-video-preview:-1"},"og_locale":"it_IT","og_type":"article","og_title":"Dal Parco Lura alla storia della citt\u00e0 a Radiorizzonti","og_description":"Tutti gli appuntamenti della settimana per l'emittente radiofonica cittadina gestita dai volontari della parrocchia","og_url":"https:\/\/staging.varesenews.it\/2015\/11\/dal-parco-lura-alla-storia-della-citta-a-radiorizzonti\/414476\/","og_site_name":"VareseNews","article_publisher":"https:\/\/www.facebook.com\/varesenews","article_author":"https:\/\/www.facebook.com\/manuel.sgarella","article_published_time":"2015-11-02T14:58:34+00:00","author":"Manuel Sgarella","twitter_card":"summary_large_image","twitter_creator":"@Sgarel","twitter_site":"@varesenews","twitter_misc":{"Scritto da":"Manuel Sgarella","Tempo di lettura stimato":"3 minuti"},"schema":{"@context":"https:\/\/schema.org","@graph":[{"@type":"WebPage","@id":"https:\/\/staging.varesenews.it\/2015\/11\/dal-parco-lura-alla-storia-della-citta-a-radiorizzonti\/414476\/","url":"https:\/\/staging.varesenews.it\/2015\/11\/dal-parco-lura-alla-storia-della-citta-a-radiorizzonti\/414476\/","name":"Dal Parco Lura alla storia della citt\u00e0 a Radiorizzonti","isPartOf":{"@id":"https:\/\/staging.varesenews.it\/#website"},"datePublished":"2015-11-02T14:58:34+00:00","dateModified":"2015-11-02T14:58:34+00:00","author":{"@id":"https:\/\/staging.varesenews.it\/#\/schema\/person\/1ec987bf360cbcf5fab38b0367dbc9d4"},"description":"Tutti gli appuntamenti della settimana per l'emittente radiofonica cittadina gestita dai volontari della parrocchia","breadcrumb":{"@id":"https:\/\/staging.varesenews.it\/2015\/11\/dal-parco-lura-alla-storia-della-citta-a-radiorizzonti\/414476\/#breadcrumb"},"inLanguage":"it-IT","potentialAction":[{"@type":"ReadAction","target":["https:\/\/staging.varesenews.it\/2015\/11\/dal-parco-lura-alla-storia-della-citta-a-radiorizzonti\/414476\/"]}]},{"@type":"BreadcrumbList","@id":"https:\/\/staging.varesenews.it\/2015\/11\/dal-parco-lura-alla-storia-della-citta-a-radiorizzonti\/414476\/#breadcrumb","itemListElement":[{"@type":"ListItem","position":1,"name":"Home","item":"https:\/\/www.varesenews.it\/"},{"@type":"ListItem","position":2,"name":"Dal Parco Lura alla storia della citt\u00e0 a Radiorizzonti"}]},{"@type":"WebSite","@id":"https:\/\/staging.varesenews.it\/#website","url":"https:\/\/staging.varesenews.it\/","name":"VareseNews","description":"","potentialAction":[{"@type":"SearchAction","target":{"@type":"EntryPoint","urlTemplate":"https:\/\/staging.varesenews.it\/?s={search_term_string}"},"query-input":"required name=search_term_string"}],"inLanguage":"it-IT"},{"@type":"Person","@id":"https:\/\/staging.varesenews.it\/#\/schema\/person\/1ec987bf360cbcf5fab38b0367dbc9d4","name":"Manuel Sgarella","image":{"@type":"ImageObject","inLanguage":"it-IT","@id":"https:\/\/staging.varesenews.it\/#\/schema\/person\/image\/","url":"https:\/\/staging.varesenews.it\/wp-content\/uploads\/2020\/12\/manuel_sgarella_colori_500.jpg","contentUrl":"https:\/\/staging.varesenews.it\/wp-content\/uploads\/2020\/12\/manuel_sgarella_colori_500.jpg","caption":"Manuel Sgarella"},"description":"A VareseNews dal 1999, da quando ho iniziato a collaborare per la pagina del cinema. Col tempo mi sono occupato della cronaca del territorio di Saronno-Tradate e dell'organizzazione di alcuni progetti speciali di VareseNews, tra cui la produzione del film Digitalife. Dal 2009 sono giornalista professionista. Diplomato alla Civica scuola del cinema di Milano, coltivo da sempre una passione per tutto quello che &egrave; narrazione, soprattutto per film e serie tv. Dal 2014 Pubblico romanzi come autore indipendente.&nbsp;","sameAs":["https:\/\/www.facebook.com\/manuel.sgarella","Sgarel","https:\/\/twitter.com\/Sgarel"],"url":"https:\/\/staging.varesenews.it\/persona\/manuel-sgarella1\/"}]}},"post_meta":{"_edit_lock":"1446476817:51","_edit_last":"51","ratings_users":"0","ratings_score":"0","ratings_average":"0","_category_permalink":"","wdfb_og_title":"","wdfb_og_type":"","wdfb_og_description":"","wdfb_og_images":"a:1:{i:0;s:0:\"\";}","wdfb_og_custom_name":"a:1:{i:0;s:0:\"\";}","wdfb_og_custom_value":"a:1:{i:0;s:0:\"\";}","foto":"493212","argomento":"Saronno","_jd_twitter":"","_jd_tweet_this":"yes","_wpt_short_url":"http:\/\/www.varesenews.it\/2015\/11\/dal-parco-lura-alla-storia-della-citta-a-radiorizzonti\/414476\/","_wp_jd_target":"http:\/\/www.varesenews.it\/2015\/11\/dal-parco-lura-alla-storia-della-citta-a-radiorizzonti\/414476\/","_jd_wp_twitter":"a:1:{i:0;s:152:\"Dal Parco Lura alla storia della citt\u00e0 a Radiorizzonti http:\/\/www.varesenews.it\/2015\/11\/dal-parco-lura-alla-storia-della-citta-a-radiorizzonti\/414476\/ \";}","_wpt_status_message":"Tweet inviato con successo."},"photos":[{"original":"https:\/\/staging.varesenews.it\/photogallery_new\/images\/2015\/11\/angelo-volti-e-alberto-paleardi-493212.jpg","full":"https:\/\/staging.varesenews.it\/photogallery_new\/images\/2015\/11\/angelo-volti-e-alberto-paleardi-493212.1024x768.jpg","large":"https:\/\/staging.varesenews.it\/photogallery_new\/images\/2015\/11\/angelo-volti-e-alberto-paleardi-493212.610x431.jpg"}],"_links":{"self":[{"href":"https:\/\/staging.varesenews.it\/swgapi\/v1\/wp\/v2\/posts\/414476"}],"collection":[{"href":"https:\/\/staging.varesenews.it\/swgapi\/v1\/wp\/v2\/posts"}],"about":[{"href":"https:\/\/staging.varesenews.it\/swgapi\/v1\/wp\/v2\/types\/post"}],"author":[{"embeddable":true,"href":"https:\/\/staging.varesenews.it\/swgapi\/v1\/wp\/v2\/users\/51"}],"replies":[{"embeddable":true,"href":"https:\/\/staging.varesenews.it\/swgapi\/v1\/wp\/v2\/comments?post=414476"}],"version-history":[{"count":0,"href":"https:\/\/staging.varesenews.it\/swgapi\/v1\/wp\/v2\/posts\/414476\/revisions"}],"wp:attachment":[{"href":"https:\/\/staging.varesenews.it\/swgapi\/v1\/wp\/v2\/media?parent=414476"}],"wp:term":[{"taxonomy":"category","embeddable":true,"href":"https:\/\/staging.varesenews.it\/swgapi\/v1\/wp\/v2\/categories?post=414476"},{"taxonomy":"post_tag","embeddable":true,"href":"https:\/\/staging.varesenews.it\/swgapi\/v1\/wp\/v2\/tags?post=414476"}],"curies":[{"name":"wp","href":"https:\/\/api.w.org\/{rel}","templated":true}]}}