{"id":414883,"date":"2015-11-03T16:31:13","date_gmt":"2015-11-03T15:31:13","guid":{"rendered":"http:\/\/www.varesenews.it\/?p=414883"},"modified":"2015-11-04T12:24:51","modified_gmt":"2015-11-04T11:24:51","slug":"ma-bisuschio-non-e-il-bronx","status":"publish","type":"post","link":"https:\/\/staging.varesenews.it\/2015\/11\/ma-bisuschio-non-e-il-bronx\/414883\/","title":{"rendered":"&#8220;Bisuschio non \u00e8 il Bronx&#8221;"},"content":{"rendered":"<p>Il funerale di <strong>Gianni Bavagli si terr\u00e0 nella chiesa parrocchiale di Bisuschio gioved\u00ec 5 novembre alle 14.30<\/strong>.\u00a0Il 78enne di Bisuschio, trovato con tumefazioni e segni di percosse diverse settimane fa in un parchetto del suo paese, \u00e8 morto da qualche giorno forse proprio a causa di questo pestaggio.<\/p>\n<p>[Leggi]<\/p>\n<p>E&#8217; intanto\u00a0intervenuto sulla vicenda il sindaco del comune della Valceresio, <strong>Giovanni Resteghini<\/strong>: \u00abMettiamo una cosa in chiaro, innanzitutto: qui di baby gang non ce ne sono. Quello che \u00e8 successo al Bavagli \u00e8 una cosa gravissima, i carabinieri stanno lavorando intensamente e hanno gi\u00e0 nomi e cognomi dei possibili responsabili della violenza, che da quando \u00e8 morto Bavagli \u00e8 diventata molto di pi\u00f9 di una &#8220;semplice violenza&#8221; ma di una indagine per omicidio preterintenzionale. Si tratta\u00a0di un giovane minorenne e di un altro appena maggiorenne: che per\u00f2 non hanno precedenti specifici, ma non mi risulta che siano stati protagonisti prima di cose simili\u00bb.<\/p>\n<p>In generale quella parte della Valceresio non \u00e8 zona da aggressioni violente: \u00abGli altri fatti che ci risultano sono una rissa a Besano e una signora presa a schiaffi per aver \u201ctoccato\u201d una macchina &#8211; spiega il sindaco &#8211; Qui non si respira &#8220;aria di Bronx\u201d: mi preme dirlo perch\u00e9 le persone anziane reagiscono male a notizie del genere,\u00a0si spaventano e non si sentono pi\u00f9 sicure nel loro paese. Ma non \u00e8 un sentimento giustificato\u00bb.<\/p>\n","protected":false},"excerpt":{"rendered":"<p>Parla il sindaco, Giovanni Resteghini. Che stigmatizza la gravit\u00e0 del fatto avvenuto, ma spiega \u201cE\u2019 solo un caso isolato, non bisogna avere paura\u201d. Gioved\u00ec 5 novembre i funerali<\/p>\n","protected":false},"author":48,"featured_media":0,"comment_status":"open","ping_status":"open","sticky":false,"template":"","format":"standard","meta":{"footnotes":""},"categories":[2],"tags":[],"acf":[],"yoast_head":"<!-- This site is optimized with the Yoast SEO plugin v20.1 - https:\/\/yoast.com\/wordpress\/plugins\/seo\/ -->\n<title>&quot;Bisuschio non \u00e8 il Bronx&quot;<\/title>\n<meta name=\"description\" content=\"Parla il sindaco di Bisuschio Giovanni Resteghini. Che stigmatizza la gravit\u00e0 del fatto avvenuto, ma spiega \u201cE\u2019 solo un caso isolato\u201d\" \/>\n<meta name=\"robots\" content=\"noindex, follow, max-snippet:-1, max-image-preview:large, max-video-preview:-1\" \/>\n<meta property=\"og:locale\" content=\"it_IT\" \/>\n<meta property=\"og:type\" content=\"article\" \/>\n<meta property=\"og:title\" content=\"&quot;Bisuschio non \u00e8 il Bronx&quot;\" \/>\n<meta property=\"og:description\" content=\"Parla il sindaco di Bisuschio Giovanni Resteghini. Che stigmatizza la gravit\u00e0 del fatto avvenuto, ma spiega \u201cE\u2019 solo un caso isolato\u201d\" \/>\n<meta property=\"og:url\" content=\"https:\/\/staging.varesenews.it\/2015\/11\/ma-bisuschio-non-e-il-bronx\/414883\/\" \/>\n<meta property=\"og:site_name\" content=\"VareseNews\" \/>\n<meta property=\"article:publisher\" content=\"https:\/\/www.facebook.com\/varesenews\" \/>\n<meta property=\"article:author\" content=\"https:\/\/www.facebook.com\/stefaniaradman\" \/>\n<meta property=\"article:published_time\" content=\"2015-11-03T15:31:13+00:00\" \/>\n<meta property=\"article:modified_time\" content=\"2015-11-04T11:24:51+00:00\" \/>\n<meta name=\"author\" content=\"Stefania Radman\" \/>\n<meta name=\"twitter:card\" content=\"summary_large_image\" \/>\n<meta name=\"twitter:creator\" content=\"@LaRadman\" \/>\n<meta name=\"twitter:site\" content=\"@varesenews\" \/>\n<meta name=\"twitter:label1\" content=\"Scritto da\" \/>\n\t<meta name=\"twitter:data1\" content=\"Stefania Radman\" \/>\n\t<meta name=\"twitter:label2\" content=\"Tempo di lettura stimato\" \/>\n\t<meta name=\"twitter:data2\" content=\"1 minuto\" \/>\n<script type=\"application\/ld+json\" class=\"yoast-schema-graph\">{\"@context\":\"https:\/\/schema.org\",\"@graph\":[{\"@type\":\"WebPage\",\"@id\":\"https:\/\/staging.varesenews.it\/2015\/11\/ma-bisuschio-non-e-il-bronx\/414883\/\",\"url\":\"https:\/\/staging.varesenews.it\/2015\/11\/ma-bisuschio-non-e-il-bronx\/414883\/\",\"name\":\"\\\"Bisuschio non \u00e8 il Bronx\\\"\",\"isPartOf\":{\"@id\":\"https:\/\/staging.varesenews.it\/#website\"},\"datePublished\":\"2015-11-03T15:31:13+00:00\",\"dateModified\":\"2015-11-04T11:24:51+00:00\",\"author\":{\"@id\":\"https:\/\/staging.varesenews.it\/#\/schema\/person\/995d2e6a31c67237a9a1bc1f0079f3aa\"},\"description\":\"Parla il sindaco di Bisuschio Giovanni Resteghini. Che stigmatizza la gravit\u00e0 del fatto avvenuto, ma spiega \u201cE\u2019 solo un caso isolato\u201d\",\"breadcrumb\":{\"@id\":\"https:\/\/staging.varesenews.it\/2015\/11\/ma-bisuschio-non-e-il-bronx\/414883\/#breadcrumb\"},\"inLanguage\":\"it-IT\",\"potentialAction\":[{\"@type\":\"ReadAction\",\"target\":[\"https:\/\/staging.varesenews.it\/2015\/11\/ma-bisuschio-non-e-il-bronx\/414883\/\"]}]},{\"@type\":\"BreadcrumbList\",\"@id\":\"https:\/\/staging.varesenews.it\/2015\/11\/ma-bisuschio-non-e-il-bronx\/414883\/#breadcrumb\",\"itemListElement\":[{\"@type\":\"ListItem\",\"position\":1,\"name\":\"Home\",\"item\":\"https:\/\/www.varesenews.it\/\"},{\"@type\":\"ListItem\",\"position\":2,\"name\":\"&#8220;Bisuschio non \u00e8 il Bronx&#8221;\"}]},{\"@type\":\"WebSite\",\"@id\":\"https:\/\/staging.varesenews.it\/#website\",\"url\":\"https:\/\/staging.varesenews.it\/\",\"name\":\"VareseNews\",\"description\":\"\",\"potentialAction\":[{\"@type\":\"SearchAction\",\"target\":{\"@type\":\"EntryPoint\",\"urlTemplate\":\"https:\/\/staging.varesenews.it\/?s={search_term_string}\"},\"query-input\":\"required name=search_term_string\"}],\"inLanguage\":\"it-IT\"},{\"@type\":\"Person\",\"@id\":\"https:\/\/staging.varesenews.it\/#\/schema\/person\/995d2e6a31c67237a9a1bc1f0079f3aa\",\"name\":\"Stefania Radman\",\"image\":{\"@type\":\"ImageObject\",\"inLanguage\":\"it-IT\",\"@id\":\"https:\/\/staging.varesenews.it\/#\/schema\/person\/image\/\",\"url\":\"https:\/\/staging.varesenews.it\/wp-content\/uploads\/2020\/12\/stefania_radman_colori_500.jpg\",\"contentUrl\":\"https:\/\/staging.varesenews.it\/wp-content\/uploads\/2020\/12\/stefania_radman_colori_500.jpg\",\"caption\":\"Stefania Radman\"},\"description\":\"Varesina dal 1991, lavoro dal 2000 per Varesenews.it, prima come responsabile della pagina dell&rsquo;economia, poi della pagina life, ora della citt&agrave; di Varese.Ma sono (e sono stata) anche altro: per esempio, agli albori delle radio private ero dj in una radio milanese, Onda Radio. Da 20 anni sono corrispondente da Varese di Radio Popolare e ho collaborato con Espresso, Repubblica, Diario della Settimana, Italia Oggi. &ldquo;Smanettona&rdquo; da sempre, ho aperto il mio primo sito personale con Geocities nei primi anni novanta (chi se lo ricorda?) e i miei primi blog in Splinder all&rsquo;inizio del 2000. Ora sono sui social: qui quasi sempre sono semplicemente \\\"LaRadman&rdquo;.\",\"sameAs\":[\"http:\/\/laradman.blogspot.it\",\"https:\/\/www.facebook.com\/stefaniaradman\",\"@LaRadman\",\"https:\/\/www.linkedin.com\/in\/stefaniaradman\",\"https:\/\/twitter.com\/LaRadman\"],\"url\":\"https:\/\/staging.varesenews.it\/persona\/stefania-radman1\/\"}]}<\/script>\n<!-- \/ Yoast SEO plugin. -->","yoast_head_json":{"title":"\"Bisuschio non \u00e8 il Bronx\"","description":"Parla il sindaco di Bisuschio Giovanni Resteghini. Che stigmatizza la gravit\u00e0 del fatto avvenuto, ma spiega \u201cE\u2019 solo un caso isolato\u201d","robots":{"index":"noindex","follow":"follow","max-snippet":"max-snippet:-1","max-image-preview":"max-image-preview:large","max-video-preview":"max-video-preview:-1"},"og_locale":"it_IT","og_type":"article","og_title":"\"Bisuschio non \u00e8 il Bronx\"","og_description":"Parla il sindaco di Bisuschio Giovanni Resteghini. Che stigmatizza la gravit\u00e0 del fatto avvenuto, ma spiega \u201cE\u2019 solo un caso isolato\u201d","og_url":"https:\/\/staging.varesenews.it\/2015\/11\/ma-bisuschio-non-e-il-bronx\/414883\/","og_site_name":"VareseNews","article_publisher":"https:\/\/www.facebook.com\/varesenews","article_author":"https:\/\/www.facebook.com\/stefaniaradman","article_published_time":"2015-11-03T15:31:13+00:00","article_modified_time":"2015-11-04T11:24:51+00:00","author":"Stefania Radman","twitter_card":"summary_large_image","twitter_creator":"@LaRadman","twitter_site":"@varesenews","twitter_misc":{"Scritto da":"Stefania Radman","Tempo di lettura stimato":"1 minuto"},"schema":{"@context":"https:\/\/schema.org","@graph":[{"@type":"WebPage","@id":"https:\/\/staging.varesenews.it\/2015\/11\/ma-bisuschio-non-e-il-bronx\/414883\/","url":"https:\/\/staging.varesenews.it\/2015\/11\/ma-bisuschio-non-e-il-bronx\/414883\/","name":"\"Bisuschio non \u00e8 il Bronx\"","isPartOf":{"@id":"https:\/\/staging.varesenews.it\/#website"},"datePublished":"2015-11-03T15:31:13+00:00","dateModified":"2015-11-04T11:24:51+00:00","author":{"@id":"https:\/\/staging.varesenews.it\/#\/schema\/person\/995d2e6a31c67237a9a1bc1f0079f3aa"},"description":"Parla il sindaco di Bisuschio Giovanni Resteghini. Che stigmatizza la gravit\u00e0 del fatto avvenuto, ma spiega \u201cE\u2019 solo un caso isolato\u201d","breadcrumb":{"@id":"https:\/\/staging.varesenews.it\/2015\/11\/ma-bisuschio-non-e-il-bronx\/414883\/#breadcrumb"},"inLanguage":"it-IT","potentialAction":[{"@type":"ReadAction","target":["https:\/\/staging.varesenews.it\/2015\/11\/ma-bisuschio-non-e-il-bronx\/414883\/"]}]},{"@type":"BreadcrumbList","@id":"https:\/\/staging.varesenews.it\/2015\/11\/ma-bisuschio-non-e-il-bronx\/414883\/#breadcrumb","itemListElement":[{"@type":"ListItem","position":1,"name":"Home","item":"https:\/\/www.varesenews.it\/"},{"@type":"ListItem","position":2,"name":"&#8220;Bisuschio non \u00e8 il Bronx&#8221;"}]},{"@type":"WebSite","@id":"https:\/\/staging.varesenews.it\/#website","url":"https:\/\/staging.varesenews.it\/","name":"VareseNews","description":"","potentialAction":[{"@type":"SearchAction","target":{"@type":"EntryPoint","urlTemplate":"https:\/\/staging.varesenews.it\/?s={search_term_string}"},"query-input":"required name=search_term_string"}],"inLanguage":"it-IT"},{"@type":"Person","@id":"https:\/\/staging.varesenews.it\/#\/schema\/person\/995d2e6a31c67237a9a1bc1f0079f3aa","name":"Stefania Radman","image":{"@type":"ImageObject","inLanguage":"it-IT","@id":"https:\/\/staging.varesenews.it\/#\/schema\/person\/image\/","url":"https:\/\/staging.varesenews.it\/wp-content\/uploads\/2020\/12\/stefania_radman_colori_500.jpg","contentUrl":"https:\/\/staging.varesenews.it\/wp-content\/uploads\/2020\/12\/stefania_radman_colori_500.jpg","caption":"Stefania Radman"},"description":"Varesina dal 1991, lavoro dal 2000 per Varesenews.it, prima come responsabile della pagina dell&rsquo;economia, poi della pagina life, ora della citt&agrave; di Varese.Ma sono (e sono stata) anche altro: per esempio, agli albori delle radio private ero dj in una radio milanese, Onda Radio. Da 20 anni sono corrispondente da Varese di Radio Popolare e ho collaborato con Espresso, Repubblica, Diario della Settimana, Italia Oggi. &ldquo;Smanettona&rdquo; da sempre, ho aperto il mio primo sito personale con Geocities nei primi anni novanta (chi se lo ricorda?) e i miei primi blog in Splinder all&rsquo;inizio del 2000. Ora sono sui social: qui quasi sempre sono semplicemente \"LaRadman&rdquo;.","sameAs":["http:\/\/laradman.blogspot.it","https:\/\/www.facebook.com\/stefaniaradman","@LaRadman","https:\/\/www.linkedin.com\/in\/stefaniaradman","https:\/\/twitter.com\/LaRadman"],"url":"https:\/\/staging.varesenews.it\/persona\/stefania-radman1\/"}]}},"post_meta":{"_edit_lock":"1446636444:48","_oembed_09c4481dba06db98b324470d9c2ced4a":"{{unknown}}","_oembed_4e5948853e0cda3223a4c09208abf490":"{{unknown}}","_edit_last":"48","ratings_users":"0","ratings_score":"0","ratings_average":"0","_category_permalink":"","wdfb_og_title":"","wdfb_og_type":"","wdfb_og_description":"","wdfb_og_images":"a:1:{i:0;s:0:\"\";}","wdfb_og_custom_name":"a:1:{i:0;s:0:\"\";}","wdfb_og_custom_value":"a:1:{i:0;s:0:\"\";}","id_leggi_anche":"414198,413987","foto":"460297","argomento":"Bisuschio","_yoast_wpseo_focuskw":"bisuschio","_yoast_wpseo_metadesc":"Parla il sindaco di Bisuschio Giovanni Resteghini. Che stigmatizza la gravit\u00e0 del fatto avvenuto, ma spiega \u201cE\u2019 solo un caso isolato\u201d","_jd_twitter":"","_jd_tweet_this":"yes","_wpt_short_url":"http:\/\/www.varesenews.it\/2015\/11\/ma-bisuschio-non-e-il-bronx\/414883\/","_wp_jd_target":"http:\/\/www.varesenews.it\/2015\/11\/ma-bisuschio-non-e-il-bronx\/414883\/","_jd_wp_twitter":"a:1:{i:0;s:100:\"\"Ma Bisuschio non \u00e8 il Bronx\" http:\/\/www.varesenews.it\/2015\/11\/ma-bisuschio-non-e-il-bronx\/414883\/ \";}","_wpt_status_message":"Tweet inviato con successo.","_yoast_wpseo_linkdex":"76"},"photos":[{"original":"https:\/\/staging.varesenews.it\/photogallery_new\/images\/2015\/06\/141tour-bisuschio-le-persone-460297.jpg","full":"https:\/\/staging.varesenews.it\/photogallery_new\/images\/2015\/06\/141tour-bisuschio-le-persone-460297.1024x768.jpg","large":"https:\/\/staging.varesenews.it\/photogallery_new\/images\/2015\/06\/141tour-bisuschio-le-persone-460297.610x431.jpg"}],"_links":{"self":[{"href":"https:\/\/staging.varesenews.it\/swgapi\/v1\/wp\/v2\/posts\/414883"}],"collection":[{"href":"https:\/\/staging.varesenews.it\/swgapi\/v1\/wp\/v2\/posts"}],"about":[{"href":"https:\/\/staging.varesenews.it\/swgapi\/v1\/wp\/v2\/types\/post"}],"author":[{"embeddable":true,"href":"https:\/\/staging.varesenews.it\/swgapi\/v1\/wp\/v2\/users\/48"}],"replies":[{"embeddable":true,"href":"https:\/\/staging.varesenews.it\/swgapi\/v1\/wp\/v2\/comments?post=414883"}],"version-history":[{"count":0,"href":"https:\/\/staging.varesenews.it\/swgapi\/v1\/wp\/v2\/posts\/414883\/revisions"}],"wp:attachment":[{"href":"https:\/\/staging.varesenews.it\/swgapi\/v1\/wp\/v2\/media?parent=414883"}],"wp:term":[{"taxonomy":"category","embeddable":true,"href":"https:\/\/staging.varesenews.it\/swgapi\/v1\/wp\/v2\/categories?post=414883"},{"taxonomy":"post_tag","embeddable":true,"href":"https:\/\/staging.varesenews.it\/swgapi\/v1\/wp\/v2\/tags?post=414883"}],"curies":[{"name":"wp","href":"https:\/\/api.w.org\/{rel}","templated":true}]}}