{"id":415910,"date":"2015-11-06T15:48:02","date_gmt":"2015-11-06T14:48:02","guid":{"rendered":"http:\/\/www.varesenews.it\/?p=415910"},"modified":"2015-11-06T15:48:02","modified_gmt":"2015-11-06T14:48:02","slug":"un-weekend-di-abbracci-e-podismo","status":"publish","type":"post","link":"https:\/\/staging.varesenews.it\/2015\/11\/un-weekend-di-abbracci-e-podismo\/415910\/","title":{"rendered":"Un weekend di abbracci e podismo"},"content":{"rendered":"<p>Di seguito le iniziative previste nel week-end, realizzate e coordinate dall\u2019Amministrazione in collaborazione con le associazioni locali<\/p>\n<p><strong>Venerd\u00ec 06 e sabato 07 novembre<\/strong><\/p>\n<p>Ore 21.00<strong>, Teatro Fratello Sole<\/strong><br \/>\nIl Banco di solidariet\u00e0 \u201cLa Luna\u201d e la parrocchia dei Frati minori promuovono \u201cPerch\u00e9 non parli?\u201d, uno spettacolo teatrale di e con <strong>Paolo Cevoli<\/strong>, il cui ricavato\u00a0servir\u00e0 a sostenere l\u2019attivit\u00e0 caritativa dei due enti, permettendo di poter rispondere in modo adeguato ai continui bisogni e\u00a0difficolt\u00e0 di tante famiglie.<br \/>\nE\u2019 possibile acquistare i biglietti presso il Teatro Fratello Sole o al seguente link: <a href=\"http:\/\/www.fratellosole.it\">http:\/\/www.fratellosole.it<\/a>\/ al costo di \u20ac 20,00.<br \/>\nPer informazioni: email laluna.bancodisolidarieta@gmail.com \u2013 tel. 3387930751\/ 3288371611<\/p>\n<p><strong>Venerd\u00ec 06, sabato 07 e domenica 08 novembre<\/strong><\/p>\n<p><strong>MalpensaFiere<\/strong><br \/>\n<strong>Incontro con Amma<\/strong><br \/>\nDurante tutto il giorno Amma sar\u00e0 disponibile con momenti di meditazione e abbracci.<br \/>\nSabato 7 alle 19.30 il sindaco Gigi Farioli accoglier\u00e0 Amma e ritirer\u00e0 il contributo che l\u2019ONG Embracing The World ha destinato al Comune di Busto e in particolare al progetto \u201cUna rete per il lavoro\u201d che si propone di sostenere persone in difficolt\u00e0 offrendo loro piccoli lavori che vanno a vantaggio della societ\u00e0.<br \/>\nInfo: http:\/\/www.amma-italia.it\/<\/p>\n<p><strong>Sabato 07 novembre<\/strong><\/p>\n<p>Ore 21.00,<strong> Teatro Sociale<\/strong><br \/>\nLo spettacolo <strong>\u00abFaber\u2026n\u00e9 per denaro, n\u00e9 per il cielo\u00bb<\/strong>,\u00a0dedicato al cantautore genovese Fabrizio De Andr\u00e9,\u00a0inaugura la \u00abStagione Produzioni\u00bb, ideata dall&#8217;associazione culturale \u00abEducarte\u00bb con alcune delle principali realt\u00e0 produttive e culturali presenti sul territorio della provincia di Varese, come l\u2019Icma di Busto Arsizio e il \u00abCentro arte danza\u00bb di Olgiate Olona.<br \/>\nLo spettacolo in cartellone al teatro Sociale di Busto Arsizio, inserito nell\u2019ambito della stagione cittadina \u00abBA Teatro\u00bb, racconter\u00e0 il mondo di Faber.<\/p>\n<p><strong>Domenica 08 novembre<\/strong><\/p>\n<p>Dalle ore 09.30, <strong>vie della citt\u00e0<\/strong><br \/>\nLa 24^ edizione della <strong>Maratonina della Citt\u00e0 di Busto Arsizio,<\/strong> sulla classica distanza della mezza-maratona di 21 km e 97 metri \u00e8 stata organizzata dall\u2019Atletica San Marco, con la collaborazione dell\u2019Amministrazione comunale e il patrocinio della Regione Lombardia.<br \/>\nIn concomitanza con l\u2019evento sportivo, si svolger\u00e0 la Domenica Ecologica, che istituisce il fermo totale della circolazione degli autoveicoli, motoveicoli e ciclomotori non adibiti a servizio pubblico, ad esclusione dei veicoli meno inquinanti, dalle ore 9.00 alle ore 13.00.<br \/>\nE\u2019 prevista inoltre la sospensione della circolazione stradale al transito dei partecipanti lungo i tratti di strada interessati dalla competizione sportiva con divieto temporaneo di transito e sosta per tutti i veicoli in alcune vie cittadine.<br \/>\nPer informazioni e chiarimenti \u00e8 disponibile il Numero Verde 800098713 del Comando di Polizia Locale.<\/p>\n<p>Ore 16.00,<strong> Chiesa di Sant\u2019Edoardo<\/strong><br \/>\nPrende il via la <strong>VII\u00b0 rassegna di Musica Sacra<\/strong>, manifestazione che raccoglie l\u2019eredit\u00e0 e continua la tradizionale proposta della rassegna di Musica Organistica e Polifonica conclusasi nel 2008 con la XXX\u00b0 edizione.<br \/>\nSi esibir\u00e0 il Coro da Camera di Varese direttore da Gabriele Conti con le Musiche di C. Monteverdi &#8211; J.S. Bach \u2013 D. Scarlatti &#8211; F. Mendelssohn &#8211; A. Bruckner &#8211; J. Rheinberger<br \/>\nOrganizzata dal maestro Sergio Paolini con la collaborazione dell&#8217;Amministrazione Comunale.<\/p>\n<p>Ore 16.30,<strong> Palazzo Marliani Cicogna<\/strong><br \/>\nIncontro di presentazione e approfondimento dell\u2019opera <strong>\u201cNoli me tangere\u201d<\/strong>, a cura della responsabile dei servizi educativi museali.<br \/>\nIl quadro \u00e8 stato donato di recente alla Citt\u00e0 da Antonio e Mal\u00f9 Colombo, in ricordo dei genitori Este e Gianna Nizzi.<\/p>\n","protected":false},"excerpt":{"rendered":"<p>Torna Amma a Malpensafiere, la 24esima Maratonina, il teatro con Paolo Cevoli e un omaggio a De Andr\u00e8. Spazio anche all&#8217;arte e alla musica sacra<\/p>\n","protected":false},"author":47,"featured_media":0,"comment_status":"open","ping_status":"open","sticky":false,"template":"","format":"standard","meta":{"footnotes":""},"categories":[4,21],"tags":[12705,830,591,54093,158],"acf":[],"yoast_head":"<!-- This site is optimized with the Yoast SEO plugin v20.1 - https:\/\/yoast.com\/wordpress\/plugins\/seo\/ -->\n<title>Un weekend di abbracci e podismo<\/title>\n<meta name=\"description\" content=\"Torna Amma a Malpensafiere, la 24esima Maratonina, il teatro con Paolo Cevoli e un omaggio a De Andr\u00e8. Spazio anche all&#039;arte e alla musica sacra\" \/>\n<meta name=\"robots\" content=\"noindex, follow, max-snippet:-1, max-image-preview:large, max-video-preview:-1\" \/>\n<meta property=\"og:locale\" content=\"it_IT\" \/>\n<meta property=\"og:type\" content=\"article\" \/>\n<meta property=\"og:title\" content=\"Un weekend di abbracci e podismo\" \/>\n<meta property=\"og:description\" content=\"Torna Amma a Malpensafiere, la 24esima Maratonina, il teatro con Paolo Cevoli e un omaggio a De Andr\u00e8. Spazio anche all&#039;arte e alla musica sacra\" \/>\n<meta property=\"og:url\" content=\"https:\/\/staging.varesenews.it\/2015\/11\/un-weekend-di-abbracci-e-podismo\/415910\/\" \/>\n<meta property=\"og:site_name\" content=\"VareseNews\" \/>\n<meta property=\"article:publisher\" content=\"https:\/\/www.facebook.com\/varesenews\" \/>\n<meta property=\"article:published_time\" content=\"2015-11-06T14:48:02+00:00\" \/>\n<meta name=\"author\" content=\"Orlando Mastrillo\" \/>\n<meta name=\"twitter:card\" content=\"summary_large_image\" \/>\n<meta name=\"twitter:creator\" content=\"@nando_mastrillo\" \/>\n<meta name=\"twitter:site\" content=\"@varesenews\" \/>\n<meta name=\"twitter:label1\" content=\"Scritto da\" \/>\n\t<meta name=\"twitter:data1\" content=\"Orlando Mastrillo\" \/>\n\t<meta name=\"twitter:label2\" content=\"Tempo di lettura stimato\" \/>\n\t<meta name=\"twitter:data2\" content=\"3 minuti\" \/>\n<script type=\"application\/ld+json\" class=\"yoast-schema-graph\">{\"@context\":\"https:\/\/schema.org\",\"@graph\":[{\"@type\":\"WebPage\",\"@id\":\"https:\/\/staging.varesenews.it\/2015\/11\/un-weekend-di-abbracci-e-podismo\/415910\/\",\"url\":\"https:\/\/staging.varesenews.it\/2015\/11\/un-weekend-di-abbracci-e-podismo\/415910\/\",\"name\":\"Un weekend di abbracci e podismo\",\"isPartOf\":{\"@id\":\"https:\/\/staging.varesenews.it\/#website\"},\"datePublished\":\"2015-11-06T14:48:02+00:00\",\"dateModified\":\"2015-11-06T14:48:02+00:00\",\"author\":{\"@id\":\"https:\/\/staging.varesenews.it\/#\/schema\/person\/14c47ccce537a9058dddce296f10b296\"},\"description\":\"Torna Amma a Malpensafiere, la 24esima Maratonina, il teatro con Paolo Cevoli e un omaggio a De Andr\u00e8. Spazio anche all'arte e alla musica sacra\",\"breadcrumb\":{\"@id\":\"https:\/\/staging.varesenews.it\/2015\/11\/un-weekend-di-abbracci-e-podismo\/415910\/#breadcrumb\"},\"inLanguage\":\"it-IT\",\"potentialAction\":[{\"@type\":\"ReadAction\",\"target\":[\"https:\/\/staging.varesenews.it\/2015\/11\/un-weekend-di-abbracci-e-podismo\/415910\/\"]}]},{\"@type\":\"BreadcrumbList\",\"@id\":\"https:\/\/staging.varesenews.it\/2015\/11\/un-weekend-di-abbracci-e-podismo\/415910\/#breadcrumb\",\"itemListElement\":[{\"@type\":\"ListItem\",\"position\":1,\"name\":\"Home\",\"item\":\"https:\/\/www.varesenews.it\/\"},{\"@type\":\"ListItem\",\"position\":2,\"name\":\"Un weekend di abbracci e podismo\"}]},{\"@type\":\"WebSite\",\"@id\":\"https:\/\/staging.varesenews.it\/#website\",\"url\":\"https:\/\/staging.varesenews.it\/\",\"name\":\"VareseNews\",\"description\":\"\",\"potentialAction\":[{\"@type\":\"SearchAction\",\"target\":{\"@type\":\"EntryPoint\",\"urlTemplate\":\"https:\/\/staging.varesenews.it\/?s={search_term_string}\"},\"query-input\":\"required name=search_term_string\"}],\"inLanguage\":\"it-IT\"},{\"@type\":\"Person\",\"@id\":\"https:\/\/staging.varesenews.it\/#\/schema\/person\/14c47ccce537a9058dddce296f10b296\",\"name\":\"Orlando Mastrillo\",\"image\":{\"@type\":\"ImageObject\",\"inLanguage\":\"it-IT\",\"@id\":\"https:\/\/staging.varesenews.it\/#\/schema\/person\/image\/\",\"url\":\"https:\/\/staging.varesenews.it\/wp-content\/uploads\/2020\/12\/orlando_mastrillo_colori_500.jpg\",\"contentUrl\":\"https:\/\/staging.varesenews.it\/wp-content\/uploads\/2020\/12\/orlando_mastrillo_colori_500.jpg\",\"caption\":\"Orlando Mastrillo\"},\"description\":\"Nasco a Luino nel 1981, ho iniziato questo lavoro nell'estate del 2003 nella redazione de Il Giorno di Varese e dall'anno successivo ho intrapreso la collaborazione con VareseNews. Dopo anni nell'Alto Varesotto mi sono trasferito a Busto Arsizio nel 2007, territorio che ho iniziato a seguire e che seguo tutt'oggi. Nel 2013 sono diventato giornalista professionista. Mi occupo di cronaca politica, giudiziaria e nera in una vasta area che comprende anche parte della Valle Olona e il Legnanese. Sono sposato con Valeria Arini e ho due splendide figlie.\",\"sameAs\":[\"or_ma\",\"https:\/\/twitter.com\/nando_mastrillo\"],\"url\":\"https:\/\/staging.varesenews.it\/persona\/orlando-mastrillo1\/\"}]}<\/script>\n<!-- \/ Yoast SEO plugin. -->","yoast_head_json":{"title":"Un weekend di abbracci e podismo","description":"Torna Amma a Malpensafiere, la 24esima Maratonina, il teatro con Paolo Cevoli e un omaggio a De Andr\u00e8. Spazio anche all'arte e alla musica sacra","robots":{"index":"noindex","follow":"follow","max-snippet":"max-snippet:-1","max-image-preview":"max-image-preview:large","max-video-preview":"max-video-preview:-1"},"og_locale":"it_IT","og_type":"article","og_title":"Un weekend di abbracci e podismo","og_description":"Torna Amma a Malpensafiere, la 24esima Maratonina, il teatro con Paolo Cevoli e un omaggio a De Andr\u00e8. Spazio anche all'arte e alla musica sacra","og_url":"https:\/\/staging.varesenews.it\/2015\/11\/un-weekend-di-abbracci-e-podismo\/415910\/","og_site_name":"VareseNews","article_publisher":"https:\/\/www.facebook.com\/varesenews","article_published_time":"2015-11-06T14:48:02+00:00","author":"Orlando Mastrillo","twitter_card":"summary_large_image","twitter_creator":"@nando_mastrillo","twitter_site":"@varesenews","twitter_misc":{"Scritto da":"Orlando Mastrillo","Tempo di lettura stimato":"3 minuti"},"schema":{"@context":"https:\/\/schema.org","@graph":[{"@type":"WebPage","@id":"https:\/\/staging.varesenews.it\/2015\/11\/un-weekend-di-abbracci-e-podismo\/415910\/","url":"https:\/\/staging.varesenews.it\/2015\/11\/un-weekend-di-abbracci-e-podismo\/415910\/","name":"Un weekend di abbracci e podismo","isPartOf":{"@id":"https:\/\/staging.varesenews.it\/#website"},"datePublished":"2015-11-06T14:48:02+00:00","dateModified":"2015-11-06T14:48:02+00:00","author":{"@id":"https:\/\/staging.varesenews.it\/#\/schema\/person\/14c47ccce537a9058dddce296f10b296"},"description":"Torna Amma a Malpensafiere, la 24esima Maratonina, il teatro con Paolo Cevoli e un omaggio a De Andr\u00e8. Spazio anche all'arte e alla musica sacra","breadcrumb":{"@id":"https:\/\/staging.varesenews.it\/2015\/11\/un-weekend-di-abbracci-e-podismo\/415910\/#breadcrumb"},"inLanguage":"it-IT","potentialAction":[{"@type":"ReadAction","target":["https:\/\/staging.varesenews.it\/2015\/11\/un-weekend-di-abbracci-e-podismo\/415910\/"]}]},{"@type":"BreadcrumbList","@id":"https:\/\/staging.varesenews.it\/2015\/11\/un-weekend-di-abbracci-e-podismo\/415910\/#breadcrumb","itemListElement":[{"@type":"ListItem","position":1,"name":"Home","item":"https:\/\/www.varesenews.it\/"},{"@type":"ListItem","position":2,"name":"Un weekend di abbracci e podismo"}]},{"@type":"WebSite","@id":"https:\/\/staging.varesenews.it\/#website","url":"https:\/\/staging.varesenews.it\/","name":"VareseNews","description":"","potentialAction":[{"@type":"SearchAction","target":{"@type":"EntryPoint","urlTemplate":"https:\/\/staging.varesenews.it\/?s={search_term_string}"},"query-input":"required name=search_term_string"}],"inLanguage":"it-IT"},{"@type":"Person","@id":"https:\/\/staging.varesenews.it\/#\/schema\/person\/14c47ccce537a9058dddce296f10b296","name":"Orlando Mastrillo","image":{"@type":"ImageObject","inLanguage":"it-IT","@id":"https:\/\/staging.varesenews.it\/#\/schema\/person\/image\/","url":"https:\/\/staging.varesenews.it\/wp-content\/uploads\/2020\/12\/orlando_mastrillo_colori_500.jpg","contentUrl":"https:\/\/staging.varesenews.it\/wp-content\/uploads\/2020\/12\/orlando_mastrillo_colori_500.jpg","caption":"Orlando Mastrillo"},"description":"Nasco a Luino nel 1981, ho iniziato questo lavoro nell'estate del 2003 nella redazione de Il Giorno di Varese e dall'anno successivo ho intrapreso la collaborazione con VareseNews. Dopo anni nell'Alto Varesotto mi sono trasferito a Busto Arsizio nel 2007, territorio che ho iniziato a seguire e che seguo tutt'oggi. Nel 2013 sono diventato giornalista professionista. Mi occupo di cronaca politica, giudiziaria e nera in una vasta area che comprende anche parte della Valle Olona e il Legnanese. Sono sposato con Valeria Arini e ho due splendide figlie.","sameAs":["or_ma","https:\/\/twitter.com\/nando_mastrillo"],"url":"https:\/\/staging.varesenews.it\/persona\/orlando-mastrillo1\/"}]}},"post_meta":{"_edit_lock":"1446821274:47","_edit_last":"47","ratings_users":"0","ratings_score":"0","ratings_average":"0","_category_permalink":"","wdfb_og_title":"","wdfb_og_type":"","wdfb_og_description":"","wdfb_og_images":"a:1:{i:0;s:0:\"\";}","wdfb_og_custom_name":"a:1:{i:0;s:0:\"\";}","wdfb_og_custom_value":"a:1:{i:0;s:0:\"\";}","foto":"94436","firma_come_redazione":"1","argomento":"Busto Arsizio","_yoast_wpseo_focuskw":"weekend","_jd_twitter":"","_jd_tweet_this":"yes","_wpt_short_url":"http:\/\/www.varesenews.it\/2015\/11\/un-weekend-di-abbracci-e-podismo\/415910\/","_wp_jd_target":"http:\/\/www.varesenews.it\/2015\/11\/un-weekend-di-abbracci-e-podismo\/415910\/","_jd_wp_twitter":"a:1:{i:0;s:136:\"Un weekend di abbracci e podismo http:\/\/www.varesenews.it\/2015\/11\/un-weekend-di-abbracci-e-podismo\/415910\/ #amma #MalpensaFiere #weekend\";}","_wpt_status_message":"Tweet inviato con successo.","_yoast_wpseo_linkdex":"67"},"photos":[{"original":"https:\/\/staging.varesenews.it\/photogallery_new\/images\/2013\/11\/l2019abbraccio-di-amma-inserita-in-galleria-94436.jpg","full":"https:\/\/staging.varesenews.it\/photogallery_new\/images\/2013\/11\/l2019abbraccio-di-amma-inserita-in-galleria-94436.1024x768.jpg","large":"https:\/\/staging.varesenews.it\/photogallery_new\/images\/2013\/11\/l2019abbraccio-di-amma-inserita-in-galleria-94436.610x431.jpg"}],"_links":{"self":[{"href":"https:\/\/staging.varesenews.it\/swgapi\/v1\/wp\/v2\/posts\/415910"}],"collection":[{"href":"https:\/\/staging.varesenews.it\/swgapi\/v1\/wp\/v2\/posts"}],"about":[{"href":"https:\/\/staging.varesenews.it\/swgapi\/v1\/wp\/v2\/types\/post"}],"author":[{"embeddable":true,"href":"https:\/\/staging.varesenews.it\/swgapi\/v1\/wp\/v2\/users\/47"}],"replies":[{"embeddable":true,"href":"https:\/\/staging.varesenews.it\/swgapi\/v1\/wp\/v2\/comments?post=415910"}],"version-history":[{"count":0,"href":"https:\/\/staging.varesenews.it\/swgapi\/v1\/wp\/v2\/posts\/415910\/revisions"}],"wp:attachment":[{"href":"https:\/\/staging.varesenews.it\/swgapi\/v1\/wp\/v2\/media?parent=415910"}],"wp:term":[{"taxonomy":"category","embeddable":true,"href":"https:\/\/staging.varesenews.it\/swgapi\/v1\/wp\/v2\/categories?post=415910"},{"taxonomy":"post_tag","embeddable":true,"href":"https:\/\/staging.varesenews.it\/swgapi\/v1\/wp\/v2\/tags?post=415910"}],"curies":[{"name":"wp","href":"https:\/\/api.w.org\/{rel}","templated":true}]}}