{"id":416348,"date":"2015-11-09T11:25:07","date_gmt":"2015-11-09T10:25:07","guid":{"rendered":"http:\/\/www.varesenews.it\/?p=416348"},"modified":"2015-11-09T11:25:07","modified_gmt":"2015-11-09T10:25:07","slug":"un-parco-per-tutti-un-progetto-vincente","status":"publish","type":"post","link":"https:\/\/staging.varesenews.it\/2015\/11\/un-parco-per-tutti-un-progetto-vincente\/416348\/","title":{"rendered":"&#8220;Un parco per tutti&#8221;, un progetto vincente"},"content":{"rendered":"<p><strong>Sono iniziati luned\u00ec 3 novembre i lavori di preparazione dell\u2019area di Piazza delle Tessitrici a Malnate<\/strong>, dove sorger\u00e0 \u201c<strong>Un parco per tutti<\/strong>\u201d, il primo parco giochi inclusivo della Provincia di Varese. Il Comune di Malnate ha dato il via alle opere di deimpermeabilizzazione dell\u2019area, alle quali seguir\u00e0 la posa del massetto di cemento.<\/p>\n<p>Ecco il cronoprogramma: entro il 15 novembre 2015 ci sar\u00e0 il lavoro dei canali, dei pozzi perdenti e della piastra su cui sorger\u00e0 il parco e della realizzazione dei passaggi in porfido; <strong>entro marzo 2016<\/strong> (probabilmente la prima settimana di marzo) in 4 giorni avverr\u00e0 la posa dei giochi e subito dopo ci vorranno 2 giorni per la posa della gomma. Una questione molto sentita dalla cittadinanza \u00e8 la messa in sicurezza dell\u2019area di Piazza delle Tessitrici: \u00abIl comandante della Polizia Locale e il vicesindaco Maria Croci \u2013 ha spiegato il <strong>sindaco Samuele Astuti<\/strong> \u2013 hanno visionato settimana scorsa le registrazioni dell&#8217;area per verificarne il corretto funzionamento. A breve verr\u00e0 inoltre implementato un nuovo software\u00a0che permetter\u00e0 di migliorare ancora di pi\u00f9 il complessivo sistema di videosorveglianza\u00bb.<\/p>\n<p>\u00abUna volta terminata la raccolta fondi, prevista entro fine anno, procederemo con l\u2019ordine di acquisto dei giochi. Il nostro fornitore, l\u2019azienda danese Kompan, effettuer\u00e0 la consegna entro 5 settimane e appena le condizioni meteo lo consentiranno, procederemo con l\u2019installazione dei giochi e la posa della gomma\u00bb <strong>precisa Davide Gardon, Consigliere di Gymnic Club,<\/strong> associazione che si sta occupando in primo piano di questo progetto.<\/p>\n<p><strong>Emanuela Solimeno<\/strong>, la mamma di un bambino disabile che ha lanciato l\u2019iniziativa, spiega il lavoro svolto in questi mesi con LifeAbility, Gymnic Club e Maristella Schiavulli: \u00abQuando a marzo siamo partiti con il progetto non immaginavamo che in soli 8 mesi saremmo stati cos\u00ec vicini a completare la raccolta fondi, questo \u00e8 stato possibile soprattutto grazie ad un grande lavoro di squadra, alla stretta collaborazione con l\u2019Amministrazione Comunale, che ci ha supportati durante tutti questi mesi e all\u2019incredibile risposta ricevuta dalla cittadinanza e da tutto il territorio circostante\u00bb.<\/p>\n<p>L\u2019impegno \u00e8 stato massimo da parte di tutta la squadra del Parco, racconta Emanuela Solimeno: \u00abIl primo passo dopo aver preso accordi con il Comune, \u00e8 stato lanciare l\u2019iniziativa attraverso Facebook con una Pagina dedicata al Progetto, che ha generato un vero e proprio passaparola rivelatosi preziosissimo per gli sviluppi successivi. Mediante gli organi di informazione e il materiale divulgativo realizzato dallo Studio Visiva Communication, <strong>ci siamo assicurati la massima diffusione su tutto il territorio.<\/strong> I primi tempi ogni componente della squadra ha promosso il progetto tra amici, conoscenti e presentato l\u2019iniziativa ad aziende, fondazioni, associazioni e comitati\u00bb.<\/p>\n<p>La raccolta fondi \u00e8 stata alimentata in maniera trasversale da tantissime iniziative promosse sul territorio. <strong>Sono stati molteplici gli eventi di raccolta fondi dedicati al parco:<\/strong> uno spettacolo teatrale con La Compagnia de la Mascherpa, la cena con delitto al ristorante Le Fontanelle a cura dell\u2019Associazione Anima e Azione, la cena benefica al Ristorante Le Delizie con la prestigiosa collaborazione dello chef malnatese Sergio Barzetti, il famoso Aperitivo \u201cCarrrico\u201d di Luca Alfano presso il Byblos Caf\u00e9. Numerose iniziative per i pi\u00f9 piccoli sono state promosse dall\u2019Animatore per Bambini Nino Galici (Salamino) tra cui una partita di calcio con la Nazionale Italiana dell\u2019Amicizia.<\/p>\n<p>Anche le Associazioni sportive territoriali hanno contribuito con diversi eventi: \u00abHS Varese ha organizzato un incontro di basket in Carrozzina contro il Briantea Cant\u00f9 84 \u2013 <strong>prosegue Statella<\/strong> \u2013, alcune associazioni affiliate allo CSEN Varese hanno realizzato una partita benefica di Softair Lasertag, Gymnic Club e LifeAbility hanno proposto una giornata dedicata allo Sport per Tuttu, con un evento Fitness e dimostrazioni sportive di squadre con atleti disabili. Hanno partecipato inoltre con una donazione la Polisportiva Intercomunale di Cagno, l\u2019Associazione Junior Tennis Training, Varese Academy e la Scuola di danza Armonia\u00bb spiega Gardon. Il Presidente di LifeAbility.<\/p>\n<p>Valentino Statella, precisa che la raccolta fondi \u00e8 proseguita in maniera rapida grazie alle donazioni arrivate da importanti gruppi aziendali del territorio: \u00abLa prima azienda a credere fortemente nel nostro progetto \u00e8 stata Lati Industrie Termoplastiche, sono poi seguite Openjobmetis, la Farmacia Comunale e Perin Ponteggi.<strong> La Fondazione della Comunit\u00e0 di Malnate e la Fondazione Comunitaria del Varesotto<\/strong> hanno poi premiato il nostro progetto assegnandoci due importanti contributi\u00bb.<\/p>\n<p>Tante donazioni sono arrivate da altre Associazioni territoriali che hanno creduto nel valore di questo progetto: CAI Malnate, Sestero Onlus e Il piccolo Cantiere delle Arti Varie.<\/p>\n<p>\u00ab<strong>Ci teniamo a segnalare le iniziative di raccolta fondi pi\u00f9 curiose destinate al nostro Parco per Tutti:<\/strong> grazie alla mediazione dell\u2019Associazione Big Bang, il Barbershop AndreLAB Man, per tutto il primo mese di scuola, ha devoluto una percentuale del ricavato al progetto. Un giovane rapper della nostra citt\u00e0, Toon Calvo, ha composto una canzone sul tema della disabilit\u00e0 devolvendoci interamente i proventi della vendita del CD. Il Cral dell\u2019azienda Elmec ha organizzato una lotteria tra i dipendenti raccogliendo una somma consistente. Il Gruppo Facebook \u201cIl Bello di Malnate e Dintorni\u201d ha organizzato presso il Byblos Caf\u00e8 un aperitivo di ritrovo con possibilit\u00e0 di effettuare una donazione libera al progetto. La primissima iniziativa di raccolta fondi \u00e8 stata promossa dal negozio EurekaKids di Varese che ha realizzato dei laboratori creativi per bambini e dispone di un box di raccolta fondi ancora oggi\u00bb racconta la signora Solimeno.<\/p>\n<p>Numerosi i cittadini che hanno versato<strong> il proprio contributo attraverso il sistema di crowdfunding<\/strong> oppure con metodi pi\u00f9 tradizionali grazie ad alcuni salvadanai posizionati negli esercizi commerciali di Malnate (Byblos caf\u00e8, Bar Borsa, Calzolaio di Via Conconi, Belli e Pelosi servizio di Toelettatura).<\/p>\n<p>\u00abFondamentale \u00e8 stato il supporto delle famiglie malnatesi e di tutti gli ordini scolastici dell\u2019Istituto Comprensivo \u201cI. Masiq\u201d. <strong>Quest\u2019anno il nostro progetto \u00e8 stato inserito nell\u2019ambito della Settimana della Solidariet\u00e0 in cui tutti i bambini e ragazzi delle scuole hanno portato un contributo da destinare ad Associazioni e Progetti di volontariato<\/strong>. La nostra iniziativa \u00e8 stata premiata con un contributo di 1000\u20ac insieme ad altre 5 associazioni. Anche l\u2019Asilo Nido Comunale, i Comitati Genitori delle scuole Battisti, Bai, Sauro e Umberto I, unitamente all\u2019Associazione Genitori Malnate, hanno realizzato delle iniziative di raccolta fondi indipendenti destinate al progetto\u00bb racconta Maristella Schiavulli, responsabile dei rapporti con le Associazioni e i Comitati locali. \u00abInoltre, l\u2019intero ricavato della Festa cittadina di quest\u2019anno \u00e8 stato destinato al nostro Parco per Tutti\u00bb.<\/p>\n<p>\u201cAl momento abbiamo sul conto corrente dedicato al progetto quasi \u20ac43.000, <strong>per raggiungere l\u2019obiettivo finale di \u20ac50.000<\/strong> abbiamo in sospeso alcune promesse di donazione, ma soprattutto puntiamo moltissimo sull\u2019evento che verr\u00e0 realizzato dall\u2019Associazione di Castiglione Olona Favolandia \u201cBimbi in Festa\u201d, che dovrebbe portare nelle nostre casse il contributo necessario a terminare la raccolta fondi\u201d, ha spiegato Valentino Statella Presidente di LifeAbility.<\/p>\n<p><strong>L\u2019evento &#8220;Bimbi in Festa&#8221; si terr\u00e0 al Palazzetto dello Sport di Malnate il 14 e 15 novembre e vedr\u00e0 la collaborazione di numerosi artisti e associazioni.<\/strong> Nelle due giornate sono previsti laboratori creativi, esibizioni sportive, gonfiabili, animazioni per bambini, spettacoli di magia, musicali, di clauneria e la spettacolare esibizione del Gruppo \u201cI Truzzi Volanti\u201d sabato sera. Durante tutto l\u2019evento sar\u00e0 aperto uno stand gastronomico a cura dei Monelli della Motta. Ingresso 2\u20ac. per maggiori info sull\u2019evento consultate la pagina FB di Favolandia Castiglione.<\/p>\n","protected":false},"excerpt":{"rendered":"<p>I protagonisti del progetto hanno analizzato il percorso che in marzo dovrebbe portare al completamento del parco inclusivo, primo in provincia di Varese<\/p>\n","protected":false},"author":37,"featured_media":0,"comment_status":"open","ping_status":"open","sticky":false,"template":"","format":"standard","meta":{"footnotes":""},"categories":[2],"tags":[],"acf":[],"yoast_head":"<!-- This site is optimized with the Yoast SEO plugin v20.1 - https:\/\/yoast.com\/wordpress\/plugins\/seo\/ -->\n<title>&quot;Un parco per tutti&quot;, un progetto vincente<\/title>\n<meta name=\"description\" content=\"I protagonisti del progetto hanno analizzato il percorso che in marzo dovrebbe portare al completamento del parco inclusivo, primo in provincia di Varese\" \/>\n<meta name=\"robots\" content=\"noindex, follow, max-snippet:-1, max-image-preview:large, max-video-preview:-1\" \/>\n<meta property=\"og:locale\" content=\"it_IT\" \/>\n<meta property=\"og:type\" content=\"article\" \/>\n<meta property=\"og:title\" content=\"&quot;Un parco per tutti&quot;, un progetto vincente\" \/>\n<meta property=\"og:description\" content=\"I protagonisti del progetto hanno analizzato il percorso che in marzo dovrebbe portare al completamento del parco inclusivo, primo in provincia di Varese\" \/>\n<meta property=\"og:url\" content=\"https:\/\/staging.varesenews.it\/2015\/11\/un-parco-per-tutti-un-progetto-vincente\/416348\/\" \/>\n<meta property=\"og:site_name\" content=\"VareseNews\" \/>\n<meta property=\"article:publisher\" content=\"https:\/\/www.facebook.com\/varesenews\" \/>\n<meta property=\"article:published_time\" content=\"2015-11-09T10:25:07+00:00\" \/>\n<meta name=\"author\" content=\"Francesco Mazzoleni\" \/>\n<meta name=\"twitter:card\" content=\"summary_large_image\" \/>\n<meta name=\"twitter:creator\" content=\"@fmazzof\" \/>\n<meta name=\"twitter:site\" content=\"@varesenews\" \/>\n<meta name=\"twitter:label1\" content=\"Scritto da\" \/>\n\t<meta name=\"twitter:data1\" content=\"Francesco Mazzoleni\" \/>\n\t<meta name=\"twitter:label2\" content=\"Tempo di lettura stimato\" \/>\n\t<meta name=\"twitter:data2\" content=\"6 minuti\" \/>\n<script type=\"application\/ld+json\" class=\"yoast-schema-graph\">{\"@context\":\"https:\/\/schema.org\",\"@graph\":[{\"@type\":\"WebPage\",\"@id\":\"https:\/\/staging.varesenews.it\/2015\/11\/un-parco-per-tutti-un-progetto-vincente\/416348\/\",\"url\":\"https:\/\/staging.varesenews.it\/2015\/11\/un-parco-per-tutti-un-progetto-vincente\/416348\/\",\"name\":\"\\\"Un parco per tutti\\\", un progetto vincente\",\"isPartOf\":{\"@id\":\"https:\/\/staging.varesenews.it\/#website\"},\"datePublished\":\"2015-11-09T10:25:07+00:00\",\"dateModified\":\"2015-11-09T10:25:07+00:00\",\"author\":{\"@id\":\"https:\/\/staging.varesenews.it\/#\/schema\/person\/e82236e79160d30d4e1f942004ac3038\"},\"description\":\"I protagonisti del progetto hanno analizzato il percorso che in marzo dovrebbe portare al completamento del parco inclusivo, primo in provincia di Varese\",\"breadcrumb\":{\"@id\":\"https:\/\/staging.varesenews.it\/2015\/11\/un-parco-per-tutti-un-progetto-vincente\/416348\/#breadcrumb\"},\"inLanguage\":\"it-IT\",\"potentialAction\":[{\"@type\":\"ReadAction\",\"target\":[\"https:\/\/staging.varesenews.it\/2015\/11\/un-parco-per-tutti-un-progetto-vincente\/416348\/\"]}]},{\"@type\":\"BreadcrumbList\",\"@id\":\"https:\/\/staging.varesenews.it\/2015\/11\/un-parco-per-tutti-un-progetto-vincente\/416348\/#breadcrumb\",\"itemListElement\":[{\"@type\":\"ListItem\",\"position\":1,\"name\":\"Home\",\"item\":\"https:\/\/www.varesenews.it\/\"},{\"@type\":\"ListItem\",\"position\":2,\"name\":\"&#8220;Un parco per tutti&#8221;, un progetto vincente\"}]},{\"@type\":\"WebSite\",\"@id\":\"https:\/\/staging.varesenews.it\/#website\",\"url\":\"https:\/\/staging.varesenews.it\/\",\"name\":\"VareseNews\",\"description\":\"\",\"potentialAction\":[{\"@type\":\"SearchAction\",\"target\":{\"@type\":\"EntryPoint\",\"urlTemplate\":\"https:\/\/staging.varesenews.it\/?s={search_term_string}\"},\"query-input\":\"required name=search_term_string\"}],\"inLanguage\":\"it-IT\"},{\"@type\":\"Person\",\"@id\":\"https:\/\/staging.varesenews.it\/#\/schema\/person\/e82236e79160d30d4e1f942004ac3038\",\"name\":\"Francesco Mazzoleni\",\"image\":{\"@type\":\"ImageObject\",\"inLanguage\":\"it-IT\",\"@id\":\"https:\/\/staging.varesenews.it\/#\/schema\/person\/image\/\",\"url\":\"https:\/\/staging.varesenews.it\/wp-content\/uploads\/2020\/12\/francesco_mazzoleni_colori_500-1.jpg\",\"contentUrl\":\"https:\/\/staging.varesenews.it\/wp-content\/uploads\/2020\/12\/francesco_mazzoleni_colori_500-1.jpg\",\"caption\":\"Francesco Mazzoleni\"},\"description\":\"\\\"Uomo di campo\\\" della redazione sportiva. Nutro una vera passione per il calcio, che sia ad alti livelli, sui campi di provincia o in altri continenti. Sono nato a Varese nel 1984, vivo da sempre a Malnate e ho una laurea in Scienze Motorie. Ho mosso i primi passi a VareseNews da stagista nel 2002; nel 2008 ho iniziato a collaborare con maggiore continuit\u00e0 e dal 2018 sono giornalista professionista. Orgoglioso pap\u00e0 di Federico e Adelaide.\",\"sameAs\":[\"fmazzof\",\"it.linkedin.com\/in\/francescomazzolenif\",\"https:\/\/twitter.com\/fmazzof\"],\"url\":\"https:\/\/staging.varesenews.it\/persona\/francesco_mazzoleniferracini\/\"}]}<\/script>\n<!-- \/ Yoast SEO plugin. -->","yoast_head_json":{"title":"\"Un parco per tutti\", un progetto vincente","description":"I protagonisti del progetto hanno analizzato il percorso che in marzo dovrebbe portare al completamento del parco inclusivo, primo in provincia di Varese","robots":{"index":"noindex","follow":"follow","max-snippet":"max-snippet:-1","max-image-preview":"max-image-preview:large","max-video-preview":"max-video-preview:-1"},"og_locale":"it_IT","og_type":"article","og_title":"\"Un parco per tutti\", un progetto vincente","og_description":"I protagonisti del progetto hanno analizzato il percorso che in marzo dovrebbe portare al completamento del parco inclusivo, primo in provincia di Varese","og_url":"https:\/\/staging.varesenews.it\/2015\/11\/un-parco-per-tutti-un-progetto-vincente\/416348\/","og_site_name":"VareseNews","article_publisher":"https:\/\/www.facebook.com\/varesenews","article_published_time":"2015-11-09T10:25:07+00:00","author":"Francesco Mazzoleni","twitter_card":"summary_large_image","twitter_creator":"@fmazzof","twitter_site":"@varesenews","twitter_misc":{"Scritto da":"Francesco Mazzoleni","Tempo di lettura stimato":"6 minuti"},"schema":{"@context":"https:\/\/schema.org","@graph":[{"@type":"WebPage","@id":"https:\/\/staging.varesenews.it\/2015\/11\/un-parco-per-tutti-un-progetto-vincente\/416348\/","url":"https:\/\/staging.varesenews.it\/2015\/11\/un-parco-per-tutti-un-progetto-vincente\/416348\/","name":"\"Un parco per tutti\", un progetto vincente","isPartOf":{"@id":"https:\/\/staging.varesenews.it\/#website"},"datePublished":"2015-11-09T10:25:07+00:00","dateModified":"2015-11-09T10:25:07+00:00","author":{"@id":"https:\/\/staging.varesenews.it\/#\/schema\/person\/e82236e79160d30d4e1f942004ac3038"},"description":"I protagonisti del progetto hanno analizzato il percorso che in marzo dovrebbe portare al completamento del parco inclusivo, primo in provincia di Varese","breadcrumb":{"@id":"https:\/\/staging.varesenews.it\/2015\/11\/un-parco-per-tutti-un-progetto-vincente\/416348\/#breadcrumb"},"inLanguage":"it-IT","potentialAction":[{"@type":"ReadAction","target":["https:\/\/staging.varesenews.it\/2015\/11\/un-parco-per-tutti-un-progetto-vincente\/416348\/"]}]},{"@type":"BreadcrumbList","@id":"https:\/\/staging.varesenews.it\/2015\/11\/un-parco-per-tutti-un-progetto-vincente\/416348\/#breadcrumb","itemListElement":[{"@type":"ListItem","position":1,"name":"Home","item":"https:\/\/www.varesenews.it\/"},{"@type":"ListItem","position":2,"name":"&#8220;Un parco per tutti&#8221;, un progetto vincente"}]},{"@type":"WebSite","@id":"https:\/\/staging.varesenews.it\/#website","url":"https:\/\/staging.varesenews.it\/","name":"VareseNews","description":"","potentialAction":[{"@type":"SearchAction","target":{"@type":"EntryPoint","urlTemplate":"https:\/\/staging.varesenews.it\/?s={search_term_string}"},"query-input":"required name=search_term_string"}],"inLanguage":"it-IT"},{"@type":"Person","@id":"https:\/\/staging.varesenews.it\/#\/schema\/person\/e82236e79160d30d4e1f942004ac3038","name":"Francesco Mazzoleni","image":{"@type":"ImageObject","inLanguage":"it-IT","@id":"https:\/\/staging.varesenews.it\/#\/schema\/person\/image\/","url":"https:\/\/staging.varesenews.it\/wp-content\/uploads\/2020\/12\/francesco_mazzoleni_colori_500-1.jpg","contentUrl":"https:\/\/staging.varesenews.it\/wp-content\/uploads\/2020\/12\/francesco_mazzoleni_colori_500-1.jpg","caption":"Francesco Mazzoleni"},"description":"\"Uomo di campo\" della redazione sportiva. Nutro una vera passione per il calcio, che sia ad alti livelli, sui campi di provincia o in altri continenti. Sono nato a Varese nel 1984, vivo da sempre a Malnate e ho una laurea in Scienze Motorie. Ho mosso i primi passi a VareseNews da stagista nel 2002; nel 2008 ho iniziato a collaborare con maggiore continuit\u00e0 e dal 2018 sono giornalista professionista. Orgoglioso pap\u00e0 di Federico e Adelaide.","sameAs":["fmazzof","it.linkedin.com\/in\/francescomazzolenif","https:\/\/twitter.com\/fmazzof"],"url":"https:\/\/staging.varesenews.it\/persona\/francesco_mazzoleniferracini\/"}]}},"post_meta":{"_edit_lock":"1447068071:37","_edit_last":"37","_category_permalink":"2","ratings_users":"0","ratings_score":"0","ratings_average":"0","wdfb_og_title":"","wdfb_og_type":"","wdfb_og_description":"","wdfb_og_images":"a:1:{i:0;s:0:\"\";}","wdfb_og_custom_name":"a:1:{i:0;s:0:\"\";}","wdfb_og_custom_value":"a:1:{i:0;s:0:\"\";}","foto":"494710","id_link_fotogallery":"416349","firma_come_redazione":"1","argomento":"Malnate","_yoast_wpseo_focuskw":"parco","_jd_twitter":"","_jd_tweet_this":"yes","_wpt_short_url":"http:\/\/www.varesenews.it\/2015\/11\/un-parco-per-tutti-un-progetto-vincente\/416348\/","_wp_jd_target":"http:\/\/www.varesenews.it\/2015\/11\/un-parco-per-tutti-un-progetto-vincente\/416348\/","_jd_wp_twitter":"a:1:{i:0;s:140:\"\"Un parco per tutti\", un progetto vincente http:\/\/www.varesenews.it\/2015\/11\/un-parco-per-tutti-un-progetto-vincente\/416348\/ #unparcopertutti\";}","_wpt_status_message":"Tweet inviato con successo.","_yoast_wpseo_linkdex":"75"},"photos":[{"original":"https:\/\/staging.varesenews.it\/photogallery_new\/images\/2015\/11\/malnate-un-parco-per-tutti-parco-inclusivo-494710.jpg","full":"https:\/\/staging.varesenews.it\/photogallery_new\/images\/2015\/11\/malnate-un-parco-per-tutti-parco-inclusivo-494710.1024x768.jpg","large":"https:\/\/staging.varesenews.it\/photogallery_new\/images\/2015\/11\/malnate-un-parco-per-tutti-parco-inclusivo-494710.610x431.jpg"}],"_links":{"self":[{"href":"https:\/\/staging.varesenews.it\/swgapi\/v1\/wp\/v2\/posts\/416348"}],"collection":[{"href":"https:\/\/staging.varesenews.it\/swgapi\/v1\/wp\/v2\/posts"}],"about":[{"href":"https:\/\/staging.varesenews.it\/swgapi\/v1\/wp\/v2\/types\/post"}],"author":[{"embeddable":true,"href":"https:\/\/staging.varesenews.it\/swgapi\/v1\/wp\/v2\/users\/37"}],"replies":[{"embeddable":true,"href":"https:\/\/staging.varesenews.it\/swgapi\/v1\/wp\/v2\/comments?post=416348"}],"version-history":[{"count":0,"href":"https:\/\/staging.varesenews.it\/swgapi\/v1\/wp\/v2\/posts\/416348\/revisions"}],"wp:attachment":[{"href":"https:\/\/staging.varesenews.it\/swgapi\/v1\/wp\/v2\/media?parent=416348"}],"wp:term":[{"taxonomy":"category","embeddable":true,"href":"https:\/\/staging.varesenews.it\/swgapi\/v1\/wp\/v2\/categories?post=416348"},{"taxonomy":"post_tag","embeddable":true,"href":"https:\/\/staging.varesenews.it\/swgapi\/v1\/wp\/v2\/tags?post=416348"}],"curies":[{"name":"wp","href":"https:\/\/api.w.org\/{rel}","templated":true}]}}