{"id":416800,"date":"2015-11-10T17:44:12","date_gmt":"2015-11-10T16:44:12","guid":{"rendered":"http:\/\/www.varesenews.it\/?p=416800"},"modified":"2015-11-10T17:44:12","modified_gmt":"2015-11-10T16:44:12","slug":"disabilita-e-autismo-nasce-la-casa-solidale","status":"publish","type":"post","link":"https:\/\/staging.varesenews.it\/2015\/11\/disabilita-e-autismo-nasce-la-casa-solidale\/416800\/","title":{"rendered":"Disabilit\u00e0 e autismo, nasce la &#8220;Casa solidale&#8221;"},"content":{"rendered":"<p><strong>Nasce oggi a Villa Finzi la \u201cCasa Solidale\u201d<\/strong>, 620\u00a0metri quadrati immersi nello storico parco del quartiere di Gorla destinati alla realizzazione e gestione di progetti rivolti alle persone con disabilit\u00e0 con particolare attenzione ai percorsi di vita indipendente, ai servizi per l\u2019Autismo e all\u2019auto mutuo aiuto.<\/p>\n<p><strong>Lo ha stabilito l\u2019Amministrazione comunale \u2013 un percorso di condivisione con il Terzo e Quarto settore<\/strong> &#8211; con una delibera approvata all\u2019inizio di ottobre che ha previsto l\u2019assegnazione degli spazi per un triennio, rinnovabile per ultieriori tre anni, a Ledha in quanto Centro di riferimento individuato da Regione Lombardia; alle associazioni (Terzo e Quarto Settore) che si occupano di autismo, raccolte nel Tavolo Autismo che individuer\u00e0 modalit\u00e0 di regolazione per l\u2019utilizzo degli spazi; ai Gruppi di Auto Mutuo Aiuto attraverso un avviso pubblico che sar\u00e0 realizzato nelle prossime settimane.<\/p>\n<p>\u201cCasa Solidale \u2013 ha spiegato l\u2019assessore Pierfrancesco Majorino di fronte ai rappresentanti delle varie associazioni presenti \u2013 <strong>\u00e8 uno dei progetti cui abbiamo lavorato con maggiore passione<\/strong> perch\u00e9 rappresenta l\u2019opportunit\u00e0 di integrare, ampliare e qualificare l\u2019offerta di servizi e di interventi per le persone con disabilit\u00e0 mettendo insieme azioni e progetti innovativi per migliorare la qualit\u00e0 della loro vita e dei loro familiari. Siamo convinti, e lo ripetiamo ancora oggi, che solo attraverso il lavoro di rete tra pubblico, privato sociale e volontariato \u00e8 possibile rafforzare la nostra presenza sul territorio arrivando ad aiutare sempre pi\u00f9 persone che hanno bisogno prospettando per loro sostegno e opportunit\u00e0 di vita, con nuovi orizzonti di autonomia, altrimenti non realizzabili\u201d.<\/p>\n<p>La realizzazione del progetto Casa Solidale di via Sant\u2019Erlembardo 4 risponde ai <strong>principi che il Consiglio Comunale ha approvato<\/strong> nei documenti strategico-programmatici sin dal 2012 per realizzare un welfare innovativo, costruito con la partecipazione attiva di tutti i soggetti della comunit\u00e0, dai cittadini agli organismi del Terzo e Quarto Settore, con la prospettiva di realizzare un \u201cvillaggio\u201d di servizi integrati pi\u00f9 vicino ed accessibile a tutti i cittadini e famiglie in condizione di bisogno, una \u201ccasa\u201d e un luogo stabile che ospita e valorizza progettualit\u00e0 innovative.<\/p>\n<p><strong>Alla presentazione hanno partecipato i rappresentanti di Asl Milano e di Ledha<\/strong> e delle seguenti <strong>associazioni<\/strong>: L\u2019Abilit\u00e0, Asperger, Ortica, Spazio Nautilus, Angsa, Genitori Dosso Verde Milano, Fabula Onlus, Comitato Aba, Impronta, Spazio aperto servizi, Diesis e Gruppi di Auto Mutuo Aiuto.<\/p>\n<p><strong>Gli spazi e i progetti<\/strong><br \/>\nCentro Progetto di Vita LEDHA (200mq) \u2013 A<br \/>\nCentro per l\u2019attivazione di azioni progettuali aventi finalit\u00e0 di orientamento e informazione allo sviluppo di percorsi di vita autonoma e indipendente delle persone disabili.<br \/>\nIl CTVAI Ledha \u00e8 il Centro di riferimento per Milano individuato dalla Regione Lombardia nella rete dei CTVAI.<\/p>\n<p>Luogo di progettazione sulle tematiche Autismo (210 mq) \u2013 B<br \/>\nAttivit\u00e0 e progettualit\u00e0 promosse dai soggetti del Terzo e Quarto Settore facenti parte del Tavolo tecnico autismo tenendo conto delle decisioni assunte dal Tavolo &#8211; sentito il parere del Tavolo Permanente sulla disabilit\u00e0.<\/p>\n<p>Luogo di progettazione dei Gruppi di Auto Mutuo Aiuto (210 mq) \u2013 C<br \/>\nRealizzazione dei progetti presentati dalle associazioni di auto mutuo aiuto selezionate con procedura pubblica.<\/p>\n","protected":false},"excerpt":{"rendered":"<p>Ospiter\u00e0 il Centro progetto di Vita Ledha, le Associazioni del Tavolo Autismo e i Gruppi di Auto Mutuo Aiuto <\/p>\n","protected":false},"author":34,"featured_media":0,"comment_status":"open","ping_status":"open","sticky":false,"template":"","format":"standard","meta":{"footnotes":""},"categories":[7],"tags":[8312,4354],"acf":[],"yoast_head":"<!-- This site is optimized with the Yoast SEO plugin v20.1 - https:\/\/yoast.com\/wordpress\/plugins\/seo\/ -->\n<title>Disabilit\u00e0 e autismo, nasce la &quot;Casa solidale&quot;<\/title>\n<meta name=\"description\" content=\"Disabilit\u00e0 e autismo, nasce la &quot;Casa solidale&quot;\" \/>\n<meta name=\"robots\" content=\"noindex, follow, max-snippet:-1, max-image-preview:large, max-video-preview:-1\" \/>\n<meta property=\"og:locale\" content=\"it_IT\" \/>\n<meta property=\"og:type\" content=\"article\" \/>\n<meta property=\"og:title\" content=\"Disabilit\u00e0 e autismo, nasce la &quot;Casa solidale&quot;\" \/>\n<meta property=\"og:description\" content=\"Disabilit\u00e0 e autismo, nasce la &quot;Casa solidale&quot;\" \/>\n<meta property=\"og:url\" content=\"https:\/\/staging.varesenews.it\/2015\/11\/disabilita-e-autismo-nasce-la-casa-solidale\/416800\/\" \/>\n<meta property=\"og:site_name\" content=\"VareseNews\" \/>\n<meta property=\"article:publisher\" content=\"https:\/\/www.facebook.com\/varesenews\" \/>\n<meta property=\"article:author\" content=\"https:\/\/www.facebook.com\/andrea.camurani?fref=photo\" \/>\n<meta property=\"article:published_time\" content=\"2015-11-10T16:44:12+00:00\" \/>\n<meta name=\"author\" content=\"Andrea Camurani\" \/>\n<meta name=\"twitter:card\" content=\"summary_large_image\" \/>\n<meta name=\"twitter:creator\" content=\"@AndreaCamurani\" \/>\n<meta name=\"twitter:site\" content=\"@varesenews\" \/>\n<meta name=\"twitter:label1\" content=\"Scritto da\" \/>\n\t<meta name=\"twitter:data1\" content=\"Andrea Camurani\" \/>\n\t<meta name=\"twitter:label2\" content=\"Tempo di lettura stimato\" \/>\n\t<meta name=\"twitter:data2\" content=\"3 minuti\" \/>\n<script type=\"application\/ld+json\" class=\"yoast-schema-graph\">{\"@context\":\"https:\/\/schema.org\",\"@graph\":[{\"@type\":\"WebPage\",\"@id\":\"https:\/\/staging.varesenews.it\/2015\/11\/disabilita-e-autismo-nasce-la-casa-solidale\/416800\/\",\"url\":\"https:\/\/staging.varesenews.it\/2015\/11\/disabilita-e-autismo-nasce-la-casa-solidale\/416800\/\",\"name\":\"Disabilit\u00e0 e autismo, nasce la \\\"Casa solidale\\\"\",\"isPartOf\":{\"@id\":\"https:\/\/staging.varesenews.it\/#website\"},\"datePublished\":\"2015-11-10T16:44:12+00:00\",\"dateModified\":\"2015-11-10T16:44:12+00:00\",\"author\":{\"@id\":\"https:\/\/staging.varesenews.it\/#\/schema\/person\/3eb5832c6beae763de8d9596fdbe8c49\"},\"description\":\"Disabilit\u00e0 e autismo, nasce la \\\"Casa solidale\\\"\",\"breadcrumb\":{\"@id\":\"https:\/\/staging.varesenews.it\/2015\/11\/disabilita-e-autismo-nasce-la-casa-solidale\/416800\/#breadcrumb\"},\"inLanguage\":\"it-IT\",\"potentialAction\":[{\"@type\":\"ReadAction\",\"target\":[\"https:\/\/staging.varesenews.it\/2015\/11\/disabilita-e-autismo-nasce-la-casa-solidale\/416800\/\"]}]},{\"@type\":\"BreadcrumbList\",\"@id\":\"https:\/\/staging.varesenews.it\/2015\/11\/disabilita-e-autismo-nasce-la-casa-solidale\/416800\/#breadcrumb\",\"itemListElement\":[{\"@type\":\"ListItem\",\"position\":1,\"name\":\"Home\",\"item\":\"https:\/\/www.varesenews.it\/\"},{\"@type\":\"ListItem\",\"position\":2,\"name\":\"Disabilit\u00e0 e autismo, nasce la &#8220;Casa solidale&#8221;\"}]},{\"@type\":\"WebSite\",\"@id\":\"https:\/\/staging.varesenews.it\/#website\",\"url\":\"https:\/\/staging.varesenews.it\/\",\"name\":\"VareseNews\",\"description\":\"\",\"potentialAction\":[{\"@type\":\"SearchAction\",\"target\":{\"@type\":\"EntryPoint\",\"urlTemplate\":\"https:\/\/staging.varesenews.it\/?s={search_term_string}\"},\"query-input\":\"required name=search_term_string\"}],\"inLanguage\":\"it-IT\"},{\"@type\":\"Person\",\"@id\":\"https:\/\/staging.varesenews.it\/#\/schema\/person\/3eb5832c6beae763de8d9596fdbe8c49\",\"name\":\"Andrea Camurani\",\"image\":{\"@type\":\"ImageObject\",\"inLanguage\":\"it-IT\",\"@id\":\"https:\/\/staging.varesenews.it\/#\/schema\/person\/image\/\",\"url\":\"https:\/\/staging.varesenews.it\/wp-content\/uploads\/2020\/12\/andrea_camurani_colori_500.jpg\",\"contentUrl\":\"https:\/\/staging.varesenews.it\/wp-content\/uploads\/2020\/12\/andrea_camurani_colori_500.jpg\",\"caption\":\"Andrea Camurani\"},\"description\":\"Sono figlio degli anni Settanta e di Milano, dove ho imparato a riconoscere buoni e cattivi. Laurea in scienze politiche, lavoro a VareseNews dal 2000. Racconto quel che trovo quando incontro chi vuole lasciare al mondo un pezzetto di vita, che si chiama cronaca. &ldquo;...perch&eacute; &egrave; la gente il pi&ugrave; grande spettacolo del mondo. E non si paga il biglietto...&rdquo; (Charles Bukowsky)\",\"sameAs\":[\"https:\/\/www.facebook.com\/andrea.camurani?fref=photo\",\"andreacamurani\",\"https:\/\/www.linkedin.com\/hp\/?dnr=A9a84RfzsLdo9xg4NcGV4dLiMknoc9ms4WM\",\"https:\/\/twitter.com\/AndreaCamurani\"],\"url\":\"https:\/\/staging.varesenews.it\/persona\/andrea_camurani\/\"}]}<\/script>\n<!-- \/ Yoast SEO plugin. -->","yoast_head_json":{"title":"Disabilit\u00e0 e autismo, nasce la \"Casa solidale\"","description":"Disabilit\u00e0 e autismo, nasce la \"Casa solidale\"","robots":{"index":"noindex","follow":"follow","max-snippet":"max-snippet:-1","max-image-preview":"max-image-preview:large","max-video-preview":"max-video-preview:-1"},"og_locale":"it_IT","og_type":"article","og_title":"Disabilit\u00e0 e autismo, nasce la \"Casa solidale\"","og_description":"Disabilit\u00e0 e autismo, nasce la \"Casa solidale\"","og_url":"https:\/\/staging.varesenews.it\/2015\/11\/disabilita-e-autismo-nasce-la-casa-solidale\/416800\/","og_site_name":"VareseNews","article_publisher":"https:\/\/www.facebook.com\/varesenews","article_author":"https:\/\/www.facebook.com\/andrea.camurani?fref=photo","article_published_time":"2015-11-10T16:44:12+00:00","author":"Andrea Camurani","twitter_card":"summary_large_image","twitter_creator":"@AndreaCamurani","twitter_site":"@varesenews","twitter_misc":{"Scritto da":"Andrea Camurani","Tempo di lettura stimato":"3 minuti"},"schema":{"@context":"https:\/\/schema.org","@graph":[{"@type":"WebPage","@id":"https:\/\/staging.varesenews.it\/2015\/11\/disabilita-e-autismo-nasce-la-casa-solidale\/416800\/","url":"https:\/\/staging.varesenews.it\/2015\/11\/disabilita-e-autismo-nasce-la-casa-solidale\/416800\/","name":"Disabilit\u00e0 e autismo, nasce la \"Casa solidale\"","isPartOf":{"@id":"https:\/\/staging.varesenews.it\/#website"},"datePublished":"2015-11-10T16:44:12+00:00","dateModified":"2015-11-10T16:44:12+00:00","author":{"@id":"https:\/\/staging.varesenews.it\/#\/schema\/person\/3eb5832c6beae763de8d9596fdbe8c49"},"description":"Disabilit\u00e0 e autismo, nasce la \"Casa solidale\"","breadcrumb":{"@id":"https:\/\/staging.varesenews.it\/2015\/11\/disabilita-e-autismo-nasce-la-casa-solidale\/416800\/#breadcrumb"},"inLanguage":"it-IT","potentialAction":[{"@type":"ReadAction","target":["https:\/\/staging.varesenews.it\/2015\/11\/disabilita-e-autismo-nasce-la-casa-solidale\/416800\/"]}]},{"@type":"BreadcrumbList","@id":"https:\/\/staging.varesenews.it\/2015\/11\/disabilita-e-autismo-nasce-la-casa-solidale\/416800\/#breadcrumb","itemListElement":[{"@type":"ListItem","position":1,"name":"Home","item":"https:\/\/www.varesenews.it\/"},{"@type":"ListItem","position":2,"name":"Disabilit\u00e0 e autismo, nasce la &#8220;Casa solidale&#8221;"}]},{"@type":"WebSite","@id":"https:\/\/staging.varesenews.it\/#website","url":"https:\/\/staging.varesenews.it\/","name":"VareseNews","description":"","potentialAction":[{"@type":"SearchAction","target":{"@type":"EntryPoint","urlTemplate":"https:\/\/staging.varesenews.it\/?s={search_term_string}"},"query-input":"required name=search_term_string"}],"inLanguage":"it-IT"},{"@type":"Person","@id":"https:\/\/staging.varesenews.it\/#\/schema\/person\/3eb5832c6beae763de8d9596fdbe8c49","name":"Andrea Camurani","image":{"@type":"ImageObject","inLanguage":"it-IT","@id":"https:\/\/staging.varesenews.it\/#\/schema\/person\/image\/","url":"https:\/\/staging.varesenews.it\/wp-content\/uploads\/2020\/12\/andrea_camurani_colori_500.jpg","contentUrl":"https:\/\/staging.varesenews.it\/wp-content\/uploads\/2020\/12\/andrea_camurani_colori_500.jpg","caption":"Andrea Camurani"},"description":"Sono figlio degli anni Settanta e di Milano, dove ho imparato a riconoscere buoni e cattivi. Laurea in scienze politiche, lavoro a VareseNews dal 2000. Racconto quel che trovo quando incontro chi vuole lasciare al mondo un pezzetto di vita, che si chiama cronaca. &ldquo;...perch&eacute; &egrave; la gente il pi&ugrave; grande spettacolo del mondo. E non si paga il biglietto...&rdquo; (Charles Bukowsky)","sameAs":["https:\/\/www.facebook.com\/andrea.camurani?fref=photo","andreacamurani","https:\/\/www.linkedin.com\/hp\/?dnr=A9a84RfzsLdo9xg4NcGV4dLiMknoc9ms4WM","https:\/\/twitter.com\/AndreaCamurani"],"url":"https:\/\/staging.varesenews.it\/persona\/andrea_camurani\/"}]}},"post_meta":{"_edit_lock":"1447174705:34","_edit_last":"34","ratings_users":"0","ratings_score":"0","ratings_average":"0","_category_permalink":"","wdfb_og_title":"","wdfb_og_type":"","wdfb_og_description":"","wdfb_og_images":"a:1:{i:0;s:0:\"\";}","wdfb_og_custom_name":"a:1:{i:0;s:0:\"\";}","wdfb_og_custom_value":"a:1:{i:0;s:0:\"\";}","foto":"495083","firma_come_redazione":"1","argomento":"Milano","_yoast_wpseo_focuskw":"Disabilit\u00e0 e autismo, nasce la \"Casa solidale\"","_yoast_wpseo_metadesc":"Disabilit\u00e0 e autismo, nasce la \"Casa solidale\"","_jd_twitter":"","_jd_tweet_this":"yes","_wpt_short_url":"http:\/\/www.varesenews.it\/2015\/11\/disabilita-e-autismo-nasce-la-casa-solidale\/416800\/","_wp_jd_target":"http:\/\/www.varesenews.it\/2015\/11\/disabilita-e-autismo-nasce-la-casa-solidale\/416800\/","_jd_wp_twitter":"a:1:{i:0;s:168:\"Disabilit\u00e0 e autismo, nasce la \"Casa solidale\" http:\/\/www.varesenews.it\/2015\/11\/disabilita-e-autismo-nasce-la-casa-solidale\/416800\/ #autismo #casasolidale #disabilit\u00e0\";}","_wpt_status_message":"Tweet inviato con successo.","_yoast_wpseo_linkdex":"77"},"photos":[{"original":"https:\/\/staging.varesenews.it\/photogallery_new\/images\/2015\/11\/varie-milano-495083.jpg","full":"https:\/\/staging.varesenews.it\/photogallery_new\/images\/2015\/11\/varie-milano-495083.1024x768.jpg","large":"https:\/\/staging.varesenews.it\/photogallery_new\/images\/2015\/11\/varie-milano-495083.610x431.jpg"}],"_links":{"self":[{"href":"https:\/\/staging.varesenews.it\/swgapi\/v1\/wp\/v2\/posts\/416800"}],"collection":[{"href":"https:\/\/staging.varesenews.it\/swgapi\/v1\/wp\/v2\/posts"}],"about":[{"href":"https:\/\/staging.varesenews.it\/swgapi\/v1\/wp\/v2\/types\/post"}],"author":[{"embeddable":true,"href":"https:\/\/staging.varesenews.it\/swgapi\/v1\/wp\/v2\/users\/34"}],"replies":[{"embeddable":true,"href":"https:\/\/staging.varesenews.it\/swgapi\/v1\/wp\/v2\/comments?post=416800"}],"version-history":[{"count":0,"href":"https:\/\/staging.varesenews.it\/swgapi\/v1\/wp\/v2\/posts\/416800\/revisions"}],"wp:attachment":[{"href":"https:\/\/staging.varesenews.it\/swgapi\/v1\/wp\/v2\/media?parent=416800"}],"wp:term":[{"taxonomy":"category","embeddable":true,"href":"https:\/\/staging.varesenews.it\/swgapi\/v1\/wp\/v2\/categories?post=416800"},{"taxonomy":"post_tag","embeddable":true,"href":"https:\/\/staging.varesenews.it\/swgapi\/v1\/wp\/v2\/tags?post=416800"}],"curies":[{"name":"wp","href":"https:\/\/api.w.org\/{rel}","templated":true}]}}