{"id":41714,"date":"2014-02-12T00:00:00","date_gmt":"2014-02-12T00:00:00","guid":{"rendered":""},"modified":"2014-02-12T00:00:00","modified_gmt":"2014-02-12T00:00:00","slug":"in-vista-di-expo-si-presenta-explora-i-facilitatori-del-turismo","status":"publish","type":"post","link":"https:\/\/staging.varesenews.it\/2014\/02\/in-vista-di-expo-si-presenta-explora-i-facilitatori-del-turismo\/41714\/","title":{"rendered":"In vista di Expo si presenta Explora, i facilitatori del turismo"},"content":{"rendered":"<p><img loading=\"lazy\" decoding=\"async\" src=\"https:\/\/www3.varesenews.it\/immagini_articoli\/201402\/foto_1__1_.jpg\" width=\"600\" height=\"338\" vspace=\"5\" hspace=\"5\" border=\"1\" align=\"textTop\" alt=\"\" \/><br \/>\nErano in 140 gli operatori turistici della provincia di Varese questa mattina (mercoled&igrave; 12 febbraio, ndr) a MalpensaFiere per partecipare a un incontro dedicato a <strong>Explora<\/strong>, la neo costituita societ&agrave; partecipata dalle <strong>Camera di Commercio lombarde<\/strong> che vuole facilitare <strong>l&rsquo;offerta promuovendola all&rsquo;estero in vista di Expo,<\/strong> ma anche oltre. La giornata &egrave; stata introdotto da Fabio Lunghi, componente della Giunta della Camera di Commercio che &#8211; affiancato dal segretario generale <strong>Mauro Temperelli <\/strong>e dal presidente dell&rsquo;azienda speciale PromoVarese <strong>Rudy Collini <\/strong>&#8211; ha evidenziato l&rsquo;impegno dell&rsquo;ente varesino: &laquo;In particolare &ndash; ha detto Lunghi &ndash;, la nostra attivit&agrave; si concretizza sui due fronti dell&rsquo;aggregazione dell&rsquo;offerta e dello stimolo all&rsquo;incoming turistico&raquo;. A seguire, &egrave; stato lo stesso direttore Josep Ejarque, gi&agrave; protagonista della promozione turistica dapprima di Barcellona e poi della Torino olimpica, a entrare nei dettagli illustrando il programma di Explora per valorizzare l&rsquo;offerta lombarda tra i principali tour operator mondiali:  &laquo;L&rsquo;obiettivo per cui siamo nati &egrave; infatti quello di organizzare e valorizzare l&rsquo;offerta turistica promuovendola all&rsquo;estero. Vogliamo essere facilitatori di business gestendo turisticamente la destinazione Lombardia cos&igrave; da renderla pi&ugrave; attrattiva e competitiva&raquo;. <\/p>\n<p>E questo partendo dal presupposto che <strong>Expo2015<\/strong> rappresenti una grande opportunit&agrave;, rispetto alla quale si rende necessaria una programmazione mirata: &laquo;Occorre iniziare da qui &ndash; sono sempre parole di Ejarque &ndash; tenendo presente che, a livello globale, si sta assistendo a una diversificazione dei modelli: cos&igrave; in Russia, Cina e pi&ugrave; in generale nel mondo asiatico il rapporto turistico &egrave; gestito sempre dai grandi operatori con i quali entrare in contatto; in Europa invece ormai nell&rsquo;85% dei casi la scelta viene fatta dai singoli turisti attraverso internet. Qui dobbiamo guadagnare spazio perch&eacute; la Lombardia in generale sul web pu&ograve; proporsi ancor meglio di quanto succeda ora&raquo;. Explora si pone insomma come facilitatore del business, che organizza le risorse e aiuta le imprese a fare sistema, per produrre esperienze turistiche attrattive da offrire al mercato. Si punta quindi al coinvolgimento degli operatori per aiutarli a raggiungere un mercato specifico con un prodotto turistico ben definito e che si rivolge a un target preciso. Tra i vantaggi per le imprese aderenti, ci sar&agrave; quello della visibilit&agrave; immediata con la pubblicazione di brochure specifiche diffuse in vari paesi e la creazione di portali ad hoc.<\/p>\n","protected":false},"excerpt":{"rendered":"<p>Valorizzare l&#8217;offerta turistica lombarda \u00e8 l&#8217;obiettivo della societ\u00e0 partecipata nata dalla volont\u00e0 delle Camere di Commercio lombarde. A Busto erano presenti 140 operatori turistici<\/p>\n","protected":false},"author":10,"featured_media":0,"comment_status":"open","ping_status":"open","sticky":false,"template":"","format":"standard","meta":{"footnotes":""},"categories":[4,15,7,46],"tags":[371,328,591],"acf":[],"yoast_head":"<!-- This site is optimized with the Yoast SEO plugin v20.1 - https:\/\/yoast.com\/wordpress\/plugins\/seo\/ -->\n<title>In vista di Expo si presenta Explora, i facilitatori del turismo<\/title>\n<meta name=\"description\" content=\"Valorizzare l&#039;offerta turistica lombarda \u00e8 l&#039;obiettivo della societ\u00e0 partecipata nata dalla volont\u00e0 delle Camere di Commercio lombarde. A Busto erano presenti 140 operatori turistici\" \/>\n<meta name=\"robots\" content=\"noindex, follow, max-snippet:-1, max-image-preview:large, max-video-preview:-1\" \/>\n<meta property=\"og:locale\" content=\"it_IT\" \/>\n<meta property=\"og:type\" content=\"article\" \/>\n<meta property=\"og:title\" content=\"In vista di Expo si presenta Explora, i facilitatori del turismo\" \/>\n<meta property=\"og:description\" content=\"Valorizzare l&#039;offerta turistica lombarda \u00e8 l&#039;obiettivo della societ\u00e0 partecipata nata dalla volont\u00e0 delle Camere di Commercio lombarde. A Busto erano presenti 140 operatori turistici\" \/>\n<meta property=\"og:url\" content=\"https:\/\/staging.varesenews.it\/2014\/02\/in-vista-di-expo-si-presenta-explora-i-facilitatori-del-turismo\/41714\/\" \/>\n<meta property=\"og:site_name\" content=\"VareseNews\" \/>\n<meta property=\"article:publisher\" content=\"https:\/\/www.facebook.com\/varesenews\" \/>\n<meta property=\"article:published_time\" content=\"2014-02-12T00:00:00+00:00\" \/>\n<meta property=\"og:image\" content=\"https:\/\/www3.varesenews.it\/immagini_articoli\/201402\/foto_1__1_.jpg\" \/>\n<meta name=\"author\" content=\"Redazione VareseNews\" \/>\n<meta name=\"twitter:card\" content=\"summary_large_image\" \/>\n<meta name=\"twitter:creator\" content=\"@varesenews\" \/>\n<meta name=\"twitter:site\" content=\"@varesenews\" \/>\n<meta name=\"twitter:label1\" content=\"Scritto da\" \/>\n\t<meta name=\"twitter:data1\" content=\"Redazione VareseNews\" \/>\n\t<meta name=\"twitter:label2\" content=\"Tempo di lettura stimato\" \/>\n\t<meta name=\"twitter:data2\" content=\"2 minuti\" \/>\n<script type=\"application\/ld+json\" class=\"yoast-schema-graph\">{\"@context\":\"https:\/\/schema.org\",\"@graph\":[{\"@type\":\"WebPage\",\"@id\":\"https:\/\/staging.varesenews.it\/2014\/02\/in-vista-di-expo-si-presenta-explora-i-facilitatori-del-turismo\/41714\/\",\"url\":\"https:\/\/staging.varesenews.it\/2014\/02\/in-vista-di-expo-si-presenta-explora-i-facilitatori-del-turismo\/41714\/\",\"name\":\"In vista di Expo si presenta Explora, i facilitatori del turismo\",\"isPartOf\":{\"@id\":\"https:\/\/staging.varesenews.it\/#website\"},\"datePublished\":\"2014-02-12T00:00:00+00:00\",\"dateModified\":\"2014-02-12T00:00:00+00:00\",\"author\":{\"@id\":\"https:\/\/staging.varesenews.it\/#\/schema\/person\/fb20c4da0b7b16c291707a20db73e169\"},\"description\":\"Valorizzare l'offerta turistica lombarda \u00e8 l'obiettivo della societ\u00e0 partecipata nata dalla volont\u00e0 delle Camere di Commercio lombarde. A Busto erano presenti 140 operatori turistici\",\"breadcrumb\":{\"@id\":\"https:\/\/staging.varesenews.it\/2014\/02\/in-vista-di-expo-si-presenta-explora-i-facilitatori-del-turismo\/41714\/#breadcrumb\"},\"inLanguage\":\"it-IT\",\"potentialAction\":[{\"@type\":\"ReadAction\",\"target\":[\"https:\/\/staging.varesenews.it\/2014\/02\/in-vista-di-expo-si-presenta-explora-i-facilitatori-del-turismo\/41714\/\"]}]},{\"@type\":\"BreadcrumbList\",\"@id\":\"https:\/\/staging.varesenews.it\/2014\/02\/in-vista-di-expo-si-presenta-explora-i-facilitatori-del-turismo\/41714\/#breadcrumb\",\"itemListElement\":[{\"@type\":\"ListItem\",\"position\":1,\"name\":\"Home\",\"item\":\"https:\/\/www.varesenews.it\/\"},{\"@type\":\"ListItem\",\"position\":2,\"name\":\"In vista di Expo si presenta Explora, i facilitatori del turismo\"}]},{\"@type\":\"WebSite\",\"@id\":\"https:\/\/staging.varesenews.it\/#website\",\"url\":\"https:\/\/staging.varesenews.it\/\",\"name\":\"VareseNews\",\"description\":\"\",\"potentialAction\":[{\"@type\":\"SearchAction\",\"target\":{\"@type\":\"EntryPoint\",\"urlTemplate\":\"https:\/\/staging.varesenews.it\/?s={search_term_string}\"},\"query-input\":\"required name=search_term_string\"}],\"inLanguage\":\"it-IT\"},{\"@type\":\"Person\",\"@id\":\"https:\/\/staging.varesenews.it\/#\/schema\/person\/fb20c4da0b7b16c291707a20db73e169\",\"name\":\"Redazione VareseNews\",\"image\":{\"@type\":\"ImageObject\",\"inLanguage\":\"it-IT\",\"@id\":\"https:\/\/staging.varesenews.it\/#\/schema\/person\/image\/\",\"url\":\"https:\/\/staging.varesenews.it\/wp-content\/uploads\/2020\/12\/logo_VN_colori_500.png\",\"contentUrl\":\"https:\/\/staging.varesenews.it\/wp-content\/uploads\/2020\/12\/logo_VN_colori_500.png\",\"caption\":\"Redazione VareseNews\"},\"url\":\"https:\/\/staging.varesenews.it\/persona\/redazione1\/\"}]}<\/script>\n<!-- \/ Yoast SEO plugin. -->","yoast_head_json":{"title":"In vista di Expo si presenta Explora, i facilitatori del turismo","description":"Valorizzare l'offerta turistica lombarda \u00e8 l'obiettivo della societ\u00e0 partecipata nata dalla volont\u00e0 delle Camere di Commercio lombarde. A Busto erano presenti 140 operatori turistici","robots":{"index":"noindex","follow":"follow","max-snippet":"max-snippet:-1","max-image-preview":"max-image-preview:large","max-video-preview":"max-video-preview:-1"},"og_locale":"it_IT","og_type":"article","og_title":"In vista di Expo si presenta Explora, i facilitatori del turismo","og_description":"Valorizzare l'offerta turistica lombarda \u00e8 l'obiettivo della societ\u00e0 partecipata nata dalla volont\u00e0 delle Camere di Commercio lombarde. A Busto erano presenti 140 operatori turistici","og_url":"https:\/\/staging.varesenews.it\/2014\/02\/in-vista-di-expo-si-presenta-explora-i-facilitatori-del-turismo\/41714\/","og_site_name":"VareseNews","article_publisher":"https:\/\/www.facebook.com\/varesenews","article_published_time":"2014-02-12T00:00:00+00:00","og_image":[{"url":"https:\/\/www3.varesenews.it\/immagini_articoli\/201402\/foto_1__1_.jpg"}],"author":"Redazione VareseNews","twitter_card":"summary_large_image","twitter_creator":"@varesenews","twitter_site":"@varesenews","twitter_misc":{"Scritto da":"Redazione VareseNews","Tempo di lettura stimato":"2 minuti"},"schema":{"@context":"https:\/\/schema.org","@graph":[{"@type":"WebPage","@id":"https:\/\/staging.varesenews.it\/2014\/02\/in-vista-di-expo-si-presenta-explora-i-facilitatori-del-turismo\/41714\/","url":"https:\/\/staging.varesenews.it\/2014\/02\/in-vista-di-expo-si-presenta-explora-i-facilitatori-del-turismo\/41714\/","name":"In vista di Expo si presenta Explora, i facilitatori del turismo","isPartOf":{"@id":"https:\/\/staging.varesenews.it\/#website"},"datePublished":"2014-02-12T00:00:00+00:00","dateModified":"2014-02-12T00:00:00+00:00","author":{"@id":"https:\/\/staging.varesenews.it\/#\/schema\/person\/fb20c4da0b7b16c291707a20db73e169"},"description":"Valorizzare l'offerta turistica lombarda \u00e8 l'obiettivo della societ\u00e0 partecipata nata dalla volont\u00e0 delle Camere di Commercio lombarde. A Busto erano presenti 140 operatori turistici","breadcrumb":{"@id":"https:\/\/staging.varesenews.it\/2014\/02\/in-vista-di-expo-si-presenta-explora-i-facilitatori-del-turismo\/41714\/#breadcrumb"},"inLanguage":"it-IT","potentialAction":[{"@type":"ReadAction","target":["https:\/\/staging.varesenews.it\/2014\/02\/in-vista-di-expo-si-presenta-explora-i-facilitatori-del-turismo\/41714\/"]}]},{"@type":"BreadcrumbList","@id":"https:\/\/staging.varesenews.it\/2014\/02\/in-vista-di-expo-si-presenta-explora-i-facilitatori-del-turismo\/41714\/#breadcrumb","itemListElement":[{"@type":"ListItem","position":1,"name":"Home","item":"https:\/\/www.varesenews.it\/"},{"@type":"ListItem","position":2,"name":"In vista di Expo si presenta Explora, i facilitatori del turismo"}]},{"@type":"WebSite","@id":"https:\/\/staging.varesenews.it\/#website","url":"https:\/\/staging.varesenews.it\/","name":"VareseNews","description":"","potentialAction":[{"@type":"SearchAction","target":{"@type":"EntryPoint","urlTemplate":"https:\/\/staging.varesenews.it\/?s={search_term_string}"},"query-input":"required name=search_term_string"}],"inLanguage":"it-IT"},{"@type":"Person","@id":"https:\/\/staging.varesenews.it\/#\/schema\/person\/fb20c4da0b7b16c291707a20db73e169","name":"Redazione VareseNews","image":{"@type":"ImageObject","inLanguage":"it-IT","@id":"https:\/\/staging.varesenews.it\/#\/schema\/person\/image\/","url":"https:\/\/staging.varesenews.it\/wp-content\/uploads\/2020\/12\/logo_VN_colori_500.png","contentUrl":"https:\/\/staging.varesenews.it\/wp-content\/uploads\/2020\/12\/logo_VN_colori_500.png","caption":"Redazione VareseNews"},"url":"https:\/\/staging.varesenews.it\/persona\/redazione1\/"}]}},"post_meta":{"id_old":"282041","argomento":"Malpensafiere"},"photos":[],"_links":{"self":[{"href":"https:\/\/staging.varesenews.it\/swgapi\/v1\/wp\/v2\/posts\/41714"}],"collection":[{"href":"https:\/\/staging.varesenews.it\/swgapi\/v1\/wp\/v2\/posts"}],"about":[{"href":"https:\/\/staging.varesenews.it\/swgapi\/v1\/wp\/v2\/types\/post"}],"author":[{"embeddable":true,"href":"https:\/\/staging.varesenews.it\/swgapi\/v1\/wp\/v2\/users\/10"}],"replies":[{"embeddable":true,"href":"https:\/\/staging.varesenews.it\/swgapi\/v1\/wp\/v2\/comments?post=41714"}],"version-history":[{"count":0,"href":"https:\/\/staging.varesenews.it\/swgapi\/v1\/wp\/v2\/posts\/41714\/revisions"}],"wp:attachment":[{"href":"https:\/\/staging.varesenews.it\/swgapi\/v1\/wp\/v2\/media?parent=41714"}],"wp:term":[{"taxonomy":"category","embeddable":true,"href":"https:\/\/staging.varesenews.it\/swgapi\/v1\/wp\/v2\/categories?post=41714"},{"taxonomy":"post_tag","embeddable":true,"href":"https:\/\/staging.varesenews.it\/swgapi\/v1\/wp\/v2\/tags?post=41714"}],"curies":[{"name":"wp","href":"https:\/\/api.w.org\/{rel}","templated":true}]}}