{"id":461707,"date":"2015-11-13T18:53:33","date_gmt":"2015-11-13T17:53:33","guid":{"rendered":"http:\/\/www.varesenews.it\/?p=461707"},"modified":"2015-11-16T09:32:54","modified_gmt":"2015-11-16T08:32:54","slug":"la-nuova-biblioteca-serve-davvero","status":"publish","type":"post","link":"https:\/\/staging.varesenews.it\/2015\/11\/la-nuova-biblioteca-serve-davvero\/461707\/","title":{"rendered":"La nuova biblioteca serve davvero?"},"content":{"rendered":"<p>A <strong>Gallarate<\/strong> \u00e8 necessario <a title=\"Le ex scuole di via Bottini diventeranno la nuova biblioteca della citt\u00e0\" href=\"http:\/\/www.varesenews.it\/2014\/04\/le-ex-scuole-di-via-bottini-diventeranno-la-nuova-biblioteca-della-citta\/37463\/\">il progetto della nuova biblioteca da realizzare nelle ex scuole Bottini<\/a>? L&#8217;idea \u00e8 sul piatto da due anni, se n&#8217;\u00e8 parlato molto ma adesso si sta arrivando al dunque: le risorse ci sono. Sui social network per\u00f2 ci si interroga anche sulla <strong>effettiva utilit\u00e0 e sostenibilit\u00e0 di una nuova struttura culturale<\/strong>, riferendosi anche ai costi sostenuti dal bilancio comunale per il Maga.<\/p>\n<p>\u00abQuella per la nuova biblioteca &#8211; dice l&#8217;assessore alla partecipazione <strong>Cinzia Colombo<\/strong> &#8211; \u00e8 una progettualit\u00e0 che \u00e8 necessaria perch\u00e9<strong> lo spazio della biblioteca attuale \u00e8 insufficiente,<\/strong> sia per dimensioni degli ambienti, com ci \u00e8 stato segnalato tante volte la frequenta, sia per l&#8217;impossibilit\u00e0 di passare allo &#8220;scaffale aperto&#8221; necessario per una biblioteca moderna\u00bb. L&#8217;altro aspetto richiamato \u00e8 quello del<strong> recupero di un edificio pubblico abbandonato<\/strong>: \u00ab\u00c8 uno spazio pubblico in pieno centro che rischia un degrado progressivo se non viene recuperato, anche a fasi. Ed \u00e8 anche un edificio pregevole, in un particolare contesto, lungo l&#8217;Arno, in pieno centro: per questo nella Variante al Pgt abbiamo deciso di confermare la destinazione pubblica, anzich\u00e9 prevedere nuovo residenziale in quell&#8217;area.<\/p>\n<p>Molti lamentano <strong>una decisione che non \u00e8 stata condivisa con i cittadini:<\/strong> perch\u00e9 non avete convocato per esempio un&#8217;assemblea pubblica? \u00abIl recupero di quella zona era indicato nel programma elettorale. Non abbiamo fatto assemblea pubblica, come non l&#8217;abbiamo fatte su altri progetti o scelte che si \u00e8 dovuto prendere: era all&#8217;interno del nostro programma, su cui siamo stati votati nel 2011, \u00e8 stato confermato all&#8217;interno del percorso per il Pgt\u00bb. Colombo dice anche che \u00abla disponibilit\u00e0 di risorse per l&#8217;intervento non \u00e8 legata a mutui che peseranno in futuro e che vincoleranno la futura amministrazione, ma su risorse che derivano dalla cessione di Commerciale Gas\u00bb.<\/p>\n<p>L&#8217;intervento sulle ex scuole Bottini sar\u00e0 dunque confermato nel 2016 (in origine si prevedeva la prima fase nel 2015). <strong>VareseNews aveva chiesto nel 2014 un parere ai lettori<\/strong>, <strong>sulle due ipotesi in campo<\/strong>: poco meno di un migliaio di voti, <a href=\"http:\/\/www.varesenews.it\/2014\/03\/biblioteca-o-puccini-il-risultato-del-sondaggio\/40265\/\">fin\u00ec con un leggero vantaggio per l&#8217;ipotesi biblioteca, rispetto a quella che prevedeva una auditorium e una nuova sede per l&#8217;Istituto Musicale Puccini<\/a>. Ma era una consultazione che non teneva in conto l&#8217;altra ipotesi, quella pi\u00f9 radicale che oggi viene evocata da alcuni: <strong>rinunciare del tutto ad un intervento sulle ex Bottini. Un&#8217;ipotesi che viene spesso associata a un&#8217;altra: portare la biblioteca al Maga<\/strong>, il museo <a href=\"http:\/\/www.varesenews.it\/2015\/02\/il-museo-d-arte-moderna-casa-degli-studenti\/349914\/\">gi\u00e0 usato oggi come aula studio da tanti studenti.<\/a> L&#8217;ipotesi \u00e8 affascinante, ma si scontra anche con al concreta questione degli spazi e della convivenza tra due funzioni diverse (gi\u00e0 ora di tanto in tanto ci sono problemi nel far convivere eventi al Maga e studenti che usano gli spazi come aula studio, come viene fatto notare da alcuni studenti sui social).<\/p>\n","protected":false},"excerpt":{"rendered":"<p>Utenti e studenti chiedono spazi pi\u00f9 ampi, il Comune ha un progetto per le ex scuole di via Bottini, ma c&#8217;\u00e8 anche chi dice che \u00e8 un progetto eccessivo e chiede perch\u00e8 la decisione non \u00e8 passata da assemblee pubbliche<\/p>\n","protected":false},"author":46,"featured_media":0,"comment_status":"open","ping_status":"open","sticky":false,"template":"","format":"standard","meta":{"footnotes":""},"categories":[3],"tags":[1260,41324,4693],"acf":[],"yoast_head":"<!-- This site is optimized with the Yoast SEO plugin v20.1 - https:\/\/yoast.com\/wordpress\/plugins\/seo\/ -->\n<title>La nuova biblioteca serve davvero?<\/title>\n<meta name=\"description\" content=\"Utenti e studenti chiedono spazi pi\u00f9 ampi, il Comune ha un progetto per le ex scuole di via Bottini, ma c&#039;\u00e8 anche chi dice che \u00e8 un progetto eccessivo e chiede perch\u00e8 la decisione non \u00e8 passata da assemblee pubbliche\" \/>\n<meta name=\"robots\" content=\"noindex, follow, max-snippet:-1, max-image-preview:large, max-video-preview:-1\" \/>\n<meta property=\"og:locale\" content=\"it_IT\" \/>\n<meta property=\"og:type\" content=\"article\" \/>\n<meta property=\"og:title\" content=\"La nuova biblioteca serve davvero?\" \/>\n<meta property=\"og:description\" content=\"Utenti e studenti chiedono spazi pi\u00f9 ampi, il Comune ha un progetto per le ex scuole di via Bottini, ma c&#039;\u00e8 anche chi dice che \u00e8 un progetto eccessivo e chiede perch\u00e8 la decisione non \u00e8 passata da assemblee pubbliche\" \/>\n<meta property=\"og:url\" content=\"https:\/\/staging.varesenews.it\/2015\/11\/la-nuova-biblioteca-serve-davvero\/461707\/\" \/>\n<meta property=\"og:site_name\" content=\"VareseNews\" \/>\n<meta property=\"article:publisher\" content=\"https:\/\/www.facebook.com\/varesenews\" \/>\n<meta property=\"article:published_time\" content=\"2015-11-13T17:53:33+00:00\" \/>\n<meta property=\"article:modified_time\" content=\"2015-11-16T08:32:54+00:00\" \/>\n<meta name=\"author\" content=\"Roberto Morandi\" \/>\n<meta name=\"twitter:card\" content=\"summary_large_image\" \/>\n<meta name=\"twitter:creator\" content=\"@ilmorands\" \/>\n<meta name=\"twitter:site\" content=\"@varesenews\" \/>\n<meta name=\"twitter:label1\" content=\"Scritto da\" \/>\n\t<meta name=\"twitter:data1\" content=\"Roberto Morandi\" \/>\n\t<meta name=\"twitter:label2\" content=\"Tempo di lettura stimato\" \/>\n\t<meta name=\"twitter:data2\" content=\"2 minuti\" \/>\n<script type=\"application\/ld+json\" class=\"yoast-schema-graph\">{\"@context\":\"https:\/\/schema.org\",\"@graph\":[{\"@type\":\"WebPage\",\"@id\":\"https:\/\/staging.varesenews.it\/2015\/11\/la-nuova-biblioteca-serve-davvero\/461707\/\",\"url\":\"https:\/\/staging.varesenews.it\/2015\/11\/la-nuova-biblioteca-serve-davvero\/461707\/\",\"name\":\"La nuova biblioteca serve davvero?\",\"isPartOf\":{\"@id\":\"https:\/\/staging.varesenews.it\/#website\"},\"datePublished\":\"2015-11-13T17:53:33+00:00\",\"dateModified\":\"2015-11-16T08:32:54+00:00\",\"author\":{\"@id\":\"https:\/\/staging.varesenews.it\/#\/schema\/person\/efe592ae4c76536b551f89d8b6674bc3\"},\"description\":\"Utenti e studenti chiedono spazi pi\u00f9 ampi, il Comune ha un progetto per le ex scuole di via Bottini, ma c'\u00e8 anche chi dice che \u00e8 un progetto eccessivo e chiede perch\u00e8 la decisione non \u00e8 passata da assemblee pubbliche\",\"breadcrumb\":{\"@id\":\"https:\/\/staging.varesenews.it\/2015\/11\/la-nuova-biblioteca-serve-davvero\/461707\/#breadcrumb\"},\"inLanguage\":\"it-IT\",\"potentialAction\":[{\"@type\":\"ReadAction\",\"target\":[\"https:\/\/staging.varesenews.it\/2015\/11\/la-nuova-biblioteca-serve-davvero\/461707\/\"]}]},{\"@type\":\"BreadcrumbList\",\"@id\":\"https:\/\/staging.varesenews.it\/2015\/11\/la-nuova-biblioteca-serve-davvero\/461707\/#breadcrumb\",\"itemListElement\":[{\"@type\":\"ListItem\",\"position\":1,\"name\":\"Home\",\"item\":\"https:\/\/www.varesenews.it\/\"},{\"@type\":\"ListItem\",\"position\":2,\"name\":\"La nuova biblioteca serve davvero?\"}]},{\"@type\":\"WebSite\",\"@id\":\"https:\/\/staging.varesenews.it\/#website\",\"url\":\"https:\/\/staging.varesenews.it\/\",\"name\":\"VareseNews\",\"description\":\"\",\"potentialAction\":[{\"@type\":\"SearchAction\",\"target\":{\"@type\":\"EntryPoint\",\"urlTemplate\":\"https:\/\/staging.varesenews.it\/?s={search_term_string}\"},\"query-input\":\"required name=search_term_string\"}],\"inLanguage\":\"it-IT\"},{\"@type\":\"Person\",\"@id\":\"https:\/\/staging.varesenews.it\/#\/schema\/person\/efe592ae4c76536b551f89d8b6674bc3\",\"name\":\"Roberto Morandi\",\"image\":{\"@type\":\"ImageObject\",\"inLanguage\":\"it-IT\",\"@id\":\"https:\/\/staging.varesenews.it\/#\/schema\/person\/image\/\",\"url\":\"https:\/\/staging.varesenews.it\/wp-content\/uploads\/2020\/12\/roberto_morandi_colori_500.jpg\",\"contentUrl\":\"https:\/\/staging.varesenews.it\/wp-content\/uploads\/2020\/12\/roberto_morandi_colori_500.jpg\",\"caption\":\"Roberto Morandi\"},\"description\":\"Classe 1980, laureato in storia, mi occupo dell&rsquo;area di Gallarate e di Malpensa, di trasporti e mobilit&agrave;. Amo molto la dimensione della citt&agrave;, come luogo d&rsquo;incontro di persone diverse e come organismo che si trasforma costantemente. Mi piace anche raccontare le piccole e grandi vicende, anche locali, che compongono la Storia con la S maiuscola. Appassionato di bicicletta: la macchina perfetta per muoversi in citt&agrave; e per viaggiare.\",\"sameAs\":[\"https:\/\/twitter.com\/ilmorands\"],\"url\":\"https:\/\/staging.varesenews.it\/persona\/roberto-morandi1\/\"}]}<\/script>\n<!-- \/ Yoast SEO plugin. -->","yoast_head_json":{"title":"La nuova biblioteca serve davvero?","description":"Utenti e studenti chiedono spazi pi\u00f9 ampi, il Comune ha un progetto per le ex scuole di via Bottini, ma c'\u00e8 anche chi dice che \u00e8 un progetto eccessivo e chiede perch\u00e8 la decisione non \u00e8 passata da assemblee pubbliche","robots":{"index":"noindex","follow":"follow","max-snippet":"max-snippet:-1","max-image-preview":"max-image-preview:large","max-video-preview":"max-video-preview:-1"},"og_locale":"it_IT","og_type":"article","og_title":"La nuova biblioteca serve davvero?","og_description":"Utenti e studenti chiedono spazi pi\u00f9 ampi, il Comune ha un progetto per le ex scuole di via Bottini, ma c'\u00e8 anche chi dice che \u00e8 un progetto eccessivo e chiede perch\u00e8 la decisione non \u00e8 passata da assemblee pubbliche","og_url":"https:\/\/staging.varesenews.it\/2015\/11\/la-nuova-biblioteca-serve-davvero\/461707\/","og_site_name":"VareseNews","article_publisher":"https:\/\/www.facebook.com\/varesenews","article_published_time":"2015-11-13T17:53:33+00:00","article_modified_time":"2015-11-16T08:32:54+00:00","author":"Roberto Morandi","twitter_card":"summary_large_image","twitter_creator":"@ilmorands","twitter_site":"@varesenews","twitter_misc":{"Scritto da":"Roberto Morandi","Tempo di lettura stimato":"2 minuti"},"schema":{"@context":"https:\/\/schema.org","@graph":[{"@type":"WebPage","@id":"https:\/\/staging.varesenews.it\/2015\/11\/la-nuova-biblioteca-serve-davvero\/461707\/","url":"https:\/\/staging.varesenews.it\/2015\/11\/la-nuova-biblioteca-serve-davvero\/461707\/","name":"La nuova biblioteca serve davvero?","isPartOf":{"@id":"https:\/\/staging.varesenews.it\/#website"},"datePublished":"2015-11-13T17:53:33+00:00","dateModified":"2015-11-16T08:32:54+00:00","author":{"@id":"https:\/\/staging.varesenews.it\/#\/schema\/person\/efe592ae4c76536b551f89d8b6674bc3"},"description":"Utenti e studenti chiedono spazi pi\u00f9 ampi, il Comune ha un progetto per le ex scuole di via Bottini, ma c'\u00e8 anche chi dice che \u00e8 un progetto eccessivo e chiede perch\u00e8 la decisione non \u00e8 passata da assemblee pubbliche","breadcrumb":{"@id":"https:\/\/staging.varesenews.it\/2015\/11\/la-nuova-biblioteca-serve-davvero\/461707\/#breadcrumb"},"inLanguage":"it-IT","potentialAction":[{"@type":"ReadAction","target":["https:\/\/staging.varesenews.it\/2015\/11\/la-nuova-biblioteca-serve-davvero\/461707\/"]}]},{"@type":"BreadcrumbList","@id":"https:\/\/staging.varesenews.it\/2015\/11\/la-nuova-biblioteca-serve-davvero\/461707\/#breadcrumb","itemListElement":[{"@type":"ListItem","position":1,"name":"Home","item":"https:\/\/www.varesenews.it\/"},{"@type":"ListItem","position":2,"name":"La nuova biblioteca serve davvero?"}]},{"@type":"WebSite","@id":"https:\/\/staging.varesenews.it\/#website","url":"https:\/\/staging.varesenews.it\/","name":"VareseNews","description":"","potentialAction":[{"@type":"SearchAction","target":{"@type":"EntryPoint","urlTemplate":"https:\/\/staging.varesenews.it\/?s={search_term_string}"},"query-input":"required name=search_term_string"}],"inLanguage":"it-IT"},{"@type":"Person","@id":"https:\/\/staging.varesenews.it\/#\/schema\/person\/efe592ae4c76536b551f89d8b6674bc3","name":"Roberto Morandi","image":{"@type":"ImageObject","inLanguage":"it-IT","@id":"https:\/\/staging.varesenews.it\/#\/schema\/person\/image\/","url":"https:\/\/staging.varesenews.it\/wp-content\/uploads\/2020\/12\/roberto_morandi_colori_500.jpg","contentUrl":"https:\/\/staging.varesenews.it\/wp-content\/uploads\/2020\/12\/roberto_morandi_colori_500.jpg","caption":"Roberto Morandi"},"description":"Classe 1980, laureato in storia, mi occupo dell&rsquo;area di Gallarate e di Malpensa, di trasporti e mobilit&agrave;. Amo molto la dimensione della citt&agrave;, come luogo d&rsquo;incontro di persone diverse e come organismo che si trasforma costantemente. Mi piace anche raccontare le piccole e grandi vicende, anche locali, che compongono la Storia con la S maiuscola. Appassionato di bicicletta: la macchina perfetta per muoversi in citt&agrave; e per viaggiare.","sameAs":["https:\/\/twitter.com\/ilmorands"],"url":"https:\/\/staging.varesenews.it\/persona\/roberto-morandi1\/"}]}},"post_meta":{"_edit_lock":"1447665569:46","_edit_last":"46","_category_permalink":"3","wdfb_og_title":"","wdfb_og_type":"","wdfb_og_description":"","wdfb_og_images":"a:1:{i:0;s:0:\"\";}","wdfb_og_custom_name":"a:1:{i:0;s:0:\"\";}","wdfb_og_custom_value":"a:1:{i:0;s:0:\"\";}","foto":"12983","argomento":"Gallarate","_jd_twitter":"","_jd_tweet_this":"yes","ratings_users":"0","ratings_score":"0","ratings_average":"0","id_leggi_anche":"37463,40265,97058","_wpt_short_url":"http:\/\/www.varesenews.it\/2015\/11\/la-nuova-biblioteca-serve-davvero\/461707\/","_wp_jd_target":"http:\/\/www.varesenews.it\/2015\/11\/la-nuova-biblioteca-serve-davvero\/461707\/","_jd_wp_twitter":"a:1:{i:0;s:138:\"La nuova biblioteca serve davvero? http:\/\/www.varesenews.it\/2015\/11\/la-nuova-biblioteca-serve-davvero\/461707\/ #biblioteca #gallarate #maga\";}","_wpt_status_message":"Tweet inviato con successo."},"photos":[{"original":"https:\/\/staging.varesenews.it\/photogallery_new\/images\/2014\/04\/nuova-biblioteca-gallarate-apertura-12983.jpg","full":"https:\/\/staging.varesenews.it\/photogallery_new\/images\/2014\/04\/nuova-biblioteca-gallarate-apertura-12983.1024x768.jpg","large":"https:\/\/staging.varesenews.it\/photogallery_new\/images\/2014\/04\/nuova-biblioteca-gallarate-apertura-12983.610x431.jpg"}],"_links":{"self":[{"href":"https:\/\/staging.varesenews.it\/swgapi\/v1\/wp\/v2\/posts\/461707"}],"collection":[{"href":"https:\/\/staging.varesenews.it\/swgapi\/v1\/wp\/v2\/posts"}],"about":[{"href":"https:\/\/staging.varesenews.it\/swgapi\/v1\/wp\/v2\/types\/post"}],"author":[{"embeddable":true,"href":"https:\/\/staging.varesenews.it\/swgapi\/v1\/wp\/v2\/users\/46"}],"replies":[{"embeddable":true,"href":"https:\/\/staging.varesenews.it\/swgapi\/v1\/wp\/v2\/comments?post=461707"}],"version-history":[{"count":0,"href":"https:\/\/staging.varesenews.it\/swgapi\/v1\/wp\/v2\/posts\/461707\/revisions"}],"wp:attachment":[{"href":"https:\/\/staging.varesenews.it\/swgapi\/v1\/wp\/v2\/media?parent=461707"}],"wp:term":[{"taxonomy":"category","embeddable":true,"href":"https:\/\/staging.varesenews.it\/swgapi\/v1\/wp\/v2\/categories?post=461707"},{"taxonomy":"post_tag","embeddable":true,"href":"https:\/\/staging.varesenews.it\/swgapi\/v1\/wp\/v2\/tags?post=461707"}],"curies":[{"name":"wp","href":"https:\/\/api.w.org\/{rel}","templated":true}]}}