{"id":462920,"date":"2015-11-18T17:13:08","date_gmt":"2015-11-18T16:13:08","guid":{"rendered":"http:\/\/www.varesenews.it\/?p=462920"},"modified":"2015-11-18T17:19:29","modified_gmt":"2015-11-18T16:19:29","slug":"ospedale-il-progetto-per-il-parcheggio-e-da-rivedere","status":"publish","type":"post","link":"https:\/\/staging.varesenews.it\/2015\/11\/ospedale-il-progetto-per-il-parcheggio-e-da-rivedere\/462920\/","title":{"rendered":"Ospedale, &#8220;Il progetto per il parcheggio \u00e8 da rivedere&#8221;"},"content":{"rendered":"<div class=\"page\" title=\"Page 1\">\n<div class=\"section\">\n<div class=\"layoutArea\">\n<div class=\"column\">\n<p>\u00abPer quanto riguarda il piano per il parcheggio dell&#8217;ospedale chiederemo\u00a0nelle prossime sedute della commissione tecnico-urbanistica di fermarsi un attimo,\u00a0porteremo alcune proposte e chiederemo anche che sia fatta una valutazione indipendente dei costi di costruzione\u00bb. Il consigliere di minoranza di ABC &#8211; Angera Bene Comune, <strong>Alessandro Brovelli<\/strong>, precisa la posizione del gruppo su una delle problematiche che da tempo riguarda il comune di Angera, ossia la viabilit\u00e0 e i parcheggi nella zona dell&#8217;Ospedale e\u00a0che proprio in questi giorni sar\u00e0 oggetto di decisione da parte dell&#8217;amministrazione.<\/p>\n<p>\u00abABC Angera Bene Comune &#8211; spiega il consigliere &#8211; condivide in pieno la necessit\u00e0 espressa anche dall&#8217;attuale Amministrazione (\u00e8 almeno dal 1994 che se ne parla) di sistemare l&#8217;area adiacente l&#8217;ospedale per farne <strong>un parcheggio che serva il polo sanitario e scolastico<\/strong>. Il parcheggio per l&#8217;ospedale insieme alla strada di accesso \u00e8 una delle infrastrutture da sempre ritenute necessarie per la valorizzazione della struttura, a maggior ragione visti i contenuti della recente riforma regionale della sanit\u00e0\u00bb.<\/p>\n<p>Ci sono per\u00f2 una serie di considerazioni ed osservazioni che non convincono la minoranza: \u00abL&#8217;aspetto che maggiormente ci preoccupa <strong>\u00e8 quello legato alla viabilit\u00e0<\/strong>, sia in fase di cantiere che in esercizio. Il progetto prevede che la nuova strada sia a doppio senso, senza sbocco verso la Varesina (almeno per ora). Di fatto, tutti gli automezzi (auto e anche i mezzi pesanti in fase di cantiere) diretti alle nuove abitazioni ed al parcheggio dovranno transitare dalla via Cadorna, sia in ingresso che in uscita, con le inevitabili e facilmente immaginabili conseguenze nelle ore di punta. Anzich\u00e8 migliorare la viabilit\u00e0 da e per l&#8217;Ospedale, questo progetto la peggiora\u00bb. Un&#8217;altra preoccupazione riguarda<strong> l&#8217;accessibilit\u00e0 pedonale<\/strong>: \u00abIl progetto non prevede un accesso diretto all&#8217;ospedale. Il percorso \u00e8 anzi difficoltoso e pericoloso, con i pedoni che saranno costretti ad attraversare 3 volte, di cui 2 volte in corrispondenza dell&#8217;incrocio di ben 4 strade. <strong>Non siamo convinti inoltre che l&#8217;accordo raggiunto sia soddisfacente da un punto di vista economico<\/strong>, anzi temiamo sia sbilanciato in favore della propriet\u00e0. Non \u00e8 vero che l&#8217;opera non coster\u00e0 nulla alla Citt\u00e0 di Angera, anzi! Il solo parcheggio (100 posti auto) coster\u00e0 alla comunit\u00e0 almeno 350000 euro di mancati introiti dagli oneri di urbanizzazione, il progetto nel suo complesso coster\u00e0 invece 825000 euro, un prezzo che sembra veramente eccessivo. L&#8217;area destinata a verde pubblico (3000mq) non si capisce bene a cosa sar\u00e0 destinata e da chi sar\u00e0 usata. E&#8217; infatti in posizione poco comoda rispetto al centro, lontana dai servizi, e senza un accesso diretto dall&#8217;ospedale. La manutenzione per\u00f2 dovr\u00e0 essere curata e quindi pagata dal comune\u00bb.<\/p>\n<\/div>\n<\/div>\n<\/div>\n<\/div>\n","protected":false},"excerpt":{"rendered":"<p>Il consigliere di Angera Bene Comune, Alessandro Brovelli, presenta le preoccupazioni del gruppo rispetto al piano che riguarda una delle opere pi\u00f9 discusse ma anche attese<\/p>\n","protected":false},"author":10,"featured_media":0,"comment_status":"open","ping_status":"open","sticky":false,"template":"","format":"standard","meta":{"footnotes":""},"categories":[2],"tags":[41350,1847,11688],"acf":[],"yoast_head":"<!-- This site is optimized with the Yoast SEO plugin v20.1 - https:\/\/yoast.com\/wordpress\/plugins\/seo\/ -->\n<title>Ospedale, &quot;Il progetto per il parcheggio \u00e8 da rivedere&quot;<\/title>\n<meta name=\"description\" content=\"Il consigliere di Angera Bene Comune, Alessandro Brovelli, presenta le preoccupazioni del gruppo rispetto al piano che riguarda una delle opere pi\u00f9 discusse ma anche attese\" \/>\n<meta name=\"robots\" content=\"noindex, follow, max-snippet:-1, max-image-preview:large, max-video-preview:-1\" \/>\n<meta property=\"og:locale\" content=\"it_IT\" \/>\n<meta property=\"og:type\" content=\"article\" \/>\n<meta property=\"og:title\" content=\"Ospedale, &quot;Il progetto per il parcheggio \u00e8 da rivedere&quot;\" \/>\n<meta property=\"og:description\" content=\"Il consigliere di Angera Bene Comune, Alessandro Brovelli, presenta le preoccupazioni del gruppo rispetto al piano che riguarda una delle opere pi\u00f9 discusse ma anche attese\" \/>\n<meta property=\"og:url\" content=\"https:\/\/staging.varesenews.it\/2015\/11\/ospedale-il-progetto-per-il-parcheggio-e-da-rivedere\/462920\/\" \/>\n<meta property=\"og:site_name\" content=\"VareseNews\" \/>\n<meta property=\"article:publisher\" content=\"https:\/\/www.facebook.com\/varesenews\" \/>\n<meta property=\"article:published_time\" content=\"2015-11-18T16:13:08+00:00\" \/>\n<meta property=\"article:modified_time\" content=\"2015-11-18T16:19:29+00:00\" \/>\n<meta name=\"author\" content=\"Redazione VareseNews\" \/>\n<meta name=\"twitter:card\" content=\"summary_large_image\" \/>\n<meta name=\"twitter:creator\" content=\"@varesenews\" \/>\n<meta name=\"twitter:site\" content=\"@varesenews\" \/>\n<meta name=\"twitter:label1\" content=\"Scritto da\" \/>\n\t<meta name=\"twitter:data1\" content=\"Redazione VareseNews\" \/>\n\t<meta name=\"twitter:label2\" content=\"Tempo di lettura stimato\" \/>\n\t<meta name=\"twitter:data2\" content=\"2 minuti\" \/>\n<script type=\"application\/ld+json\" class=\"yoast-schema-graph\">{\"@context\":\"https:\/\/schema.org\",\"@graph\":[{\"@type\":\"WebPage\",\"@id\":\"https:\/\/staging.varesenews.it\/2015\/11\/ospedale-il-progetto-per-il-parcheggio-e-da-rivedere\/462920\/\",\"url\":\"https:\/\/staging.varesenews.it\/2015\/11\/ospedale-il-progetto-per-il-parcheggio-e-da-rivedere\/462920\/\",\"name\":\"Ospedale, \\\"Il progetto per il parcheggio \u00e8 da rivedere\\\"\",\"isPartOf\":{\"@id\":\"https:\/\/staging.varesenews.it\/#website\"},\"datePublished\":\"2015-11-18T16:13:08+00:00\",\"dateModified\":\"2015-11-18T16:19:29+00:00\",\"author\":{\"@id\":\"https:\/\/staging.varesenews.it\/#\/schema\/person\/fb20c4da0b7b16c291707a20db73e169\"},\"description\":\"Il consigliere di Angera Bene Comune, Alessandro Brovelli, presenta le preoccupazioni del gruppo rispetto al piano che riguarda una delle opere pi\u00f9 discusse ma anche attese\",\"breadcrumb\":{\"@id\":\"https:\/\/staging.varesenews.it\/2015\/11\/ospedale-il-progetto-per-il-parcheggio-e-da-rivedere\/462920\/#breadcrumb\"},\"inLanguage\":\"it-IT\",\"potentialAction\":[{\"@type\":\"ReadAction\",\"target\":[\"https:\/\/staging.varesenews.it\/2015\/11\/ospedale-il-progetto-per-il-parcheggio-e-da-rivedere\/462920\/\"]}]},{\"@type\":\"BreadcrumbList\",\"@id\":\"https:\/\/staging.varesenews.it\/2015\/11\/ospedale-il-progetto-per-il-parcheggio-e-da-rivedere\/462920\/#breadcrumb\",\"itemListElement\":[{\"@type\":\"ListItem\",\"position\":1,\"name\":\"Home\",\"item\":\"https:\/\/www.varesenews.it\/\"},{\"@type\":\"ListItem\",\"position\":2,\"name\":\"Ospedale, &#8220;Il progetto per il parcheggio \u00e8 da rivedere&#8221;\"}]},{\"@type\":\"WebSite\",\"@id\":\"https:\/\/staging.varesenews.it\/#website\",\"url\":\"https:\/\/staging.varesenews.it\/\",\"name\":\"VareseNews\",\"description\":\"\",\"potentialAction\":[{\"@type\":\"SearchAction\",\"target\":{\"@type\":\"EntryPoint\",\"urlTemplate\":\"https:\/\/staging.varesenews.it\/?s={search_term_string}\"},\"query-input\":\"required name=search_term_string\"}],\"inLanguage\":\"it-IT\"},{\"@type\":\"Person\",\"@id\":\"https:\/\/staging.varesenews.it\/#\/schema\/person\/fb20c4da0b7b16c291707a20db73e169\",\"name\":\"Redazione VareseNews\",\"image\":{\"@type\":\"ImageObject\",\"inLanguage\":\"it-IT\",\"@id\":\"https:\/\/staging.varesenews.it\/#\/schema\/person\/image\/\",\"url\":\"https:\/\/staging.varesenews.it\/wp-content\/uploads\/2020\/12\/logo_VN_colori_500.png\",\"contentUrl\":\"https:\/\/staging.varesenews.it\/wp-content\/uploads\/2020\/12\/logo_VN_colori_500.png\",\"caption\":\"Redazione VareseNews\"},\"url\":\"https:\/\/staging.varesenews.it\/persona\/redazione1\/\"}]}<\/script>\n<!-- \/ Yoast SEO plugin. -->","yoast_head_json":{"title":"Ospedale, \"Il progetto per il parcheggio \u00e8 da rivedere\"","description":"Il consigliere di Angera Bene Comune, Alessandro Brovelli, presenta le preoccupazioni del gruppo rispetto al piano che riguarda una delle opere pi\u00f9 discusse ma anche attese","robots":{"index":"noindex","follow":"follow","max-snippet":"max-snippet:-1","max-image-preview":"max-image-preview:large","max-video-preview":"max-video-preview:-1"},"og_locale":"it_IT","og_type":"article","og_title":"Ospedale, \"Il progetto per il parcheggio \u00e8 da rivedere\"","og_description":"Il consigliere di Angera Bene Comune, Alessandro Brovelli, presenta le preoccupazioni del gruppo rispetto al piano che riguarda una delle opere pi\u00f9 discusse ma anche attese","og_url":"https:\/\/staging.varesenews.it\/2015\/11\/ospedale-il-progetto-per-il-parcheggio-e-da-rivedere\/462920\/","og_site_name":"VareseNews","article_publisher":"https:\/\/www.facebook.com\/varesenews","article_published_time":"2015-11-18T16:13:08+00:00","article_modified_time":"2015-11-18T16:19:29+00:00","author":"Redazione VareseNews","twitter_card":"summary_large_image","twitter_creator":"@varesenews","twitter_site":"@varesenews","twitter_misc":{"Scritto da":"Redazione VareseNews","Tempo di lettura stimato":"2 minuti"},"schema":{"@context":"https:\/\/schema.org","@graph":[{"@type":"WebPage","@id":"https:\/\/staging.varesenews.it\/2015\/11\/ospedale-il-progetto-per-il-parcheggio-e-da-rivedere\/462920\/","url":"https:\/\/staging.varesenews.it\/2015\/11\/ospedale-il-progetto-per-il-parcheggio-e-da-rivedere\/462920\/","name":"Ospedale, \"Il progetto per il parcheggio \u00e8 da rivedere\"","isPartOf":{"@id":"https:\/\/staging.varesenews.it\/#website"},"datePublished":"2015-11-18T16:13:08+00:00","dateModified":"2015-11-18T16:19:29+00:00","author":{"@id":"https:\/\/staging.varesenews.it\/#\/schema\/person\/fb20c4da0b7b16c291707a20db73e169"},"description":"Il consigliere di Angera Bene Comune, Alessandro Brovelli, presenta le preoccupazioni del gruppo rispetto al piano che riguarda una delle opere pi\u00f9 discusse ma anche attese","breadcrumb":{"@id":"https:\/\/staging.varesenews.it\/2015\/11\/ospedale-il-progetto-per-il-parcheggio-e-da-rivedere\/462920\/#breadcrumb"},"inLanguage":"it-IT","potentialAction":[{"@type":"ReadAction","target":["https:\/\/staging.varesenews.it\/2015\/11\/ospedale-il-progetto-per-il-parcheggio-e-da-rivedere\/462920\/"]}]},{"@type":"BreadcrumbList","@id":"https:\/\/staging.varesenews.it\/2015\/11\/ospedale-il-progetto-per-il-parcheggio-e-da-rivedere\/462920\/#breadcrumb","itemListElement":[{"@type":"ListItem","position":1,"name":"Home","item":"https:\/\/www.varesenews.it\/"},{"@type":"ListItem","position":2,"name":"Ospedale, &#8220;Il progetto per il parcheggio \u00e8 da rivedere&#8221;"}]},{"@type":"WebSite","@id":"https:\/\/staging.varesenews.it\/#website","url":"https:\/\/staging.varesenews.it\/","name":"VareseNews","description":"","potentialAction":[{"@type":"SearchAction","target":{"@type":"EntryPoint","urlTemplate":"https:\/\/staging.varesenews.it\/?s={search_term_string}"},"query-input":"required name=search_term_string"}],"inLanguage":"it-IT"},{"@type":"Person","@id":"https:\/\/staging.varesenews.it\/#\/schema\/person\/fb20c4da0b7b16c291707a20db73e169","name":"Redazione VareseNews","image":{"@type":"ImageObject","inLanguage":"it-IT","@id":"https:\/\/staging.varesenews.it\/#\/schema\/person\/image\/","url":"https:\/\/staging.varesenews.it\/wp-content\/uploads\/2020\/12\/logo_VN_colori_500.png","contentUrl":"https:\/\/staging.varesenews.it\/wp-content\/uploads\/2020\/12\/logo_VN_colori_500.png","caption":"Redazione VareseNews"},"url":"https:\/\/staging.varesenews.it\/persona\/redazione1\/"}]}},"post_meta":{"_edit_lock":"1447863800:43","_edit_last":"43","_category_permalink":"2","wdfb_og_title":"","wdfb_og_type":"","wdfb_og_description":"","wdfb_og_images":"a:1:{i:0;s:0:\"\";}","wdfb_og_custom_name":"a:1:{i:0;s:0:\"\";}","wdfb_og_custom_value":"a:1:{i:0;s:0:\"\";}","foto":"493982","firma_come_redazione":"1","argomento":"Angera","_jd_twitter":"","_jd_tweet_this":"yes","ratings_users":"0","ratings_score":"0","ratings_average":"0","_wpt_short_url":"http:\/\/www.varesenews.it\/2015\/11\/ospedale-il-progetto-per-il-parcheggio-e-da-rivedere\/462920\/","_wp_jd_target":"http:\/\/www.varesenews.it\/2015\/11\/ospedale-il-progetto-per-il-parcheggio-e-da-rivedere\/462920\/","_jd_wp_twitter":"a:1:{i:0;s:190:\"Ospedale, \"Il progetto per il parcheggio \u00e8 da rivedere\" http:\/\/www.varesenews.it\/2015\/11\/ospedale-il-progetto-per-il-parcheggio-e-da-rivedere\/462920\/ #Angera #ospedaleangera #ospedaleondoli\";}","_wpt_status_message":"Tweet inviato con successo.","id_leggi_anche":"566720"},"photos":[{"original":"https:\/\/staging.varesenews.it\/photogallery_new\/images\/2015\/11\/alessandro-brovelli-493982.jpg","full":"https:\/\/staging.varesenews.it\/photogallery_new\/images\/2015\/11\/alessandro-brovelli-493982.1024x768.jpg","large":"https:\/\/staging.varesenews.it\/photogallery_new\/images\/2015\/11\/alessandro-brovelli-493982.610x431.jpg"}],"_links":{"self":[{"href":"https:\/\/staging.varesenews.it\/swgapi\/v1\/wp\/v2\/posts\/462920"}],"collection":[{"href":"https:\/\/staging.varesenews.it\/swgapi\/v1\/wp\/v2\/posts"}],"about":[{"href":"https:\/\/staging.varesenews.it\/swgapi\/v1\/wp\/v2\/types\/post"}],"author":[{"embeddable":true,"href":"https:\/\/staging.varesenews.it\/swgapi\/v1\/wp\/v2\/users\/10"}],"replies":[{"embeddable":true,"href":"https:\/\/staging.varesenews.it\/swgapi\/v1\/wp\/v2\/comments?post=462920"}],"version-history":[{"count":0,"href":"https:\/\/staging.varesenews.it\/swgapi\/v1\/wp\/v2\/posts\/462920\/revisions"}],"wp:attachment":[{"href":"https:\/\/staging.varesenews.it\/swgapi\/v1\/wp\/v2\/media?parent=462920"}],"wp:term":[{"taxonomy":"category","embeddable":true,"href":"https:\/\/staging.varesenews.it\/swgapi\/v1\/wp\/v2\/categories?post=462920"},{"taxonomy":"post_tag","embeddable":true,"href":"https:\/\/staging.varesenews.it\/swgapi\/v1\/wp\/v2\/tags?post=462920"}],"curies":[{"name":"wp","href":"https:\/\/api.w.org\/{rel}","templated":true}]}}