{"id":463153,"date":"2015-11-19T13:08:47","date_gmt":"2015-11-19T12:08:47","guid":{"rendered":"http:\/\/www.varesenews.it\/?p=463153"},"modified":"2015-11-19T13:08:47","modified_gmt":"2015-11-19T12:08:47","slug":"le-primarie-di-marantelli-passano-da-giubiano","status":"publish","type":"post","link":"https:\/\/staging.varesenews.it\/2015\/11\/le-primarie-di-marantelli-passano-da-giubiano\/463153\/","title":{"rendered":"Le primarie di Marantelli passano da Giubiano"},"content":{"rendered":"<p>\u00abCome affronto le primarie, cos\u00ec affronter\u00f2 la campagna elettorale da sindaco\u00bb<\/p>\n<p>Partono con questo segno le primarie di centro sinistra per <strong>Daniele Marantelli<\/strong>, deputato, figura notissima in Varese e oltre, ora uno dei 4 volti delle primarie di centrosinistra per scegliere il candidato sindaco di Varese.<\/p>\n<p>Arrivato in autobus, la C, a Giubiano, Marantelli ha scelto di far partire da un rione centrale e strategico &#8211; qui ci sono l&#8217;ospedale del Ponte, l&#8217;Aspem, la camera del lavoro e un problema parcheggi infinito &#8211; ma considerato da sempre &#8220;periferico&#8221; la sua campagna per le primarie.<\/p>\n<div>\u00ab\u00c8 sbagliato parlare di periferie, parlando di Varese: quelle ci sono a Milano a Roma &#8211; ha detto Marantelli &#8211; \u00a0Parlare di periferie qui significa non conoscere la realt\u00e0. Velate, per esempio la considerate una periferia, pur essendo lontanissima dal centro? Qui \u00e8 piu corretto parlare di rioni, ognuno con una identit\u00e0 diversa, che bisogna aiutare e riprendersi\u00bb.<\/div>\n<div><\/div>\n<div>Da qui, Marantelli ha parlato innanzitutto dell&#8217;Ospedale del Ponte, che: \u00abE&#8217; stato pensato come polo di attrazione sovraprovinciale, e io credo che quella ambizione non debba essere frustrata. Anzi implementando le realt\u00e0 pi\u00f9 importanti\u00a0di cura\u00bb. Ma ha anche parlato di parcheggi: \u00abQuello di villa Augusta non va fatto: se e quando divento sindaco, sar\u00e0 il primo progetto che stralcio. Noi dobbiamo preservare\u00a0i nostri parchi come le pupille dei nostri occhi. In compenso, comincerei le trattative con il privato proprietario del luogo dove \u00e8 stato identificato un parcheggio alternativo, in via del Ponte, il giorno dopo la mia nomina\u00bb.<\/div>\n<div><\/div>\n<div>Marantelli ha poi &#8220;toccato&#8221; diversi punti importanti del rione: dal campo di Rugby che sta per diventare cittadella alla zona del mercato. Il prossimo appuntamento della sua campagna \u00e8 luned\u00ec a Bizzozzero.<\/div>\n<div><\/div>\n<div><\/div>\n","protected":false},"excerpt":{"rendered":"<p>Sono partite dal rione dell&#8217;ospedale del Ponte, dei parchegggi, della cittadella del Rugby le primarie di Daniele Marantelli. All&#8217;appuntamento \u00e8 arrivato in bus<\/p>\n","protected":false},"author":48,"featured_media":0,"comment_status":"open","ping_status":"open","sticky":false,"template":"","format":"standard","meta":{"footnotes":""},"categories":[16,2],"tags":[1376,50291],"acf":[],"yoast_head":"<!-- This site is optimized with the Yoast SEO plugin v20.1 - https:\/\/yoast.com\/wordpress\/plugins\/seo\/ -->\n<title>Le primarie di Marantelli passano da Giubiano<\/title>\n<meta name=\"description\" content=\"Daniele Marantelli, da candidato per le primarie di centrosinistra, &quot;passa&quot; da Giubiano e parla di parcheggi, ospedale, ma anche della dignit\u00e0 dei rioni\" \/>\n<meta name=\"robots\" content=\"noindex, follow, max-snippet:-1, max-image-preview:large, max-video-preview:-1\" \/>\n<meta property=\"og:locale\" content=\"it_IT\" \/>\n<meta property=\"og:type\" content=\"article\" \/>\n<meta property=\"og:title\" content=\"Le primarie di Marantelli passano da Giubiano\" \/>\n<meta property=\"og:description\" content=\"Daniele Marantelli, da candidato per le primarie di centrosinistra, &quot;passa&quot; da Giubiano e parla di parcheggi, ospedale, ma anche della dignit\u00e0 dei rioni\" \/>\n<meta property=\"og:url\" content=\"https:\/\/staging.varesenews.it\/2015\/11\/le-primarie-di-marantelli-passano-da-giubiano\/463153\/\" \/>\n<meta property=\"og:site_name\" content=\"VareseNews\" \/>\n<meta property=\"article:publisher\" content=\"https:\/\/www.facebook.com\/varesenews\" \/>\n<meta property=\"article:author\" content=\"https:\/\/www.facebook.com\/stefaniaradman\" \/>\n<meta property=\"article:published_time\" content=\"2015-11-19T12:08:47+00:00\" \/>\n<meta name=\"author\" content=\"Stefania Radman\" \/>\n<meta name=\"twitter:card\" content=\"summary_large_image\" \/>\n<meta name=\"twitter:creator\" content=\"@LaRadman\" \/>\n<meta name=\"twitter:site\" content=\"@varesenews\" \/>\n<meta name=\"twitter:label1\" content=\"Scritto da\" \/>\n\t<meta name=\"twitter:data1\" content=\"Stefania Radman\" \/>\n\t<meta name=\"twitter:label2\" content=\"Tempo di lettura stimato\" \/>\n\t<meta name=\"twitter:data2\" content=\"1 minuto\" \/>\n<script type=\"application\/ld+json\" class=\"yoast-schema-graph\">{\"@context\":\"https:\/\/schema.org\",\"@graph\":[{\"@type\":\"WebPage\",\"@id\":\"https:\/\/staging.varesenews.it\/2015\/11\/le-primarie-di-marantelli-passano-da-giubiano\/463153\/\",\"url\":\"https:\/\/staging.varesenews.it\/2015\/11\/le-primarie-di-marantelli-passano-da-giubiano\/463153\/\",\"name\":\"Le primarie di Marantelli passano da Giubiano\",\"isPartOf\":{\"@id\":\"https:\/\/staging.varesenews.it\/#website\"},\"datePublished\":\"2015-11-19T12:08:47+00:00\",\"dateModified\":\"2015-11-19T12:08:47+00:00\",\"author\":{\"@id\":\"https:\/\/staging.varesenews.it\/#\/schema\/person\/995d2e6a31c67237a9a1bc1f0079f3aa\"},\"description\":\"Daniele Marantelli, da candidato per le primarie di centrosinistra, \\\"passa\\\" da Giubiano e parla di parcheggi, ospedale, ma anche della dignit\u00e0 dei rioni\",\"breadcrumb\":{\"@id\":\"https:\/\/staging.varesenews.it\/2015\/11\/le-primarie-di-marantelli-passano-da-giubiano\/463153\/#breadcrumb\"},\"inLanguage\":\"it-IT\",\"potentialAction\":[{\"@type\":\"ReadAction\",\"target\":[\"https:\/\/staging.varesenews.it\/2015\/11\/le-primarie-di-marantelli-passano-da-giubiano\/463153\/\"]}]},{\"@type\":\"BreadcrumbList\",\"@id\":\"https:\/\/staging.varesenews.it\/2015\/11\/le-primarie-di-marantelli-passano-da-giubiano\/463153\/#breadcrumb\",\"itemListElement\":[{\"@type\":\"ListItem\",\"position\":1,\"name\":\"Home\",\"item\":\"https:\/\/www.varesenews.it\/\"},{\"@type\":\"ListItem\",\"position\":2,\"name\":\"Le primarie di Marantelli passano da Giubiano\"}]},{\"@type\":\"WebSite\",\"@id\":\"https:\/\/staging.varesenews.it\/#website\",\"url\":\"https:\/\/staging.varesenews.it\/\",\"name\":\"VareseNews\",\"description\":\"\",\"potentialAction\":[{\"@type\":\"SearchAction\",\"target\":{\"@type\":\"EntryPoint\",\"urlTemplate\":\"https:\/\/staging.varesenews.it\/?s={search_term_string}\"},\"query-input\":\"required name=search_term_string\"}],\"inLanguage\":\"it-IT\"},{\"@type\":\"Person\",\"@id\":\"https:\/\/staging.varesenews.it\/#\/schema\/person\/995d2e6a31c67237a9a1bc1f0079f3aa\",\"name\":\"Stefania Radman\",\"image\":{\"@type\":\"ImageObject\",\"inLanguage\":\"it-IT\",\"@id\":\"https:\/\/staging.varesenews.it\/#\/schema\/person\/image\/\",\"url\":\"https:\/\/staging.varesenews.it\/wp-content\/uploads\/2020\/12\/stefania_radman_colori_500.jpg\",\"contentUrl\":\"https:\/\/staging.varesenews.it\/wp-content\/uploads\/2020\/12\/stefania_radman_colori_500.jpg\",\"caption\":\"Stefania Radman\"},\"description\":\"Varesina dal 1991, lavoro dal 2000 per Varesenews.it, prima come responsabile della pagina dell&rsquo;economia, poi della pagina life, ora della citt&agrave; di Varese.Ma sono (e sono stata) anche altro: per esempio, agli albori delle radio private ero dj in una radio milanese, Onda Radio. Da 20 anni sono corrispondente da Varese di Radio Popolare e ho collaborato con Espresso, Repubblica, Diario della Settimana, Italia Oggi. &ldquo;Smanettona&rdquo; da sempre, ho aperto il mio primo sito personale con Geocities nei primi anni novanta (chi se lo ricorda?) e i miei primi blog in Splinder all&rsquo;inizio del 2000. Ora sono sui social: qui quasi sempre sono semplicemente \\\"LaRadman&rdquo;.\",\"sameAs\":[\"http:\/\/laradman.blogspot.it\",\"https:\/\/www.facebook.com\/stefaniaradman\",\"@LaRadman\",\"https:\/\/www.linkedin.com\/in\/stefaniaradman\",\"https:\/\/twitter.com\/LaRadman\"],\"url\":\"https:\/\/staging.varesenews.it\/persona\/stefania-radman1\/\"}]}<\/script>\n<!-- \/ Yoast SEO plugin. -->","yoast_head_json":{"title":"Le primarie di Marantelli passano da Giubiano","description":"Daniele Marantelli, da candidato per le primarie di centrosinistra, \"passa\" da Giubiano e parla di parcheggi, ospedale, ma anche della dignit\u00e0 dei rioni","robots":{"index":"noindex","follow":"follow","max-snippet":"max-snippet:-1","max-image-preview":"max-image-preview:large","max-video-preview":"max-video-preview:-1"},"og_locale":"it_IT","og_type":"article","og_title":"Le primarie di Marantelli passano da Giubiano","og_description":"Daniele Marantelli, da candidato per le primarie di centrosinistra, \"passa\" da Giubiano e parla di parcheggi, ospedale, ma anche della dignit\u00e0 dei rioni","og_url":"https:\/\/staging.varesenews.it\/2015\/11\/le-primarie-di-marantelli-passano-da-giubiano\/463153\/","og_site_name":"VareseNews","article_publisher":"https:\/\/www.facebook.com\/varesenews","article_author":"https:\/\/www.facebook.com\/stefaniaradman","article_published_time":"2015-11-19T12:08:47+00:00","author":"Stefania Radman","twitter_card":"summary_large_image","twitter_creator":"@LaRadman","twitter_site":"@varesenews","twitter_misc":{"Scritto da":"Stefania Radman","Tempo di lettura stimato":"1 minuto"},"schema":{"@context":"https:\/\/schema.org","@graph":[{"@type":"WebPage","@id":"https:\/\/staging.varesenews.it\/2015\/11\/le-primarie-di-marantelli-passano-da-giubiano\/463153\/","url":"https:\/\/staging.varesenews.it\/2015\/11\/le-primarie-di-marantelli-passano-da-giubiano\/463153\/","name":"Le primarie di Marantelli passano da Giubiano","isPartOf":{"@id":"https:\/\/staging.varesenews.it\/#website"},"datePublished":"2015-11-19T12:08:47+00:00","dateModified":"2015-11-19T12:08:47+00:00","author":{"@id":"https:\/\/staging.varesenews.it\/#\/schema\/person\/995d2e6a31c67237a9a1bc1f0079f3aa"},"description":"Daniele Marantelli, da candidato per le primarie di centrosinistra, \"passa\" da Giubiano e parla di parcheggi, ospedale, ma anche della dignit\u00e0 dei rioni","breadcrumb":{"@id":"https:\/\/staging.varesenews.it\/2015\/11\/le-primarie-di-marantelli-passano-da-giubiano\/463153\/#breadcrumb"},"inLanguage":"it-IT","potentialAction":[{"@type":"ReadAction","target":["https:\/\/staging.varesenews.it\/2015\/11\/le-primarie-di-marantelli-passano-da-giubiano\/463153\/"]}]},{"@type":"BreadcrumbList","@id":"https:\/\/staging.varesenews.it\/2015\/11\/le-primarie-di-marantelli-passano-da-giubiano\/463153\/#breadcrumb","itemListElement":[{"@type":"ListItem","position":1,"name":"Home","item":"https:\/\/www.varesenews.it\/"},{"@type":"ListItem","position":2,"name":"Le primarie di Marantelli passano da Giubiano"}]},{"@type":"WebSite","@id":"https:\/\/staging.varesenews.it\/#website","url":"https:\/\/staging.varesenews.it\/","name":"VareseNews","description":"","potentialAction":[{"@type":"SearchAction","target":{"@type":"EntryPoint","urlTemplate":"https:\/\/staging.varesenews.it\/?s={search_term_string}"},"query-input":"required name=search_term_string"}],"inLanguage":"it-IT"},{"@type":"Person","@id":"https:\/\/staging.varesenews.it\/#\/schema\/person\/995d2e6a31c67237a9a1bc1f0079f3aa","name":"Stefania Radman","image":{"@type":"ImageObject","inLanguage":"it-IT","@id":"https:\/\/staging.varesenews.it\/#\/schema\/person\/image\/","url":"https:\/\/staging.varesenews.it\/wp-content\/uploads\/2020\/12\/stefania_radman_colori_500.jpg","contentUrl":"https:\/\/staging.varesenews.it\/wp-content\/uploads\/2020\/12\/stefania_radman_colori_500.jpg","caption":"Stefania Radman"},"description":"Varesina dal 1991, lavoro dal 2000 per Varesenews.it, prima come responsabile della pagina dell&rsquo;economia, poi della pagina life, ora della citt&agrave; di Varese.Ma sono (e sono stata) anche altro: per esempio, agli albori delle radio private ero dj in una radio milanese, Onda Radio. Da 20 anni sono corrispondente da Varese di Radio Popolare e ho collaborato con Espresso, Repubblica, Diario della Settimana, Italia Oggi. &ldquo;Smanettona&rdquo; da sempre, ho aperto il mio primo sito personale con Geocities nei primi anni novanta (chi se lo ricorda?) e i miei primi blog in Splinder all&rsquo;inizio del 2000. Ora sono sui social: qui quasi sempre sono semplicemente \"LaRadman&rdquo;.","sameAs":["http:\/\/laradman.blogspot.it","https:\/\/www.facebook.com\/stefaniaradman","@LaRadman","https:\/\/www.linkedin.com\/in\/stefaniaradman","https:\/\/twitter.com\/LaRadman"],"url":"https:\/\/staging.varesenews.it\/persona\/stefania-radman1\/"}]}},"post_meta":{"_edit_lock":"1447968616:48","_edit_last":"48","_category_permalink":"","wdfb_og_title":"","wdfb_og_type":"","wdfb_og_description":"","wdfb_og_images":"a:1:{i:0;s:0:\"\";}","wdfb_og_custom_name":"a:1:{i:0;s:0:\"\";}","wdfb_og_custom_value":"a:1:{i:0;s:0:\"\";}","_yoast_wpseo_focuskw":"Marantelli","_yoast_wpseo_metadesc":"Daniele Marantelli, da candidato per le primarie di centrosinistra, \"passa\" da Giubiano e parla di parcheggi, ospedale, ma anche della dignit\u00e0 dei rioni","_jd_twitter":"","_jd_tweet_this":"yes","_yoast_wpseo_linkdex":"76","ratings_users":"0","ratings_score":"0","ratings_average":"0","foto":"496573","id_link_fotogallery":"463152","argomento":"Varese","_wpt_short_url":"http:\/\/www.varesenews.it\/2015\/11\/le-primarie-di-marantelli-passano-da-giubiano\/463153\/","_wp_jd_target":"http:\/\/www.varesenews.it\/2015\/11\/le-primarie-di-marantelli-passano-da-giubiano\/463153\/","_jd_wp_twitter":"a:1:{i:0;s:142:\"Le primarie di Marantelli passano da Giubiano http:\/\/www.varesenews.it\/2015\/11\/le-primarie-di-marantelli-passano-da-giubiano\/463153\/ #giubiano\";}","_wpt_status_message":"Tweet inviato con successo."},"photos":[{"original":"https:\/\/staging.varesenews.it\/photogallery_new\/images\/2015\/11\/marantelli-primarie-a-giubiano-496573.jpg","full":"https:\/\/staging.varesenews.it\/photogallery_new\/images\/2015\/11\/marantelli-primarie-a-giubiano-496573.1024x768.jpg","large":"https:\/\/staging.varesenews.it\/photogallery_new\/images\/2015\/11\/marantelli-primarie-a-giubiano-496573.610x431.jpg"}],"_links":{"self":[{"href":"https:\/\/staging.varesenews.it\/swgapi\/v1\/wp\/v2\/posts\/463153"}],"collection":[{"href":"https:\/\/staging.varesenews.it\/swgapi\/v1\/wp\/v2\/posts"}],"about":[{"href":"https:\/\/staging.varesenews.it\/swgapi\/v1\/wp\/v2\/types\/post"}],"author":[{"embeddable":true,"href":"https:\/\/staging.varesenews.it\/swgapi\/v1\/wp\/v2\/users\/48"}],"replies":[{"embeddable":true,"href":"https:\/\/staging.varesenews.it\/swgapi\/v1\/wp\/v2\/comments?post=463153"}],"version-history":[{"count":0,"href":"https:\/\/staging.varesenews.it\/swgapi\/v1\/wp\/v2\/posts\/463153\/revisions"}],"wp:attachment":[{"href":"https:\/\/staging.varesenews.it\/swgapi\/v1\/wp\/v2\/media?parent=463153"}],"wp:term":[{"taxonomy":"category","embeddable":true,"href":"https:\/\/staging.varesenews.it\/swgapi\/v1\/wp\/v2\/categories?post=463153"},{"taxonomy":"post_tag","embeddable":true,"href":"https:\/\/staging.varesenews.it\/swgapi\/v1\/wp\/v2\/tags?post=463153"}],"curies":[{"name":"wp","href":"https:\/\/api.w.org\/{rel}","templated":true}]}}