{"id":463901,"date":"2015-11-23T17:44:48","date_gmt":"2015-11-23T16:44:48","guid":{"rendered":"http:\/\/www.varesenews.it\/?p=463901"},"modified":"2015-11-23T17:44:48","modified_gmt":"2015-11-23T16:44:48","slug":"nuovo-asilo-un-progetto-ce-gia","status":"publish","type":"post","link":"https:\/\/staging.varesenews.it\/2015\/11\/nuovo-asilo-un-progetto-ce-gia\/463901\/","title":{"rendered":"Nuovo asilo, un progetto c&#8217;\u00e8 gi\u00e0"},"content":{"rendered":"<p>\u00abLa nostra priorit\u00e0 \u00e8 quella di dare ai bambini un posto adatto a loro\u00bb. <strong>Giampiero Pastorelli<\/strong>, nuovo presidente della Fondazione Vedani, l&#8217;organizzazione che gestisce la scuola materna di Angera, ha in mano un progetto per il futuro dell&#8217;asilo. Un progetto concreto che ha preso forma grazie a \u00a0<strong>una donazione importante<\/strong> di cui la fondazione ha beneficiato e che apre una &#8220;terza via&#8221;, quella di avere una struttura di propriet\u00e0 e adeguata alle esigenze dei suoi piccoli utenti.<\/p>\n<p>\u00abEravamo a un <strong>bivio<\/strong> &#8211; spiega Pastorelli -. Da un lato abbiamo <a href=\"http:\/\/www.varesenews.it\/tag\/asilo-angera\/\">una struttura inutilizzabile, quella di via Arena<\/a>, che come sappiamo ha avuto diversi problemi e che oggi, per essere messa in sicurezza, richiederebbe un massiccio intervento economico da parte del Comune. Intervento che in questo momento non pu\u00f2 essere sostenuto. L&#8217;alternativa era di fatto quella di rimanere dove siamo ora (la sede storica della materna, in via Aldo Moro) ma, bilancio alla mano, dobbiamo fare i conti con <strong>spese di gestione annuali<\/strong> che si aggirano intorno ai 60mila euro e mettere in conto che non \u00e8 per nulla la struttura ottimale per ospitare dei bambini\u00bb.<\/p>\n<p>La terza soluzione \u00e8 arrivata alcuni mesi fa: \u00ab<strong>Un privato cittadino ha donato alla Fondazione Vedani un terreno in via San Quirico<\/strong> (compreso tra le aree\u00a0Crosa e Altinada, ndr) che \u00e8 a nostro avviso un&#8217;ottima sede dove poter costruire una nuova scuola materna. <strong>Con l&#8217;amministrazione abbiamo aperto un dialogo costruttivo\u00a0<\/strong>e discusso sulla possibilit\u00e0 di individuare una nuova collocazione dell&#8217;asilo. E questa proposta va in quella direzione. Abbiamo avuto inoltre la conferma che da parte della maggioranza c&#8217;\u00e8 la volont\u00e0 ad abbandonare l&#8217;intenzione di trasferire\u00a0la scuola materna in via Arena e abbiamo proseguito l&#8217;iter burocratico chiedendo il cambio di destinazione d&#8217;uso di quel terreno da agricolo a edificabile. Contiamo di ottenerlo entro l&#8217;estate\u00bb.<\/p>\n<p>Ma non \u00e8 tutto: un progetto del nuovo edificio esiste gi\u00e0. \u00abCi siamo rivolti alla Federazione italiana delle scuole materne di Varese chiedendo\u00a0di suggerirci il nome di un professionista con esperienza nel settore e insieme abbiamo definito un piano per la realizzazione di una <strong>struttura in\u00a0bioedilizia e autosufficiente dal punto di vista energetico<\/strong>. Abbiamo previsto inoltre la realizzazione di un parcheggio adeguato. Il nuovo asilo sorgerebbe su una superficie di circa 2mila metri quadrati ma non si esclude la possibilit\u00e0 di riuscire ad ampliare l&#8217;area attraverso l&#8217;acquisizione di spazi limitrofi\u00bb.<\/p>\n<p>Il punto pi\u00f9 delicato rimane quello delle risorse, ma su questo la fondazione \u00e8 ottimista e non esclude quello che in gergo si chiama <em>crowfounding<\/em>: \u00abSappiamo di poter contare su contributi affidabili da parte di privati cittadini, chiederemo un finanziamento e ci affidiamo agli angeresi. Questa \u00e8 un&#8217;opera fondamentale per la comunit\u00e0, per i nostri concittadini pi\u00f9 piccoli e per il nostro futuro. A chi sta a cuore tutto questo chiediamo di partecipare. Anche un piccolo gesto pu\u00f2 essere utile, in base alle proprie possibilit\u00e0\u00bb.<\/p>\n<p>&nbsp;<\/p>\n","protected":false},"excerpt":{"rendered":"<p>Il presidente della Fondazione Vedani, Pastorelli, presenta il piano per costruire una struttura pi\u00f9 adatta alle esigenze dei bambini e lasciare definitivamente l&#8217;ipotesi di via Arena<\/p>\n","protected":false},"author":43,"featured_media":0,"comment_status":"open","ping_status":"open","sticky":false,"template":"","format":"standard","meta":{"footnotes":""},"categories":[1,2],"tags":[41350,18098,1776],"acf":[],"yoast_head":"<!-- This site is optimized with the Yoast SEO plugin v20.1 - https:\/\/yoast.com\/wordpress\/plugins\/seo\/ -->\n<title>Nuovo asilo, un progetto c&#039;\u00e8 gi\u00e0<\/title>\n<meta name=\"description\" content=\"Il presidente della Fondazione Vedani, Pastorelli, presenta il piano per costruire una struttura pi\u00f9 adatta alle esigenze dei bambini e lasciare definitivamente l&#039;ipotesi di via Arena\" \/>\n<meta name=\"robots\" content=\"noindex, follow, max-snippet:-1, max-image-preview:large, max-video-preview:-1\" \/>\n<meta property=\"og:locale\" content=\"it_IT\" \/>\n<meta property=\"og:type\" content=\"article\" \/>\n<meta property=\"og:title\" content=\"Nuovo asilo, un progetto c&#039;\u00e8 gi\u00e0\" \/>\n<meta property=\"og:description\" content=\"Il presidente della Fondazione Vedani, Pastorelli, presenta il piano per costruire una struttura pi\u00f9 adatta alle esigenze dei bambini e lasciare definitivamente l&#039;ipotesi di via Arena\" \/>\n<meta property=\"og:url\" content=\"https:\/\/staging.varesenews.it\/2015\/11\/nuovo-asilo-un-progetto-ce-gia\/463901\/\" \/>\n<meta property=\"og:site_name\" content=\"VareseNews\" \/>\n<meta property=\"article:publisher\" content=\"https:\/\/www.facebook.com\/varesenews\" \/>\n<meta property=\"article:author\" content=\"https:\/\/www.facebook.com\/mariacarla.cebrelli\" \/>\n<meta property=\"article:published_time\" content=\"2015-11-23T16:44:48+00:00\" \/>\n<meta name=\"author\" content=\"Maria Carla Cebrelli\" \/>\n<meta name=\"twitter:card\" content=\"summary_large_image\" \/>\n<meta name=\"twitter:creator\" content=\"@pikapiketti\" \/>\n<meta name=\"twitter:site\" content=\"@varesenews\" \/>\n<meta name=\"twitter:label1\" content=\"Scritto da\" \/>\n\t<meta name=\"twitter:data1\" content=\"Maria Carla Cebrelli\" \/>\n\t<meta name=\"twitter:label2\" content=\"Tempo di lettura stimato\" \/>\n\t<meta name=\"twitter:data2\" content=\"2 minuti\" \/>\n<script type=\"application\/ld+json\" class=\"yoast-schema-graph\">{\"@context\":\"https:\/\/schema.org\",\"@graph\":[{\"@type\":\"WebPage\",\"@id\":\"https:\/\/staging.varesenews.it\/2015\/11\/nuovo-asilo-un-progetto-ce-gia\/463901\/\",\"url\":\"https:\/\/staging.varesenews.it\/2015\/11\/nuovo-asilo-un-progetto-ce-gia\/463901\/\",\"name\":\"Nuovo asilo, un progetto c'\u00e8 gi\u00e0\",\"isPartOf\":{\"@id\":\"https:\/\/staging.varesenews.it\/#website\"},\"datePublished\":\"2015-11-23T16:44:48+00:00\",\"dateModified\":\"2015-11-23T16:44:48+00:00\",\"author\":{\"@id\":\"https:\/\/staging.varesenews.it\/#\/schema\/person\/5bf790e99d7ec50061119cc825c454de\"},\"description\":\"Il presidente della Fondazione Vedani, Pastorelli, presenta il piano per costruire una struttura pi\u00f9 adatta alle esigenze dei bambini e lasciare definitivamente l'ipotesi di via Arena\",\"breadcrumb\":{\"@id\":\"https:\/\/staging.varesenews.it\/2015\/11\/nuovo-asilo-un-progetto-ce-gia\/463901\/#breadcrumb\"},\"inLanguage\":\"it-IT\",\"potentialAction\":[{\"@type\":\"ReadAction\",\"target\":[\"https:\/\/staging.varesenews.it\/2015\/11\/nuovo-asilo-un-progetto-ce-gia\/463901\/\"]}]},{\"@type\":\"BreadcrumbList\",\"@id\":\"https:\/\/staging.varesenews.it\/2015\/11\/nuovo-asilo-un-progetto-ce-gia\/463901\/#breadcrumb\",\"itemListElement\":[{\"@type\":\"ListItem\",\"position\":1,\"name\":\"Home\",\"item\":\"https:\/\/www.varesenews.it\/\"},{\"@type\":\"ListItem\",\"position\":2,\"name\":\"Nuovo asilo, un progetto c&#8217;\u00e8 gi\u00e0\"}]},{\"@type\":\"WebSite\",\"@id\":\"https:\/\/staging.varesenews.it\/#website\",\"url\":\"https:\/\/staging.varesenews.it\/\",\"name\":\"VareseNews\",\"description\":\"\",\"potentialAction\":[{\"@type\":\"SearchAction\",\"target\":{\"@type\":\"EntryPoint\",\"urlTemplate\":\"https:\/\/staging.varesenews.it\/?s={search_term_string}\"},\"query-input\":\"required name=search_term_string\"}],\"inLanguage\":\"it-IT\"},{\"@type\":\"Person\",\"@id\":\"https:\/\/staging.varesenews.it\/#\/schema\/person\/5bf790e99d7ec50061119cc825c454de\",\"name\":\"Maria Carla Cebrelli\",\"image\":{\"@type\":\"ImageObject\",\"inLanguage\":\"it-IT\",\"@id\":\"https:\/\/staging.varesenews.it\/#\/schema\/person\/image\/\",\"url\":\"https:\/\/staging.varesenews.it\/wp-content\/uploads\/2020\/12\/mariacarla_cebrelli_colori_500-1.jpg\",\"contentUrl\":\"https:\/\/staging.varesenews.it\/wp-content\/uploads\/2020\/12\/mariacarla_cebrelli_colori_500-1.jpg\",\"caption\":\"Maria Carla Cebrelli\"},\"description\":\"Economista di formazione, giornalista per passione. A VareseNews dal 2005, mi sono occupata negli anni di universit&agrave;, tematiche di confine, news locali e comunicazione nel settore sociale. Attualmente sono responsabile di VerbanoNews, del canale di VareseNews dedicato al Turismo e seguo i social dell'area business.\",\"sameAs\":[\"https:\/\/www.facebook.com\/mariacarla.cebrelli\",\"pikapiketti\",\"https:\/\/twitter.com\/pikapiketti\"],\"url\":\"https:\/\/staging.varesenews.it\/persona\/mariacarla-cebrelli1\/\"}]}<\/script>\n<!-- \/ Yoast SEO plugin. -->","yoast_head_json":{"title":"Nuovo asilo, un progetto c'\u00e8 gi\u00e0","description":"Il presidente della Fondazione Vedani, Pastorelli, presenta il piano per costruire una struttura pi\u00f9 adatta alle esigenze dei bambini e lasciare definitivamente l'ipotesi di via Arena","robots":{"index":"noindex","follow":"follow","max-snippet":"max-snippet:-1","max-image-preview":"max-image-preview:large","max-video-preview":"max-video-preview:-1"},"og_locale":"it_IT","og_type":"article","og_title":"Nuovo asilo, un progetto c'\u00e8 gi\u00e0","og_description":"Il presidente della Fondazione Vedani, Pastorelli, presenta il piano per costruire una struttura pi\u00f9 adatta alle esigenze dei bambini e lasciare definitivamente l'ipotesi di via Arena","og_url":"https:\/\/staging.varesenews.it\/2015\/11\/nuovo-asilo-un-progetto-ce-gia\/463901\/","og_site_name":"VareseNews","article_publisher":"https:\/\/www.facebook.com\/varesenews","article_author":"https:\/\/www.facebook.com\/mariacarla.cebrelli","article_published_time":"2015-11-23T16:44:48+00:00","author":"Maria Carla Cebrelli","twitter_card":"summary_large_image","twitter_creator":"@pikapiketti","twitter_site":"@varesenews","twitter_misc":{"Scritto da":"Maria Carla Cebrelli","Tempo di lettura stimato":"2 minuti"},"schema":{"@context":"https:\/\/schema.org","@graph":[{"@type":"WebPage","@id":"https:\/\/staging.varesenews.it\/2015\/11\/nuovo-asilo-un-progetto-ce-gia\/463901\/","url":"https:\/\/staging.varesenews.it\/2015\/11\/nuovo-asilo-un-progetto-ce-gia\/463901\/","name":"Nuovo asilo, un progetto c'\u00e8 gi\u00e0","isPartOf":{"@id":"https:\/\/staging.varesenews.it\/#website"},"datePublished":"2015-11-23T16:44:48+00:00","dateModified":"2015-11-23T16:44:48+00:00","author":{"@id":"https:\/\/staging.varesenews.it\/#\/schema\/person\/5bf790e99d7ec50061119cc825c454de"},"description":"Il presidente della Fondazione Vedani, Pastorelli, presenta il piano per costruire una struttura pi\u00f9 adatta alle esigenze dei bambini e lasciare definitivamente l'ipotesi di via Arena","breadcrumb":{"@id":"https:\/\/staging.varesenews.it\/2015\/11\/nuovo-asilo-un-progetto-ce-gia\/463901\/#breadcrumb"},"inLanguage":"it-IT","potentialAction":[{"@type":"ReadAction","target":["https:\/\/staging.varesenews.it\/2015\/11\/nuovo-asilo-un-progetto-ce-gia\/463901\/"]}]},{"@type":"BreadcrumbList","@id":"https:\/\/staging.varesenews.it\/2015\/11\/nuovo-asilo-un-progetto-ce-gia\/463901\/#breadcrumb","itemListElement":[{"@type":"ListItem","position":1,"name":"Home","item":"https:\/\/www.varesenews.it\/"},{"@type":"ListItem","position":2,"name":"Nuovo asilo, un progetto c&#8217;\u00e8 gi\u00e0"}]},{"@type":"WebSite","@id":"https:\/\/staging.varesenews.it\/#website","url":"https:\/\/staging.varesenews.it\/","name":"VareseNews","description":"","potentialAction":[{"@type":"SearchAction","target":{"@type":"EntryPoint","urlTemplate":"https:\/\/staging.varesenews.it\/?s={search_term_string}"},"query-input":"required name=search_term_string"}],"inLanguage":"it-IT"},{"@type":"Person","@id":"https:\/\/staging.varesenews.it\/#\/schema\/person\/5bf790e99d7ec50061119cc825c454de","name":"Maria Carla Cebrelli","image":{"@type":"ImageObject","inLanguage":"it-IT","@id":"https:\/\/staging.varesenews.it\/#\/schema\/person\/image\/","url":"https:\/\/staging.varesenews.it\/wp-content\/uploads\/2020\/12\/mariacarla_cebrelli_colori_500-1.jpg","contentUrl":"https:\/\/staging.varesenews.it\/wp-content\/uploads\/2020\/12\/mariacarla_cebrelli_colori_500-1.jpg","caption":"Maria Carla Cebrelli"},"description":"Economista di formazione, giornalista per passione. A VareseNews dal 2005, mi sono occupata negli anni di universit&agrave;, tematiche di confine, news locali e comunicazione nel settore sociale. Attualmente sono responsabile di VerbanoNews, del canale di VareseNews dedicato al Turismo e seguo i social dell'area business.","sameAs":["https:\/\/www.facebook.com\/mariacarla.cebrelli","pikapiketti","https:\/\/twitter.com\/pikapiketti"],"url":"https:\/\/staging.varesenews.it\/persona\/mariacarla-cebrelli1\/"}]}},"post_meta":{"_edit_lock":"1448297069:43","_edit_last":"43","_category_permalink":"2","wdfb_og_title":"","wdfb_og_type":"","wdfb_og_description":"","wdfb_og_images":"a:1:{i:0;s:0:\"\";}","wdfb_og_custom_name":"a:1:{i:0;s:0:\"\";}","wdfb_og_custom_value":"a:1:{i:0;s:0:\"\";}","foto":"497349","_jd_twitter":"","_jd_tweet_this":"yes","argomento":"Angera","ratings_users":"0","ratings_score":"0","ratings_average":"0","_wpt_short_url":"http:\/\/www.varesenews.it\/2015\/11\/nuovo-asilo-un-progetto-ce-gia\/463901\/","_wp_jd_target":"http:\/\/www.varesenews.it\/2015\/11\/nuovo-asilo-un-progetto-ce-gia\/463901\/","_jd_wp_twitter":"a:1:{i:0;s:142:\"Nuovo asilo, un progetto c'\u00e8 gi\u00e0 http:\/\/www.varesenews.it\/2015\/11\/nuovo-asilo-un-progetto-ce-gia\/463901\/ #Angera #asiloangera #scuolamaterna\";}","_wpt_status_message":"Tweet inviato con successo.","id_leggi_anche":"556674"},"photos":[{"original":"https:\/\/staging.varesenews.it\/photogallery_new\/images\/2015\/11\/asilo-angera-497349.jpg","full":"https:\/\/staging.varesenews.it\/photogallery_new\/images\/2015\/11\/asilo-angera-497349.1024x768.jpg","large":"https:\/\/staging.varesenews.it\/photogallery_new\/images\/2015\/11\/asilo-angera-497349.610x431.jpg"}],"_links":{"self":[{"href":"https:\/\/staging.varesenews.it\/swgapi\/v1\/wp\/v2\/posts\/463901"}],"collection":[{"href":"https:\/\/staging.varesenews.it\/swgapi\/v1\/wp\/v2\/posts"}],"about":[{"href":"https:\/\/staging.varesenews.it\/swgapi\/v1\/wp\/v2\/types\/post"}],"author":[{"embeddable":true,"href":"https:\/\/staging.varesenews.it\/swgapi\/v1\/wp\/v2\/users\/43"}],"replies":[{"embeddable":true,"href":"https:\/\/staging.varesenews.it\/swgapi\/v1\/wp\/v2\/comments?post=463901"}],"version-history":[{"count":0,"href":"https:\/\/staging.varesenews.it\/swgapi\/v1\/wp\/v2\/posts\/463901\/revisions"}],"wp:attachment":[{"href":"https:\/\/staging.varesenews.it\/swgapi\/v1\/wp\/v2\/media?parent=463901"}],"wp:term":[{"taxonomy":"category","embeddable":true,"href":"https:\/\/staging.varesenews.it\/swgapi\/v1\/wp\/v2\/categories?post=463901"},{"taxonomy":"post_tag","embeddable":true,"href":"https:\/\/staging.varesenews.it\/swgapi\/v1\/wp\/v2\/tags?post=463901"}],"curies":[{"name":"wp","href":"https:\/\/api.w.org\/{rel}","templated":true}]}}