{"id":46514,"date":"2013-12-02T00:00:00","date_gmt":"2013-12-02T00:00:00","guid":{"rendered":""},"modified":"2013-12-02T00:00:00","modified_gmt":"2013-12-02T00:00:00","slug":"fusioni-ecco-come-hanno-votato-i-comuni-lombardi","status":"publish","type":"post","link":"https:\/\/staging.varesenews.it\/2013\/12\/fusioni-ecco-come-hanno-votato-i-comuni-lombardi\/46514\/","title":{"rendered":"Fusioni, ecco come hanno votato i comuni lombardi"},"content":{"rendered":"<p><img loading=\"lazy\" decoding=\"async\" src=\"https:\/\/www3.varesenews.it\/immagini_articoli\/201311\/refrerndum__day.jpg\" alt=\"referendum fusioni\" width=\"250\" height=\"270\" vspace=\"5\" hspace=\"5\" border=\"1\" align=\"left\" \/>Non c&rsquo;era il quorum da rispettare, ma <strong>il <em><a href=\"http:\/\/www3.varesenews.it\/lombardia\/articolo.php?id=276963\" target=\"_blank\">referendum day<\/a><\/em><\/strong> per le fusioni che trasformeranno <strong>58 comuni in 19 nuove entit&agrave; amministrative<\/strong> ha visto andare <strong>alle urne oltre 36.000<\/strong> elettori lombardi nella giornata di domenica scorsa, primo di dicembre. <br \/>\nSi &egrave; trattato di una votazione che ha visto esprimersi a titolo consultivo elettori di comuni anche piccoli o piccolissimi che costellano le province lombarde e su cui le regole della <strong>spending review<\/strong>, tra decreti e moratorie, incombono su consigli comunali e sindaci di piccole realt&agrave;. <strong>Come il caso di Menarola<\/strong>, comune valtellinese di 47 abitanti: &egrave; il terzo centro meno popoloso della regione ed uno dei meno popolosi d&#8217;Italia, al cui confronto il varesino <strong>Pino sulla Sponda del Lago Maggiore<\/strong> (224 abitanti) o <strong>Gerosa<\/strong>, nella Bergamasca, coi suoi 383 abitanti, suonano come citt&agrave;. <br \/>\n<strong>Beninteso: il s&igrave; alle fusioni ha vinto<\/strong>. Ma <strong>quasi un comune su tre, di quelli a urne aperte, si &egrave; espresso contro le fusioni<\/strong>. Ci sono dei casi eclatanti come il comune di<strong> Val Rezzo<\/strong>, in provincia di Como dove si parla di fusione con altri 4 centri (tra cui anche i centri del<a href=\"http:\/\/it.wikipedia.org\/wiki\/Piccolo_mondo_antico_(romanzo)\" target=\"_blank\"> Piccolo Mondo Antico<\/a> di Fogazzaro, vedi <strong>Porlezza<\/strong>, <strong>Valsolda<\/strong> ecc.) dove ad esprimersi per il no &egrave; stato il 99% dei 123 votanti: 122 no, 1 s&igrave;.<br \/>\n<strong>Altre percentuali &ldquo;bulgare&rdquo; <\/strong>si sono verificate a <strong>Veddasca<\/strong> e a <strong>Sant&rsquo;Ombono Terme<\/strong> (Bg) col <strong>90% per i s&igrave;<\/strong>. Mentre a <strong>Corrido<\/strong> (Co) ha votato &ldquo;no&rdquo; il 90% degli elettori recatisi alle urne e a <strong>Pianello sul Lario<\/strong> (sempre nel Comasco ma per un&rsquo;altra fusione) ha prevalso sempre il no per l&rsquo;83% dei votanti.<br \/>\nUna particolarit&agrave; viene ancora dalla provincia di Varese dove dei tre comuni che votavano per la fusione nell&rsquo;Alto lago, due hanno totalizzato la parit&agrave; assoluta: 50% a <strong>Pino Lago Maggiore<\/strong> e <strong>Maccagno<\/strong>.<\/p>\n","protected":false},"excerpt":{"rendered":"<p>Vince il s\u00ec nei due terzi dei comuni andati alle urne. Due casi di perfetta parit\u00e0 nel Varesotto, mentre nel Comasco in un paesino si \u00e8 opposto alla fusione il 99% di chi \u00e8 andato a votare<\/p>\n","protected":false},"author":10,"featured_media":0,"comment_status":"open","ping_status":"open","sticky":false,"template":"","format":"standard","meta":{"footnotes":""},"categories":[7],"tags":[11168,11981,221,7505],"acf":[],"yoast_head":"<!-- This site is optimized with the Yoast SEO plugin v20.1 - https:\/\/yoast.com\/wordpress\/plugins\/seo\/ -->\n<title>Fusioni, ecco come hanno votato i comuni lombardi<\/title>\n<meta name=\"description\" content=\"Vince il s\u00ec nei due terzi dei comuni andati alle urne. Due casi di perfetta parit\u00e0 nel Varesotto, mentre nel Comasco in un paesino si \u00e8 opposto alla fusione il 99% di chi \u00e8 andato a votare\" \/>\n<meta name=\"robots\" content=\"noindex, follow, max-snippet:-1, max-image-preview:large, max-video-preview:-1\" \/>\n<meta property=\"og:locale\" content=\"it_IT\" \/>\n<meta property=\"og:type\" content=\"article\" \/>\n<meta property=\"og:title\" content=\"Fusioni, ecco come hanno votato i comuni lombardi\" \/>\n<meta property=\"og:description\" content=\"Vince il s\u00ec nei due terzi dei comuni andati alle urne. Due casi di perfetta parit\u00e0 nel Varesotto, mentre nel Comasco in un paesino si \u00e8 opposto alla fusione il 99% di chi \u00e8 andato a votare\" \/>\n<meta property=\"og:url\" content=\"https:\/\/staging.varesenews.it\/2013\/12\/fusioni-ecco-come-hanno-votato-i-comuni-lombardi\/46514\/\" \/>\n<meta property=\"og:site_name\" content=\"VareseNews\" \/>\n<meta property=\"article:publisher\" content=\"https:\/\/www.facebook.com\/varesenews\" \/>\n<meta property=\"article:published_time\" content=\"2013-12-02T00:00:00+00:00\" \/>\n<meta property=\"og:image\" content=\"https:\/\/www3.varesenews.it\/immagini_articoli\/201311\/refrerndum__day.jpg\" \/>\n<meta name=\"author\" content=\"Redazione VareseNews\" \/>\n<meta name=\"twitter:card\" content=\"summary_large_image\" \/>\n<meta name=\"twitter:creator\" content=\"@varesenews\" \/>\n<meta name=\"twitter:site\" content=\"@varesenews\" \/>\n<meta name=\"twitter:label1\" content=\"Scritto da\" \/>\n\t<meta name=\"twitter:data1\" content=\"Redazione VareseNews\" \/>\n\t<meta name=\"twitter:label2\" content=\"Tempo di lettura stimato\" \/>\n\t<meta name=\"twitter:data2\" content=\"2 minuti\" \/>\n<script type=\"application\/ld+json\" class=\"yoast-schema-graph\">{\"@context\":\"https:\/\/schema.org\",\"@graph\":[{\"@type\":\"WebPage\",\"@id\":\"https:\/\/staging.varesenews.it\/2013\/12\/fusioni-ecco-come-hanno-votato-i-comuni-lombardi\/46514\/\",\"url\":\"https:\/\/staging.varesenews.it\/2013\/12\/fusioni-ecco-come-hanno-votato-i-comuni-lombardi\/46514\/\",\"name\":\"Fusioni, ecco come hanno votato i comuni lombardi\",\"isPartOf\":{\"@id\":\"https:\/\/staging.varesenews.it\/#website\"},\"datePublished\":\"2013-12-02T00:00:00+00:00\",\"dateModified\":\"2013-12-02T00:00:00+00:00\",\"author\":{\"@id\":\"https:\/\/staging.varesenews.it\/#\/schema\/person\/fb20c4da0b7b16c291707a20db73e169\"},\"description\":\"Vince il s\u00ec nei due terzi dei comuni andati alle urne. Due casi di perfetta parit\u00e0 nel Varesotto, mentre nel Comasco in un paesino si \u00e8 opposto alla fusione il 99% di chi \u00e8 andato a votare\",\"breadcrumb\":{\"@id\":\"https:\/\/staging.varesenews.it\/2013\/12\/fusioni-ecco-come-hanno-votato-i-comuni-lombardi\/46514\/#breadcrumb\"},\"inLanguage\":\"it-IT\",\"potentialAction\":[{\"@type\":\"ReadAction\",\"target\":[\"https:\/\/staging.varesenews.it\/2013\/12\/fusioni-ecco-come-hanno-votato-i-comuni-lombardi\/46514\/\"]}]},{\"@type\":\"BreadcrumbList\",\"@id\":\"https:\/\/staging.varesenews.it\/2013\/12\/fusioni-ecco-come-hanno-votato-i-comuni-lombardi\/46514\/#breadcrumb\",\"itemListElement\":[{\"@type\":\"ListItem\",\"position\":1,\"name\":\"Home\",\"item\":\"https:\/\/www.varesenews.it\/\"},{\"@type\":\"ListItem\",\"position\":2,\"name\":\"Fusioni, ecco come hanno votato i comuni lombardi\"}]},{\"@type\":\"WebSite\",\"@id\":\"https:\/\/staging.varesenews.it\/#website\",\"url\":\"https:\/\/staging.varesenews.it\/\",\"name\":\"VareseNews\",\"description\":\"\",\"potentialAction\":[{\"@type\":\"SearchAction\",\"target\":{\"@type\":\"EntryPoint\",\"urlTemplate\":\"https:\/\/staging.varesenews.it\/?s={search_term_string}\"},\"query-input\":\"required name=search_term_string\"}],\"inLanguage\":\"it-IT\"},{\"@type\":\"Person\",\"@id\":\"https:\/\/staging.varesenews.it\/#\/schema\/person\/fb20c4da0b7b16c291707a20db73e169\",\"name\":\"Redazione VareseNews\",\"image\":{\"@type\":\"ImageObject\",\"inLanguage\":\"it-IT\",\"@id\":\"https:\/\/staging.varesenews.it\/#\/schema\/person\/image\/\",\"url\":\"https:\/\/staging.varesenews.it\/wp-content\/uploads\/2020\/12\/logo_VN_colori_500.png\",\"contentUrl\":\"https:\/\/staging.varesenews.it\/wp-content\/uploads\/2020\/12\/logo_VN_colori_500.png\",\"caption\":\"Redazione VareseNews\"},\"url\":\"https:\/\/staging.varesenews.it\/persona\/redazione1\/\"}]}<\/script>\n<!-- \/ Yoast SEO plugin. -->","yoast_head_json":{"title":"Fusioni, ecco come hanno votato i comuni lombardi","description":"Vince il s\u00ec nei due terzi dei comuni andati alle urne. Due casi di perfetta parit\u00e0 nel Varesotto, mentre nel Comasco in un paesino si \u00e8 opposto alla fusione il 99% di chi \u00e8 andato a votare","robots":{"index":"noindex","follow":"follow","max-snippet":"max-snippet:-1","max-image-preview":"max-image-preview:large","max-video-preview":"max-video-preview:-1"},"og_locale":"it_IT","og_type":"article","og_title":"Fusioni, ecco come hanno votato i comuni lombardi","og_description":"Vince il s\u00ec nei due terzi dei comuni andati alle urne. Due casi di perfetta parit\u00e0 nel Varesotto, mentre nel Comasco in un paesino si \u00e8 opposto alla fusione il 99% di chi \u00e8 andato a votare","og_url":"https:\/\/staging.varesenews.it\/2013\/12\/fusioni-ecco-come-hanno-votato-i-comuni-lombardi\/46514\/","og_site_name":"VareseNews","article_publisher":"https:\/\/www.facebook.com\/varesenews","article_published_time":"2013-12-02T00:00:00+00:00","og_image":[{"url":"https:\/\/www3.varesenews.it\/immagini_articoli\/201311\/refrerndum__day.jpg"}],"author":"Redazione VareseNews","twitter_card":"summary_large_image","twitter_creator":"@varesenews","twitter_site":"@varesenews","twitter_misc":{"Scritto da":"Redazione VareseNews","Tempo di lettura stimato":"2 minuti"},"schema":{"@context":"https:\/\/schema.org","@graph":[{"@type":"WebPage","@id":"https:\/\/staging.varesenews.it\/2013\/12\/fusioni-ecco-come-hanno-votato-i-comuni-lombardi\/46514\/","url":"https:\/\/staging.varesenews.it\/2013\/12\/fusioni-ecco-come-hanno-votato-i-comuni-lombardi\/46514\/","name":"Fusioni, ecco come hanno votato i comuni lombardi","isPartOf":{"@id":"https:\/\/staging.varesenews.it\/#website"},"datePublished":"2013-12-02T00:00:00+00:00","dateModified":"2013-12-02T00:00:00+00:00","author":{"@id":"https:\/\/staging.varesenews.it\/#\/schema\/person\/fb20c4da0b7b16c291707a20db73e169"},"description":"Vince il s\u00ec nei due terzi dei comuni andati alle urne. Due casi di perfetta parit\u00e0 nel Varesotto, mentre nel Comasco in un paesino si \u00e8 opposto alla fusione il 99% di chi \u00e8 andato a votare","breadcrumb":{"@id":"https:\/\/staging.varesenews.it\/2013\/12\/fusioni-ecco-come-hanno-votato-i-comuni-lombardi\/46514\/#breadcrumb"},"inLanguage":"it-IT","potentialAction":[{"@type":"ReadAction","target":["https:\/\/staging.varesenews.it\/2013\/12\/fusioni-ecco-come-hanno-votato-i-comuni-lombardi\/46514\/"]}]},{"@type":"BreadcrumbList","@id":"https:\/\/staging.varesenews.it\/2013\/12\/fusioni-ecco-come-hanno-votato-i-comuni-lombardi\/46514\/#breadcrumb","itemListElement":[{"@type":"ListItem","position":1,"name":"Home","item":"https:\/\/www.varesenews.it\/"},{"@type":"ListItem","position":2,"name":"Fusioni, ecco come hanno votato i comuni lombardi"}]},{"@type":"WebSite","@id":"https:\/\/staging.varesenews.it\/#website","url":"https:\/\/staging.varesenews.it\/","name":"VareseNews","description":"","potentialAction":[{"@type":"SearchAction","target":{"@type":"EntryPoint","urlTemplate":"https:\/\/staging.varesenews.it\/?s={search_term_string}"},"query-input":"required name=search_term_string"}],"inLanguage":"it-IT"},{"@type":"Person","@id":"https:\/\/staging.varesenews.it\/#\/schema\/person\/fb20c4da0b7b16c291707a20db73e169","name":"Redazione VareseNews","image":{"@type":"ImageObject","inLanguage":"it-IT","@id":"https:\/\/staging.varesenews.it\/#\/schema\/person\/image\/","url":"https:\/\/staging.varesenews.it\/wp-content\/uploads\/2020\/12\/logo_VN_colori_500.png","contentUrl":"https:\/\/staging.varesenews.it\/wp-content\/uploads\/2020\/12\/logo_VN_colori_500.png","caption":"Redazione VareseNews"},"url":"https:\/\/staging.varesenews.it\/persona\/redazione1\/"}]}},"post_meta":{"id_old":"277139","argomento":"Lombardia","autore_old":"ac - twitter @AndreaCamurani"},"photos":[],"_links":{"self":[{"href":"https:\/\/staging.varesenews.it\/swgapi\/v1\/wp\/v2\/posts\/46514"}],"collection":[{"href":"https:\/\/staging.varesenews.it\/swgapi\/v1\/wp\/v2\/posts"}],"about":[{"href":"https:\/\/staging.varesenews.it\/swgapi\/v1\/wp\/v2\/types\/post"}],"author":[{"embeddable":true,"href":"https:\/\/staging.varesenews.it\/swgapi\/v1\/wp\/v2\/users\/10"}],"replies":[{"embeddable":true,"href":"https:\/\/staging.varesenews.it\/swgapi\/v1\/wp\/v2\/comments?post=46514"}],"version-history":[{"count":0,"href":"https:\/\/staging.varesenews.it\/swgapi\/v1\/wp\/v2\/posts\/46514\/revisions"}],"wp:attachment":[{"href":"https:\/\/staging.varesenews.it\/swgapi\/v1\/wp\/v2\/media?parent=46514"}],"wp:term":[{"taxonomy":"category","embeddable":true,"href":"https:\/\/staging.varesenews.it\/swgapi\/v1\/wp\/v2\/categories?post=46514"},{"taxonomy":"post_tag","embeddable":true,"href":"https:\/\/staging.varesenews.it\/swgapi\/v1\/wp\/v2\/tags?post=46514"}],"curies":[{"name":"wp","href":"https:\/\/api.w.org\/{rel}","templated":true}]}}