{"id":465210,"date":"2015-11-27T19:49:05","date_gmt":"2015-11-27T18:49:05","guid":{"rendered":"http:\/\/www.varesenews.it\/?p=465210"},"modified":"2015-11-27T19:49:05","modified_gmt":"2015-11-27T18:49:05","slug":"reddito-di-cittadinanza-un-incontro-per-capire","status":"publish","type":"post","link":"https:\/\/staging.varesenews.it\/2015\/11\/reddito-di-cittadinanza-un-incontro-per-capire\/465210\/","title":{"rendered":"Reddito di cittadinanza, un incontro per capire"},"content":{"rendered":"<p>il gruppo del Movimento 5 Stelle\u00a0di Varese organizza l\u2019incontro pubblico sul &#8220;Reddito di Cittadinanza&#8221; che si terr\u00e0 sabato 28 novembre ore 16,00 a Varese, presso la Cooperativa Belforte (sita in viale Belforte 165), <strong>per affrontare e condividere con i convenuti i dettagli di questo progetto che sempre pi\u00f9 sta acquisendo consensi anche a livello istituzionale.<\/strong><\/p>\n<p>Interverranno all&#8217;incontro, accolti dalla consigliera regionale\u00a0Paola Macchi e dal candidato sindaco Alberto Steidl, l&#8217;economista Gabriele Pernechele, il portavoce M5S di Varese Cosimo Petraroli, e il portavoce M5S alla Camera dei Deputati <strong>Daniele Pesco, membro della VI Commissione Finanze, che ha seguito da vicino<\/strong> e dall&#8217;inizio i dettagli di questa Proposta di Legge atta a ridare dignit\u00e0 a 9 milioni di italiani, che ora vivono sotto la soglia di povert\u00e0.<\/p>\n<p>L&#8217;incontro sar\u00e0 l&#8217;occasione per declinarne nel dettaglio, anche a livello locale, le finalit\u00e0 e modalit\u00e0 applicative in un regime di sperimentazione che il M5S di Varese ha intenzione di adottare, qualora l&#8217;esito delle prossime elezioni amministrative della citt\u00e0 Giardino dovesse premiarlo.<\/p>\n","protected":false},"excerpt":{"rendered":"<p>Il movimento 5 stelle organizza un incontro per discutere del tema con il deputato Daniele Pesco, membro della commissione finanze della Camera<\/p>\n","protected":false},"author":42,"featured_media":0,"comment_status":"open","ping_status":"open","sticky":false,"template":"","format":"standard","meta":{"footnotes":""},"categories":[16,2],"tags":[934,933,47105],"acf":[],"yoast_head":"<!-- This site is optimized with the Yoast SEO plugin v20.1 - https:\/\/yoast.com\/wordpress\/plugins\/seo\/ -->\n<title>Reddito di cittadinanza, un incontro per capire<\/title>\n<meta name=\"description\" content=\"Il movimento 5 stelle organizza un incontro per discutere del tema con il deputato Daniele Pesco, membro della commissione finanze della Camera\" \/>\n<meta name=\"robots\" content=\"noindex, follow, max-snippet:-1, max-image-preview:large, max-video-preview:-1\" \/>\n<meta property=\"og:locale\" content=\"it_IT\" \/>\n<meta property=\"og:type\" content=\"article\" \/>\n<meta property=\"og:title\" content=\"Reddito di cittadinanza, un incontro per capire\" \/>\n<meta property=\"og:description\" content=\"Il movimento 5 stelle organizza un incontro per discutere del tema con il deputato Daniele Pesco, membro della commissione finanze della Camera\" \/>\n<meta property=\"og:url\" content=\"https:\/\/staging.varesenews.it\/2015\/11\/reddito-di-cittadinanza-un-incontro-per-capire\/465210\/\" \/>\n<meta property=\"og:site_name\" content=\"VareseNews\" \/>\n<meta property=\"article:publisher\" content=\"https:\/\/www.facebook.com\/varesenews\" \/>\n<meta property=\"article:published_time\" content=\"2015-11-27T18:49:05+00:00\" \/>\n<meta name=\"author\" content=\"Marco Corso\" \/>\n<meta name=\"twitter:card\" content=\"summary_large_image\" \/>\n<meta name=\"twitter:creator\" content=\"@varesenews\" \/>\n<meta name=\"twitter:site\" content=\"@varesenews\" \/>\n<meta name=\"twitter:label1\" content=\"Scritto da\" \/>\n\t<meta name=\"twitter:data1\" content=\"Marco Corso\" \/>\n\t<meta name=\"twitter:label2\" content=\"Tempo di lettura stimato\" \/>\n\t<meta name=\"twitter:data2\" content=\"1 minuto\" \/>\n<script type=\"application\/ld+json\" class=\"yoast-schema-graph\">{\"@context\":\"https:\/\/schema.org\",\"@graph\":[{\"@type\":\"WebPage\",\"@id\":\"https:\/\/staging.varesenews.it\/2015\/11\/reddito-di-cittadinanza-un-incontro-per-capire\/465210\/\",\"url\":\"https:\/\/staging.varesenews.it\/2015\/11\/reddito-di-cittadinanza-un-incontro-per-capire\/465210\/\",\"name\":\"Reddito di cittadinanza, un incontro per capire\",\"isPartOf\":{\"@id\":\"https:\/\/staging.varesenews.it\/#website\"},\"datePublished\":\"2015-11-27T18:49:05+00:00\",\"dateModified\":\"2015-11-27T18:49:05+00:00\",\"author\":{\"@id\":\"https:\/\/staging.varesenews.it\/#\/schema\/person\/f0b866bf1a4a7b2b1558574309a927fa\"},\"description\":\"Il movimento 5 stelle organizza un incontro per discutere del tema con il deputato Daniele Pesco, membro della commissione finanze della Camera\",\"breadcrumb\":{\"@id\":\"https:\/\/staging.varesenews.it\/2015\/11\/reddito-di-cittadinanza-un-incontro-per-capire\/465210\/#breadcrumb\"},\"inLanguage\":\"it-IT\",\"potentialAction\":[{\"@type\":\"ReadAction\",\"target\":[\"https:\/\/staging.varesenews.it\/2015\/11\/reddito-di-cittadinanza-un-incontro-per-capire\/465210\/\"]}]},{\"@type\":\"BreadcrumbList\",\"@id\":\"https:\/\/staging.varesenews.it\/2015\/11\/reddito-di-cittadinanza-un-incontro-per-capire\/465210\/#breadcrumb\",\"itemListElement\":[{\"@type\":\"ListItem\",\"position\":1,\"name\":\"Home\",\"item\":\"https:\/\/www.varesenews.it\/\"},{\"@type\":\"ListItem\",\"position\":2,\"name\":\"Reddito di cittadinanza, un incontro per capire\"}]},{\"@type\":\"WebSite\",\"@id\":\"https:\/\/staging.varesenews.it\/#website\",\"url\":\"https:\/\/staging.varesenews.it\/\",\"name\":\"VareseNews\",\"description\":\"\",\"potentialAction\":[{\"@type\":\"SearchAction\",\"target\":{\"@type\":\"EntryPoint\",\"urlTemplate\":\"https:\/\/staging.varesenews.it\/?s={search_term_string}\"},\"query-input\":\"required name=search_term_string\"}],\"inLanguage\":\"it-IT\"},{\"@type\":\"Person\",\"@id\":\"https:\/\/staging.varesenews.it\/#\/schema\/person\/f0b866bf1a4a7b2b1558574309a927fa\",\"name\":\"Marco Corso\",\"image\":{\"@type\":\"ImageObject\",\"inLanguage\":\"it-IT\",\"@id\":\"https:\/\/staging.varesenews.it\/#\/schema\/person\/image\/\",\"url\":\"https:\/\/staging.varesenews.it\/wp-content\/uploads\/2020\/12\/marco_corso_colori_500.jpg\",\"contentUrl\":\"https:\/\/staging.varesenews.it\/wp-content\/uploads\/2020\/12\/marco_corso_colori_500.jpg\",\"caption\":\"Marco Corso\"},\"description\":\"Classe 91, per diversi anni mi sono fregiato del titolo di pi&ugrave; giovane della redazione, ma adesso faccio il fratello maggiore alle nuove leve. Mi sono laureato nel 2013 in Scienze Sociali per la Globalizzazione alla Statale di Milano e nel 2015 mi sono diplomato in videogiornalismo alla Civica Scuola di Cinema di Milano. A VareseNews da 10 anni, ho seguito da sempre diversi progetti, partendo dalla mia Busto Arsizio per attraversare tutta la provincia. Adesso la \\\"sorvolo\\\" anche con il mio drone, regalando alle mie riprese sempre un punto di vista emozionale e narrativo sui luoghi e le vicende che racconto, ma rimanendo fedele alla cronaca. Quando non faccio il giornalista viaggio o mi arrampico sui monti, per guardare il mondo da altri punti di vista.\",\"sameAs\":[\"mar_corso\"],\"url\":\"https:\/\/staging.varesenews.it\/persona\/marco-corso1\/\"}]}<\/script>\n<!-- \/ Yoast SEO plugin. -->","yoast_head_json":{"title":"Reddito di cittadinanza, un incontro per capire","description":"Il movimento 5 stelle organizza un incontro per discutere del tema con il deputato Daniele Pesco, membro della commissione finanze della Camera","robots":{"index":"noindex","follow":"follow","max-snippet":"max-snippet:-1","max-image-preview":"max-image-preview:large","max-video-preview":"max-video-preview:-1"},"og_locale":"it_IT","og_type":"article","og_title":"Reddito di cittadinanza, un incontro per capire","og_description":"Il movimento 5 stelle organizza un incontro per discutere del tema con il deputato Daniele Pesco, membro della commissione finanze della Camera","og_url":"https:\/\/staging.varesenews.it\/2015\/11\/reddito-di-cittadinanza-un-incontro-per-capire\/465210\/","og_site_name":"VareseNews","article_publisher":"https:\/\/www.facebook.com\/varesenews","article_published_time":"2015-11-27T18:49:05+00:00","author":"Marco Corso","twitter_card":"summary_large_image","twitter_creator":"@varesenews","twitter_site":"@varesenews","twitter_misc":{"Scritto da":"Marco Corso","Tempo di lettura stimato":"1 minuto"},"schema":{"@context":"https:\/\/schema.org","@graph":[{"@type":"WebPage","@id":"https:\/\/staging.varesenews.it\/2015\/11\/reddito-di-cittadinanza-un-incontro-per-capire\/465210\/","url":"https:\/\/staging.varesenews.it\/2015\/11\/reddito-di-cittadinanza-un-incontro-per-capire\/465210\/","name":"Reddito di cittadinanza, un incontro per capire","isPartOf":{"@id":"https:\/\/staging.varesenews.it\/#website"},"datePublished":"2015-11-27T18:49:05+00:00","dateModified":"2015-11-27T18:49:05+00:00","author":{"@id":"https:\/\/staging.varesenews.it\/#\/schema\/person\/f0b866bf1a4a7b2b1558574309a927fa"},"description":"Il movimento 5 stelle organizza un incontro per discutere del tema con il deputato Daniele Pesco, membro della commissione finanze della Camera","breadcrumb":{"@id":"https:\/\/staging.varesenews.it\/2015\/11\/reddito-di-cittadinanza-un-incontro-per-capire\/465210\/#breadcrumb"},"inLanguage":"it-IT","potentialAction":[{"@type":"ReadAction","target":["https:\/\/staging.varesenews.it\/2015\/11\/reddito-di-cittadinanza-un-incontro-per-capire\/465210\/"]}]},{"@type":"BreadcrumbList","@id":"https:\/\/staging.varesenews.it\/2015\/11\/reddito-di-cittadinanza-un-incontro-per-capire\/465210\/#breadcrumb","itemListElement":[{"@type":"ListItem","position":1,"name":"Home","item":"https:\/\/www.varesenews.it\/"},{"@type":"ListItem","position":2,"name":"Reddito di cittadinanza, un incontro per capire"}]},{"@type":"WebSite","@id":"https:\/\/staging.varesenews.it\/#website","url":"https:\/\/staging.varesenews.it\/","name":"VareseNews","description":"","potentialAction":[{"@type":"SearchAction","target":{"@type":"EntryPoint","urlTemplate":"https:\/\/staging.varesenews.it\/?s={search_term_string}"},"query-input":"required name=search_term_string"}],"inLanguage":"it-IT"},{"@type":"Person","@id":"https:\/\/staging.varesenews.it\/#\/schema\/person\/f0b866bf1a4a7b2b1558574309a927fa","name":"Marco Corso","image":{"@type":"ImageObject","inLanguage":"it-IT","@id":"https:\/\/staging.varesenews.it\/#\/schema\/person\/image\/","url":"https:\/\/staging.varesenews.it\/wp-content\/uploads\/2020\/12\/marco_corso_colori_500.jpg","contentUrl":"https:\/\/staging.varesenews.it\/wp-content\/uploads\/2020\/12\/marco_corso_colori_500.jpg","caption":"Marco Corso"},"description":"Classe 91, per diversi anni mi sono fregiato del titolo di pi&ugrave; giovane della redazione, ma adesso faccio il fratello maggiore alle nuove leve. Mi sono laureato nel 2013 in Scienze Sociali per la Globalizzazione alla Statale di Milano e nel 2015 mi sono diplomato in videogiornalismo alla Civica Scuola di Cinema di Milano. A VareseNews da 10 anni, ho seguito da sempre diversi progetti, partendo dalla mia Busto Arsizio per attraversare tutta la provincia. Adesso la \"sorvolo\" anche con il mio drone, regalando alle mie riprese sempre un punto di vista emozionale e narrativo sui luoghi e le vicende che racconto, ma rimanendo fedele alla cronaca. Quando non faccio il giornalista viaggio o mi arrampico sui monti, per guardare il mondo da altri punti di vista.","sameAs":["mar_corso"],"url":"https:\/\/staging.varesenews.it\/persona\/marco-corso1\/"}]}},"post_meta":{"_edit_lock":"1448650346:42","_edit_last":"42","_category_permalink":"","wdfb_og_title":"","wdfb_og_type":"","wdfb_og_description":"","wdfb_og_images":"a:1:{i:0;s:0:\"\";}","wdfb_og_custom_name":"a:1:{i:0;s:0:\"\";}","wdfb_og_custom_value":"a:1:{i:0;s:0:\"\";}","foto":"495204","argomento":"Varese","_jd_twitter":"","_jd_tweet_this":"yes","ratings_users":"0","ratings_score":"0","ratings_average":"0","firma_come_redazione":"1","_wpt_short_url":"http:\/\/www.varesenews.it\/2015\/11\/reddito-di-cittadinanza-un-incontro-per-capire\/465210\/","_wp_jd_target":"http:\/\/www.varesenews.it\/2015\/11\/reddito-di-cittadinanza-un-incontro-per-capire\/465210\/","_jd_wp_twitter":"a:1:{i:0;s:140:\"Reddito di cittadinanza, un incontro per capire http:\/\/www.varesenews.it\/2015\/11\/reddito-di-cittadinanza-un-incontro-per-capire\/465210\/ #m5s\";}","_wpt_status_message":"Tweet inviato con successo."},"photos":[{"original":"https:\/\/staging.varesenews.it\/photogallery_new\/images\/2015\/11\/varie-495204.jpg","full":"https:\/\/staging.varesenews.it\/photogallery_new\/images\/2015\/11\/varie-495204.1024x768.jpg","large":"https:\/\/staging.varesenews.it\/photogallery_new\/images\/2015\/11\/varie-495204.610x431.jpg"}],"_links":{"self":[{"href":"https:\/\/staging.varesenews.it\/swgapi\/v1\/wp\/v2\/posts\/465210"}],"collection":[{"href":"https:\/\/staging.varesenews.it\/swgapi\/v1\/wp\/v2\/posts"}],"about":[{"href":"https:\/\/staging.varesenews.it\/swgapi\/v1\/wp\/v2\/types\/post"}],"author":[{"embeddable":true,"href":"https:\/\/staging.varesenews.it\/swgapi\/v1\/wp\/v2\/users\/42"}],"replies":[{"embeddable":true,"href":"https:\/\/staging.varesenews.it\/swgapi\/v1\/wp\/v2\/comments?post=465210"}],"version-history":[{"count":0,"href":"https:\/\/staging.varesenews.it\/swgapi\/v1\/wp\/v2\/posts\/465210\/revisions"}],"wp:attachment":[{"href":"https:\/\/staging.varesenews.it\/swgapi\/v1\/wp\/v2\/media?parent=465210"}],"wp:term":[{"taxonomy":"category","embeddable":true,"href":"https:\/\/staging.varesenews.it\/swgapi\/v1\/wp\/v2\/categories?post=465210"},{"taxonomy":"post_tag","embeddable":true,"href":"https:\/\/staging.varesenews.it\/swgapi\/v1\/wp\/v2\/tags?post=465210"}],"curies":[{"name":"wp","href":"https:\/\/api.w.org\/{rel}","templated":true}]}}