{"id":466171,"date":"2015-12-01T19:45:39","date_gmt":"2015-12-01T18:45:39","guid":{"rendered":"http:\/\/www.varesenews.it\/?p=466171"},"modified":"2015-12-01T19:45:39","modified_gmt":"2015-12-01T18:45:39","slug":"progetto-ikea-la-regione-si-sfila","status":"publish","type":"post","link":"https:\/\/staging.varesenews.it\/2015\/12\/progetto-ikea-la-regione-si-sfila\/466171\/","title":{"rendered":"Progetto Ikea, la Regione si sfila"},"content":{"rendered":"<p><strong>La Regione si sfila dall&#8217;accordo di programma<\/strong> per la <a title=\"Ecco come sar\u00e0 la nuova Ikea\" href=\"http:\/\/www.varesenews.it\/2014\/04\/ecco-come-sara-la-nuova-ikea\/36260\/\">realizzazione dell&#8217;Ikea di Cerro Maggiore<\/a>. La<strong> mozione<\/strong> approvata oggi in consiglio regionale <strong>con i voti della Lega Nord\u00a0e dei 5 Stelle<\/strong>, non ha partecipato al voto\u00a0il Pd. Una scelta dettata dal fatto che, secondo i democratici, con <a title=\"Ikea dell\u2019Altomilanese, Rescaldina si sfila e il progetto traballa\" href=\"http:\/\/www.varesenews.it\/2015\/03\/ikea-dellaltomilanese-rescaldina-si-sfila-e-il-progetto-traballa\/355006\/\">l&#8217;uscita di Rescaldina<\/a> l&#8217;accordo di programma decadrebbe automaticamente. Lo stesso<strong> assessore al bilancio Massimo Garavaglia<\/strong> ha dichiarato l&#8217;impossibilit\u00e0 per la giunta di esprimere un parere in quanto la Regione non farebbe parte dell&#8217;accordo.<\/p>\n<p>\u00abHa vinto la tutela del territorio e la difesa dei nostri commercianti\u00bb\u00a0&#8211; dichiarano\u00a0il vicepresidente del Consiglio regionale della Lombardia <strong>Fabrizio Cecchetti<\/strong> (Lega Nord) e il consigliere<strong> Carolina Toia<\/strong> (Maroni Presidente) dopo l\u2019approvazione di una mozione che impegna la giunta regionale a uscire dall\u2019accordo di programma per la realizzazione di un centro commerciale a Cerro Maggiore.<\/p>\n<p>\u00abQuesto insediamento commerciale \u2013 ricordano i due consiglieri &#8211; non ci ha mai convinto e ad oggi non ha pi\u00f9 senso che si faccia, soprattutto dopo l\u2019uscita del Comune di Rescaldina dall\u2019accordo di programma a seguito del permanere di numerose e significative criticit\u00e0\u00bb. Criticit\u00e0 che riguardavano in particolar modo la parte riguardante il centro commerciale annesso al colosso dell&#8217;arredamento svedese.<\/p>\n<p>\u00abFinalmente l\u2019indirizzo regionale \u00e8 chiaro &#8211; commenta, soddisfatto, <strong>Stefano Buffagni<\/strong>, capogruppo di M5S Lombardia &#8211; : grazie al Movimento 5 Stelle si va verso la tutela del piccolo commercio di vicinato piuttosto che la promozione della grande distribuzione\u00bb. Ora, <strong>se la multinazionale intender\u00e0 proseguire nella sua volont\u00e0 di realizzare un punto vendita nell&#8217;Altomilanese, dovr\u00e0 far ripartire l&#8217;iter da capo<\/strong> con un nuovo progetto che non preveda la galleria commerciale, vero nodo della questione.<\/p>\n","protected":false},"excerpt":{"rendered":"<p>Lega Nord e Movimento 5 Stelle fanno passare una mozione che chiede l&#8217;uscita dell&#8217;ente dall&#8217;accordo che prevede la realizzazione di un maxi-insediamento commerciale nell&#8217;Altomilanese<\/p>\n","protected":false},"author":47,"featured_media":0,"comment_status":"open","ping_status":"open","sticky":false,"template":"","format":"standard","meta":{"footnotes":""},"categories":[4],"tags":[4464,270,934,532],"acf":[],"yoast_head":"<!-- This site is optimized with the Yoast SEO plugin v20.1 - https:\/\/yoast.com\/wordpress\/plugins\/seo\/ -->\n<title>Progetto Ikea, la Regione si sfila<\/title>\n<meta name=\"description\" content=\"Lega Nord e Movimento 5 Stelle fanno passare una mozione che chiede l&#039;uscita dell&#039;ente dall&#039;accordo che prevede la realizzazione di un maxi-insediamento commerciale nell&#039;Altomilanese\" \/>\n<meta name=\"robots\" content=\"noindex, follow, max-snippet:-1, max-image-preview:large, max-video-preview:-1\" \/>\n<meta property=\"og:locale\" content=\"it_IT\" \/>\n<meta property=\"og:type\" content=\"article\" \/>\n<meta property=\"og:title\" content=\"Progetto Ikea, la Regione si sfila\" \/>\n<meta property=\"og:description\" content=\"Lega Nord e Movimento 5 Stelle fanno passare una mozione che chiede l&#039;uscita dell&#039;ente dall&#039;accordo che prevede la realizzazione di un maxi-insediamento commerciale nell&#039;Altomilanese\" \/>\n<meta property=\"og:url\" content=\"https:\/\/staging.varesenews.it\/2015\/12\/progetto-ikea-la-regione-si-sfila\/466171\/\" \/>\n<meta property=\"og:site_name\" content=\"VareseNews\" \/>\n<meta property=\"article:publisher\" content=\"https:\/\/www.facebook.com\/varesenews\" \/>\n<meta property=\"article:published_time\" content=\"2015-12-01T18:45:39+00:00\" \/>\n<meta name=\"author\" content=\"Orlando Mastrillo\" \/>\n<meta name=\"twitter:card\" content=\"summary_large_image\" \/>\n<meta name=\"twitter:creator\" content=\"@nando_mastrillo\" \/>\n<meta name=\"twitter:site\" content=\"@varesenews\" \/>\n<meta name=\"twitter:label1\" content=\"Scritto da\" \/>\n\t<meta name=\"twitter:data1\" content=\"Orlando Mastrillo\" \/>\n\t<meta name=\"twitter:label2\" content=\"Tempo di lettura stimato\" \/>\n\t<meta name=\"twitter:data2\" content=\"1 minuto\" \/>\n<script type=\"application\/ld+json\" class=\"yoast-schema-graph\">{\"@context\":\"https:\/\/schema.org\",\"@graph\":[{\"@type\":\"WebPage\",\"@id\":\"https:\/\/staging.varesenews.it\/2015\/12\/progetto-ikea-la-regione-si-sfila\/466171\/\",\"url\":\"https:\/\/staging.varesenews.it\/2015\/12\/progetto-ikea-la-regione-si-sfila\/466171\/\",\"name\":\"Progetto Ikea, la Regione si sfila\",\"isPartOf\":{\"@id\":\"https:\/\/staging.varesenews.it\/#website\"},\"datePublished\":\"2015-12-01T18:45:39+00:00\",\"dateModified\":\"2015-12-01T18:45:39+00:00\",\"author\":{\"@id\":\"https:\/\/staging.varesenews.it\/#\/schema\/person\/14c47ccce537a9058dddce296f10b296\"},\"description\":\"Lega Nord e Movimento 5 Stelle fanno passare una mozione che chiede l'uscita dell'ente dall'accordo che prevede la realizzazione di un maxi-insediamento commerciale nell'Altomilanese\",\"breadcrumb\":{\"@id\":\"https:\/\/staging.varesenews.it\/2015\/12\/progetto-ikea-la-regione-si-sfila\/466171\/#breadcrumb\"},\"inLanguage\":\"it-IT\",\"potentialAction\":[{\"@type\":\"ReadAction\",\"target\":[\"https:\/\/staging.varesenews.it\/2015\/12\/progetto-ikea-la-regione-si-sfila\/466171\/\"]}]},{\"@type\":\"BreadcrumbList\",\"@id\":\"https:\/\/staging.varesenews.it\/2015\/12\/progetto-ikea-la-regione-si-sfila\/466171\/#breadcrumb\",\"itemListElement\":[{\"@type\":\"ListItem\",\"position\":1,\"name\":\"Home\",\"item\":\"https:\/\/www.varesenews.it\/\"},{\"@type\":\"ListItem\",\"position\":2,\"name\":\"Progetto Ikea, la Regione si sfila\"}]},{\"@type\":\"WebSite\",\"@id\":\"https:\/\/staging.varesenews.it\/#website\",\"url\":\"https:\/\/staging.varesenews.it\/\",\"name\":\"VareseNews\",\"description\":\"\",\"potentialAction\":[{\"@type\":\"SearchAction\",\"target\":{\"@type\":\"EntryPoint\",\"urlTemplate\":\"https:\/\/staging.varesenews.it\/?s={search_term_string}\"},\"query-input\":\"required name=search_term_string\"}],\"inLanguage\":\"it-IT\"},{\"@type\":\"Person\",\"@id\":\"https:\/\/staging.varesenews.it\/#\/schema\/person\/14c47ccce537a9058dddce296f10b296\",\"name\":\"Orlando Mastrillo\",\"image\":{\"@type\":\"ImageObject\",\"inLanguage\":\"it-IT\",\"@id\":\"https:\/\/staging.varesenews.it\/#\/schema\/person\/image\/\",\"url\":\"https:\/\/staging.varesenews.it\/wp-content\/uploads\/2020\/12\/orlando_mastrillo_colori_500.jpg\",\"contentUrl\":\"https:\/\/staging.varesenews.it\/wp-content\/uploads\/2020\/12\/orlando_mastrillo_colori_500.jpg\",\"caption\":\"Orlando Mastrillo\"},\"description\":\"Nasco a Luino nel 1981, ho iniziato questo lavoro nell'estate del 2003 nella redazione de Il Giorno di Varese e dall'anno successivo ho intrapreso la collaborazione con VareseNews. Dopo anni nell'Alto Varesotto mi sono trasferito a Busto Arsizio nel 2007, territorio che ho iniziato a seguire e che seguo tutt'oggi. Nel 2013 sono diventato giornalista professionista. Mi occupo di cronaca politica, giudiziaria e nera in una vasta area che comprende anche parte della Valle Olona e il Legnanese. Sono sposato con Valeria Arini e ho due splendide figlie.\",\"sameAs\":[\"or_ma\",\"https:\/\/twitter.com\/nando_mastrillo\"],\"url\":\"https:\/\/staging.varesenews.it\/persona\/orlando-mastrillo1\/\"}]}<\/script>\n<!-- \/ Yoast SEO plugin. -->","yoast_head_json":{"title":"Progetto Ikea, la Regione si sfila","description":"Lega Nord e Movimento 5 Stelle fanno passare una mozione che chiede l'uscita dell'ente dall'accordo che prevede la realizzazione di un maxi-insediamento commerciale nell'Altomilanese","robots":{"index":"noindex","follow":"follow","max-snippet":"max-snippet:-1","max-image-preview":"max-image-preview:large","max-video-preview":"max-video-preview:-1"},"og_locale":"it_IT","og_type":"article","og_title":"Progetto Ikea, la Regione si sfila","og_description":"Lega Nord e Movimento 5 Stelle fanno passare una mozione che chiede l'uscita dell'ente dall'accordo che prevede la realizzazione di un maxi-insediamento commerciale nell'Altomilanese","og_url":"https:\/\/staging.varesenews.it\/2015\/12\/progetto-ikea-la-regione-si-sfila\/466171\/","og_site_name":"VareseNews","article_publisher":"https:\/\/www.facebook.com\/varesenews","article_published_time":"2015-12-01T18:45:39+00:00","author":"Orlando Mastrillo","twitter_card":"summary_large_image","twitter_creator":"@nando_mastrillo","twitter_site":"@varesenews","twitter_misc":{"Scritto da":"Orlando Mastrillo","Tempo di lettura stimato":"1 minuto"},"schema":{"@context":"https:\/\/schema.org","@graph":[{"@type":"WebPage","@id":"https:\/\/staging.varesenews.it\/2015\/12\/progetto-ikea-la-regione-si-sfila\/466171\/","url":"https:\/\/staging.varesenews.it\/2015\/12\/progetto-ikea-la-regione-si-sfila\/466171\/","name":"Progetto Ikea, la Regione si sfila","isPartOf":{"@id":"https:\/\/staging.varesenews.it\/#website"},"datePublished":"2015-12-01T18:45:39+00:00","dateModified":"2015-12-01T18:45:39+00:00","author":{"@id":"https:\/\/staging.varesenews.it\/#\/schema\/person\/14c47ccce537a9058dddce296f10b296"},"description":"Lega Nord e Movimento 5 Stelle fanno passare una mozione che chiede l'uscita dell'ente dall'accordo che prevede la realizzazione di un maxi-insediamento commerciale nell'Altomilanese","breadcrumb":{"@id":"https:\/\/staging.varesenews.it\/2015\/12\/progetto-ikea-la-regione-si-sfila\/466171\/#breadcrumb"},"inLanguage":"it-IT","potentialAction":[{"@type":"ReadAction","target":["https:\/\/staging.varesenews.it\/2015\/12\/progetto-ikea-la-regione-si-sfila\/466171\/"]}]},{"@type":"BreadcrumbList","@id":"https:\/\/staging.varesenews.it\/2015\/12\/progetto-ikea-la-regione-si-sfila\/466171\/#breadcrumb","itemListElement":[{"@type":"ListItem","position":1,"name":"Home","item":"https:\/\/www.varesenews.it\/"},{"@type":"ListItem","position":2,"name":"Progetto Ikea, la Regione si sfila"}]},{"@type":"WebSite","@id":"https:\/\/staging.varesenews.it\/#website","url":"https:\/\/staging.varesenews.it\/","name":"VareseNews","description":"","potentialAction":[{"@type":"SearchAction","target":{"@type":"EntryPoint","urlTemplate":"https:\/\/staging.varesenews.it\/?s={search_term_string}"},"query-input":"required name=search_term_string"}],"inLanguage":"it-IT"},{"@type":"Person","@id":"https:\/\/staging.varesenews.it\/#\/schema\/person\/14c47ccce537a9058dddce296f10b296","name":"Orlando Mastrillo","image":{"@type":"ImageObject","inLanguage":"it-IT","@id":"https:\/\/staging.varesenews.it\/#\/schema\/person\/image\/","url":"https:\/\/staging.varesenews.it\/wp-content\/uploads\/2020\/12\/orlando_mastrillo_colori_500.jpg","contentUrl":"https:\/\/staging.varesenews.it\/wp-content\/uploads\/2020\/12\/orlando_mastrillo_colori_500.jpg","caption":"Orlando Mastrillo"},"description":"Nasco a Luino nel 1981, ho iniziato questo lavoro nell'estate del 2003 nella redazione de Il Giorno di Varese e dall'anno successivo ho intrapreso la collaborazione con VareseNews. Dopo anni nell'Alto Varesotto mi sono trasferito a Busto Arsizio nel 2007, territorio che ho iniziato a seguire e che seguo tutt'oggi. Nel 2013 sono diventato giornalista professionista. Mi occupo di cronaca politica, giudiziaria e nera in una vasta area che comprende anche parte della Valle Olona e il Legnanese. Sono sposato con Valeria Arini e ho due splendide figlie.","sameAs":["or_ma","https:\/\/twitter.com\/nando_mastrillo"],"url":"https:\/\/staging.varesenews.it\/persona\/orlando-mastrillo1\/"}]}},"post_meta":{"_edit_lock":"1449001146:47","_edit_last":"47","ratings_users":"0","ratings_score":"0","ratings_average":"0","_category_permalink":"","wdfb_og_title":"","wdfb_og_type":"","wdfb_og_description":"","wdfb_og_images":"a:1:{i:0;s:0:\"\";}","wdfb_og_custom_name":"a:1:{i:0;s:0:\"\";}","wdfb_og_custom_value":"a:1:{i:0;s:0:\"\";}","id_leggi_anche":"64074,73845,75199,347328,31632,32485,32753,355006","foto":"15265","id_link_fotogallery":"296806","argomento":"Cerro Maggiore","_yoast_wpseo_focuskw":"ikea","_jd_twitter":"","_jd_tweet_this":"yes","_wpt_short_url":"http:\/\/www.varesenews.it\/2015\/12\/progetto-ikea-la-regione-si-sfila\/466171\/","_wp_jd_target":"http:\/\/www.varesenews.it\/2015\/12\/progetto-ikea-la-regione-si-sfila\/466171\/","_jd_wp_twitter":"a:1:{i:0;s:130:\"Progetto Ikea, la Regione si sfila http:\/\/www.varesenews.it\/2015\/12\/progetto-ikea-la-regione-si-sfila\/466171\/ #ikea #leganord #m5s\";}","_wpt_status_message":"Tweet inviato con successo.","_yoast_wpseo_linkdex":"65"},"photos":[{"original":"https:\/\/staging.varesenews.it\/photogallery_new\/images\/2014\/04\/ecco-come-sar-ikea-a-rescaldina-inserita-in-galleria-15265.jpg","full":"https:\/\/staging.varesenews.it\/photogallery_new\/images\/2014\/04\/ecco-come-sar-ikea-a-rescaldina-inserita-in-galleria-15265.1024x768.jpg","large":"https:\/\/staging.varesenews.it\/photogallery_new\/images\/2014\/04\/ecco-come-sar-ikea-a-rescaldina-inserita-in-galleria-15265.610x431.jpg"}],"_links":{"self":[{"href":"https:\/\/staging.varesenews.it\/swgapi\/v1\/wp\/v2\/posts\/466171"}],"collection":[{"href":"https:\/\/staging.varesenews.it\/swgapi\/v1\/wp\/v2\/posts"}],"about":[{"href":"https:\/\/staging.varesenews.it\/swgapi\/v1\/wp\/v2\/types\/post"}],"author":[{"embeddable":true,"href":"https:\/\/staging.varesenews.it\/swgapi\/v1\/wp\/v2\/users\/47"}],"replies":[{"embeddable":true,"href":"https:\/\/staging.varesenews.it\/swgapi\/v1\/wp\/v2\/comments?post=466171"}],"version-history":[{"count":0,"href":"https:\/\/staging.varesenews.it\/swgapi\/v1\/wp\/v2\/posts\/466171\/revisions"}],"wp:attachment":[{"href":"https:\/\/staging.varesenews.it\/swgapi\/v1\/wp\/v2\/media?parent=466171"}],"wp:term":[{"taxonomy":"category","embeddable":true,"href":"https:\/\/staging.varesenews.it\/swgapi\/v1\/wp\/v2\/categories?post=466171"},{"taxonomy":"post_tag","embeddable":true,"href":"https:\/\/staging.varesenews.it\/swgapi\/v1\/wp\/v2\/tags?post=466171"}],"curies":[{"name":"wp","href":"https:\/\/api.w.org\/{rel}","templated":true}]}}