{"id":466351,"date":"2015-12-02T14:26:19","date_gmt":"2015-12-02T13:26:19","guid":{"rendered":"http:\/\/www.varesenews.it\/?p=466351"},"modified":"2015-12-02T14:26:19","modified_gmt":"2015-12-02T13:26:19","slug":"il-concorso-per-premiare-il-presepe-piu-bello","status":"publish","type":"post","link":"https:\/\/staging.varesenews.it\/2015\/12\/il-concorso-per-premiare-il-presepe-piu-bello\/466351\/","title":{"rendered":"Il concorso per premiare il presepe pi\u00f9 bello"},"content":{"rendered":"<p><strong>La Fom (Fondazione Oratori Milanesi)<\/strong> lancia la nuova edizione del Concorso presepi per la citt\u00e0 e la diocesi di Milano.<\/p>\n<p><strong>L\u2019iniziativa \u00e8 rivolta non solo alle famiglie e alle parrocchie ma anche alle scuole di ogni ordine e grado.<\/strong><\/p>\n<p>\u00abIl presepe \u00e8 la forma d\u2019arte \u00abnatalizia\u00bb che forse pi\u00f9 ci \u00abeduca al pensiero di Cristo\u00bb, perch\u00e9 ci fa presente la sua intenzione di vivere in mezzo agli uomini. Per questo \u00e8 una proposta che rivolgiamo a tutti. Ogni anno, in piena libert\u00e0, le scuole partecipano. Tra queste <strong>almeno il 40 per cento \u00e8 una scuola pubblica<\/strong>. E molte di queste si trovano in quartieri con una forte presenza di immigrati, dunque cittadini di altre fedi, senza che ci\u00f2 crei problemi\u00bb, osserva don Samuele Marelli, direttore della Fom.<\/p>\n<p><strong>Per iscriversi al concorso occorre compilare on line sul sito della diocesi il modulo di iscrizione<\/strong> entro e non oltre domenica 13 dicembre 2015 e inviare nei termini indicati due foto della propria Nativit\u00e0. Gli iscritti al concorso riceveranno la visita di un commissario che valuter\u00e0 la composizione secondo criteri che &#8211; oltre a esaminare il valore artistico, l\u2019originalit\u00e0, la proporzione, la coerenza, la luminosit\u00e0 &#8211; terr\u00e0 in conto anche la valenza educativa, la storia e le relazioni che si sono create nella costruzione stessa del manufatto. Sar\u00e0 considerato in particolare il coinvolgimento dei pi\u00f9 giovani e del dialogo fra generazioni.<\/p>\n<p><strong>Oltre a famiglie, oratori, scuole, al concorso possono partecipare anche pi\u00f9 in generale le \u201ccomunit\u00e0\u201d<\/strong>.<\/p>\n<p>In questa sezione specifica saranno <strong>valutati infatti anche presepi costruiti in ospedali, caserme, nei quartieri<\/strong>, persino nelle portinerie o negli spazi comuni dei condomini, purch\u00e9 in luoghi accessibili al pubblico.<\/p>\n<p><strong>Una commissione diocesana composta da educatori e intenditori di presepi stiler\u00e0 la graduatoria<\/strong> finale sulla base di sopralluoghi effettuati e il materiale fotografico inviato. I primi tre classificati per ogni sezione riceveranno un premio durante la Festa dei presepi domenica 17 gennaio 2016, dalle ore 15.00 alle 17.00, presso la sede della Fondazione Oratori Milanesi in via S. Antonio 5, Milano.<\/p>\n","protected":false},"excerpt":{"rendered":"<p>Tra i partecipanti anche scuole multietniche. Don Marelli: \u00abLa proposta \u00e8 aperta a tutti nella libert\u00e0 e nel dialogo\u00bb<\/p>\n","protected":false},"author":34,"featured_media":0,"comment_status":"open","ping_status":"open","sticky":false,"template":"","format":"standard","meta":{"footnotes":""},"categories":[7],"tags":[18696,10850,11379],"acf":[],"yoast_head":"<!-- This site is optimized with the Yoast SEO plugin v20.1 - https:\/\/yoast.com\/wordpress\/plugins\/seo\/ -->\n<title>Il concorso per premiare il presepe pi\u00f9 bello<\/title>\n<meta name=\"description\" content=\"Il concorso per premiare il presepe pi\u00f9 bello\" \/>\n<meta name=\"robots\" content=\"noindex, follow, max-snippet:-1, max-image-preview:large, max-video-preview:-1\" \/>\n<meta property=\"og:locale\" content=\"it_IT\" \/>\n<meta property=\"og:type\" content=\"article\" \/>\n<meta property=\"og:title\" content=\"Il concorso per premiare il presepe pi\u00f9 bello\" \/>\n<meta property=\"og:description\" content=\"Il concorso per premiare il presepe pi\u00f9 bello\" \/>\n<meta property=\"og:url\" content=\"https:\/\/staging.varesenews.it\/2015\/12\/il-concorso-per-premiare-il-presepe-piu-bello\/466351\/\" \/>\n<meta property=\"og:site_name\" content=\"VareseNews\" \/>\n<meta property=\"article:publisher\" content=\"https:\/\/www.facebook.com\/varesenews\" \/>\n<meta property=\"article:author\" content=\"https:\/\/www.facebook.com\/andrea.camurani?fref=photo\" \/>\n<meta property=\"article:published_time\" content=\"2015-12-02T13:26:19+00:00\" \/>\n<meta name=\"author\" content=\"Andrea Camurani\" \/>\n<meta name=\"twitter:card\" content=\"summary_large_image\" \/>\n<meta name=\"twitter:creator\" content=\"@AndreaCamurani\" \/>\n<meta name=\"twitter:site\" content=\"@varesenews\" \/>\n<meta name=\"twitter:label1\" content=\"Scritto da\" \/>\n\t<meta name=\"twitter:data1\" content=\"Andrea Camurani\" \/>\n\t<meta name=\"twitter:label2\" content=\"Tempo di lettura stimato\" \/>\n\t<meta name=\"twitter:data2\" content=\"2 minuti\" \/>\n<script type=\"application\/ld+json\" class=\"yoast-schema-graph\">{\"@context\":\"https:\/\/schema.org\",\"@graph\":[{\"@type\":\"WebPage\",\"@id\":\"https:\/\/staging.varesenews.it\/2015\/12\/il-concorso-per-premiare-il-presepe-piu-bello\/466351\/\",\"url\":\"https:\/\/staging.varesenews.it\/2015\/12\/il-concorso-per-premiare-il-presepe-piu-bello\/466351\/\",\"name\":\"Il concorso per premiare il presepe pi\u00f9 bello\",\"isPartOf\":{\"@id\":\"https:\/\/staging.varesenews.it\/#website\"},\"datePublished\":\"2015-12-02T13:26:19+00:00\",\"dateModified\":\"2015-12-02T13:26:19+00:00\",\"author\":{\"@id\":\"https:\/\/staging.varesenews.it\/#\/schema\/person\/3eb5832c6beae763de8d9596fdbe8c49\"},\"description\":\"Il concorso per premiare il presepe pi\u00f9 bello\",\"breadcrumb\":{\"@id\":\"https:\/\/staging.varesenews.it\/2015\/12\/il-concorso-per-premiare-il-presepe-piu-bello\/466351\/#breadcrumb\"},\"inLanguage\":\"it-IT\",\"potentialAction\":[{\"@type\":\"ReadAction\",\"target\":[\"https:\/\/staging.varesenews.it\/2015\/12\/il-concorso-per-premiare-il-presepe-piu-bello\/466351\/\"]}]},{\"@type\":\"BreadcrumbList\",\"@id\":\"https:\/\/staging.varesenews.it\/2015\/12\/il-concorso-per-premiare-il-presepe-piu-bello\/466351\/#breadcrumb\",\"itemListElement\":[{\"@type\":\"ListItem\",\"position\":1,\"name\":\"Home\",\"item\":\"https:\/\/www.varesenews.it\/\"},{\"@type\":\"ListItem\",\"position\":2,\"name\":\"Il concorso per premiare il presepe pi\u00f9 bello\"}]},{\"@type\":\"WebSite\",\"@id\":\"https:\/\/staging.varesenews.it\/#website\",\"url\":\"https:\/\/staging.varesenews.it\/\",\"name\":\"VareseNews\",\"description\":\"\",\"potentialAction\":[{\"@type\":\"SearchAction\",\"target\":{\"@type\":\"EntryPoint\",\"urlTemplate\":\"https:\/\/staging.varesenews.it\/?s={search_term_string}\"},\"query-input\":\"required name=search_term_string\"}],\"inLanguage\":\"it-IT\"},{\"@type\":\"Person\",\"@id\":\"https:\/\/staging.varesenews.it\/#\/schema\/person\/3eb5832c6beae763de8d9596fdbe8c49\",\"name\":\"Andrea Camurani\",\"image\":{\"@type\":\"ImageObject\",\"inLanguage\":\"it-IT\",\"@id\":\"https:\/\/staging.varesenews.it\/#\/schema\/person\/image\/\",\"url\":\"https:\/\/staging.varesenews.it\/wp-content\/uploads\/2020\/12\/andrea_camurani_colori_500.jpg\",\"contentUrl\":\"https:\/\/staging.varesenews.it\/wp-content\/uploads\/2020\/12\/andrea_camurani_colori_500.jpg\",\"caption\":\"Andrea Camurani\"},\"description\":\"Sono figlio degli anni Settanta e di Milano, dove ho imparato a riconoscere buoni e cattivi. Laurea in scienze politiche, lavoro a VareseNews dal 2000. Racconto quel che trovo quando incontro chi vuole lasciare al mondo un pezzetto di vita, che si chiama cronaca. &ldquo;...perch&eacute; &egrave; la gente il pi&ugrave; grande spettacolo del mondo. E non si paga il biglietto...&rdquo; (Charles Bukowsky)\",\"sameAs\":[\"https:\/\/www.facebook.com\/andrea.camurani?fref=photo\",\"andreacamurani\",\"https:\/\/www.linkedin.com\/hp\/?dnr=A9a84RfzsLdo9xg4NcGV4dLiMknoc9ms4WM\",\"https:\/\/twitter.com\/AndreaCamurani\"],\"url\":\"https:\/\/staging.varesenews.it\/persona\/andrea_camurani\/\"}]}<\/script>\n<!-- \/ Yoast SEO plugin. -->","yoast_head_json":{"title":"Il concorso per premiare il presepe pi\u00f9 bello","description":"Il concorso per premiare il presepe pi\u00f9 bello","robots":{"index":"noindex","follow":"follow","max-snippet":"max-snippet:-1","max-image-preview":"max-image-preview:large","max-video-preview":"max-video-preview:-1"},"og_locale":"it_IT","og_type":"article","og_title":"Il concorso per premiare il presepe pi\u00f9 bello","og_description":"Il concorso per premiare il presepe pi\u00f9 bello","og_url":"https:\/\/staging.varesenews.it\/2015\/12\/il-concorso-per-premiare-il-presepe-piu-bello\/466351\/","og_site_name":"VareseNews","article_publisher":"https:\/\/www.facebook.com\/varesenews","article_author":"https:\/\/www.facebook.com\/andrea.camurani?fref=photo","article_published_time":"2015-12-02T13:26:19+00:00","author":"Andrea Camurani","twitter_card":"summary_large_image","twitter_creator":"@AndreaCamurani","twitter_site":"@varesenews","twitter_misc":{"Scritto da":"Andrea Camurani","Tempo di lettura stimato":"2 minuti"},"schema":{"@context":"https:\/\/schema.org","@graph":[{"@type":"WebPage","@id":"https:\/\/staging.varesenews.it\/2015\/12\/il-concorso-per-premiare-il-presepe-piu-bello\/466351\/","url":"https:\/\/staging.varesenews.it\/2015\/12\/il-concorso-per-premiare-il-presepe-piu-bello\/466351\/","name":"Il concorso per premiare il presepe pi\u00f9 bello","isPartOf":{"@id":"https:\/\/staging.varesenews.it\/#website"},"datePublished":"2015-12-02T13:26:19+00:00","dateModified":"2015-12-02T13:26:19+00:00","author":{"@id":"https:\/\/staging.varesenews.it\/#\/schema\/person\/3eb5832c6beae763de8d9596fdbe8c49"},"description":"Il concorso per premiare il presepe pi\u00f9 bello","breadcrumb":{"@id":"https:\/\/staging.varesenews.it\/2015\/12\/il-concorso-per-premiare-il-presepe-piu-bello\/466351\/#breadcrumb"},"inLanguage":"it-IT","potentialAction":[{"@type":"ReadAction","target":["https:\/\/staging.varesenews.it\/2015\/12\/il-concorso-per-premiare-il-presepe-piu-bello\/466351\/"]}]},{"@type":"BreadcrumbList","@id":"https:\/\/staging.varesenews.it\/2015\/12\/il-concorso-per-premiare-il-presepe-piu-bello\/466351\/#breadcrumb","itemListElement":[{"@type":"ListItem","position":1,"name":"Home","item":"https:\/\/www.varesenews.it\/"},{"@type":"ListItem","position":2,"name":"Il concorso per premiare il presepe pi\u00f9 bello"}]},{"@type":"WebSite","@id":"https:\/\/staging.varesenews.it\/#website","url":"https:\/\/staging.varesenews.it\/","name":"VareseNews","description":"","potentialAction":[{"@type":"SearchAction","target":{"@type":"EntryPoint","urlTemplate":"https:\/\/staging.varesenews.it\/?s={search_term_string}"},"query-input":"required name=search_term_string"}],"inLanguage":"it-IT"},{"@type":"Person","@id":"https:\/\/staging.varesenews.it\/#\/schema\/person\/3eb5832c6beae763de8d9596fdbe8c49","name":"Andrea Camurani","image":{"@type":"ImageObject","inLanguage":"it-IT","@id":"https:\/\/staging.varesenews.it\/#\/schema\/person\/image\/","url":"https:\/\/staging.varesenews.it\/wp-content\/uploads\/2020\/12\/andrea_camurani_colori_500.jpg","contentUrl":"https:\/\/staging.varesenews.it\/wp-content\/uploads\/2020\/12\/andrea_camurani_colori_500.jpg","caption":"Andrea Camurani"},"description":"Sono figlio degli anni Settanta e di Milano, dove ho imparato a riconoscere buoni e cattivi. Laurea in scienze politiche, lavoro a VareseNews dal 2000. Racconto quel che trovo quando incontro chi vuole lasciare al mondo un pezzetto di vita, che si chiama cronaca. &ldquo;...perch&eacute; &egrave; la gente il pi&ugrave; grande spettacolo del mondo. E non si paga il biglietto...&rdquo; (Charles Bukowsky)","sameAs":["https:\/\/www.facebook.com\/andrea.camurani?fref=photo","andreacamurani","https:\/\/www.linkedin.com\/hp\/?dnr=A9a84RfzsLdo9xg4NcGV4dLiMknoc9ms4WM","https:\/\/twitter.com\/AndreaCamurani"],"url":"https:\/\/staging.varesenews.it\/persona\/andrea_camurani\/"}]}},"post_meta":{"_edit_lock":"1449065625:34","_edit_last":"34","ratings_users":"0","ratings_score":"0","ratings_average":"0","_category_permalink":"","wdfb_og_title":"","wdfb_og_type":"","wdfb_og_description":"","wdfb_og_images":"a:1:{i:0;s:0:\"\";}","wdfb_og_custom_name":"a:1:{i:0;s:0:\"\";}","wdfb_og_custom_value":"a:1:{i:0;s:0:\"\";}","foto":"429806","firma_come_redazione":"1","argomento":"Milano","_yoast_wpseo_focuskw":"Il concorso per premiare il presepe pi\u00f9 bello","_yoast_wpseo_metadesc":"Il concorso per premiare il presepe pi\u00f9 bello","_jd_twitter":"","_jd_tweet_this":"yes","_wpt_short_url":"http:\/\/www.varesenews.it\/2015\/12\/il-concorso-per-premiare-il-presepe-piu-bello\/466351\/","_wp_jd_target":"http:\/\/www.varesenews.it\/2015\/12\/il-concorso-per-premiare-il-presepe-piu-bello\/466351\/","_jd_wp_twitter":"a:1:{i:0;s:166:\"Il concorso per premiare il presepe pi\u00f9 bello http:\/\/www.varesenews.it\/2015\/12\/il-concorso-per-premiare-il-presepe-piu-bello\/466351\/ #diocesimilano #presepe #presepi\";}","_wpt_status_message":"Tweet inviato con successo.","_yoast_wpseo_linkdex":"77"},"photos":[{"original":"https:\/\/staging.varesenews.it\/photogallery_new\/images\/2015\/01\/presepe-padre-monti-apertura-429806.jpg","full":"https:\/\/staging.varesenews.it\/photogallery_new\/images\/2015\/01\/presepe-padre-monti-apertura-429806.1024x768.jpg","large":"https:\/\/staging.varesenews.it\/photogallery_new\/images\/2015\/01\/presepe-padre-monti-apertura-429806.610x431.jpg"}],"_links":{"self":[{"href":"https:\/\/staging.varesenews.it\/swgapi\/v1\/wp\/v2\/posts\/466351"}],"collection":[{"href":"https:\/\/staging.varesenews.it\/swgapi\/v1\/wp\/v2\/posts"}],"about":[{"href":"https:\/\/staging.varesenews.it\/swgapi\/v1\/wp\/v2\/types\/post"}],"author":[{"embeddable":true,"href":"https:\/\/staging.varesenews.it\/swgapi\/v1\/wp\/v2\/users\/34"}],"replies":[{"embeddable":true,"href":"https:\/\/staging.varesenews.it\/swgapi\/v1\/wp\/v2\/comments?post=466351"}],"version-history":[{"count":0,"href":"https:\/\/staging.varesenews.it\/swgapi\/v1\/wp\/v2\/posts\/466351\/revisions"}],"wp:attachment":[{"href":"https:\/\/staging.varesenews.it\/swgapi\/v1\/wp\/v2\/media?parent=466351"}],"wp:term":[{"taxonomy":"category","embeddable":true,"href":"https:\/\/staging.varesenews.it\/swgapi\/v1\/wp\/v2\/categories?post=466351"},{"taxonomy":"post_tag","embeddable":true,"href":"https:\/\/staging.varesenews.it\/swgapi\/v1\/wp\/v2\/tags?post=466351"}],"curies":[{"name":"wp","href":"https:\/\/api.w.org\/{rel}","templated":true}]}}